{"id":1460,"date":"2025-11-03T11:23:00","date_gmt":"2025-11-03T16:23:00","guid":{"rendered":"https:\/\/noticozumel.mx\/1\/?p=1460"},"modified":"2025-11-04T01:28:51","modified_gmt":"2025-11-04T06:28:51","slug":"imoveqroo-amplia-la-ruta-sian-kaan-y-anuncia-semana-de-gratuidad-en-zona-recien-incorporada","status":"publish","type":"post","link":"https:\/\/noticozumel.mx\/1\/imoveqroo-amplia-la-ruta-sian-kaan-y-anuncia-semana-de-gratuidad-en-zona-recien-incorporada\/","title":{"rendered":"IMOVEQROO ampl\u00eda la Ruta Sian Ka\u2019an y anuncia semana de gratuidad en zona reci\u00e9n incorporada"},"content":{"rendered":"\n<p>Chetumal, Quintana Roo, 3 de noviembre de 2025.\u2013 La transformaci\u00f3n del transporte p\u00fablico en la capital contin\u00faa avanzando. El Instituto de Movilidad del Estado de Quintana Roo (IMOVEQROO) anunci\u00f3 la ampliaci\u00f3n de la Ruta Piloto Sian Ka\u2019an, una mejora que beneficiar\u00e1 de manera directa a m\u00e1s de 53 mil 755 chetumale\u00f1os, al sumar nuevas colonias, escuelas, comercios y espacios p\u00fablicos al recorrido actual.<\/p>\n\n\n\n<figure class=\"wp-block-image size-large\"><img loading=\"lazy\" decoding=\"async\" width=\"819\" height=\"1024\" src=\"https:\/\/noticozumel.mx\/1\/wp-content\/uploads\/2025\/11\/Ruta-Sian-Kaan-IMOVEQROO-3-819x1024.jpg\" alt=\"\" class=\"wp-image-1461\" srcset=\"https:\/\/noticozumel.mx\/1\/wp-content\/uploads\/2025\/11\/Ruta-Sian-Kaan-IMOVEQROO-3-819x1024.jpg 819w, https:\/\/noticozumel.mx\/1\/wp-content\/uploads\/2025\/11\/Ruta-Sian-Kaan-IMOVEQROO-3-240x300.jpg 240w, https:\/\/noticozumel.mx\/1\/wp-content\/uploads\/2025\/11\/Ruta-Sian-Kaan-IMOVEQROO-3-768x960.jpg 768w, https:\/\/noticozumel.mx\/1\/wp-content\/uploads\/2025\/11\/Ruta-Sian-Kaan-IMOVEQROO-3-336x420.jpg 336w, https:\/\/noticozumel.mx\/1\/wp-content\/uploads\/2025\/11\/Ruta-Sian-Kaan-IMOVEQROO-3-150x188.jpg 150w, https:\/\/noticozumel.mx\/1\/wp-content\/uploads\/2025\/11\/Ruta-Sian-Kaan-IMOVEQROO-3-300x375.jpg 300w, https:\/\/noticozumel.mx\/1\/wp-content\/uploads\/2025\/11\/Ruta-Sian-Kaan-IMOVEQROO-3-696x870.jpg 696w, https:\/\/noticozumel.mx\/1\/wp-content\/uploads\/2025\/11\/Ruta-Sian-Kaan-IMOVEQROO-3-1068x1335.jpg 1068w, https:\/\/noticozumel.mx\/1\/wp-content\/uploads\/2025\/11\/Ruta-Sian-Kaan-IMOVEQROO-3.jpg 1080w\" sizes=\"auto, (max-width: 819px) 100vw, 819px\" \/><\/figure>\n\n\n\n<p>El titular del IMOVEQROO, Rafael Hern\u00e1ndez Kotasek, inform\u00f3 que esta ampliaci\u00f3n responde a solicitudes de vecinos y usuarios, quienes identificaron zonas con alta afluencia de personas que requer\u00edan mejor acceso al sistema de transporte.<\/p>\n\n\n\n<p>\u201cEstamos escuchando a la ciudadan\u00eda porque tu voz nos mueve\u201d, destac\u00f3 Rafael Hern\u00e1ndez Kotasek, al se\u00f1alar que el objetivo es ofrecer un transporte digno, eficiente y sustentable para todos.<\/p>\n\n\n\n<p>Como parte del periodo de adaptaci\u00f3n a la ampliaci\u00f3n, y con el fin de que la ciudadan\u00eda conozca y utilice el nuevo trayecto, del 3 al 9 de noviembre el servicio ser\u00e1 gratuito \u00fanicamente para quienes aborden el autob\u00fas en los diversos puntos del tramo reci\u00e9n incorporado, tales como:<\/p>\n\n\n\n<p>\u2022 Parque Las Am\u00e9ricas I y III, Domo Deportivo y Parque, y Parque Profesor Juan Carlos Lugo Maldonado.<\/p>\n\n\n\n<p>\u2022 S\u00faper Willys Chetumal 10 y m\u00e1s de 115 establecimientos adicionales.<\/p>\n\n\n\n<p>\u2022 Siete zonas habitacionales incorporadas, cinco escuelas y tres mil 90 viviendas.<\/p>\n\n\n\n<figure class=\"wp-block-image size-large\"><img loading=\"lazy\" decoding=\"async\" width=\"819\" height=\"1024\" src=\"https:\/\/noticozumel.mx\/1\/wp-content\/uploads\/2025\/11\/Ruta-Sian-Kaan-IMOVEQROO-2-819x1024.jpg\" alt=\"\" class=\"wp-image-1462\" srcset=\"https:\/\/noticozumel.mx\/1\/wp-content\/uploads\/2025\/11\/Ruta-Sian-Kaan-IMOVEQROO-2-819x1024.jpg 819w, https:\/\/noticozumel.mx\/1\/wp-content\/uploads\/2025\/11\/Ruta-Sian-Kaan-IMOVEQROO-2-240x300.jpg 240w, https:\/\/noticozumel.mx\/1\/wp-content\/uploads\/2025\/11\/Ruta-Sian-Kaan-IMOVEQROO-2-768x960.jpg 768w, https:\/\/noticozumel.mx\/1\/wp-content\/uploads\/2025\/11\/Ruta-Sian-Kaan-IMOVEQROO-2-336x420.jpg 336w, https:\/\/noticozumel.mx\/1\/wp-content\/uploads\/2025\/11\/Ruta-Sian-Kaan-IMOVEQROO-2-150x188.jpg 150w, https:\/\/noticozumel.mx\/1\/wp-content\/uploads\/2025\/11\/Ruta-Sian-Kaan-IMOVEQROO-2-300x375.jpg 300w, https:\/\/noticozumel.mx\/1\/wp-content\/uploads\/2025\/11\/Ruta-Sian-Kaan-IMOVEQROO-2-696x870.jpg 696w, https:\/\/noticozumel.mx\/1\/wp-content\/uploads\/2025\/11\/Ruta-Sian-Kaan-IMOVEQROO-2-1068x1335.jpg 1068w, https:\/\/noticozumel.mx\/1\/wp-content\/uploads\/2025\/11\/Ruta-Sian-Kaan-IMOVEQROO-2.jpg 1080w\" sizes=\"auto, (max-width: 819px) 100vw, 819px\" \/><\/figure>\n\n\n\n<p>Esta acci\u00f3n incentiva el uso del transporte p\u00fablico, facilita la movilidad en las nuevas zonas atendidas y permite valorar de primera mano los beneficios de este crecimiento del sistema.<\/p>\n\n\n\n<p>La ruta ampliada llegar\u00e1 a 18 puntos estrat\u00e9gicos, mantendr\u00e1 su horario de operaci\u00f3n de 6:00 a.m. a 10:00 p.m., y conservar\u00e1 su conexi\u00f3n con la Ruta Caribe en el Parque de Los Caimanes, reforzando una red de movilidad m\u00e1s integrada en la ciudad.<\/p>\n\n\n\n<p>Este proyecto forma parte del Plan Estrat\u00e9gico de Movilidad, que contempla un sistema moderno con 11 rutas conectadas para 2026, en l\u00ednea con el Nuevo Acuerdo por el Bienestar y Desarrollo de Quintana Roo, que impulsa la gobernadora Mara Lezama Espinosa.<\/p>\n\n\n\n<p>La movilidad en Chetumal se mueve contigo: paso firme hacia un transporte p\u00fablico m\u00e1s humano, m\u00e1s seguro y m\u00e1s cercano a las familias de la capital.<\/p>\n","protected":false},"excerpt":{"rendered":"<p>Chetumal, Quintana Roo, 3 de noviembre de 2025.\u2013 La transformaci\u00f3n del transporte p\u00fablico en la capital contin\u00faa avanzando. El Instituto de Movilidad del Estado de Quintana Roo (IMOVEQROO) anunci\u00f3 la ampliaci\u00f3n de la Ruta Piloto Sian Ka\u2019an, una mejora que beneficiar\u00e1 de manera directa a m\u00e1s de 53 mil 755 chetumale\u00f1os, al sumar nuevas colonias, [&hellip;]<\/p>\n","protected":false},"author":1,"featured_media":1463,"comment_status":"open","ping_status":"closed","sticky":false,"template":"","format":"standard","meta":{"tdm_status":"","tdm_grid_status":"","footnotes":""},"categories":[39],"tags":[96,201,97,98,27,95,23,202],"class_list":{"0":"post-1460","1":"post","2":"type-post","3":"status-publish","4":"format-standard","5":"has-post-thumbnail","7":"category-othon-pompeyo-blanco","8":"tag-chetumal","9":"tag-imoveqroo","10":"tag-noticias-de-chetumal","11":"tag-noticias-de-othon-pompeyo-blanco","12":"tag-noticias-de-quintana-roo","13":"tag-othon-pompeyo-blanco","14":"tag-quintana-roo","15":"tag-sian-kaan"},"yoast_head":"<!-- This site is optimized with the Yoast SEO Premium plugin v26.2 (Yoast SEO v26.2) - https:\/\/yoast.com\/wordpress\/plugins\/seo\/ -->\n<title>IMOVEQROO ampl\u00eda la Ruta Sian Ka\u2019an y anuncia semana de gratuidad en zona reci\u00e9n incorporada - NotiCozumel<\/title>\n<meta name=\"robots\" content=\"index, follow, max-snippet:-1, max-image-preview:large, max-video-preview:-1\" \/>\n<link rel=\"canonical\" href=\"https:\/\/noticozumel.mx\/1\/imoveqroo-amplia-la-ruta-sian-kaan-y-anuncia-semana-de-gratuidad-en-zona-recien-incorporada\/\" \/>\n<meta property=\"og:locale\" content=\"es_ES\" \/>\n<meta property=\"og:type\" content=\"article\" \/>\n<meta property=\"og:title\" content=\"IMOVEQROO ampl\u00eda la Ruta Sian Ka\u2019an y anuncia semana de gratuidad en zona reci\u00e9n incorporada\" \/>\n<meta property=\"og:description\" content=\"Chetumal, Quintana Roo, 3 de noviembre de 2025.\u2013 La transformaci\u00f3n del transporte p\u00fablico en la capital contin\u00faa avanzando. El Instituto de Movilidad del Estado de Quintana Roo (IMOVEQROO) anunci\u00f3 la ampliaci\u00f3n de la Ruta Piloto Sian Ka\u2019an, una mejora que beneficiar\u00e1 de manera directa a m\u00e1s de 53 mil 755 chetumale\u00f1os, al sumar nuevas colonias, [&hellip;]\" \/>\n<meta property=\"og:url\" content=\"https:\/\/noticozumel.mx\/1\/imoveqroo-amplia-la-ruta-sian-kaan-y-anuncia-semana-de-gratuidad-en-zona-recien-incorporada\/\" \/>\n<meta property=\"og:site_name\" content=\"NotiCozumel\" \/>\n<meta property=\"article:published_time\" content=\"2025-11-03T16:23:00+00:00\" \/>\n<meta property=\"article:modified_time\" content=\"2025-11-04T06:28:51+00:00\" \/>\n<meta property=\"og:image\" content=\"https:\/\/noticozumel.mx\/1\/wp-content\/uploads\/2025\/11\/Ruta-Sian-Kaan-IMOVEQROO-1.jpg\" \/>\n\t<meta property=\"og:image:width\" content=\"1600\" \/>\n\t<meta property=\"og:image:height\" content=\"1200\" \/>\n\t<meta property=\"og:image:type\" content=\"image\/jpeg\" \/>\n<meta name=\"author\" content=\"Redacci\u00f3n\" \/>\n<meta name=\"twitter:card\" content=\"summary_large_image\" \/>\n<meta name=\"twitter:label1\" content=\"Escrito por\" \/>\n\t<meta name=\"twitter:data1\" content=\"Redacci\u00f3n\" \/>\n\t<meta name=\"twitter:label2\" content=\"Tiempo de lectura\" \/>\n\t<meta name=\"twitter:data2\" content=\"2 minutos\" \/>\n<script type=\"application\/ld+json\" class=\"yoast-schema-graph\">{\"@context\":\"https:\/\/schema.org\",\"@graph\":[{\"@type\":\"WebPage\",\"@id\":\"https:\/\/noticozumel.mx\/1\/imoveqroo-amplia-la-ruta-sian-kaan-y-anuncia-semana-de-gratuidad-en-zona-recien-incorporada\/\",\"url\":\"https:\/\/noticozumel.mx\/1\/imoveqroo-amplia-la-ruta-sian-kaan-y-anuncia-semana-de-gratuidad-en-zona-recien-incorporada\/\",\"name\":\"IMOVEQROO ampl\u00eda la Ruta Sian Ka\u2019an y anuncia semana de gratuidad en zona reci\u00e9n incorporada - NotiCozumel\",\"isPartOf\":{\"@id\":\"https:\/\/noticozumel.mx\/1\/#website\"},\"primaryImageOfPage\":{\"@id\":\"https:\/\/noticozumel.mx\/1\/imoveqroo-amplia-la-ruta-sian-kaan-y-anuncia-semana-de-gratuidad-en-zona-recien-incorporada\/#primaryimage\"},\"image\":{\"@id\":\"https:\/\/noticozumel.mx\/1\/imoveqroo-amplia-la-ruta-sian-kaan-y-anuncia-semana-de-gratuidad-en-zona-recien-incorporada\/#primaryimage\"},\"thumbnailUrl\":\"https:\/\/noticozumel.mx\/1\/wp-content\/uploads\/2025\/11\/Ruta-Sian-Kaan-IMOVEQROO-1.jpg\",\"datePublished\":\"2025-11-03T16:23:00+00:00\",\"dateModified\":\"2025-11-04T06:28:51+00:00\",\"author\":{\"@id\":\"https:\/\/noticozumel.mx\/1\/#\/schema\/person\/a3353279fd7f37e86677893e0510943b\"},\"breadcrumb\":{\"@id\":\"https:\/\/noticozumel.mx\/1\/imoveqroo-amplia-la-ruta-sian-kaan-y-anuncia-semana-de-gratuidad-en-zona-recien-incorporada\/#breadcrumb\"},\"inLanguage\":\"es\",\"potentialAction\":[{\"@type\":\"ReadAction\",\"target\":[\"https:\/\/noticozumel.mx\/1\/imoveqroo-amplia-la-ruta-sian-kaan-y-anuncia-semana-de-gratuidad-en-zona-recien-incorporada\/\"]}]},{\"@type\":\"ImageObject\",\"inLanguage\":\"es\",\"@id\":\"https:\/\/noticozumel.mx\/1\/imoveqroo-amplia-la-ruta-sian-kaan-y-anuncia-semana-de-gratuidad-en-zona-recien-incorporada\/#primaryimage\",\"url\":\"https:\/\/noticozumel.mx\/1\/wp-content\/uploads\/2025\/11\/Ruta-Sian-Kaan-IMOVEQROO-1.jpg\",\"contentUrl\":\"https:\/\/noticozumel.mx\/1\/wp-content\/uploads\/2025\/11\/Ruta-Sian-Kaan-IMOVEQROO-1.jpg\",\"width\":1600,\"height\":1200},{\"@type\":\"BreadcrumbList\",\"@id\":\"https:\/\/noticozumel.mx\/1\/imoveqroo-amplia-la-ruta-sian-kaan-y-anuncia-semana-de-gratuidad-en-zona-recien-incorporada\/#breadcrumb\",\"itemListElement\":[{\"@type\":\"ListItem\",\"position\":1,\"name\":\"Portada\",\"item\":\"https:\/\/noticozumel.mx\/1\/\"},{\"@type\":\"ListItem\",\"position\":2,\"name\":\"IMOVEQROO ampl\u00eda la Ruta Sian Ka\u2019an y anuncia semana de gratuidad en zona reci\u00e9n incorporada\"}]},{\"@type\":\"WebSite\",\"@id\":\"https:\/\/noticozumel.mx\/1\/#website\",\"url\":\"https:\/\/noticozumel.mx\/1\/\",\"name\":\"NotiCozumel\",\"description\":\"Las noticias al alcance de todos\",\"potentialAction\":[{\"@type\":\"SearchAction\",\"target\":{\"@type\":\"EntryPoint\",\"urlTemplate\":\"https:\/\/noticozumel.mx\/1\/?s={search_term_string}\"},\"query-input\":{\"@type\":\"PropertyValueSpecification\",\"valueRequired\":true,\"valueName\":\"search_term_string\"}}],\"inLanguage\":\"es\"},{\"@type\":\"Person\",\"@id\":\"https:\/\/noticozumel.mx\/1\/#\/schema\/person\/a3353279fd7f37e86677893e0510943b\",\"name\":\"Redacci\u00f3n\",\"image\":{\"@type\":\"ImageObject\",\"inLanguage\":\"es\",\"@id\":\"https:\/\/noticozumel.mx\/1\/#\/schema\/person\/image\/\",\"url\":\"https:\/\/secure.gravatar.com\/avatar\/92c1decdbf2b01a0b3a758c19f5bf7b7b7c7ad1ebf1b8f407a69813d9948f6d0?s=96&d=mm&r=g\",\"contentUrl\":\"https:\/\/secure.gravatar.com\/avatar\/92c1decdbf2b01a0b3a758c19f5bf7b7b7c7ad1ebf1b8f407a69813d9948f6d0?s=96&d=mm&r=g\",\"caption\":\"Redacci\u00f3n\"},\"url\":\"https:\/\/noticozumel.mx\/1\/author\/admin\/\"}]}<\/script>\n<!-- \/ Yoast SEO Premium plugin. -->","yoast_head_json":{"title":"IMOVEQROO ampl\u00eda la Ruta Sian Ka\u2019an y anuncia semana de gratuidad en zona reci\u00e9n incorporada - NotiCozumel","robots":{"index":"index","follow":"follow","max-snippet":"max-snippet:-1","max-image-preview":"max-image-preview:large","max-video-preview":"max-video-preview:-1"},"canonical":"https:\/\/noticozumel.mx\/1\/imoveqroo-amplia-la-ruta-sian-kaan-y-anuncia-semana-de-gratuidad-en-zona-recien-incorporada\/","og_locale":"es_ES","og_type":"article","og_title":"IMOVEQROO ampl\u00eda la Ruta Sian Ka\u2019an y anuncia semana de gratuidad en zona reci\u00e9n incorporada","og_description":"Chetumal, Quintana Roo, 3 de noviembre de 2025.\u2013 La transformaci\u00f3n del transporte p\u00fablico en la capital contin\u00faa avanzando. El Instituto de Movilidad del Estado de Quintana Roo (IMOVEQROO) anunci\u00f3 la ampliaci\u00f3n de la Ruta Piloto Sian Ka\u2019an, una mejora que beneficiar\u00e1 de manera directa a m\u00e1s de 53 mil 755 chetumale\u00f1os, al sumar nuevas colonias, [&hellip;]","og_url":"https:\/\/noticozumel.mx\/1\/imoveqroo-amplia-la-ruta-sian-kaan-y-anuncia-semana-de-gratuidad-en-zona-recien-incorporada\/","og_site_name":"NotiCozumel","article_published_time":"2025-11-03T16:23:00+00:00","article_modified_time":"2025-11-04T06:28:51+00:00","og_image":[{"width":1600,"height":1200,"url":"https:\/\/noticozumel.mx\/1\/wp-content\/uploads\/2025\/11\/Ruta-Sian-Kaan-IMOVEQROO-1.jpg","type":"image\/jpeg"}],"author":"Redacci\u00f3n","twitter_card":"summary_large_image","twitter_misc":{"Escrito por":"Redacci\u00f3n","Tiempo de lectura":"2 minutos"},"schema":{"@context":"https:\/\/schema.org","@graph":[{"@type":"WebPage","@id":"https:\/\/noticozumel.mx\/1\/imoveqroo-amplia-la-ruta-sian-kaan-y-anuncia-semana-de-gratuidad-en-zona-recien-incorporada\/","url":"https:\/\/noticozumel.mx\/1\/imoveqroo-amplia-la-ruta-sian-kaan-y-anuncia-semana-de-gratuidad-en-zona-recien-incorporada\/","name":"IMOVEQROO ampl\u00eda la Ruta Sian Ka\u2019an y anuncia semana de gratuidad en zona reci\u00e9n incorporada - NotiCozumel","isPartOf":{"@id":"https:\/\/noticozumel.mx\/1\/#website"},"primaryImageOfPage":{"@id":"https:\/\/noticozumel.mx\/1\/imoveqroo-amplia-la-ruta-sian-kaan-y-anuncia-semana-de-gratuidad-en-zona-recien-incorporada\/#primaryimage"},"image":{"@id":"https:\/\/noticozumel.mx\/1\/imoveqroo-amplia-la-ruta-sian-kaan-y-anuncia-semana-de-gratuidad-en-zona-recien-incorporada\/#primaryimage"},"thumbnailUrl":"https:\/\/noticozumel.mx\/1\/wp-content\/uploads\/2025\/11\/Ruta-Sian-Kaan-IMOVEQROO-1.jpg","datePublished":"2025-11-03T16:23:00+00:00","dateModified":"2025-11-04T06:28:51+00:00","author":{"@id":"https:\/\/noticozumel.mx\/1\/#\/schema\/person\/a3353279fd7f37e86677893e0510943b"},"breadcrumb":{"@id":"https:\/\/noticozumel.mx\/1\/imoveqroo-amplia-la-ruta-sian-kaan-y-anuncia-semana-de-gratuidad-en-zona-recien-incorporada\/#breadcrumb"},"inLanguage":"es","potentialAction":[{"@type":"ReadAction","target":["https:\/\/noticozumel.mx\/1\/imoveqroo-amplia-la-ruta-sian-kaan-y-anuncia-semana-de-gratuidad-en-zona-recien-incorporada\/"]}]},{"@type":"ImageObject","inLanguage":"es","@id":"https:\/\/noticozumel.mx\/1\/imoveqroo-amplia-la-ruta-sian-kaan-y-anuncia-semana-de-gratuidad-en-zona-recien-incorporada\/#primaryimage","url":"https:\/\/noticozumel.mx\/1\/wp-content\/uploads\/2025\/11\/Ruta-Sian-Kaan-IMOVEQROO-1.jpg","contentUrl":"https:\/\/noticozumel.mx\/1\/wp-content\/uploads\/2025\/11\/Ruta-Sian-Kaan-IMOVEQROO-1.jpg","width":1600,"height":1200},{"@type":"BreadcrumbList","@id":"https:\/\/noticozumel.mx\/1\/imoveqroo-amplia-la-ruta-sian-kaan-y-anuncia-semana-de-gratuidad-en-zona-recien-incorporada\/#breadcrumb","itemListElement":[{"@type":"ListItem","position":1,"name":"Portada","item":"https:\/\/noticozumel.mx\/1\/"},{"@type":"ListItem","position":2,"name":"IMOVEQROO ampl\u00eda la Ruta Sian Ka\u2019an y anuncia semana de gratuidad en zona reci\u00e9n incorporada"}]},{"@type":"WebSite","@id":"https:\/\/noticozumel.mx\/1\/#website","url":"https:\/\/noticozumel.mx\/1\/","name":"NotiCozumel","description":"Las noticias al alcance de todos","potentialAction":[{"@type":"SearchAction","target":{"@type":"EntryPoint","urlTemplate":"https:\/\/noticozumel.mx\/1\/?s={search_term_string}"},"query-input":{"@type":"PropertyValueSpecification","valueRequired":true,"valueName":"search_term_string"}}],"inLanguage":"es"},{"@type":"Person","@id":"https:\/\/noticozumel.mx\/1\/#\/schema\/person\/a3353279fd7f37e86677893e0510943b","name":"Redacci\u00f3n","image":{"@type":"ImageObject","inLanguage":"es","@id":"https:\/\/noticozumel.mx\/1\/#\/schema\/person\/image\/","url":"https:\/\/secure.gravatar.com\/avatar\/92c1decdbf2b01a0b3a758c19f5bf7b7b7c7ad1ebf1b8f407a69813d9948f6d0?s=96&d=mm&r=g","contentUrl":"https:\/\/secure.gravatar.com\/avatar\/92c1decdbf2b01a0b3a758c19f5bf7b7b7c7ad1ebf1b8f407a69813d9948f6d0?s=96&d=mm&r=g","caption":"Redacci\u00f3n"},"url":"https:\/\/noticozumel.mx\/1\/author\/admin\/"}]}},"_links":{"self":[{"href":"https:\/\/noticozumel.mx\/1\/wp-json\/wp\/v2\/posts\/1460","targetHints":{"allow":["GET"]}}],"collection":[{"href":"https:\/\/noticozumel.mx\/1\/wp-json\/wp\/v2\/posts"}],"about":[{"href":"https:\/\/noticozumel.mx\/1\/wp-json\/wp\/v2\/types\/post"}],"author":[{"embeddable":true,"href":"https:\/\/noticozumel.mx\/1\/wp-json\/wp\/v2\/users\/1"}],"replies":[{"embeddable":true,"href":"https:\/\/noticozumel.mx\/1\/wp-json\/wp\/v2\/comments?post=1460"}],"version-history":[{"count":1,"href":"https:\/\/noticozumel.mx\/1\/wp-json\/wp\/v2\/posts\/1460\/revisions"}],"predecessor-version":[{"id":1464,"href":"https:\/\/noticozumel.mx\/1\/wp-json\/wp\/v2\/posts\/1460\/revisions\/1464"}],"wp:featuredmedia":[{"embeddable":true,"href":"https:\/\/noticozumel.mx\/1\/wp-json\/wp\/v2\/media\/1463"}],"wp:attachment":[{"href":"https:\/\/noticozumel.mx\/1\/wp-json\/wp\/v2\/media?parent=1460"}],"wp:term":[{"taxonomy":"category","embeddable":true,"href":"https:\/\/noticozumel.mx\/1\/wp-json\/wp\/v2\/categories?post=1460"},{"taxonomy":"post_tag","embeddable":true,"href":"https:\/\/noticozumel.mx\/1\/wp-json\/wp\/v2\/tags?post=1460"}],"curies":[{"name":"wp","href":"https:\/\/api.w.org\/{rel}","templated":true}]}}