{"id":1869,"date":"2025-11-05T20:26:00","date_gmt":"2025-11-06T01:26:00","guid":{"rendered":"https:\/\/noticozumel.mx\/1\/?p=1869"},"modified":"2025-11-09T23:32:31","modified_gmt":"2025-11-10T04:32:31","slug":"cozumel-fortalece-la-prevencion-y-atencion-de-la-violencia-en-los-centros-escolares","status":"publish","type":"post","link":"https:\/\/noticozumel.mx\/1\/cozumel-fortalece-la-prevencion-y-atencion-de-la-violencia-en-los-centros-escolares\/","title":{"rendered":"Cozumel fortalece la prevenci\u00f3n y atenci\u00f3n de la violencia en los centros escolares"},"content":{"rendered":"\n<p>Cozumel, Quintana Roo, 5 de noviembre de 2025. &#8211; La seguridad de los estudiantes, docentes, trabajadores educativos y padres de familia es una prioridad para esta administraci\u00f3n; por ello, el presidente municipal Jos\u00e9 Luis Chac\u00f3n M\u00e9ndez encabez\u00f3 el taller \u201cOrientaciones para la prevenci\u00f3n y atenci\u00f3n de la violencia en los centros escolares\u201d, impartido por la Secretar\u00eda de Seguridad Ciudadana del Estado de Quintana Roo.<\/p>\n\n\n\n<figure class=\"wp-block-image size-large\"><img loading=\"lazy\" decoding=\"async\" width=\"1024\" height=\"554\" src=\"https:\/\/noticozumel.mx\/1\/wp-content\/uploads\/2025\/11\/Fortalecen-prevencion-violencia-Cozumel-Chacon-10-1024x554.jpg\" alt=\"\" class=\"wp-image-1879\" srcset=\"https:\/\/noticozumel.mx\/1\/wp-content\/uploads\/2025\/11\/Fortalecen-prevencion-violencia-Cozumel-Chacon-10-1024x554.jpg 1024w, https:\/\/noticozumel.mx\/1\/wp-content\/uploads\/2025\/11\/Fortalecen-prevencion-violencia-Cozumel-Chacon-10-300x162.jpg 300w, https:\/\/noticozumel.mx\/1\/wp-content\/uploads\/2025\/11\/Fortalecen-prevencion-violencia-Cozumel-Chacon-10-768x416.jpg 768w, https:\/\/noticozumel.mx\/1\/wp-content\/uploads\/2025\/11\/Fortalecen-prevencion-violencia-Cozumel-Chacon-10-776x420.jpg 776w, https:\/\/noticozumel.mx\/1\/wp-content\/uploads\/2025\/11\/Fortalecen-prevencion-violencia-Cozumel-Chacon-10-150x81.jpg 150w, https:\/\/noticozumel.mx\/1\/wp-content\/uploads\/2025\/11\/Fortalecen-prevencion-violencia-Cozumel-Chacon-10-696x377.jpg 696w, https:\/\/noticozumel.mx\/1\/wp-content\/uploads\/2025\/11\/Fortalecen-prevencion-violencia-Cozumel-Chacon-10.jpg 1040w\" sizes=\"auto, (max-width: 1024px) 100vw, 1024px\" \/><\/figure>\n\n\n\n<p>Durante su mensaje, el presidente municipal, Jos\u00e9 Luis Chac\u00f3n M\u00e9ndez destac\u00f3 la importancia de la capacitaci\u00f3n docente para fortalecer la prevenci\u00f3n de la violencia en las escuelas. \u201cEs fundamental que primero nos capacitemos como docentes para despu\u00e9s llevar estos conocimientos a cada escuela. En nuestras manos est\u00e1 encauzar a los j\u00f3venes hacia el camino correcto, inculcarles valores, ense\u00f1arles las consecuencias de sus actos y mostrarles el lado positivo de la vida. Invertir en educaci\u00f3n, en deporte y en espacios p\u00fablicos seguros es invertir en el presente y futuro de nuestra isla\u201d, expres\u00f3.<\/p>\n\n\n\n<p>El edil subray\u00f3 adem\u00e1s que su administraci\u00f3n trabaja intensamente en favor de la ni\u00f1ez y la juventud cozumele\u00f1a, fortaleciendo acciones de prevenci\u00f3n y promoviendo entornos escolares seguros y saludables.<\/p>\n\n\n\n<figure class=\"wp-block-image size-large\"><img loading=\"lazy\" decoding=\"async\" width=\"1024\" height=\"683\" src=\"https:\/\/noticozumel.mx\/1\/wp-content\/uploads\/2025\/11\/Fortalecen-prevencion-violencia-Cozumel-Chacon-9-1024x683.jpg\" alt=\"\" class=\"wp-image-1878\" srcset=\"https:\/\/noticozumel.mx\/1\/wp-content\/uploads\/2025\/11\/Fortalecen-prevencion-violencia-Cozumel-Chacon-9-1024x683.jpg 1024w, https:\/\/noticozumel.mx\/1\/wp-content\/uploads\/2025\/11\/Fortalecen-prevencion-violencia-Cozumel-Chacon-9-300x200.jpg 300w, https:\/\/noticozumel.mx\/1\/wp-content\/uploads\/2025\/11\/Fortalecen-prevencion-violencia-Cozumel-Chacon-9-768x512.jpg 768w, https:\/\/noticozumel.mx\/1\/wp-content\/uploads\/2025\/11\/Fortalecen-prevencion-violencia-Cozumel-Chacon-9-629x420.jpg 629w, https:\/\/noticozumel.mx\/1\/wp-content\/uploads\/2025\/11\/Fortalecen-prevencion-violencia-Cozumel-Chacon-9-150x100.jpg 150w, https:\/\/noticozumel.mx\/1\/wp-content\/uploads\/2025\/11\/Fortalecen-prevencion-violencia-Cozumel-Chacon-9-696x464.jpg 696w, https:\/\/noticozumel.mx\/1\/wp-content\/uploads\/2025\/11\/Fortalecen-prevencion-violencia-Cozumel-Chacon-9.jpg 1040w\" sizes=\"auto, (max-width: 1024px) 100vw, 1024px\" \/><\/figure>\n\n\n\n<p>Por su parte, la secretaria general del Ayuntamiento, Margarita V\u00e1zquez Barrios, se\u00f1al\u00f3 que este tipo de talleres responden a solicitudes de diversos centros escolares preocupados por conocer los protocolos de actuaci\u00f3n ante situaciones de violencia, as\u00ed como la coordinaci\u00f3n necesaria con las autoridades competentes.<\/p>\n\n\n\n<p>Destac\u00f3 que el objetivo es fortalecer la capacidad de respuesta del personal educativo mediante acciones preventivas de detecci\u00f3n temprana, intervenci\u00f3n, documentaci\u00f3n y canalizaci\u00f3n de casos, con un enfoque de cero tolerancia a la violencia escolar y respeto a los derechos de ni\u00f1as, ni\u00f1os y adolescentes.<\/p>\n\n\n\n<figure class=\"wp-block-image size-large\"><img loading=\"lazy\" decoding=\"async\" width=\"1024\" height=\"683\" src=\"https:\/\/noticozumel.mx\/1\/wp-content\/uploads\/2025\/11\/Fortalecen-prevencion-violencia-Cozumel-Chacon-8-1024x683.jpg\" alt=\"\" class=\"wp-image-1877\" srcset=\"https:\/\/noticozumel.mx\/1\/wp-content\/uploads\/2025\/11\/Fortalecen-prevencion-violencia-Cozumel-Chacon-8-1024x683.jpg 1024w, https:\/\/noticozumel.mx\/1\/wp-content\/uploads\/2025\/11\/Fortalecen-prevencion-violencia-Cozumel-Chacon-8-300x200.jpg 300w, https:\/\/noticozumel.mx\/1\/wp-content\/uploads\/2025\/11\/Fortalecen-prevencion-violencia-Cozumel-Chacon-8-768x512.jpg 768w, https:\/\/noticozumel.mx\/1\/wp-content\/uploads\/2025\/11\/Fortalecen-prevencion-violencia-Cozumel-Chacon-8-629x420.jpg 629w, https:\/\/noticozumel.mx\/1\/wp-content\/uploads\/2025\/11\/Fortalecen-prevencion-violencia-Cozumel-Chacon-8-150x100.jpg 150w, https:\/\/noticozumel.mx\/1\/wp-content\/uploads\/2025\/11\/Fortalecen-prevencion-violencia-Cozumel-Chacon-8-696x464.jpg 696w, https:\/\/noticozumel.mx\/1\/wp-content\/uploads\/2025\/11\/Fortalecen-prevencion-violencia-Cozumel-Chacon-8.jpg 1040w\" sizes=\"auto, (max-width: 1024px) 100vw, 1024px\" \/><\/figure>\n\n\n\n<p>Asimismo, record\u00f3 que el D\u00eda Internacional contra la Violencia y el Acoso Escolar, incluido el Ciberacoso, se conmemora el primer jueves de noviembre, fecha proclamada por la UNESCO para crear conciencia sobre este problema que afecta a millones de estudiantes en el mundo.<\/p>\n\n\n\n<p>La funcionaria puntualiz\u00f3 que el Ayuntamiento de Cozumel 2024\u20132027 tiene como prioridad proteger los derechos de la ni\u00f1ez y adolescencia, impulsando una cultura de paz, respeto y convivencia dentro y fuera de los centros escolares.<\/p>\n\n\n\n<figure class=\"wp-block-image size-large\"><img loading=\"lazy\" decoding=\"async\" width=\"1024\" height=\"736\" src=\"https:\/\/noticozumel.mx\/1\/wp-content\/uploads\/2025\/11\/Fortalecen-prevencion-violencia-Cozumel-Chacon-5-1024x736.jpg\" alt=\"\" class=\"wp-image-1874\" srcset=\"https:\/\/noticozumel.mx\/1\/wp-content\/uploads\/2025\/11\/Fortalecen-prevencion-violencia-Cozumel-Chacon-5-1024x736.jpg 1024w, https:\/\/noticozumel.mx\/1\/wp-content\/uploads\/2025\/11\/Fortalecen-prevencion-violencia-Cozumel-Chacon-5-300x215.jpg 300w, https:\/\/noticozumel.mx\/1\/wp-content\/uploads\/2025\/11\/Fortalecen-prevencion-violencia-Cozumel-Chacon-5-768x552.jpg 768w, https:\/\/noticozumel.mx\/1\/wp-content\/uploads\/2025\/11\/Fortalecen-prevencion-violencia-Cozumel-Chacon-5-585x420.jpg 585w, https:\/\/noticozumel.mx\/1\/wp-content\/uploads\/2025\/11\/Fortalecen-prevencion-violencia-Cozumel-Chacon-5-150x108.jpg 150w, https:\/\/noticozumel.mx\/1\/wp-content\/uploads\/2025\/11\/Fortalecen-prevencion-violencia-Cozumel-Chacon-5-696x500.jpg 696w, https:\/\/noticozumel.mx\/1\/wp-content\/uploads\/2025\/11\/Fortalecen-prevencion-violencia-Cozumel-Chacon-5.jpg 1040w\" sizes=\"auto, (max-width: 1024px) 100vw, 1024px\" \/><\/figure>\n\n\n\n<p>En esta jornada participaron alrededor de 110 personas, entre directivos, docentes y trabajadores de servicio social de escuelas p\u00fablicas de la isla. Tambi\u00e9n estuvo presente la presidenta honoraria del Sistema DIF Cozumel, Diana Sosa Blanco, as\u00ed como autoridades municipales y estatales.<\/p>\n\n\n\n<p>El taller fue impartido en el auditorio del Museo de la Isla por los maestros Francisco Javier Moo Tamay, Alejandro Escalante y Jovani de la Secretar\u00eda de Seguridad Ciudadana de Quintana Roo, quienes compartieron estrategias para identificar, controlar y atender contingencias, crisis y emergencias en el entorno educativo.<\/p>\n\n\n\n<figure class=\"wp-block-gallery has-nested-images columns-default is-cropped wp-block-gallery-1 is-layout-flex wp-block-gallery-is-layout-flex\">\n<figure class=\"wp-block-image size-large\"><img loading=\"lazy\" decoding=\"async\" width=\"1024\" height=\"629\" data-id=\"1876\" src=\"https:\/\/noticozumel.mx\/1\/wp-content\/uploads\/2025\/11\/Fortalecen-prevencion-violencia-Cozumel-Chacon-7-1024x629.jpg\" alt=\"\" class=\"wp-image-1876\" srcset=\"https:\/\/noticozumel.mx\/1\/wp-content\/uploads\/2025\/11\/Fortalecen-prevencion-violencia-Cozumel-Chacon-7-1024x629.jpg 1024w, https:\/\/noticozumel.mx\/1\/wp-content\/uploads\/2025\/11\/Fortalecen-prevencion-violencia-Cozumel-Chacon-7-300x184.jpg 300w, https:\/\/noticozumel.mx\/1\/wp-content\/uploads\/2025\/11\/Fortalecen-prevencion-violencia-Cozumel-Chacon-7-768x472.jpg 768w, https:\/\/noticozumel.mx\/1\/wp-content\/uploads\/2025\/11\/Fortalecen-prevencion-violencia-Cozumel-Chacon-7-684x420.jpg 684w, https:\/\/noticozumel.mx\/1\/wp-content\/uploads\/2025\/11\/Fortalecen-prevencion-violencia-Cozumel-Chacon-7-150x92.jpg 150w, https:\/\/noticozumel.mx\/1\/wp-content\/uploads\/2025\/11\/Fortalecen-prevencion-violencia-Cozumel-Chacon-7-696x428.jpg 696w, https:\/\/noticozumel.mx\/1\/wp-content\/uploads\/2025\/11\/Fortalecen-prevencion-violencia-Cozumel-Chacon-7-356x220.jpg 356w, https:\/\/noticozumel.mx\/1\/wp-content\/uploads\/2025\/11\/Fortalecen-prevencion-violencia-Cozumel-Chacon-7.jpg 1040w\" sizes=\"auto, (max-width: 1024px) 100vw, 1024px\" \/><\/figure>\n\n\n\n<figure class=\"wp-block-image size-large\"><img loading=\"lazy\" decoding=\"async\" width=\"1024\" height=\"683\" data-id=\"1875\" src=\"https:\/\/noticozumel.mx\/1\/wp-content\/uploads\/2025\/11\/Fortalecen-prevencion-violencia-Cozumel-Chacon-6-1024x683.jpg\" alt=\"\" class=\"wp-image-1875\" srcset=\"https:\/\/noticozumel.mx\/1\/wp-content\/uploads\/2025\/11\/Fortalecen-prevencion-violencia-Cozumel-Chacon-6-1024x683.jpg 1024w, https:\/\/noticozumel.mx\/1\/wp-content\/uploads\/2025\/11\/Fortalecen-prevencion-violencia-Cozumel-Chacon-6-300x200.jpg 300w, https:\/\/noticozumel.mx\/1\/wp-content\/uploads\/2025\/11\/Fortalecen-prevencion-violencia-Cozumel-Chacon-6-768x512.jpg 768w, https:\/\/noticozumel.mx\/1\/wp-content\/uploads\/2025\/11\/Fortalecen-prevencion-violencia-Cozumel-Chacon-6-629x420.jpg 629w, https:\/\/noticozumel.mx\/1\/wp-content\/uploads\/2025\/11\/Fortalecen-prevencion-violencia-Cozumel-Chacon-6-150x100.jpg 150w, https:\/\/noticozumel.mx\/1\/wp-content\/uploads\/2025\/11\/Fortalecen-prevencion-violencia-Cozumel-Chacon-6-696x464.jpg 696w, https:\/\/noticozumel.mx\/1\/wp-content\/uploads\/2025\/11\/Fortalecen-prevencion-violencia-Cozumel-Chacon-6.jpg 1040w\" sizes=\"auto, (max-width: 1024px) 100vw, 1024px\" \/><\/figure>\n\n\n\n<figure class=\"wp-block-image size-large\"><img loading=\"lazy\" decoding=\"async\" width=\"1024\" height=\"711\" data-id=\"1873\" src=\"https:\/\/noticozumel.mx\/1\/wp-content\/uploads\/2025\/11\/Fortalecen-prevencion-violencia-Cozumel-Chacon-4-1024x711.jpg\" alt=\"\" class=\"wp-image-1873\" srcset=\"https:\/\/noticozumel.mx\/1\/wp-content\/uploads\/2025\/11\/Fortalecen-prevencion-violencia-Cozumel-Chacon-4-1024x711.jpg 1024w, https:\/\/noticozumel.mx\/1\/wp-content\/uploads\/2025\/11\/Fortalecen-prevencion-violencia-Cozumel-Chacon-4-300x208.jpg 300w, https:\/\/noticozumel.mx\/1\/wp-content\/uploads\/2025\/11\/Fortalecen-prevencion-violencia-Cozumel-Chacon-4-768x533.jpg 768w, https:\/\/noticozumel.mx\/1\/wp-content\/uploads\/2025\/11\/Fortalecen-prevencion-violencia-Cozumel-Chacon-4-605x420.jpg 605w, https:\/\/noticozumel.mx\/1\/wp-content\/uploads\/2025\/11\/Fortalecen-prevencion-violencia-Cozumel-Chacon-4-150x104.jpg 150w, https:\/\/noticozumel.mx\/1\/wp-content\/uploads\/2025\/11\/Fortalecen-prevencion-violencia-Cozumel-Chacon-4-218x150.jpg 218w, https:\/\/noticozumel.mx\/1\/wp-content\/uploads\/2025\/11\/Fortalecen-prevencion-violencia-Cozumel-Chacon-4-696x483.jpg 696w, https:\/\/noticozumel.mx\/1\/wp-content\/uploads\/2025\/11\/Fortalecen-prevencion-violencia-Cozumel-Chacon-4-100x70.jpg 100w, https:\/\/noticozumel.mx\/1\/wp-content\/uploads\/2025\/11\/Fortalecen-prevencion-violencia-Cozumel-Chacon-4.jpg 1040w\" sizes=\"auto, (max-width: 1024px) 100vw, 1024px\" \/><\/figure>\n\n\n\n<figure class=\"wp-block-image size-large\"><img loading=\"lazy\" decoding=\"async\" width=\"1024\" height=\"683\" data-id=\"1872\" src=\"https:\/\/noticozumel.mx\/1\/wp-content\/uploads\/2025\/11\/Fortalecen-prevencion-violencia-Cozumel-Chacon-3-1024x683.jpg\" alt=\"\" class=\"wp-image-1872\" srcset=\"https:\/\/noticozumel.mx\/1\/wp-content\/uploads\/2025\/11\/Fortalecen-prevencion-violencia-Cozumel-Chacon-3-1024x683.jpg 1024w, https:\/\/noticozumel.mx\/1\/wp-content\/uploads\/2025\/11\/Fortalecen-prevencion-violencia-Cozumel-Chacon-3-300x200.jpg 300w, https:\/\/noticozumel.mx\/1\/wp-content\/uploads\/2025\/11\/Fortalecen-prevencion-violencia-Cozumel-Chacon-3-768x512.jpg 768w, https:\/\/noticozumel.mx\/1\/wp-content\/uploads\/2025\/11\/Fortalecen-prevencion-violencia-Cozumel-Chacon-3-629x420.jpg 629w, https:\/\/noticozumel.mx\/1\/wp-content\/uploads\/2025\/11\/Fortalecen-prevencion-violencia-Cozumel-Chacon-3-150x100.jpg 150w, https:\/\/noticozumel.mx\/1\/wp-content\/uploads\/2025\/11\/Fortalecen-prevencion-violencia-Cozumel-Chacon-3-696x464.jpg 696w, https:\/\/noticozumel.mx\/1\/wp-content\/uploads\/2025\/11\/Fortalecen-prevencion-violencia-Cozumel-Chacon-3.jpg 1040w\" sizes=\"auto, (max-width: 1024px) 100vw, 1024px\" \/><\/figure>\n\n\n\n<figure class=\"wp-block-image size-large\"><img loading=\"lazy\" decoding=\"async\" width=\"1024\" height=\"624\" data-id=\"1871\" src=\"https:\/\/noticozumel.mx\/1\/wp-content\/uploads\/2025\/11\/Fortalecen-prevencion-violencia-Cozumel-Chacon-2-1024x624.jpg\" alt=\"\" class=\"wp-image-1871\" srcset=\"https:\/\/noticozumel.mx\/1\/wp-content\/uploads\/2025\/11\/Fortalecen-prevencion-violencia-Cozumel-Chacon-2-1024x624.jpg 1024w, https:\/\/noticozumel.mx\/1\/wp-content\/uploads\/2025\/11\/Fortalecen-prevencion-violencia-Cozumel-Chacon-2-300x183.jpg 300w, https:\/\/noticozumel.mx\/1\/wp-content\/uploads\/2025\/11\/Fortalecen-prevencion-violencia-Cozumel-Chacon-2-768x468.jpg 768w, https:\/\/noticozumel.mx\/1\/wp-content\/uploads\/2025\/11\/Fortalecen-prevencion-violencia-Cozumel-Chacon-2-689x420.jpg 689w, https:\/\/noticozumel.mx\/1\/wp-content\/uploads\/2025\/11\/Fortalecen-prevencion-violencia-Cozumel-Chacon-2-150x91.jpg 150w, https:\/\/noticozumel.mx\/1\/wp-content\/uploads\/2025\/11\/Fortalecen-prevencion-violencia-Cozumel-Chacon-2-696x424.jpg 696w, https:\/\/noticozumel.mx\/1\/wp-content\/uploads\/2025\/11\/Fortalecen-prevencion-violencia-Cozumel-Chacon-2.jpg 1040w\" sizes=\"auto, (max-width: 1024px) 100vw, 1024px\" \/><\/figure>\n\n\n\n<figure class=\"wp-block-image size-large\"><img loading=\"lazy\" decoding=\"async\" width=\"1024\" height=\"664\" data-id=\"1870\" src=\"https:\/\/noticozumel.mx\/1\/wp-content\/uploads\/2025\/11\/Fortalecen-prevencion-violencia-Cozumel-Chacon-1-1024x664.jpg\" alt=\"\" class=\"wp-image-1870\" srcset=\"https:\/\/noticozumel.mx\/1\/wp-content\/uploads\/2025\/11\/Fortalecen-prevencion-violencia-Cozumel-Chacon-1-1024x664.jpg 1024w, https:\/\/noticozumel.mx\/1\/wp-content\/uploads\/2025\/11\/Fortalecen-prevencion-violencia-Cozumel-Chacon-1-300x194.jpg 300w, https:\/\/noticozumel.mx\/1\/wp-content\/uploads\/2025\/11\/Fortalecen-prevencion-violencia-Cozumel-Chacon-1-768x498.jpg 768w, https:\/\/noticozumel.mx\/1\/wp-content\/uploads\/2025\/11\/Fortalecen-prevencion-violencia-Cozumel-Chacon-1-648x420.jpg 648w, https:\/\/noticozumel.mx\/1\/wp-content\/uploads\/2025\/11\/Fortalecen-prevencion-violencia-Cozumel-Chacon-1-150x97.jpg 150w, https:\/\/noticozumel.mx\/1\/wp-content\/uploads\/2025\/11\/Fortalecen-prevencion-violencia-Cozumel-Chacon-1-696x451.jpg 696w, https:\/\/noticozumel.mx\/1\/wp-content\/uploads\/2025\/11\/Fortalecen-prevencion-violencia-Cozumel-Chacon-1.jpg 1040w\" sizes=\"auto, (max-width: 1024px) 100vw, 1024px\" \/><\/figure>\n<\/figure>\n\n\n\n<p><\/p>\n","protected":false},"excerpt":{"rendered":"<p>Cozumel, Quintana Roo, 5 de noviembre de 2025. &#8211; La seguridad de los estudiantes, docentes, trabajadores educativos y padres de familia es una prioridad para esta administraci\u00f3n; por ello, el presidente municipal Jos\u00e9 Luis Chac\u00f3n M\u00e9ndez encabez\u00f3 el taller \u201cOrientaciones para la prevenci\u00f3n y atenci\u00f3n de la violencia en los centros escolares\u201d, impartido por la [&hellip;]<\/p>\n","protected":false},"author":1,"featured_media":1870,"comment_status":"open","ping_status":"closed","sticky":false,"template":"","format":"standard","meta":{"tdm_status":"","tdm_grid_status":"","footnotes":""},"categories":[1,2],"tags":[59,63,64,61,27,60,23,62],"class_list":{"0":"post-1869","1":"post","2":"type-post","3":"status-publish","4":"format-standard","5":"has-post-thumbnail","7":"category-cozumel","8":"category-featured","9":"tag-cozumel","10":"tag-isla-cozumel","11":"tag-jose-luis-chacon-mendez","12":"tag-noticias-de-cozumel","13":"tag-noticias-de-quintana-roo","14":"tag-noticozumel","15":"tag-quintana-roo","16":"tag-san-miguel-de-cozumel"},"yoast_head":"<!-- This site is optimized with the Yoast SEO Premium plugin v26.2 (Yoast SEO v26.2) - https:\/\/yoast.com\/wordpress\/plugins\/seo\/ -->\n<title>Cozumel fortalece la prevenci\u00f3n y atenci\u00f3n de la violencia en los centros escolares - NotiCozumel<\/title>\n<meta name=\"robots\" content=\"index, follow, max-snippet:-1, max-image-preview:large, max-video-preview:-1\" \/>\n<link rel=\"canonical\" href=\"https:\/\/noticozumel.mx\/1\/cozumel-fortalece-la-prevencion-y-atencion-de-la-violencia-en-los-centros-escolares\/\" \/>\n<meta property=\"og:locale\" content=\"es_ES\" \/>\n<meta property=\"og:type\" content=\"article\" \/>\n<meta property=\"og:title\" content=\"Cozumel fortalece la prevenci\u00f3n y atenci\u00f3n de la violencia en los centros escolares\" \/>\n<meta property=\"og:description\" content=\"Cozumel, Quintana Roo, 5 de noviembre de 2025. &#8211; La seguridad de los estudiantes, docentes, trabajadores educativos y padres de familia es una prioridad para esta administraci\u00f3n; por ello, el presidente municipal Jos\u00e9 Luis Chac\u00f3n M\u00e9ndez encabez\u00f3 el taller \u201cOrientaciones para la prevenci\u00f3n y atenci\u00f3n de la violencia en los centros escolares\u201d, impartido por la [&hellip;]\" \/>\n<meta property=\"og:url\" content=\"https:\/\/noticozumel.mx\/1\/cozumel-fortalece-la-prevencion-y-atencion-de-la-violencia-en-los-centros-escolares\/\" \/>\n<meta property=\"og:site_name\" content=\"NotiCozumel\" \/>\n<meta property=\"article:published_time\" content=\"2025-11-06T01:26:00+00:00\" \/>\n<meta property=\"article:modified_time\" content=\"2025-11-10T04:32:31+00:00\" \/>\n<meta property=\"og:image\" content=\"https:\/\/noticozumel.mx\/1\/wp-content\/uploads\/2025\/11\/Fortalecen-prevencion-violencia-Cozumel-Chacon-1.jpg\" \/>\n\t<meta property=\"og:image:width\" content=\"1040\" \/>\n\t<meta property=\"og:image:height\" content=\"674\" \/>\n\t<meta property=\"og:image:type\" content=\"image\/jpeg\" \/>\n<meta name=\"author\" content=\"Redacci\u00f3n\" \/>\n<meta name=\"twitter:card\" content=\"summary_large_image\" \/>\n<meta name=\"twitter:label1\" content=\"Escrito por\" \/>\n\t<meta name=\"twitter:data1\" content=\"Redacci\u00f3n\" \/>\n\t<meta name=\"twitter:label2\" content=\"Tiempo de lectura\" \/>\n\t<meta name=\"twitter:data2\" content=\"2 minutos\" \/>\n<script type=\"application\/ld+json\" class=\"yoast-schema-graph\">{\"@context\":\"https:\/\/schema.org\",\"@graph\":[{\"@type\":\"WebPage\",\"@id\":\"https:\/\/noticozumel.mx\/1\/cozumel-fortalece-la-prevencion-y-atencion-de-la-violencia-en-los-centros-escolares\/\",\"url\":\"https:\/\/noticozumel.mx\/1\/cozumel-fortalece-la-prevencion-y-atencion-de-la-violencia-en-los-centros-escolares\/\",\"name\":\"Cozumel fortalece la prevenci\u00f3n y atenci\u00f3n de la violencia en los centros escolares - NotiCozumel\",\"isPartOf\":{\"@id\":\"https:\/\/noticozumel.mx\/1\/#website\"},\"primaryImageOfPage\":{\"@id\":\"https:\/\/noticozumel.mx\/1\/cozumel-fortalece-la-prevencion-y-atencion-de-la-violencia-en-los-centros-escolares\/#primaryimage\"},\"image\":{\"@id\":\"https:\/\/noticozumel.mx\/1\/cozumel-fortalece-la-prevencion-y-atencion-de-la-violencia-en-los-centros-escolares\/#primaryimage\"},\"thumbnailUrl\":\"https:\/\/noticozumel.mx\/1\/wp-content\/uploads\/2025\/11\/Fortalecen-prevencion-violencia-Cozumel-Chacon-1.jpg\",\"datePublished\":\"2025-11-06T01:26:00+00:00\",\"dateModified\":\"2025-11-10T04:32:31+00:00\",\"author\":{\"@id\":\"https:\/\/noticozumel.mx\/1\/#\/schema\/person\/a3353279fd7f37e86677893e0510943b\"},\"breadcrumb\":{\"@id\":\"https:\/\/noticozumel.mx\/1\/cozumel-fortalece-la-prevencion-y-atencion-de-la-violencia-en-los-centros-escolares\/#breadcrumb\"},\"inLanguage\":\"es\",\"potentialAction\":[{\"@type\":\"ReadAction\",\"target\":[\"https:\/\/noticozumel.mx\/1\/cozumel-fortalece-la-prevencion-y-atencion-de-la-violencia-en-los-centros-escolares\/\"]}]},{\"@type\":\"ImageObject\",\"inLanguage\":\"es\",\"@id\":\"https:\/\/noticozumel.mx\/1\/cozumel-fortalece-la-prevencion-y-atencion-de-la-violencia-en-los-centros-escolares\/#primaryimage\",\"url\":\"https:\/\/noticozumel.mx\/1\/wp-content\/uploads\/2025\/11\/Fortalecen-prevencion-violencia-Cozumel-Chacon-1.jpg\",\"contentUrl\":\"https:\/\/noticozumel.mx\/1\/wp-content\/uploads\/2025\/11\/Fortalecen-prevencion-violencia-Cozumel-Chacon-1.jpg\",\"width\":1040,\"height\":674},{\"@type\":\"BreadcrumbList\",\"@id\":\"https:\/\/noticozumel.mx\/1\/cozumel-fortalece-la-prevencion-y-atencion-de-la-violencia-en-los-centros-escolares\/#breadcrumb\",\"itemListElement\":[{\"@type\":\"ListItem\",\"position\":1,\"name\":\"Portada\",\"item\":\"https:\/\/noticozumel.mx\/1\/\"},{\"@type\":\"ListItem\",\"position\":2,\"name\":\"Cozumel fortalece la prevenci\u00f3n y atenci\u00f3n de la violencia en los centros escolares\"}]},{\"@type\":\"WebSite\",\"@id\":\"https:\/\/noticozumel.mx\/1\/#website\",\"url\":\"https:\/\/noticozumel.mx\/1\/\",\"name\":\"NotiCozumel\",\"description\":\"Las noticias al alcance de todos\",\"potentialAction\":[{\"@type\":\"SearchAction\",\"target\":{\"@type\":\"EntryPoint\",\"urlTemplate\":\"https:\/\/noticozumel.mx\/1\/?s={search_term_string}\"},\"query-input\":{\"@type\":\"PropertyValueSpecification\",\"valueRequired\":true,\"valueName\":\"search_term_string\"}}],\"inLanguage\":\"es\"},{\"@type\":\"Person\",\"@id\":\"https:\/\/noticozumel.mx\/1\/#\/schema\/person\/a3353279fd7f37e86677893e0510943b\",\"name\":\"Redacci\u00f3n\",\"image\":{\"@type\":\"ImageObject\",\"inLanguage\":\"es\",\"@id\":\"https:\/\/noticozumel.mx\/1\/#\/schema\/person\/image\/\",\"url\":\"https:\/\/secure.gravatar.com\/avatar\/92c1decdbf2b01a0b3a758c19f5bf7b7b7c7ad1ebf1b8f407a69813d9948f6d0?s=96&d=mm&r=g\",\"contentUrl\":\"https:\/\/secure.gravatar.com\/avatar\/92c1decdbf2b01a0b3a758c19f5bf7b7b7c7ad1ebf1b8f407a69813d9948f6d0?s=96&d=mm&r=g\",\"caption\":\"Redacci\u00f3n\"},\"url\":\"https:\/\/noticozumel.mx\/1\/author\/admin\/\"}]}<\/script>\n<!-- \/ Yoast SEO Premium plugin. -->","yoast_head_json":{"title":"Cozumel fortalece la prevenci\u00f3n y atenci\u00f3n de la violencia en los centros escolares - NotiCozumel","robots":{"index":"index","follow":"follow","max-snippet":"max-snippet:-1","max-image-preview":"max-image-preview:large","max-video-preview":"max-video-preview:-1"},"canonical":"https:\/\/noticozumel.mx\/1\/cozumel-fortalece-la-prevencion-y-atencion-de-la-violencia-en-los-centros-escolares\/","og_locale":"es_ES","og_type":"article","og_title":"Cozumel fortalece la prevenci\u00f3n y atenci\u00f3n de la violencia en los centros escolares","og_description":"Cozumel, Quintana Roo, 5 de noviembre de 2025. &#8211; La seguridad de los estudiantes, docentes, trabajadores educativos y padres de familia es una prioridad para esta administraci\u00f3n; por ello, el presidente municipal Jos\u00e9 Luis Chac\u00f3n M\u00e9ndez encabez\u00f3 el taller \u201cOrientaciones para la prevenci\u00f3n y atenci\u00f3n de la violencia en los centros escolares\u201d, impartido por la [&hellip;]","og_url":"https:\/\/noticozumel.mx\/1\/cozumel-fortalece-la-prevencion-y-atencion-de-la-violencia-en-los-centros-escolares\/","og_site_name":"NotiCozumel","article_published_time":"2025-11-06T01:26:00+00:00","article_modified_time":"2025-11-10T04:32:31+00:00","og_image":[{"width":1040,"height":674,"url":"https:\/\/noticozumel.mx\/1\/wp-content\/uploads\/2025\/11\/Fortalecen-prevencion-violencia-Cozumel-Chacon-1.jpg","type":"image\/jpeg"}],"author":"Redacci\u00f3n","twitter_card":"summary_large_image","twitter_misc":{"Escrito por":"Redacci\u00f3n","Tiempo de lectura":"2 minutos"},"schema":{"@context":"https:\/\/schema.org","@graph":[{"@type":"WebPage","@id":"https:\/\/noticozumel.mx\/1\/cozumel-fortalece-la-prevencion-y-atencion-de-la-violencia-en-los-centros-escolares\/","url":"https:\/\/noticozumel.mx\/1\/cozumel-fortalece-la-prevencion-y-atencion-de-la-violencia-en-los-centros-escolares\/","name":"Cozumel fortalece la prevenci\u00f3n y atenci\u00f3n de la violencia en los centros escolares - NotiCozumel","isPartOf":{"@id":"https:\/\/noticozumel.mx\/1\/#website"},"primaryImageOfPage":{"@id":"https:\/\/noticozumel.mx\/1\/cozumel-fortalece-la-prevencion-y-atencion-de-la-violencia-en-los-centros-escolares\/#primaryimage"},"image":{"@id":"https:\/\/noticozumel.mx\/1\/cozumel-fortalece-la-prevencion-y-atencion-de-la-violencia-en-los-centros-escolares\/#primaryimage"},"thumbnailUrl":"https:\/\/noticozumel.mx\/1\/wp-content\/uploads\/2025\/11\/Fortalecen-prevencion-violencia-Cozumel-Chacon-1.jpg","datePublished":"2025-11-06T01:26:00+00:00","dateModified":"2025-11-10T04:32:31+00:00","author":{"@id":"https:\/\/noticozumel.mx\/1\/#\/schema\/person\/a3353279fd7f37e86677893e0510943b"},"breadcrumb":{"@id":"https:\/\/noticozumel.mx\/1\/cozumel-fortalece-la-prevencion-y-atencion-de-la-violencia-en-los-centros-escolares\/#breadcrumb"},"inLanguage":"es","potentialAction":[{"@type":"ReadAction","target":["https:\/\/noticozumel.mx\/1\/cozumel-fortalece-la-prevencion-y-atencion-de-la-violencia-en-los-centros-escolares\/"]}]},{"@type":"ImageObject","inLanguage":"es","@id":"https:\/\/noticozumel.mx\/1\/cozumel-fortalece-la-prevencion-y-atencion-de-la-violencia-en-los-centros-escolares\/#primaryimage","url":"https:\/\/noticozumel.mx\/1\/wp-content\/uploads\/2025\/11\/Fortalecen-prevencion-violencia-Cozumel-Chacon-1.jpg","contentUrl":"https:\/\/noticozumel.mx\/1\/wp-content\/uploads\/2025\/11\/Fortalecen-prevencion-violencia-Cozumel-Chacon-1.jpg","width":1040,"height":674},{"@type":"BreadcrumbList","@id":"https:\/\/noticozumel.mx\/1\/cozumel-fortalece-la-prevencion-y-atencion-de-la-violencia-en-los-centros-escolares\/#breadcrumb","itemListElement":[{"@type":"ListItem","position":1,"name":"Portada","item":"https:\/\/noticozumel.mx\/1\/"},{"@type":"ListItem","position":2,"name":"Cozumel fortalece la prevenci\u00f3n y atenci\u00f3n de la violencia en los centros escolares"}]},{"@type":"WebSite","@id":"https:\/\/noticozumel.mx\/1\/#website","url":"https:\/\/noticozumel.mx\/1\/","name":"NotiCozumel","description":"Las noticias al alcance de todos","potentialAction":[{"@type":"SearchAction","target":{"@type":"EntryPoint","urlTemplate":"https:\/\/noticozumel.mx\/1\/?s={search_term_string}"},"query-input":{"@type":"PropertyValueSpecification","valueRequired":true,"valueName":"search_term_string"}}],"inLanguage":"es"},{"@type":"Person","@id":"https:\/\/noticozumel.mx\/1\/#\/schema\/person\/a3353279fd7f37e86677893e0510943b","name":"Redacci\u00f3n","image":{"@type":"ImageObject","inLanguage":"es","@id":"https:\/\/noticozumel.mx\/1\/#\/schema\/person\/image\/","url":"https:\/\/secure.gravatar.com\/avatar\/92c1decdbf2b01a0b3a758c19f5bf7b7b7c7ad1ebf1b8f407a69813d9948f6d0?s=96&d=mm&r=g","contentUrl":"https:\/\/secure.gravatar.com\/avatar\/92c1decdbf2b01a0b3a758c19f5bf7b7b7c7ad1ebf1b8f407a69813d9948f6d0?s=96&d=mm&r=g","caption":"Redacci\u00f3n"},"url":"https:\/\/noticozumel.mx\/1\/author\/admin\/"}]}},"_links":{"self":[{"href":"https:\/\/noticozumel.mx\/1\/wp-json\/wp\/v2\/posts\/1869","targetHints":{"allow":["GET"]}}],"collection":[{"href":"https:\/\/noticozumel.mx\/1\/wp-json\/wp\/v2\/posts"}],"about":[{"href":"https:\/\/noticozumel.mx\/1\/wp-json\/wp\/v2\/types\/post"}],"author":[{"embeddable":true,"href":"https:\/\/noticozumel.mx\/1\/wp-json\/wp\/v2\/users\/1"}],"replies":[{"embeddable":true,"href":"https:\/\/noticozumel.mx\/1\/wp-json\/wp\/v2\/comments?post=1869"}],"version-history":[{"count":1,"href":"https:\/\/noticozumel.mx\/1\/wp-json\/wp\/v2\/posts\/1869\/revisions"}],"predecessor-version":[{"id":1880,"href":"https:\/\/noticozumel.mx\/1\/wp-json\/wp\/v2\/posts\/1869\/revisions\/1880"}],"wp:featuredmedia":[{"embeddable":true,"href":"https:\/\/noticozumel.mx\/1\/wp-json\/wp\/v2\/media\/1870"}],"wp:attachment":[{"href":"https:\/\/noticozumel.mx\/1\/wp-json\/wp\/v2\/media?parent=1869"}],"wp:term":[{"taxonomy":"category","embeddable":true,"href":"https:\/\/noticozumel.mx\/1\/wp-json\/wp\/v2\/categories?post=1869"},{"taxonomy":"post_tag","embeddable":true,"href":"https:\/\/noticozumel.mx\/1\/wp-json\/wp\/v2\/tags?post=1869"}],"curies":[{"name":"wp","href":"https:\/\/api.w.org\/{rel}","templated":true}]}}