{"id":4975,"date":"2026-01-06T09:00:00","date_gmt":"2026-01-06T14:00:00","guid":{"rendered":"https:\/\/noticozumel.mx\/1\/?p=4975"},"modified":"2026-01-07T23:18:02","modified_gmt":"2026-01-08T04:18:02","slug":"cozumel-2026-entre-la-inercia-y-la-ausencia-de-oposicion","status":"publish","type":"post","link":"https:\/\/noticozumel.mx\/1\/cozumel-2026-entre-la-inercia-y-la-ausencia-de-oposicion\/","title":{"rendered":"Cozumel 2026, entre la inercia y la ausencia de oposici\u00f3n"},"content":{"rendered":"\n<p>Por V\u00edctor Hern\u00e1ndez Luna<\/p>\n\n\n\n<p>El panorama pol\u00edtico de Cozumel en este 2026 se presenta con una oposici\u00f3n debilitada, sin eco m\u00e1s all\u00e1 de sus propios espacios y discursos. Lo que antes fue un contrapeso visible y con capacidad de incidencia, hoy parece reducido a voces aisladas y a una acci\u00f3n m\u00ednima que no logra trascender en la vida p\u00fablica de la isla.<\/p>\n\n\n\n<p>El <strong>PRI<\/strong>, que en otros tiempos supo ser referente de organizaci\u00f3n y propuesta, hoy se muestra rezagado. Su papel de velar por la correcta aplicaci\u00f3n de los recursos se ha visto opacado por la falta de iniciativas claras: ni actualizaci\u00f3n de reglamentos ni acciones directas que beneficien a la comunidad. El vac\u00edo de propuestas ha dejado a este partido en un estado de inercia, m\u00e1s preocupado por sostener su presencia que por marcar agenda.<\/p>\n\n\n\n<p>Por su parte, <strong>Movimiento Ciudadano<\/strong> apenas se percibe en las redes sociales, limitado a la interacci\u00f3n con quienes lo siguen en plataformas digitales. Sin propuestas concretas para atender las necesidades de la isla, su representaci\u00f3n pol\u00edtica se diluye en un espacio virtual que no logra convertirse en acci\u00f3n tangible.<\/p>\n\n\n\n<p>Mientras tanto, el camino sigue abierto para el partido gobernante, <strong>MORENA<\/strong>, acompa\u00f1ado de sus aliados, el <strong>Partido Verde<\/strong> y el <strong>Partido del Trabajo<\/strong>. Son ellos quienes administran el municipio y disponen de los recursos, como en otros tiempos lo hicieron los partidos que hoy reclaman irregularidades. Puede ser una situaci\u00f3n inc\u00f3moda para algunos, pero lo cierto es que se est\u00e1 haciendo gesti\u00f3n, con resultados visibles en la administraci\u00f3n local.<\/p>\n\n\n\n<p>El <strong>PAN<\/strong>, en cambio, parece reducido a la existencia de su propio edificio. Su presencia en la vida pol\u00edtica de Cozumel es m\u00ednima, aunque no se descarta que este a\u00f1o pueda traer alguna sorpresa.<\/p>\n\n\n\n<p>En conclusi\u00f3n, la isla vive un momento de ausencia de oposici\u00f3n real. Lo que antes fue tierra de gobernadores y presidentes municipales con peso pol\u00edtico, hoy carece de esa fuerza. Los retos de cara al 2027 se perfilan con ventaja para quienes est\u00e1n en el poder, mientras que los dem\u00e1s partidos parecen atrapados entre la esperanza y el recuerdo de lo que alguna vez fueron. Las redes sociales y los reclamos aislados no bastan: la pol\u00edtica requiere propuestas, gesti\u00f3n y presencia, y en Cozumel, por ahora, eso parece ausente.<\/p>\n","protected":false},"excerpt":{"rendered":"<p>Por V\u00edctor Hern\u00e1ndez Luna El panorama pol\u00edtico de Cozumel en este 2026 se presenta con una oposici\u00f3n debilitada, sin eco m\u00e1s all\u00e1 de sus propios espacios y discursos. Lo que antes fue un contrapeso visible y con capacidad de incidencia, hoy parece reducido a voces aisladas y a una acci\u00f3n m\u00ednima que no logra trascender [&hellip;]<\/p>\n","protected":false},"author":2,"featured_media":4976,"comment_status":"open","ping_status":"closed","sticky":false,"template":"","format":"standard","meta":{"tdm_status":"","tdm_grid_status":"","footnotes":""},"categories":[45,58],"tags":[158,59,157,63,164,345,61,27,60,128,161,162,346,65,160,114,23,62,159],"class_list":{"0":"post-4975","1":"post","2":"type-post","3":"status-publish","4":"format-standard","5":"has-post-thumbnail","7":"category-columnas","8":"category-espresso","9":"tag-columna","10":"tag-cozumel","11":"tag-expresso","12":"tag-isla-cozumel","13":"tag-morena","14":"tag-movimiento-ciudadano","15":"tag-noticias-de-cozumel","16":"tag-noticias-de-quintana-roo","17":"tag-noticozumel","18":"tag-opinion","19":"tag-pan","20":"tag-partido-del-trabajo","21":"tag-partivo-verde","22":"tag-politica","23":"tag-pri","24":"tag-pvem","25":"tag-quintana-roo","26":"tag-san-miguel-de-cozumel","27":"tag-victor-hernandez-luna"},"yoast_head":"<!-- This site is optimized with the Yoast SEO Premium plugin v26.2 (Yoast SEO v26.2) - https:\/\/yoast.com\/wordpress\/plugins\/seo\/ -->\n<title>Cozumel 2026, entre la inercia y la ausencia de oposici\u00f3n - NotiCozumel<\/title>\n<meta name=\"robots\" content=\"index, follow, max-snippet:-1, max-image-preview:large, max-video-preview:-1\" \/>\n<link rel=\"canonical\" href=\"https:\/\/noticozumel.mx\/1\/cozumel-2026-entre-la-inercia-y-la-ausencia-de-oposicion\/\" \/>\n<meta property=\"og:locale\" content=\"es_ES\" \/>\n<meta property=\"og:type\" content=\"article\" \/>\n<meta property=\"og:title\" content=\"Cozumel 2026, entre la inercia y la ausencia de oposici\u00f3n\" \/>\n<meta property=\"og:description\" content=\"Por V\u00edctor Hern\u00e1ndez Luna El panorama pol\u00edtico de Cozumel en este 2026 se presenta con una oposici\u00f3n debilitada, sin eco m\u00e1s all\u00e1 de sus propios espacios y discursos. Lo que antes fue un contrapeso visible y con capacidad de incidencia, hoy parece reducido a voces aisladas y a una acci\u00f3n m\u00ednima que no logra trascender [&hellip;]\" \/>\n<meta property=\"og:url\" content=\"https:\/\/noticozumel.mx\/1\/cozumel-2026-entre-la-inercia-y-la-ausencia-de-oposicion\/\" \/>\n<meta property=\"og:site_name\" content=\"NotiCozumel\" \/>\n<meta property=\"article:published_time\" content=\"2026-01-06T14:00:00+00:00\" \/>\n<meta property=\"article:modified_time\" content=\"2026-01-08T04:18:02+00:00\" \/>\n<meta property=\"og:image\" content=\"https:\/\/noticozumel.mx\/1\/wp-content\/uploads\/2026\/01\/Expresso-N.jpeg\" \/>\n\t<meta property=\"og:image:width\" content=\"1050\" \/>\n\t<meta property=\"og:image:height\" content=\"600\" \/>\n\t<meta property=\"og:image:type\" content=\"image\/jpeg\" \/>\n<meta name=\"author\" content=\"Victor Hernandez Luna\" \/>\n<meta name=\"twitter:card\" content=\"summary_large_image\" \/>\n<meta name=\"twitter:label1\" content=\"Escrito por\" \/>\n\t<meta name=\"twitter:data1\" content=\"Victor Hernandez Luna\" \/>\n\t<meta name=\"twitter:label2\" content=\"Tiempo de lectura\" \/>\n\t<meta name=\"twitter:data2\" content=\"2 minutos\" \/>\n<script type=\"application\/ld+json\" class=\"yoast-schema-graph\">{\"@context\":\"https:\/\/schema.org\",\"@graph\":[{\"@type\":\"WebPage\",\"@id\":\"https:\/\/noticozumel.mx\/1\/cozumel-2026-entre-la-inercia-y-la-ausencia-de-oposicion\/\",\"url\":\"https:\/\/noticozumel.mx\/1\/cozumel-2026-entre-la-inercia-y-la-ausencia-de-oposicion\/\",\"name\":\"Cozumel 2026, entre la inercia y la ausencia de oposici\u00f3n - NotiCozumel\",\"isPartOf\":{\"@id\":\"https:\/\/noticozumel.mx\/1\/#website\"},\"primaryImageOfPage\":{\"@id\":\"https:\/\/noticozumel.mx\/1\/cozumel-2026-entre-la-inercia-y-la-ausencia-de-oposicion\/#primaryimage\"},\"image\":{\"@id\":\"https:\/\/noticozumel.mx\/1\/cozumel-2026-entre-la-inercia-y-la-ausencia-de-oposicion\/#primaryimage\"},\"thumbnailUrl\":\"https:\/\/noticozumel.mx\/1\/wp-content\/uploads\/2026\/01\/Expresso-N.jpeg\",\"datePublished\":\"2026-01-06T14:00:00+00:00\",\"dateModified\":\"2026-01-08T04:18:02+00:00\",\"author\":{\"@id\":\"https:\/\/noticozumel.mx\/1\/#\/schema\/person\/8d7a7295b0e332037217d900d085410f\"},\"breadcrumb\":{\"@id\":\"https:\/\/noticozumel.mx\/1\/cozumel-2026-entre-la-inercia-y-la-ausencia-de-oposicion\/#breadcrumb\"},\"inLanguage\":\"es\",\"potentialAction\":[{\"@type\":\"ReadAction\",\"target\":[\"https:\/\/noticozumel.mx\/1\/cozumel-2026-entre-la-inercia-y-la-ausencia-de-oposicion\/\"]}]},{\"@type\":\"ImageObject\",\"inLanguage\":\"es\",\"@id\":\"https:\/\/noticozumel.mx\/1\/cozumel-2026-entre-la-inercia-y-la-ausencia-de-oposicion\/#primaryimage\",\"url\":\"https:\/\/noticozumel.mx\/1\/wp-content\/uploads\/2026\/01\/Expresso-N.jpeg\",\"contentUrl\":\"https:\/\/noticozumel.mx\/1\/wp-content\/uploads\/2026\/01\/Expresso-N.jpeg\",\"width\":1050,\"height\":600},{\"@type\":\"BreadcrumbList\",\"@id\":\"https:\/\/noticozumel.mx\/1\/cozumel-2026-entre-la-inercia-y-la-ausencia-de-oposicion\/#breadcrumb\",\"itemListElement\":[{\"@type\":\"ListItem\",\"position\":1,\"name\":\"Portada\",\"item\":\"https:\/\/noticozumel.mx\/1\/\"},{\"@type\":\"ListItem\",\"position\":2,\"name\":\"Cozumel 2026, entre la inercia y la ausencia de oposici\u00f3n\"}]},{\"@type\":\"WebSite\",\"@id\":\"https:\/\/noticozumel.mx\/1\/#website\",\"url\":\"https:\/\/noticozumel.mx\/1\/\",\"name\":\"NotiCozumel\",\"description\":\"Las noticias al alcance de todos\",\"potentialAction\":[{\"@type\":\"SearchAction\",\"target\":{\"@type\":\"EntryPoint\",\"urlTemplate\":\"https:\/\/noticozumel.mx\/1\/?s={search_term_string}\"},\"query-input\":{\"@type\":\"PropertyValueSpecification\",\"valueRequired\":true,\"valueName\":\"search_term_string\"}}],\"inLanguage\":\"es\"},{\"@type\":\"Person\",\"@id\":\"https:\/\/noticozumel.mx\/1\/#\/schema\/person\/8d7a7295b0e332037217d900d085410f\",\"name\":\"Victor Hernandez Luna\",\"image\":{\"@type\":\"ImageObject\",\"inLanguage\":\"es\",\"@id\":\"https:\/\/noticozumel.mx\/1\/#\/schema\/person\/image\/\",\"url\":\"https:\/\/secure.gravatar.com\/avatar\/903e5352abe273aed23196d02d4ae378ebfc322b1ba34a99ce80218a04ec9af0?s=96&d=mm&r=g\",\"contentUrl\":\"https:\/\/secure.gravatar.com\/avatar\/903e5352abe273aed23196d02d4ae378ebfc322b1ba34a99ce80218a04ec9af0?s=96&d=mm&r=g\",\"caption\":\"Victor Hernandez Luna\"},\"url\":\"https:\/\/noticozumel.mx\/1\/author\/victor-hernandez-luna\/\"}]}<\/script>\n<!-- \/ Yoast SEO Premium plugin. -->","yoast_head_json":{"title":"Cozumel 2026, entre la inercia y la ausencia de oposici\u00f3n - NotiCozumel","robots":{"index":"index","follow":"follow","max-snippet":"max-snippet:-1","max-image-preview":"max-image-preview:large","max-video-preview":"max-video-preview:-1"},"canonical":"https:\/\/noticozumel.mx\/1\/cozumel-2026-entre-la-inercia-y-la-ausencia-de-oposicion\/","og_locale":"es_ES","og_type":"article","og_title":"Cozumel 2026, entre la inercia y la ausencia de oposici\u00f3n","og_description":"Por V\u00edctor Hern\u00e1ndez Luna El panorama pol\u00edtico de Cozumel en este 2026 se presenta con una oposici\u00f3n debilitada, sin eco m\u00e1s all\u00e1 de sus propios espacios y discursos. Lo que antes fue un contrapeso visible y con capacidad de incidencia, hoy parece reducido a voces aisladas y a una acci\u00f3n m\u00ednima que no logra trascender [&hellip;]","og_url":"https:\/\/noticozumel.mx\/1\/cozumel-2026-entre-la-inercia-y-la-ausencia-de-oposicion\/","og_site_name":"NotiCozumel","article_published_time":"2026-01-06T14:00:00+00:00","article_modified_time":"2026-01-08T04:18:02+00:00","og_image":[{"width":1050,"height":600,"url":"https:\/\/noticozumel.mx\/1\/wp-content\/uploads\/2026\/01\/Expresso-N.jpeg","type":"image\/jpeg"}],"author":"Victor Hernandez Luna","twitter_card":"summary_large_image","twitter_misc":{"Escrito por":"Victor Hernandez Luna","Tiempo de lectura":"2 minutos"},"schema":{"@context":"https:\/\/schema.org","@graph":[{"@type":"WebPage","@id":"https:\/\/noticozumel.mx\/1\/cozumel-2026-entre-la-inercia-y-la-ausencia-de-oposicion\/","url":"https:\/\/noticozumel.mx\/1\/cozumel-2026-entre-la-inercia-y-la-ausencia-de-oposicion\/","name":"Cozumel 2026, entre la inercia y la ausencia de oposici\u00f3n - NotiCozumel","isPartOf":{"@id":"https:\/\/noticozumel.mx\/1\/#website"},"primaryImageOfPage":{"@id":"https:\/\/noticozumel.mx\/1\/cozumel-2026-entre-la-inercia-y-la-ausencia-de-oposicion\/#primaryimage"},"image":{"@id":"https:\/\/noticozumel.mx\/1\/cozumel-2026-entre-la-inercia-y-la-ausencia-de-oposicion\/#primaryimage"},"thumbnailUrl":"https:\/\/noticozumel.mx\/1\/wp-content\/uploads\/2026\/01\/Expresso-N.jpeg","datePublished":"2026-01-06T14:00:00+00:00","dateModified":"2026-01-08T04:18:02+00:00","author":{"@id":"https:\/\/noticozumel.mx\/1\/#\/schema\/person\/8d7a7295b0e332037217d900d085410f"},"breadcrumb":{"@id":"https:\/\/noticozumel.mx\/1\/cozumel-2026-entre-la-inercia-y-la-ausencia-de-oposicion\/#breadcrumb"},"inLanguage":"es","potentialAction":[{"@type":"ReadAction","target":["https:\/\/noticozumel.mx\/1\/cozumel-2026-entre-la-inercia-y-la-ausencia-de-oposicion\/"]}]},{"@type":"ImageObject","inLanguage":"es","@id":"https:\/\/noticozumel.mx\/1\/cozumel-2026-entre-la-inercia-y-la-ausencia-de-oposicion\/#primaryimage","url":"https:\/\/noticozumel.mx\/1\/wp-content\/uploads\/2026\/01\/Expresso-N.jpeg","contentUrl":"https:\/\/noticozumel.mx\/1\/wp-content\/uploads\/2026\/01\/Expresso-N.jpeg","width":1050,"height":600},{"@type":"BreadcrumbList","@id":"https:\/\/noticozumel.mx\/1\/cozumel-2026-entre-la-inercia-y-la-ausencia-de-oposicion\/#breadcrumb","itemListElement":[{"@type":"ListItem","position":1,"name":"Portada","item":"https:\/\/noticozumel.mx\/1\/"},{"@type":"ListItem","position":2,"name":"Cozumel 2026, entre la inercia y la ausencia de oposici\u00f3n"}]},{"@type":"WebSite","@id":"https:\/\/noticozumel.mx\/1\/#website","url":"https:\/\/noticozumel.mx\/1\/","name":"NotiCozumel","description":"Las noticias al alcance de todos","potentialAction":[{"@type":"SearchAction","target":{"@type":"EntryPoint","urlTemplate":"https:\/\/noticozumel.mx\/1\/?s={search_term_string}"},"query-input":{"@type":"PropertyValueSpecification","valueRequired":true,"valueName":"search_term_string"}}],"inLanguage":"es"},{"@type":"Person","@id":"https:\/\/noticozumel.mx\/1\/#\/schema\/person\/8d7a7295b0e332037217d900d085410f","name":"Victor Hernandez Luna","image":{"@type":"ImageObject","inLanguage":"es","@id":"https:\/\/noticozumel.mx\/1\/#\/schema\/person\/image\/","url":"https:\/\/secure.gravatar.com\/avatar\/903e5352abe273aed23196d02d4ae378ebfc322b1ba34a99ce80218a04ec9af0?s=96&d=mm&r=g","contentUrl":"https:\/\/secure.gravatar.com\/avatar\/903e5352abe273aed23196d02d4ae378ebfc322b1ba34a99ce80218a04ec9af0?s=96&d=mm&r=g","caption":"Victor Hernandez Luna"},"url":"https:\/\/noticozumel.mx\/1\/author\/victor-hernandez-luna\/"}]}},"_links":{"self":[{"href":"https:\/\/noticozumel.mx\/1\/wp-json\/wp\/v2\/posts\/4975","targetHints":{"allow":["GET"]}}],"collection":[{"href":"https:\/\/noticozumel.mx\/1\/wp-json\/wp\/v2\/posts"}],"about":[{"href":"https:\/\/noticozumel.mx\/1\/wp-json\/wp\/v2\/types\/post"}],"author":[{"embeddable":true,"href":"https:\/\/noticozumel.mx\/1\/wp-json\/wp\/v2\/users\/2"}],"replies":[{"embeddable":true,"href":"https:\/\/noticozumel.mx\/1\/wp-json\/wp\/v2\/comments?post=4975"}],"version-history":[{"count":1,"href":"https:\/\/noticozumel.mx\/1\/wp-json\/wp\/v2\/posts\/4975\/revisions"}],"predecessor-version":[{"id":4977,"href":"https:\/\/noticozumel.mx\/1\/wp-json\/wp\/v2\/posts\/4975\/revisions\/4977"}],"wp:featuredmedia":[{"embeddable":true,"href":"https:\/\/noticozumel.mx\/1\/wp-json\/wp\/v2\/media\/4976"}],"wp:attachment":[{"href":"https:\/\/noticozumel.mx\/1\/wp-json\/wp\/v2\/media?parent=4975"}],"wp:term":[{"taxonomy":"category","embeddable":true,"href":"https:\/\/noticozumel.mx\/1\/wp-json\/wp\/v2\/categories?post=4975"},{"taxonomy":"post_tag","embeddable":true,"href":"https:\/\/noticozumel.mx\/1\/wp-json\/wp\/v2\/tags?post=4975"}],"curies":[{"name":"wp","href":"https:\/\/api.w.org\/{rel}","templated":true}]}}