{"id":5249,"date":"2026-01-13T17:52:00","date_gmt":"2026-01-13T22:52:00","guid":{"rendered":"https:\/\/noticozumel.mx\/1\/?p=5249"},"modified":"2026-01-16T01:02:45","modified_gmt":"2026-01-16T06:02:45","slug":"refuerza-la-styps-el-derecho-al-descanso-laboral-con-la-aplicacion-de-la-ley-silla","status":"publish","type":"post","link":"https:\/\/noticozumel.mx\/1\/refuerza-la-styps-el-derecho-al-descanso-laboral-con-la-aplicacion-de-la-ley-silla\/","title":{"rendered":"Refuerza la STyPS el derecho al descanso laboral con la aplicaci\u00f3n de la \u201cLey Silla\u201d"},"content":{"rendered":"\n<p>Chetumal, Quintana Roo, 13 de enero de 2026.- La Secretar\u00eda del Trabajo y Previsi\u00f3n Social (STyPS) del estado, a trav\u00e9s de la Direcci\u00f3n del Trabajo y las \u00e1reas de Inspecciones en la zona sur y norte, dio a conocer los resultados del operativo de vigilancia en materia del derecho al descanso durante la jornada laboral, denominada \u201cLey Silla 2026\u201d, realizado entre el 17 de junio de 2025 y el 12 de enero de 2026.<\/p>\n\n\n\n<figure class=\"wp-block-image size-large\"><img loading=\"lazy\" decoding=\"async\" width=\"819\" height=\"1024\" src=\"https:\/\/noticozumel.mx\/1\/wp-content\/uploads\/2026\/01\/Ley-Silla-QRoo-6-819x1024.jpg\" alt=\"\" class=\"wp-image-5254\" srcset=\"https:\/\/noticozumel.mx\/1\/wp-content\/uploads\/2026\/01\/Ley-Silla-QRoo-6-819x1024.jpg 819w, https:\/\/noticozumel.mx\/1\/wp-content\/uploads\/2026\/01\/Ley-Silla-QRoo-6-240x300.jpg 240w, https:\/\/noticozumel.mx\/1\/wp-content\/uploads\/2026\/01\/Ley-Silla-QRoo-6-768x960.jpg 768w, https:\/\/noticozumel.mx\/1\/wp-content\/uploads\/2026\/01\/Ley-Silla-QRoo-6-336x420.jpg 336w, https:\/\/noticozumel.mx\/1\/wp-content\/uploads\/2026\/01\/Ley-Silla-QRoo-6-150x188.jpg 150w, https:\/\/noticozumel.mx\/1\/wp-content\/uploads\/2026\/01\/Ley-Silla-QRoo-6-300x375.jpg 300w, https:\/\/noticozumel.mx\/1\/wp-content\/uploads\/2026\/01\/Ley-Silla-QRoo-6-696x870.jpg 696w, https:\/\/noticozumel.mx\/1\/wp-content\/uploads\/2026\/01\/Ley-Silla-QRoo-6-1068x1335.jpg 1068w, https:\/\/noticozumel.mx\/1\/wp-content\/uploads\/2026\/01\/Ley-Silla-QRoo-6.jpg 1200w\" sizes=\"auto, (max-width: 819px) 100vw, 819px\" \/><\/figure>\n\n\n\n<p>Durante este periodo se notificaron 707 inspecciones ordinarias y extraordinarias, de las cuales 672 empresas comparecieron para dar cumplimiento a la revisi\u00f3n de sus Condiciones Generales de Trabajo, de ellas, 471 empresas, equivalentes al 70 por ciento cumplen ya con la Ley Silla, garantizando espacios de descanso para sus trabajadores.<\/p>\n\n\n\n<p>Gracias a este esfuerzo, 63 mil 865 trabajadoras y trabajadores han sido beneficiados con condiciones m\u00e1s dignas durante su jornada laboral.<\/p>\n\n\n\n<p>A partir del 1 de enero de 2026, la Ley Silla se convierte en una Condici\u00f3n General de Trabajo obligatoria, lo que significa que todas las empresas deben actualizar sus Reglamentos Generales de Trabajo para garantizar el derecho al descanso digno.<\/p>\n\n\n\n<figure class=\"wp-block-image size-large\"><img loading=\"lazy\" decoding=\"async\" width=\"819\" height=\"1024\" src=\"https:\/\/noticozumel.mx\/1\/wp-content\/uploads\/2026\/01\/Ley-Silla-QRoo-5-819x1024.jpg\" alt=\"\" class=\"wp-image-5253\" srcset=\"https:\/\/noticozumel.mx\/1\/wp-content\/uploads\/2026\/01\/Ley-Silla-QRoo-5-819x1024.jpg 819w, https:\/\/noticozumel.mx\/1\/wp-content\/uploads\/2026\/01\/Ley-Silla-QRoo-5-240x300.jpg 240w, https:\/\/noticozumel.mx\/1\/wp-content\/uploads\/2026\/01\/Ley-Silla-QRoo-5-768x960.jpg 768w, https:\/\/noticozumel.mx\/1\/wp-content\/uploads\/2026\/01\/Ley-Silla-QRoo-5-336x420.jpg 336w, https:\/\/noticozumel.mx\/1\/wp-content\/uploads\/2026\/01\/Ley-Silla-QRoo-5-150x188.jpg 150w, https:\/\/noticozumel.mx\/1\/wp-content\/uploads\/2026\/01\/Ley-Silla-QRoo-5-300x375.jpg 300w, https:\/\/noticozumel.mx\/1\/wp-content\/uploads\/2026\/01\/Ley-Silla-QRoo-5-696x870.jpg 696w, https:\/\/noticozumel.mx\/1\/wp-content\/uploads\/2026\/01\/Ley-Silla-QRoo-5.jpg 960w\" sizes=\"auto, (max-width: 819px) 100vw, 819px\" \/><\/figure>\n\n\n\n<p>La gobernadora Mara Lezama ha reiterado que este esfuerzo responde a la visi\u00f3n del Nuevo Acuerdo por el Bienestar y Desarrollo de Quintana Roo, donde la justicia laboral y la dignidad de las y los trabajadores son pilares fundamentales.<\/p>\n\n\n\n<p>\u201cLa Ley Silla no es solo una disposici\u00f3n normativa, es un acto de justicia y respeto hacia quienes d\u00eda a d\u00eda sostienen la econom\u00eda del estado. Nuestro compromiso es velar porque cada trabajador tenga condiciones dignas, humanas y justas\u201d destac\u00f3 la encargada de la STyPS en el estado, Ver\u00f3nica Salinas Mozo.<\/p>\n\n\n\n<p>Es importante se\u00f1alar que esta nueva disposici\u00f3n busca proteger la salud y dignidad de quienes laboran de pie durante largas horas, por lo tanto, los empleadores est\u00e1n obligados a proporcionar sillas adecuadas para que el personal pueda sentarse mientras trabaja o durante sus pausas.<\/p>\n\n\n\n<figure class=\"wp-block-image size-large\"><img loading=\"lazy\" decoding=\"async\" width=\"819\" height=\"1024\" src=\"https:\/\/noticozumel.mx\/1\/wp-content\/uploads\/2026\/01\/Ley-Silla-QRoo-4-819x1024.jpg\" alt=\"\" class=\"wp-image-5252\" srcset=\"https:\/\/noticozumel.mx\/1\/wp-content\/uploads\/2026\/01\/Ley-Silla-QRoo-4-819x1024.jpg 819w, https:\/\/noticozumel.mx\/1\/wp-content\/uploads\/2026\/01\/Ley-Silla-QRoo-4-240x300.jpg 240w, https:\/\/noticozumel.mx\/1\/wp-content\/uploads\/2026\/01\/Ley-Silla-QRoo-4-768x960.jpg 768w, https:\/\/noticozumel.mx\/1\/wp-content\/uploads\/2026\/01\/Ley-Silla-QRoo-4-336x420.jpg 336w, https:\/\/noticozumel.mx\/1\/wp-content\/uploads\/2026\/01\/Ley-Silla-QRoo-4-150x188.jpg 150w, https:\/\/noticozumel.mx\/1\/wp-content\/uploads\/2026\/01\/Ley-Silla-QRoo-4-300x375.jpg 300w, https:\/\/noticozumel.mx\/1\/wp-content\/uploads\/2026\/01\/Ley-Silla-QRoo-4-696x870.jpg 696w, https:\/\/noticozumel.mx\/1\/wp-content\/uploads\/2026\/01\/Ley-Silla-QRoo-4-1068x1335.jpg 1068w, https:\/\/noticozumel.mx\/1\/wp-content\/uploads\/2026\/01\/Ley-Silla-QRoo-4.jpg 1200w\" sizes=\"auto, (max-width: 819px) 100vw, 819px\" \/><\/figure>\n\n\n\n<p>Adem\u00e1s, se proh\u00edbe mantener al personal de pie durante toda la jornada o impedirles sentarse cuando no es necesario permanecer de pie.<\/p>\n\n\n\n<p>Deber\u00e1n existir periodos de descanso obligatorios establecidos dentro del horario laboral y la adecuaci\u00f3n de sus Reglamentos Interiores, en el que se indique el n\u00famero de pausas y la duraci\u00f3n de \u00e9stas a los que tienen derecho las personas trabajadoras durante su jornada laboral.<\/p>\n\n\n\n<p>La STyPS continuar\u00e1 con los operativos de inspecci\u00f3n ordinaria y extraordinaria en todo el estado, reforzando la cultura de cumplimiento y acompa\u00f1ando a las empresas en la actualizaci\u00f3n de sus reglamentos.<\/p>\n\n\n\n<figure class=\"wp-block-image size-large\"><img loading=\"lazy\" decoding=\"async\" width=\"819\" height=\"1024\" src=\"https:\/\/noticozumel.mx\/1\/wp-content\/uploads\/2026\/01\/Ley-Silla-QRoo-3-819x1024.jpg\" alt=\"\" class=\"wp-image-5251\" srcset=\"https:\/\/noticozumel.mx\/1\/wp-content\/uploads\/2026\/01\/Ley-Silla-QRoo-3-819x1024.jpg 819w, https:\/\/noticozumel.mx\/1\/wp-content\/uploads\/2026\/01\/Ley-Silla-QRoo-3-240x300.jpg 240w, https:\/\/noticozumel.mx\/1\/wp-content\/uploads\/2026\/01\/Ley-Silla-QRoo-3-768x960.jpg 768w, https:\/\/noticozumel.mx\/1\/wp-content\/uploads\/2026\/01\/Ley-Silla-QRoo-3-336x420.jpg 336w, https:\/\/noticozumel.mx\/1\/wp-content\/uploads\/2026\/01\/Ley-Silla-QRoo-3-150x188.jpg 150w, https:\/\/noticozumel.mx\/1\/wp-content\/uploads\/2026\/01\/Ley-Silla-QRoo-3-300x375.jpg 300w, https:\/\/noticozumel.mx\/1\/wp-content\/uploads\/2026\/01\/Ley-Silla-QRoo-3-696x870.jpg 696w, https:\/\/noticozumel.mx\/1\/wp-content\/uploads\/2026\/01\/Ley-Silla-QRoo-3-1068x1335.jpg 1068w, https:\/\/noticozumel.mx\/1\/wp-content\/uploads\/2026\/01\/Ley-Silla-QRoo-3.jpg 1200w\" sizes=\"auto, (max-width: 819px) 100vw, 819px\" \/><\/figure>\n\n\n\n<p>El objetivo es que ning\u00fan trabajador quede sin acceso al derecho al descanso, consolidando un entorno laboral m\u00e1s justo y equitativo.<\/p>\n\n\n\n<figure class=\"wp-block-image size-large\"><img loading=\"lazy\" decoding=\"async\" width=\"819\" height=\"1024\" src=\"https:\/\/noticozumel.mx\/1\/wp-content\/uploads\/2026\/01\/Ley-Silla-QRoo-2-819x1024.jpg\" alt=\"\" class=\"wp-image-5250\" srcset=\"https:\/\/noticozumel.mx\/1\/wp-content\/uploads\/2026\/01\/Ley-Silla-QRoo-2-819x1024.jpg 819w, https:\/\/noticozumel.mx\/1\/wp-content\/uploads\/2026\/01\/Ley-Silla-QRoo-2-240x300.jpg 240w, https:\/\/noticozumel.mx\/1\/wp-content\/uploads\/2026\/01\/Ley-Silla-QRoo-2-768x960.jpg 768w, https:\/\/noticozumel.mx\/1\/wp-content\/uploads\/2026\/01\/Ley-Silla-QRoo-2-336x420.jpg 336w, https:\/\/noticozumel.mx\/1\/wp-content\/uploads\/2026\/01\/Ley-Silla-QRoo-2-150x188.jpg 150w, https:\/\/noticozumel.mx\/1\/wp-content\/uploads\/2026\/01\/Ley-Silla-QRoo-2-300x375.jpg 300w, https:\/\/noticozumel.mx\/1\/wp-content\/uploads\/2026\/01\/Ley-Silla-QRoo-2-696x870.jpg 696w, https:\/\/noticozumel.mx\/1\/wp-content\/uploads\/2026\/01\/Ley-Silla-QRoo-2.jpg 960w\" sizes=\"auto, (max-width: 819px) 100vw, 819px\" \/><\/figure>\n","protected":false},"excerpt":{"rendered":"<p>Chetumal, Quintana Roo, 13 de enero de 2026.- La Secretar\u00eda del Trabajo y Previsi\u00f3n Social (STyPS) del estado, a trav\u00e9s de la Direcci\u00f3n del Trabajo y las \u00e1reas de Inspecciones en la zona sur y norte, dio a conocer los resultados del operativo de vigilancia en materia del derecho al descanso durante la jornada laboral, [&hellip;]<\/p>\n","protected":false},"author":1,"featured_media":5255,"comment_status":"open","ping_status":"closed","sticky":false,"template":"","format":"standard","meta":{"tdm_status":"","tdm_grid_status":"","footnotes":""},"categories":[1],"tags":[379],"class_list":{"0":"post-5249","1":"post","2":"type-post","3":"status-publish","4":"format-standard","5":"has-post-thumbnail","7":"category-cozumel","8":"tag-reforzando-la-cultura-de-cumplimiento-y-acompanando-a-las-empresas-en-la-actualizacion-de-sus-reglamentos-el-objetivo-es-que-ningun-trabajador-quede-sin-acceso-al-derecho-al-descanso"},"yoast_head":"<!-- This site is optimized with the Yoast SEO Premium plugin v26.2 (Yoast SEO v26.2) - https:\/\/yoast.com\/wordpress\/plugins\/seo\/ -->\n<title>Refuerza la STyPS el derecho al descanso laboral con la aplicaci\u00f3n de la \u201cLey Silla\u201d - NotiCozumel<\/title>\n<meta name=\"robots\" content=\"index, follow, max-snippet:-1, max-image-preview:large, max-video-preview:-1\" \/>\n<link rel=\"canonical\" href=\"https:\/\/noticozumel.mx\/1\/refuerza-la-styps-el-derecho-al-descanso-laboral-con-la-aplicacion-de-la-ley-silla\/\" \/>\n<meta property=\"og:locale\" content=\"es_ES\" \/>\n<meta property=\"og:type\" content=\"article\" \/>\n<meta property=\"og:title\" content=\"Refuerza la STyPS el derecho al descanso laboral con la aplicaci\u00f3n de la \u201cLey Silla\u201d\" \/>\n<meta property=\"og:description\" content=\"Chetumal, Quintana Roo, 13 de enero de 2026.- La Secretar\u00eda del Trabajo y Previsi\u00f3n Social (STyPS) del estado, a trav\u00e9s de la Direcci\u00f3n del Trabajo y las \u00e1reas de Inspecciones en la zona sur y norte, dio a conocer los resultados del operativo de vigilancia en materia del derecho al descanso durante la jornada laboral, [&hellip;]\" \/>\n<meta property=\"og:url\" content=\"https:\/\/noticozumel.mx\/1\/refuerza-la-styps-el-derecho-al-descanso-laboral-con-la-aplicacion-de-la-ley-silla\/\" \/>\n<meta property=\"og:site_name\" content=\"NotiCozumel\" \/>\n<meta property=\"article:published_time\" content=\"2026-01-13T22:52:00+00:00\" \/>\n<meta property=\"article:modified_time\" content=\"2026-01-16T06:02:45+00:00\" \/>\n<meta property=\"og:image\" content=\"https:\/\/noticozumel.mx\/1\/wp-content\/uploads\/2026\/01\/Ley-Silla-QRoo-1.jpg\" \/>\n\t<meta property=\"og:image:width\" content=\"1600\" \/>\n\t<meta property=\"og:image:height\" content=\"1200\" \/>\n\t<meta property=\"og:image:type\" content=\"image\/jpeg\" \/>\n<meta name=\"author\" content=\"Redacci\u00f3n\" \/>\n<meta name=\"twitter:card\" content=\"summary_large_image\" \/>\n<meta name=\"twitter:label1\" content=\"Escrito por\" \/>\n\t<meta name=\"twitter:data1\" content=\"Redacci\u00f3n\" \/>\n\t<meta name=\"twitter:label2\" content=\"Tiempo de lectura\" \/>\n\t<meta name=\"twitter:data2\" content=\"4 minutos\" \/>\n<script type=\"application\/ld+json\" class=\"yoast-schema-graph\">{\"@context\":\"https:\/\/schema.org\",\"@graph\":[{\"@type\":\"WebPage\",\"@id\":\"https:\/\/noticozumel.mx\/1\/refuerza-la-styps-el-derecho-al-descanso-laboral-con-la-aplicacion-de-la-ley-silla\/\",\"url\":\"https:\/\/noticozumel.mx\/1\/refuerza-la-styps-el-derecho-al-descanso-laboral-con-la-aplicacion-de-la-ley-silla\/\",\"name\":\"Refuerza la STyPS el derecho al descanso laboral con la aplicaci\u00f3n de la \u201cLey Silla\u201d - NotiCozumel\",\"isPartOf\":{\"@id\":\"https:\/\/noticozumel.mx\/1\/#website\"},\"primaryImageOfPage\":{\"@id\":\"https:\/\/noticozumel.mx\/1\/refuerza-la-styps-el-derecho-al-descanso-laboral-con-la-aplicacion-de-la-ley-silla\/#primaryimage\"},\"image\":{\"@id\":\"https:\/\/noticozumel.mx\/1\/refuerza-la-styps-el-derecho-al-descanso-laboral-con-la-aplicacion-de-la-ley-silla\/#primaryimage\"},\"thumbnailUrl\":\"https:\/\/noticozumel.mx\/1\/wp-content\/uploads\/2026\/01\/Ley-Silla-QRoo-1.jpg\",\"datePublished\":\"2026-01-13T22:52:00+00:00\",\"dateModified\":\"2026-01-16T06:02:45+00:00\",\"author\":{\"@id\":\"https:\/\/noticozumel.mx\/1\/#\/schema\/person\/a3353279fd7f37e86677893e0510943b\"},\"breadcrumb\":{\"@id\":\"https:\/\/noticozumel.mx\/1\/refuerza-la-styps-el-derecho-al-descanso-laboral-con-la-aplicacion-de-la-ley-silla\/#breadcrumb\"},\"inLanguage\":\"es\",\"potentialAction\":[{\"@type\":\"ReadAction\",\"target\":[\"https:\/\/noticozumel.mx\/1\/refuerza-la-styps-el-derecho-al-descanso-laboral-con-la-aplicacion-de-la-ley-silla\/\"]}]},{\"@type\":\"ImageObject\",\"inLanguage\":\"es\",\"@id\":\"https:\/\/noticozumel.mx\/1\/refuerza-la-styps-el-derecho-al-descanso-laboral-con-la-aplicacion-de-la-ley-silla\/#primaryimage\",\"url\":\"https:\/\/noticozumel.mx\/1\/wp-content\/uploads\/2026\/01\/Ley-Silla-QRoo-1.jpg\",\"contentUrl\":\"https:\/\/noticozumel.mx\/1\/wp-content\/uploads\/2026\/01\/Ley-Silla-QRoo-1.jpg\",\"width\":1600,\"height\":1200},{\"@type\":\"BreadcrumbList\",\"@id\":\"https:\/\/noticozumel.mx\/1\/refuerza-la-styps-el-derecho-al-descanso-laboral-con-la-aplicacion-de-la-ley-silla\/#breadcrumb\",\"itemListElement\":[{\"@type\":\"ListItem\",\"position\":1,\"name\":\"Portada\",\"item\":\"https:\/\/noticozumel.mx\/1\/\"},{\"@type\":\"ListItem\",\"position\":2,\"name\":\"Refuerza la STyPS el derecho al descanso laboral con la aplicaci\u00f3n de la \u201cLey Silla\u201d\"}]},{\"@type\":\"WebSite\",\"@id\":\"https:\/\/noticozumel.mx\/1\/#website\",\"url\":\"https:\/\/noticozumel.mx\/1\/\",\"name\":\"NotiCozumel\",\"description\":\"Las noticias al alcance de todos\",\"potentialAction\":[{\"@type\":\"SearchAction\",\"target\":{\"@type\":\"EntryPoint\",\"urlTemplate\":\"https:\/\/noticozumel.mx\/1\/?s={search_term_string}\"},\"query-input\":{\"@type\":\"PropertyValueSpecification\",\"valueRequired\":true,\"valueName\":\"search_term_string\"}}],\"inLanguage\":\"es\"},{\"@type\":\"Person\",\"@id\":\"https:\/\/noticozumel.mx\/1\/#\/schema\/person\/a3353279fd7f37e86677893e0510943b\",\"name\":\"Redacci\u00f3n\",\"image\":{\"@type\":\"ImageObject\",\"inLanguage\":\"es\",\"@id\":\"https:\/\/noticozumel.mx\/1\/#\/schema\/person\/image\/\",\"url\":\"https:\/\/secure.gravatar.com\/avatar\/92c1decdbf2b01a0b3a758c19f5bf7b7b7c7ad1ebf1b8f407a69813d9948f6d0?s=96&d=mm&r=g\",\"contentUrl\":\"https:\/\/secure.gravatar.com\/avatar\/92c1decdbf2b01a0b3a758c19f5bf7b7b7c7ad1ebf1b8f407a69813d9948f6d0?s=96&d=mm&r=g\",\"caption\":\"Redacci\u00f3n\"},\"url\":\"https:\/\/noticozumel.mx\/1\/author\/admin\/\"}]}<\/script>\n<!-- \/ Yoast SEO Premium plugin. -->","yoast_head_json":{"title":"Refuerza la STyPS el derecho al descanso laboral con la aplicaci\u00f3n de la \u201cLey Silla\u201d - NotiCozumel","robots":{"index":"index","follow":"follow","max-snippet":"max-snippet:-1","max-image-preview":"max-image-preview:large","max-video-preview":"max-video-preview:-1"},"canonical":"https:\/\/noticozumel.mx\/1\/refuerza-la-styps-el-derecho-al-descanso-laboral-con-la-aplicacion-de-la-ley-silla\/","og_locale":"es_ES","og_type":"article","og_title":"Refuerza la STyPS el derecho al descanso laboral con la aplicaci\u00f3n de la \u201cLey Silla\u201d","og_description":"Chetumal, Quintana Roo, 13 de enero de 2026.- La Secretar\u00eda del Trabajo y Previsi\u00f3n Social (STyPS) del estado, a trav\u00e9s de la Direcci\u00f3n del Trabajo y las \u00e1reas de Inspecciones en la zona sur y norte, dio a conocer los resultados del operativo de vigilancia en materia del derecho al descanso durante la jornada laboral, [&hellip;]","og_url":"https:\/\/noticozumel.mx\/1\/refuerza-la-styps-el-derecho-al-descanso-laboral-con-la-aplicacion-de-la-ley-silla\/","og_site_name":"NotiCozumel","article_published_time":"2026-01-13T22:52:00+00:00","article_modified_time":"2026-01-16T06:02:45+00:00","og_image":[{"width":1600,"height":1200,"url":"https:\/\/noticozumel.mx\/1\/wp-content\/uploads\/2026\/01\/Ley-Silla-QRoo-1.jpg","type":"image\/jpeg"}],"author":"Redacci\u00f3n","twitter_card":"summary_large_image","twitter_misc":{"Escrito por":"Redacci\u00f3n","Tiempo de lectura":"4 minutos"},"schema":{"@context":"https:\/\/schema.org","@graph":[{"@type":"WebPage","@id":"https:\/\/noticozumel.mx\/1\/refuerza-la-styps-el-derecho-al-descanso-laboral-con-la-aplicacion-de-la-ley-silla\/","url":"https:\/\/noticozumel.mx\/1\/refuerza-la-styps-el-derecho-al-descanso-laboral-con-la-aplicacion-de-la-ley-silla\/","name":"Refuerza la STyPS el derecho al descanso laboral con la aplicaci\u00f3n de la \u201cLey Silla\u201d - NotiCozumel","isPartOf":{"@id":"https:\/\/noticozumel.mx\/1\/#website"},"primaryImageOfPage":{"@id":"https:\/\/noticozumel.mx\/1\/refuerza-la-styps-el-derecho-al-descanso-laboral-con-la-aplicacion-de-la-ley-silla\/#primaryimage"},"image":{"@id":"https:\/\/noticozumel.mx\/1\/refuerza-la-styps-el-derecho-al-descanso-laboral-con-la-aplicacion-de-la-ley-silla\/#primaryimage"},"thumbnailUrl":"https:\/\/noticozumel.mx\/1\/wp-content\/uploads\/2026\/01\/Ley-Silla-QRoo-1.jpg","datePublished":"2026-01-13T22:52:00+00:00","dateModified":"2026-01-16T06:02:45+00:00","author":{"@id":"https:\/\/noticozumel.mx\/1\/#\/schema\/person\/a3353279fd7f37e86677893e0510943b"},"breadcrumb":{"@id":"https:\/\/noticozumel.mx\/1\/refuerza-la-styps-el-derecho-al-descanso-laboral-con-la-aplicacion-de-la-ley-silla\/#breadcrumb"},"inLanguage":"es","potentialAction":[{"@type":"ReadAction","target":["https:\/\/noticozumel.mx\/1\/refuerza-la-styps-el-derecho-al-descanso-laboral-con-la-aplicacion-de-la-ley-silla\/"]}]},{"@type":"ImageObject","inLanguage":"es","@id":"https:\/\/noticozumel.mx\/1\/refuerza-la-styps-el-derecho-al-descanso-laboral-con-la-aplicacion-de-la-ley-silla\/#primaryimage","url":"https:\/\/noticozumel.mx\/1\/wp-content\/uploads\/2026\/01\/Ley-Silla-QRoo-1.jpg","contentUrl":"https:\/\/noticozumel.mx\/1\/wp-content\/uploads\/2026\/01\/Ley-Silla-QRoo-1.jpg","width":1600,"height":1200},{"@type":"BreadcrumbList","@id":"https:\/\/noticozumel.mx\/1\/refuerza-la-styps-el-derecho-al-descanso-laboral-con-la-aplicacion-de-la-ley-silla\/#breadcrumb","itemListElement":[{"@type":"ListItem","position":1,"name":"Portada","item":"https:\/\/noticozumel.mx\/1\/"},{"@type":"ListItem","position":2,"name":"Refuerza la STyPS el derecho al descanso laboral con la aplicaci\u00f3n de la \u201cLey Silla\u201d"}]},{"@type":"WebSite","@id":"https:\/\/noticozumel.mx\/1\/#website","url":"https:\/\/noticozumel.mx\/1\/","name":"NotiCozumel","description":"Las noticias al alcance de todos","potentialAction":[{"@type":"SearchAction","target":{"@type":"EntryPoint","urlTemplate":"https:\/\/noticozumel.mx\/1\/?s={search_term_string}"},"query-input":{"@type":"PropertyValueSpecification","valueRequired":true,"valueName":"search_term_string"}}],"inLanguage":"es"},{"@type":"Person","@id":"https:\/\/noticozumel.mx\/1\/#\/schema\/person\/a3353279fd7f37e86677893e0510943b","name":"Redacci\u00f3n","image":{"@type":"ImageObject","inLanguage":"es","@id":"https:\/\/noticozumel.mx\/1\/#\/schema\/person\/image\/","url":"https:\/\/secure.gravatar.com\/avatar\/92c1decdbf2b01a0b3a758c19f5bf7b7b7c7ad1ebf1b8f407a69813d9948f6d0?s=96&d=mm&r=g","contentUrl":"https:\/\/secure.gravatar.com\/avatar\/92c1decdbf2b01a0b3a758c19f5bf7b7b7c7ad1ebf1b8f407a69813d9948f6d0?s=96&d=mm&r=g","caption":"Redacci\u00f3n"},"url":"https:\/\/noticozumel.mx\/1\/author\/admin\/"}]}},"_links":{"self":[{"href":"https:\/\/noticozumel.mx\/1\/wp-json\/wp\/v2\/posts\/5249","targetHints":{"allow":["GET"]}}],"collection":[{"href":"https:\/\/noticozumel.mx\/1\/wp-json\/wp\/v2\/posts"}],"about":[{"href":"https:\/\/noticozumel.mx\/1\/wp-json\/wp\/v2\/types\/post"}],"author":[{"embeddable":true,"href":"https:\/\/noticozumel.mx\/1\/wp-json\/wp\/v2\/users\/1"}],"replies":[{"embeddable":true,"href":"https:\/\/noticozumel.mx\/1\/wp-json\/wp\/v2\/comments?post=5249"}],"version-history":[{"count":1,"href":"https:\/\/noticozumel.mx\/1\/wp-json\/wp\/v2\/posts\/5249\/revisions"}],"predecessor-version":[{"id":5256,"href":"https:\/\/noticozumel.mx\/1\/wp-json\/wp\/v2\/posts\/5249\/revisions\/5256"}],"wp:featuredmedia":[{"embeddable":true,"href":"https:\/\/noticozumel.mx\/1\/wp-json\/wp\/v2\/media\/5255"}],"wp:attachment":[{"href":"https:\/\/noticozumel.mx\/1\/wp-json\/wp\/v2\/media?parent=5249"}],"wp:term":[{"taxonomy":"category","embeddable":true,"href":"https:\/\/noticozumel.mx\/1\/wp-json\/wp\/v2\/categories?post=5249"},{"taxonomy":"post_tag","embeddable":true,"href":"https:\/\/noticozumel.mx\/1\/wp-json\/wp\/v2\/tags?post=5249"}],"curies":[{"name":"wp","href":"https:\/\/api.w.org\/{rel}","templated":true}]}}