{"id":6379,"date":"2026-02-11T18:09:00","date_gmt":"2026-02-11T23:09:00","guid":{"rendered":"https:\/\/noticozumel.mx\/1\/?p=6379"},"modified":"2026-02-12T10:15:17","modified_gmt":"2026-02-12T15:15:17","slug":"regidora-maria-fernanda-vargas-gonzalez-llama-a-reforzar-vacunacion-contra-el-sarampion","status":"publish","type":"post","link":"https:\/\/noticozumel.mx\/1\/regidora-maria-fernanda-vargas-gonzalez-llama-a-reforzar-vacunacion-contra-el-sarampion\/","title":{"rendered":"Regidora Mar\u00eda Fernanda Vargas Gonz\u00e1lez llama a reforzar vacunaci\u00f3n contra el sarampi\u00f3n"},"content":{"rendered":"\n<p>Cozumel, Quintana Roo, 11 de febrero de 2026.\u2014 Ante el incremento de casos de sarampi\u00f3n en M\u00e9xico, la segunda regidora del Ayuntamiento de Cozumel, Mar\u00eda Fernanda Vargas Gonz\u00e1lez, manifest\u00f3 su respaldo a la campa\u00f1a nacional de vacunaci\u00f3n y subray\u00f3 la necesidad de reforzar las acciones preventivas en la isla.<\/p>\n\n\n\n<p>La funcionaria consider\u00f3 que la vacunaci\u00f3n es la herramienta m\u00e1s efectiva para contener la propagaci\u00f3n de un virus altamente contagioso, capaz de transmitirse con facilidad en espacios p\u00fablicos y de poner en riesgo a la poblaci\u00f3n infantil y adulta. En este contexto, el Ayuntamiento de Cozumel, en coordinaci\u00f3n con el gobierno estatal, ha instalado m\u00f3dulos de vacunaci\u00f3n en distintos puntos de la isla, con el objetivo de acercar el servicio a las familias y garantizar que nadie quede sin acceso a las dosis.<\/p>\n\n\n\n<p>La campa\u00f1a busca completar esquemas de inmunizaci\u00f3n, especialmente en ni\u00f1as y ni\u00f1os, quienes representan el grupo m\u00e1s vulnerable. Vargas Gonz\u00e1lez ha insistido en que la prevenci\u00f3n es un acto de responsabilidad social y que la comunidad debe responder con compromiso para evitar complicaciones graves derivadas de esta enfermedad.<\/p>\n\n\n\n<p>Adem\u00e1s de los m\u00f3dulos instalados en colonias y espacios p\u00fablicos, se han habilitado centros de atenci\u00f3n en \u00e1reas de alta afluencia, lo que permite que la poblaci\u00f3n pueda acudir sin mayores dificultades. La estrategia se complementa con la plataforma digital <em>\u00bfD\u00f3nde me vacuno?<\/em>, que facilita la ubicaci\u00f3n de los puntos de aplicaci\u00f3n en todo el pa\u00eds.<\/p>\n\n\n\n<p>La regidora enfatiz\u00f3 que la coordinaci\u00f3n entre autoridades municipales, estatales y federales es clave para que la campa\u00f1a tenga \u00e9xito y logre contener el brote. En su visi\u00f3n, la vacunaci\u00f3n no solo protege a cada individuo, sino que fortalece la salud comunitaria y evita que el virus se expanda en la regi\u00f3n.<\/p>\n\n\n\n<p><\/p>\n","protected":false},"excerpt":{"rendered":"<p>Cozumel, Quintana Roo, 11 de febrero de 2026.\u2014 Ante el incremento de casos de sarampi\u00f3n en M\u00e9xico, la segunda regidora del Ayuntamiento de Cozumel, Mar\u00eda Fernanda Vargas Gonz\u00e1lez, manifest\u00f3 su respaldo a la campa\u00f1a nacional de vacunaci\u00f3n y subray\u00f3 la necesidad de reforzar las acciones preventivas en la isla. La funcionaria consider\u00f3 que la vacunaci\u00f3n [&hellip;]<\/p>\n","protected":false},"author":1,"featured_media":6381,"comment_status":"open","ping_status":"closed","sticky":false,"template":"","format":"standard","meta":{"tdm_status":"","tdm_grid_status":"","footnotes":""},"categories":[1,2,31],"tags":[59,63,61,27,60,23,62,444,443],"class_list":{"0":"post-6379","1":"post","2":"type-post","3":"status-publish","4":"format-standard","5":"has-post-thumbnail","7":"category-cozumel","8":"category-featured","9":"category-salud","10":"tag-cozumel","11":"tag-isla-cozumel","12":"tag-noticias-de-cozumel","13":"tag-noticias-de-quintana-roo","14":"tag-noticozumel","15":"tag-quintana-roo","16":"tag-san-miguel-de-cozumel","17":"tag-sarampion","18":"tag-vacunacion"},"yoast_head":"<!-- This site is optimized with the Yoast SEO Premium plugin v26.2 (Yoast SEO v26.2) - https:\/\/yoast.com\/wordpress\/plugins\/seo\/ -->\n<title>Regidora Mar\u00eda Fernanda Vargas Gonz\u00e1lez llama a reforzar vacunaci\u00f3n contra el sarampi\u00f3n - NotiCozumel<\/title>\n<meta name=\"robots\" content=\"index, follow, max-snippet:-1, max-image-preview:large, max-video-preview:-1\" \/>\n<link rel=\"canonical\" href=\"https:\/\/noticozumel.mx\/1\/regidora-maria-fernanda-vargas-gonzalez-llama-a-reforzar-vacunacion-contra-el-sarampion\/\" \/>\n<meta property=\"og:locale\" content=\"es_ES\" \/>\n<meta property=\"og:type\" content=\"article\" \/>\n<meta property=\"og:title\" content=\"Regidora Mar\u00eda Fernanda Vargas Gonz\u00e1lez llama a reforzar vacunaci\u00f3n contra el sarampi\u00f3n\" \/>\n<meta property=\"og:description\" content=\"Cozumel, Quintana Roo, 11 de febrero de 2026.\u2014 Ante el incremento de casos de sarampi\u00f3n en M\u00e9xico, la segunda regidora del Ayuntamiento de Cozumel, Mar\u00eda Fernanda Vargas Gonz\u00e1lez, manifest\u00f3 su respaldo a la campa\u00f1a nacional de vacunaci\u00f3n y subray\u00f3 la necesidad de reforzar las acciones preventivas en la isla. La funcionaria consider\u00f3 que la vacunaci\u00f3n [&hellip;]\" \/>\n<meta property=\"og:url\" content=\"https:\/\/noticozumel.mx\/1\/regidora-maria-fernanda-vargas-gonzalez-llama-a-reforzar-vacunacion-contra-el-sarampion\/\" \/>\n<meta property=\"og:site_name\" content=\"NotiCozumel\" \/>\n<meta property=\"article:published_time\" content=\"2026-02-11T23:09:00+00:00\" \/>\n<meta property=\"article:modified_time\" content=\"2026-02-12T15:15:17+00:00\" \/>\n<meta property=\"og:image\" content=\"https:\/\/noticozumel.mx\/1\/wp-content\/uploads\/2026\/02\/Marifer-Vargas-vacunacion-1.jpg\" \/>\n\t<meta property=\"og:image:width\" content=\"1440\" \/>\n\t<meta property=\"og:image:height\" content=\"959\" \/>\n\t<meta property=\"og:image:type\" content=\"image\/jpeg\" \/>\n<meta name=\"author\" content=\"Redacci\u00f3n\" \/>\n<meta name=\"twitter:card\" content=\"summary_large_image\" \/>\n<meta name=\"twitter:label1\" content=\"Escrito por\" \/>\n\t<meta name=\"twitter:data1\" content=\"Redacci\u00f3n\" \/>\n\t<meta name=\"twitter:label2\" content=\"Tiempo de lectura\" \/>\n\t<meta name=\"twitter:data2\" content=\"2 minutos\" \/>\n<script type=\"application\/ld+json\" class=\"yoast-schema-graph\">{\"@context\":\"https:\/\/schema.org\",\"@graph\":[{\"@type\":\"WebPage\",\"@id\":\"https:\/\/noticozumel.mx\/1\/regidora-maria-fernanda-vargas-gonzalez-llama-a-reforzar-vacunacion-contra-el-sarampion\/\",\"url\":\"https:\/\/noticozumel.mx\/1\/regidora-maria-fernanda-vargas-gonzalez-llama-a-reforzar-vacunacion-contra-el-sarampion\/\",\"name\":\"Regidora Mar\u00eda Fernanda Vargas Gonz\u00e1lez llama a reforzar vacunaci\u00f3n contra el sarampi\u00f3n - NotiCozumel\",\"isPartOf\":{\"@id\":\"https:\/\/noticozumel.mx\/1\/#website\"},\"primaryImageOfPage\":{\"@id\":\"https:\/\/noticozumel.mx\/1\/regidora-maria-fernanda-vargas-gonzalez-llama-a-reforzar-vacunacion-contra-el-sarampion\/#primaryimage\"},\"image\":{\"@id\":\"https:\/\/noticozumel.mx\/1\/regidora-maria-fernanda-vargas-gonzalez-llama-a-reforzar-vacunacion-contra-el-sarampion\/#primaryimage\"},\"thumbnailUrl\":\"https:\/\/noticozumel.mx\/1\/wp-content\/uploads\/2026\/02\/Marifer-Vargas-vacunacion-1.jpg\",\"datePublished\":\"2026-02-11T23:09:00+00:00\",\"dateModified\":\"2026-02-12T15:15:17+00:00\",\"author\":{\"@id\":\"https:\/\/noticozumel.mx\/1\/#\/schema\/person\/a3353279fd7f37e86677893e0510943b\"},\"breadcrumb\":{\"@id\":\"https:\/\/noticozumel.mx\/1\/regidora-maria-fernanda-vargas-gonzalez-llama-a-reforzar-vacunacion-contra-el-sarampion\/#breadcrumb\"},\"inLanguage\":\"es\",\"potentialAction\":[{\"@type\":\"ReadAction\",\"target\":[\"https:\/\/noticozumel.mx\/1\/regidora-maria-fernanda-vargas-gonzalez-llama-a-reforzar-vacunacion-contra-el-sarampion\/\"]}]},{\"@type\":\"ImageObject\",\"inLanguage\":\"es\",\"@id\":\"https:\/\/noticozumel.mx\/1\/regidora-maria-fernanda-vargas-gonzalez-llama-a-reforzar-vacunacion-contra-el-sarampion\/#primaryimage\",\"url\":\"https:\/\/noticozumel.mx\/1\/wp-content\/uploads\/2026\/02\/Marifer-Vargas-vacunacion-1.jpg\",\"contentUrl\":\"https:\/\/noticozumel.mx\/1\/wp-content\/uploads\/2026\/02\/Marifer-Vargas-vacunacion-1.jpg\",\"width\":1440,\"height\":959},{\"@type\":\"BreadcrumbList\",\"@id\":\"https:\/\/noticozumel.mx\/1\/regidora-maria-fernanda-vargas-gonzalez-llama-a-reforzar-vacunacion-contra-el-sarampion\/#breadcrumb\",\"itemListElement\":[{\"@type\":\"ListItem\",\"position\":1,\"name\":\"Portada\",\"item\":\"https:\/\/noticozumel.mx\/1\/\"},{\"@type\":\"ListItem\",\"position\":2,\"name\":\"Regidora Mar\u00eda Fernanda Vargas Gonz\u00e1lez llama a reforzar vacunaci\u00f3n contra el sarampi\u00f3n\"}]},{\"@type\":\"WebSite\",\"@id\":\"https:\/\/noticozumel.mx\/1\/#website\",\"url\":\"https:\/\/noticozumel.mx\/1\/\",\"name\":\"NotiCozumel\",\"description\":\"Las noticias al alcance de todos\",\"potentialAction\":[{\"@type\":\"SearchAction\",\"target\":{\"@type\":\"EntryPoint\",\"urlTemplate\":\"https:\/\/noticozumel.mx\/1\/?s={search_term_string}\"},\"query-input\":{\"@type\":\"PropertyValueSpecification\",\"valueRequired\":true,\"valueName\":\"search_term_string\"}}],\"inLanguage\":\"es\"},{\"@type\":\"Person\",\"@id\":\"https:\/\/noticozumel.mx\/1\/#\/schema\/person\/a3353279fd7f37e86677893e0510943b\",\"name\":\"Redacci\u00f3n\",\"image\":{\"@type\":\"ImageObject\",\"inLanguage\":\"es\",\"@id\":\"https:\/\/noticozumel.mx\/1\/#\/schema\/person\/image\/\",\"url\":\"https:\/\/secure.gravatar.com\/avatar\/92c1decdbf2b01a0b3a758c19f5bf7b7b7c7ad1ebf1b8f407a69813d9948f6d0?s=96&d=mm&r=g\",\"contentUrl\":\"https:\/\/secure.gravatar.com\/avatar\/92c1decdbf2b01a0b3a758c19f5bf7b7b7c7ad1ebf1b8f407a69813d9948f6d0?s=96&d=mm&r=g\",\"caption\":\"Redacci\u00f3n\"},\"url\":\"https:\/\/noticozumel.mx\/1\/author\/admin\/\"}]}<\/script>\n<!-- \/ Yoast SEO Premium plugin. -->","yoast_head_json":{"title":"Regidora Mar\u00eda Fernanda Vargas Gonz\u00e1lez llama a reforzar vacunaci\u00f3n contra el sarampi\u00f3n - NotiCozumel","robots":{"index":"index","follow":"follow","max-snippet":"max-snippet:-1","max-image-preview":"max-image-preview:large","max-video-preview":"max-video-preview:-1"},"canonical":"https:\/\/noticozumel.mx\/1\/regidora-maria-fernanda-vargas-gonzalez-llama-a-reforzar-vacunacion-contra-el-sarampion\/","og_locale":"es_ES","og_type":"article","og_title":"Regidora Mar\u00eda Fernanda Vargas Gonz\u00e1lez llama a reforzar vacunaci\u00f3n contra el sarampi\u00f3n","og_description":"Cozumel, Quintana Roo, 11 de febrero de 2026.\u2014 Ante el incremento de casos de sarampi\u00f3n en M\u00e9xico, la segunda regidora del Ayuntamiento de Cozumel, Mar\u00eda Fernanda Vargas Gonz\u00e1lez, manifest\u00f3 su respaldo a la campa\u00f1a nacional de vacunaci\u00f3n y subray\u00f3 la necesidad de reforzar las acciones preventivas en la isla. La funcionaria consider\u00f3 que la vacunaci\u00f3n [&hellip;]","og_url":"https:\/\/noticozumel.mx\/1\/regidora-maria-fernanda-vargas-gonzalez-llama-a-reforzar-vacunacion-contra-el-sarampion\/","og_site_name":"NotiCozumel","article_published_time":"2026-02-11T23:09:00+00:00","article_modified_time":"2026-02-12T15:15:17+00:00","og_image":[{"width":1440,"height":959,"url":"https:\/\/noticozumel.mx\/1\/wp-content\/uploads\/2026\/02\/Marifer-Vargas-vacunacion-1.jpg","type":"image\/jpeg"}],"author":"Redacci\u00f3n","twitter_card":"summary_large_image","twitter_misc":{"Escrito por":"Redacci\u00f3n","Tiempo de lectura":"2 minutos"},"schema":{"@context":"https:\/\/schema.org","@graph":[{"@type":"WebPage","@id":"https:\/\/noticozumel.mx\/1\/regidora-maria-fernanda-vargas-gonzalez-llama-a-reforzar-vacunacion-contra-el-sarampion\/","url":"https:\/\/noticozumel.mx\/1\/regidora-maria-fernanda-vargas-gonzalez-llama-a-reforzar-vacunacion-contra-el-sarampion\/","name":"Regidora Mar\u00eda Fernanda Vargas Gonz\u00e1lez llama a reforzar vacunaci\u00f3n contra el sarampi\u00f3n - NotiCozumel","isPartOf":{"@id":"https:\/\/noticozumel.mx\/1\/#website"},"primaryImageOfPage":{"@id":"https:\/\/noticozumel.mx\/1\/regidora-maria-fernanda-vargas-gonzalez-llama-a-reforzar-vacunacion-contra-el-sarampion\/#primaryimage"},"image":{"@id":"https:\/\/noticozumel.mx\/1\/regidora-maria-fernanda-vargas-gonzalez-llama-a-reforzar-vacunacion-contra-el-sarampion\/#primaryimage"},"thumbnailUrl":"https:\/\/noticozumel.mx\/1\/wp-content\/uploads\/2026\/02\/Marifer-Vargas-vacunacion-1.jpg","datePublished":"2026-02-11T23:09:00+00:00","dateModified":"2026-02-12T15:15:17+00:00","author":{"@id":"https:\/\/noticozumel.mx\/1\/#\/schema\/person\/a3353279fd7f37e86677893e0510943b"},"breadcrumb":{"@id":"https:\/\/noticozumel.mx\/1\/regidora-maria-fernanda-vargas-gonzalez-llama-a-reforzar-vacunacion-contra-el-sarampion\/#breadcrumb"},"inLanguage":"es","potentialAction":[{"@type":"ReadAction","target":["https:\/\/noticozumel.mx\/1\/regidora-maria-fernanda-vargas-gonzalez-llama-a-reforzar-vacunacion-contra-el-sarampion\/"]}]},{"@type":"ImageObject","inLanguage":"es","@id":"https:\/\/noticozumel.mx\/1\/regidora-maria-fernanda-vargas-gonzalez-llama-a-reforzar-vacunacion-contra-el-sarampion\/#primaryimage","url":"https:\/\/noticozumel.mx\/1\/wp-content\/uploads\/2026\/02\/Marifer-Vargas-vacunacion-1.jpg","contentUrl":"https:\/\/noticozumel.mx\/1\/wp-content\/uploads\/2026\/02\/Marifer-Vargas-vacunacion-1.jpg","width":1440,"height":959},{"@type":"BreadcrumbList","@id":"https:\/\/noticozumel.mx\/1\/regidora-maria-fernanda-vargas-gonzalez-llama-a-reforzar-vacunacion-contra-el-sarampion\/#breadcrumb","itemListElement":[{"@type":"ListItem","position":1,"name":"Portada","item":"https:\/\/noticozumel.mx\/1\/"},{"@type":"ListItem","position":2,"name":"Regidora Mar\u00eda Fernanda Vargas Gonz\u00e1lez llama a reforzar vacunaci\u00f3n contra el sarampi\u00f3n"}]},{"@type":"WebSite","@id":"https:\/\/noticozumel.mx\/1\/#website","url":"https:\/\/noticozumel.mx\/1\/","name":"NotiCozumel","description":"Las noticias al alcance de todos","potentialAction":[{"@type":"SearchAction","target":{"@type":"EntryPoint","urlTemplate":"https:\/\/noticozumel.mx\/1\/?s={search_term_string}"},"query-input":{"@type":"PropertyValueSpecification","valueRequired":true,"valueName":"search_term_string"}}],"inLanguage":"es"},{"@type":"Person","@id":"https:\/\/noticozumel.mx\/1\/#\/schema\/person\/a3353279fd7f37e86677893e0510943b","name":"Redacci\u00f3n","image":{"@type":"ImageObject","inLanguage":"es","@id":"https:\/\/noticozumel.mx\/1\/#\/schema\/person\/image\/","url":"https:\/\/secure.gravatar.com\/avatar\/92c1decdbf2b01a0b3a758c19f5bf7b7b7c7ad1ebf1b8f407a69813d9948f6d0?s=96&d=mm&r=g","contentUrl":"https:\/\/secure.gravatar.com\/avatar\/92c1decdbf2b01a0b3a758c19f5bf7b7b7c7ad1ebf1b8f407a69813d9948f6d0?s=96&d=mm&r=g","caption":"Redacci\u00f3n"},"url":"https:\/\/noticozumel.mx\/1\/author\/admin\/"}]}},"_links":{"self":[{"href":"https:\/\/noticozumel.mx\/1\/wp-json\/wp\/v2\/posts\/6379","targetHints":{"allow":["GET"]}}],"collection":[{"href":"https:\/\/noticozumel.mx\/1\/wp-json\/wp\/v2\/posts"}],"about":[{"href":"https:\/\/noticozumel.mx\/1\/wp-json\/wp\/v2\/types\/post"}],"author":[{"embeddable":true,"href":"https:\/\/noticozumel.mx\/1\/wp-json\/wp\/v2\/users\/1"}],"replies":[{"embeddable":true,"href":"https:\/\/noticozumel.mx\/1\/wp-json\/wp\/v2\/comments?post=6379"}],"version-history":[{"count":1,"href":"https:\/\/noticozumel.mx\/1\/wp-json\/wp\/v2\/posts\/6379\/revisions"}],"predecessor-version":[{"id":6382,"href":"https:\/\/noticozumel.mx\/1\/wp-json\/wp\/v2\/posts\/6379\/revisions\/6382"}],"wp:featuredmedia":[{"embeddable":true,"href":"https:\/\/noticozumel.mx\/1\/wp-json\/wp\/v2\/media\/6381"}],"wp:attachment":[{"href":"https:\/\/noticozumel.mx\/1\/wp-json\/wp\/v2\/media?parent=6379"}],"wp:term":[{"taxonomy":"category","embeddable":true,"href":"https:\/\/noticozumel.mx\/1\/wp-json\/wp\/v2\/categories?post=6379"},{"taxonomy":"post_tag","embeddable":true,"href":"https:\/\/noticozumel.mx\/1\/wp-json\/wp\/v2\/tags?post=6379"}],"curies":[{"name":"wp","href":"https:\/\/api.w.org\/{rel}","templated":true}]}}