{"id":7210,"date":"2026-03-02T21:01:00","date_gmt":"2026-03-03T02:01:00","guid":{"rendered":"https:\/\/noticozumel.mx\/1\/?p=7210"},"modified":"2026-03-04T03:05:31","modified_gmt":"2026-03-04T08:05:31","slug":"fortalece-ana-paty-peralta-emprendimiento-de-las-mujeres-con-acompanamiento-de-prodecon","status":"publish","type":"post","link":"https:\/\/noticozumel.mx\/1\/fortalece-ana-paty-peralta-emprendimiento-de-las-mujeres-con-acompanamiento-de-prodecon\/","title":{"rendered":"Fortalece Ana Paty Peralta emprendimiento de las mujeres con acompa\u00f1amiento de PRODECON"},"content":{"rendered":"\n<p>Canc\u00fan, Quintana Roo, 2 de marzo de 2026.- La Presidenta Municipal, Ana Paty Peralta, firm\u00f3 un convenio entre el Instituto Municipal de la Mujer (IMM) y la Procuradur\u00eda de la Defensa del Contribuyente (PRODECON), con el objetivo de que las mujeres emprendedoras que integran el programa \u201cEllas Facturan\u201d tengan todas las herramientas para emprender, llevar su negocio a otro nivel de \u00e9xito; as\u00ed como tener el acompa\u00f1amiento, informaci\u00f3n y capacitaci\u00f3n necesaria.<\/p>\n\n\n\n<p>\u201cEstamos llevando a cabo la firma de un convenio muy importante para la protecci\u00f3n de todas las mujeres emprendedoras a trav\u00e9s de PRODECON y el IMM, tambi\u00e9n con el acompa\u00f1amiento de Derechos Humanos\u201d, asegur\u00f3 la Alcaldesa, despu\u00e9s de llevar a cabo la r\u00fabrica junto al delegado coordinador del sureste de la instituci\u00f3n federal, Wilfrido Luliel Lomel\u00ed L\u00f3pez y la directora general del IMM, Miroslava Andrea Reguera Mart\u00ednez.<\/p>\n\n\n\n<figure class=\"wp-block-image size-large\"><img loading=\"lazy\" decoding=\"async\" width=\"1024\" height=\"682\" src=\"https:\/\/noticozumel.mx\/1\/wp-content\/uploads\/2026\/03\/Fortalece-Ana-Paty-emprendiemiento-de-mujeres-3-1024x682.jpg\" alt=\"\" class=\"wp-image-7212\" srcset=\"https:\/\/noticozumel.mx\/1\/wp-content\/uploads\/2026\/03\/Fortalece-Ana-Paty-emprendiemiento-de-mujeres-3-1024x682.jpg 1024w, https:\/\/noticozumel.mx\/1\/wp-content\/uploads\/2026\/03\/Fortalece-Ana-Paty-emprendiemiento-de-mujeres-3-300x200.jpg 300w, https:\/\/noticozumel.mx\/1\/wp-content\/uploads\/2026\/03\/Fortalece-Ana-Paty-emprendiemiento-de-mujeres-3-768x512.jpg 768w, https:\/\/noticozumel.mx\/1\/wp-content\/uploads\/2026\/03\/Fortalece-Ana-Paty-emprendiemiento-de-mujeres-3-630x420.jpg 630w, https:\/\/noticozumel.mx\/1\/wp-content\/uploads\/2026\/03\/Fortalece-Ana-Paty-emprendiemiento-de-mujeres-3-150x100.jpg 150w, https:\/\/noticozumel.mx\/1\/wp-content\/uploads\/2026\/03\/Fortalece-Ana-Paty-emprendiemiento-de-mujeres-3-696x464.jpg 696w, https:\/\/noticozumel.mx\/1\/wp-content\/uploads\/2026\/03\/Fortalece-Ana-Paty-emprendiemiento-de-mujeres-3-1068x712.jpg 1068w, https:\/\/noticozumel.mx\/1\/wp-content\/uploads\/2026\/03\/Fortalece-Ana-Paty-emprendiemiento-de-mujeres-3.jpg 1280w\" sizes=\"auto, (max-width: 1024px) 100vw, 1024px\" \/><\/figure>\n\n\n\n<p>En el evento, Ana Paty Peralta inform\u00f3 que Benito Ju\u00e1rez es el primer municipio en hacer campa\u00f1a de difusi\u00f3n con esta dependencia a nivel nacional, con el fin de que las mujeres est\u00e9n acompa\u00f1adas siempre y aprendan c\u00f3mo llevar a cabo todo su proceso de las declaraciones ante la autoridad fiscal y realizar de manera correcta su facturaci\u00f3n.<\/p>\n\n\n\n<p>\u201cEs bien importante mantenerse informados y sobre todo bien asesorados y cualquier situaci\u00f3n, cualquier duda, cualquier reclamaci\u00f3n, ah\u00ed est\u00e1 la PRODECON para atender a todos los contribuyentes\u201d, dijo la Presidenta Municipal.<\/p>\n\n\n\n<p>Por su parte, el delegado coordinador del Sureste de PRODECON se\u00f1al\u00f3 que van a guiar a las mujeres paso a paso en la entrega de sus documentos en su proceso de declaraciones fiscales, \u201cque se sientan de verdad acompa\u00f1ados, que no les d\u00e9 miedo y que puedan saber que si est\u00e1n ya en esta condici\u00f3n de emprender, que ya es un gran desaf\u00edo, que puedan sentirse totalmente respaldados por su gobierno\u201d, asever\u00f3.<\/p>\n\n\n\n<figure class=\"wp-block-image size-large\"><img loading=\"lazy\" decoding=\"async\" width=\"1024\" height=\"689\" src=\"https:\/\/noticozumel.mx\/1\/wp-content\/uploads\/2026\/03\/Fortalece-Ana-Paty-emprendiemiento-de-mujeres-2-1024x689.jpg\" alt=\"\" class=\"wp-image-7211\" srcset=\"https:\/\/noticozumel.mx\/1\/wp-content\/uploads\/2026\/03\/Fortalece-Ana-Paty-emprendiemiento-de-mujeres-2-1024x689.jpg 1024w, https:\/\/noticozumel.mx\/1\/wp-content\/uploads\/2026\/03\/Fortalece-Ana-Paty-emprendiemiento-de-mujeres-2-300x202.jpg 300w, https:\/\/noticozumel.mx\/1\/wp-content\/uploads\/2026\/03\/Fortalece-Ana-Paty-emprendiemiento-de-mujeres-2-768x516.jpg 768w, https:\/\/noticozumel.mx\/1\/wp-content\/uploads\/2026\/03\/Fortalece-Ana-Paty-emprendiemiento-de-mujeres-2-1536x1033.jpg 1536w, https:\/\/noticozumel.mx\/1\/wp-content\/uploads\/2026\/03\/Fortalece-Ana-Paty-emprendiemiento-de-mujeres-2-625x420.jpg 625w, https:\/\/noticozumel.mx\/1\/wp-content\/uploads\/2026\/03\/Fortalece-Ana-Paty-emprendiemiento-de-mujeres-2-150x101.jpg 150w, https:\/\/noticozumel.mx\/1\/wp-content\/uploads\/2026\/03\/Fortalece-Ana-Paty-emprendiemiento-de-mujeres-2-696x468.jpg 696w, https:\/\/noticozumel.mx\/1\/wp-content\/uploads\/2026\/03\/Fortalece-Ana-Paty-emprendiemiento-de-mujeres-2-1068x718.jpg 1068w, https:\/\/noticozumel.mx\/1\/wp-content\/uploads\/2026\/03\/Fortalece-Ana-Paty-emprendiemiento-de-mujeres-2.jpg 1600w\" sizes=\"auto, (max-width: 1024px) 100vw, 1024px\" \/><\/figure>\n\n\n\n<p>Cabe destacar que con este convenio se promueve la asesor\u00eda fiscal con orientaci\u00f3n y acompa\u00f1amiento en temas relacionados con el Servicio de Administraci\u00f3n Tributaria (SAT), Instituto Mexicano del Seguro Social (IMSS), el Instituto del Fondo Nacional de la Vivienda para los Trabajadores (INFONAVIT), Comisi\u00f3n Nacional del Agua (CONAGUA), Agencia Nacional de Aduana de M\u00e9xico (ANAM) y otras contribuciones federales y coordinadas.<\/p>\n\n\n\n<p>Finalmente, se inform\u00f3 que hay dos maneras para localizar PRODECON: una en sus oficinas que est\u00e1n ubicadas en Plaza Hollywood, en un horario de 09:00 a 18:00 horas, sin cita, de manera gratuita; y la segunda a trav\u00e9s de la Direcci\u00f3n de Atenci\u00f3n Ciudadana por ChatCun al tel\u00e9fono 998 778 4500 en la que se puede solicitar ser diseccionados a dependencia.<\/p>\n","protected":false},"excerpt":{"rendered":"<p>Canc\u00fan, Quintana Roo, 2 de marzo de 2026.- La Presidenta Municipal, Ana Paty Peralta, firm\u00f3 un convenio entre el Instituto Municipal de la Mujer (IMM) y la Procuradur\u00eda de la Defensa del Contribuyente (PRODECON), con el objetivo de que las mujeres emprendedoras que integran el programa \u201cEllas Facturan\u201d tengan todas las herramientas para emprender, llevar [&hellip;]<\/p>\n","protected":false},"author":1,"featured_media":7213,"comment_status":"open","ping_status":"closed","sticky":false,"template":"","format":"standard","meta":{"tdm_status":"","tdm_grid_status":"","footnotes":""},"categories":[47,2],"tags":[89,88,22,21,26,27,60,23],"class_list":{"0":"post-7210","1":"post","2":"type-post","3":"status-publish","4":"format-standard","5":"has-post-thumbnail","7":"category-benito-juarez","8":"category-featured","9":"tag-ana-patricia-peralta","10":"tag-ana-paty-peralta","11":"tag-benito-juarez","12":"tag-cancun","13":"tag-noticias-de-cancun","14":"tag-noticias-de-quintana-roo","15":"tag-noticozumel","16":"tag-quintana-roo"},"yoast_head":"<!-- This site is optimized with the Yoast SEO Premium plugin v26.2 (Yoast SEO v26.2) - https:\/\/yoast.com\/wordpress\/plugins\/seo\/ -->\n<title>Fortalece Ana Paty Peralta emprendimiento de las mujeres con acompa\u00f1amiento de PRODECON - NotiCozumel<\/title>\n<meta name=\"robots\" content=\"index, follow, max-snippet:-1, max-image-preview:large, max-video-preview:-1\" \/>\n<link rel=\"canonical\" href=\"https:\/\/noticozumel.mx\/1\/fortalece-ana-paty-peralta-emprendimiento-de-las-mujeres-con-acompanamiento-de-prodecon\/\" \/>\n<meta property=\"og:locale\" content=\"es_ES\" \/>\n<meta property=\"og:type\" content=\"article\" \/>\n<meta property=\"og:title\" content=\"Fortalece Ana Paty Peralta emprendimiento de las mujeres con acompa\u00f1amiento de PRODECON\" \/>\n<meta property=\"og:description\" content=\"Canc\u00fan, Quintana Roo, 2 de marzo de 2026.- La Presidenta Municipal, Ana Paty Peralta, firm\u00f3 un convenio entre el Instituto Municipal de la Mujer (IMM) y la Procuradur\u00eda de la Defensa del Contribuyente (PRODECON), con el objetivo de que las mujeres emprendedoras que integran el programa \u201cEllas Facturan\u201d tengan todas las herramientas para emprender, llevar [&hellip;]\" \/>\n<meta property=\"og:url\" content=\"https:\/\/noticozumel.mx\/1\/fortalece-ana-paty-peralta-emprendimiento-de-las-mujeres-con-acompanamiento-de-prodecon\/\" \/>\n<meta property=\"og:site_name\" content=\"NotiCozumel\" \/>\n<meta property=\"article:published_time\" content=\"2026-03-03T02:01:00+00:00\" \/>\n<meta property=\"article:modified_time\" content=\"2026-03-04T08:05:31+00:00\" \/>\n<meta property=\"og:image\" content=\"https:\/\/noticozumel.mx\/1\/wp-content\/uploads\/2026\/03\/Fortalece-Ana-Paty-emprendiemiento-de-mujeres-1.jpg\" \/>\n\t<meta property=\"og:image:width\" content=\"1280\" \/>\n\t<meta property=\"og:image:height\" content=\"1093\" \/>\n\t<meta property=\"og:image:type\" content=\"image\/jpeg\" \/>\n<meta name=\"author\" content=\"Redacci\u00f3n\" \/>\n<meta name=\"twitter:card\" content=\"summary_large_image\" \/>\n<meta name=\"twitter:label1\" content=\"Escrito por\" \/>\n\t<meta name=\"twitter:data1\" content=\"Redacci\u00f3n\" \/>\n\t<meta name=\"twitter:label2\" content=\"Tiempo de lectura\" \/>\n\t<meta name=\"twitter:data2\" content=\"3 minutos\" \/>\n<script type=\"application\/ld+json\" class=\"yoast-schema-graph\">{\"@context\":\"https:\/\/schema.org\",\"@graph\":[{\"@type\":\"WebPage\",\"@id\":\"https:\/\/noticozumel.mx\/1\/fortalece-ana-paty-peralta-emprendimiento-de-las-mujeres-con-acompanamiento-de-prodecon\/\",\"url\":\"https:\/\/noticozumel.mx\/1\/fortalece-ana-paty-peralta-emprendimiento-de-las-mujeres-con-acompanamiento-de-prodecon\/\",\"name\":\"Fortalece Ana Paty Peralta emprendimiento de las mujeres con acompa\u00f1amiento de PRODECON - NotiCozumel\",\"isPartOf\":{\"@id\":\"https:\/\/noticozumel.mx\/1\/#website\"},\"primaryImageOfPage\":{\"@id\":\"https:\/\/noticozumel.mx\/1\/fortalece-ana-paty-peralta-emprendimiento-de-las-mujeres-con-acompanamiento-de-prodecon\/#primaryimage\"},\"image\":{\"@id\":\"https:\/\/noticozumel.mx\/1\/fortalece-ana-paty-peralta-emprendimiento-de-las-mujeres-con-acompanamiento-de-prodecon\/#primaryimage\"},\"thumbnailUrl\":\"https:\/\/noticozumel.mx\/1\/wp-content\/uploads\/2026\/03\/Fortalece-Ana-Paty-emprendiemiento-de-mujeres-1.jpg\",\"datePublished\":\"2026-03-03T02:01:00+00:00\",\"dateModified\":\"2026-03-04T08:05:31+00:00\",\"author\":{\"@id\":\"https:\/\/noticozumel.mx\/1\/#\/schema\/person\/a3353279fd7f37e86677893e0510943b\"},\"breadcrumb\":{\"@id\":\"https:\/\/noticozumel.mx\/1\/fortalece-ana-paty-peralta-emprendimiento-de-las-mujeres-con-acompanamiento-de-prodecon\/#breadcrumb\"},\"inLanguage\":\"es\",\"potentialAction\":[{\"@type\":\"ReadAction\",\"target\":[\"https:\/\/noticozumel.mx\/1\/fortalece-ana-paty-peralta-emprendimiento-de-las-mujeres-con-acompanamiento-de-prodecon\/\"]}]},{\"@type\":\"ImageObject\",\"inLanguage\":\"es\",\"@id\":\"https:\/\/noticozumel.mx\/1\/fortalece-ana-paty-peralta-emprendimiento-de-las-mujeres-con-acompanamiento-de-prodecon\/#primaryimage\",\"url\":\"https:\/\/noticozumel.mx\/1\/wp-content\/uploads\/2026\/03\/Fortalece-Ana-Paty-emprendiemiento-de-mujeres-1.jpg\",\"contentUrl\":\"https:\/\/noticozumel.mx\/1\/wp-content\/uploads\/2026\/03\/Fortalece-Ana-Paty-emprendiemiento-de-mujeres-1.jpg\",\"width\":1280,\"height\":1093},{\"@type\":\"BreadcrumbList\",\"@id\":\"https:\/\/noticozumel.mx\/1\/fortalece-ana-paty-peralta-emprendimiento-de-las-mujeres-con-acompanamiento-de-prodecon\/#breadcrumb\",\"itemListElement\":[{\"@type\":\"ListItem\",\"position\":1,\"name\":\"Portada\",\"item\":\"https:\/\/noticozumel.mx\/1\/\"},{\"@type\":\"ListItem\",\"position\":2,\"name\":\"Fortalece Ana Paty Peralta emprendimiento de las mujeres con acompa\u00f1amiento de PRODECON\"}]},{\"@type\":\"WebSite\",\"@id\":\"https:\/\/noticozumel.mx\/1\/#website\",\"url\":\"https:\/\/noticozumel.mx\/1\/\",\"name\":\"NotiCozumel\",\"description\":\"Las noticias al alcance de todos\",\"potentialAction\":[{\"@type\":\"SearchAction\",\"target\":{\"@type\":\"EntryPoint\",\"urlTemplate\":\"https:\/\/noticozumel.mx\/1\/?s={search_term_string}\"},\"query-input\":{\"@type\":\"PropertyValueSpecification\",\"valueRequired\":true,\"valueName\":\"search_term_string\"}}],\"inLanguage\":\"es\"},{\"@type\":\"Person\",\"@id\":\"https:\/\/noticozumel.mx\/1\/#\/schema\/person\/a3353279fd7f37e86677893e0510943b\",\"name\":\"Redacci\u00f3n\",\"image\":{\"@type\":\"ImageObject\",\"inLanguage\":\"es\",\"@id\":\"https:\/\/noticozumel.mx\/1\/#\/schema\/person\/image\/\",\"url\":\"https:\/\/secure.gravatar.com\/avatar\/92c1decdbf2b01a0b3a758c19f5bf7b7b7c7ad1ebf1b8f407a69813d9948f6d0?s=96&d=mm&r=g\",\"contentUrl\":\"https:\/\/secure.gravatar.com\/avatar\/92c1decdbf2b01a0b3a758c19f5bf7b7b7c7ad1ebf1b8f407a69813d9948f6d0?s=96&d=mm&r=g\",\"caption\":\"Redacci\u00f3n\"},\"url\":\"https:\/\/noticozumel.mx\/1\/author\/admin\/\"}]}<\/script>\n<!-- \/ Yoast SEO Premium plugin. -->","yoast_head_json":{"title":"Fortalece Ana Paty Peralta emprendimiento de las mujeres con acompa\u00f1amiento de PRODECON - NotiCozumel","robots":{"index":"index","follow":"follow","max-snippet":"max-snippet:-1","max-image-preview":"max-image-preview:large","max-video-preview":"max-video-preview:-1"},"canonical":"https:\/\/noticozumel.mx\/1\/fortalece-ana-paty-peralta-emprendimiento-de-las-mujeres-con-acompanamiento-de-prodecon\/","og_locale":"es_ES","og_type":"article","og_title":"Fortalece Ana Paty Peralta emprendimiento de las mujeres con acompa\u00f1amiento de PRODECON","og_description":"Canc\u00fan, Quintana Roo, 2 de marzo de 2026.- La Presidenta Municipal, Ana Paty Peralta, firm\u00f3 un convenio entre el Instituto Municipal de la Mujer (IMM) y la Procuradur\u00eda de la Defensa del Contribuyente (PRODECON), con el objetivo de que las mujeres emprendedoras que integran el programa \u201cEllas Facturan\u201d tengan todas las herramientas para emprender, llevar [&hellip;]","og_url":"https:\/\/noticozumel.mx\/1\/fortalece-ana-paty-peralta-emprendimiento-de-las-mujeres-con-acompanamiento-de-prodecon\/","og_site_name":"NotiCozumel","article_published_time":"2026-03-03T02:01:00+00:00","article_modified_time":"2026-03-04T08:05:31+00:00","og_image":[{"width":1280,"height":1093,"url":"https:\/\/noticozumel.mx\/1\/wp-content\/uploads\/2026\/03\/Fortalece-Ana-Paty-emprendiemiento-de-mujeres-1.jpg","type":"image\/jpeg"}],"author":"Redacci\u00f3n","twitter_card":"summary_large_image","twitter_misc":{"Escrito por":"Redacci\u00f3n","Tiempo de lectura":"3 minutos"},"schema":{"@context":"https:\/\/schema.org","@graph":[{"@type":"WebPage","@id":"https:\/\/noticozumel.mx\/1\/fortalece-ana-paty-peralta-emprendimiento-de-las-mujeres-con-acompanamiento-de-prodecon\/","url":"https:\/\/noticozumel.mx\/1\/fortalece-ana-paty-peralta-emprendimiento-de-las-mujeres-con-acompanamiento-de-prodecon\/","name":"Fortalece Ana Paty Peralta emprendimiento de las mujeres con acompa\u00f1amiento de PRODECON - NotiCozumel","isPartOf":{"@id":"https:\/\/noticozumel.mx\/1\/#website"},"primaryImageOfPage":{"@id":"https:\/\/noticozumel.mx\/1\/fortalece-ana-paty-peralta-emprendimiento-de-las-mujeres-con-acompanamiento-de-prodecon\/#primaryimage"},"image":{"@id":"https:\/\/noticozumel.mx\/1\/fortalece-ana-paty-peralta-emprendimiento-de-las-mujeres-con-acompanamiento-de-prodecon\/#primaryimage"},"thumbnailUrl":"https:\/\/noticozumel.mx\/1\/wp-content\/uploads\/2026\/03\/Fortalece-Ana-Paty-emprendiemiento-de-mujeres-1.jpg","datePublished":"2026-03-03T02:01:00+00:00","dateModified":"2026-03-04T08:05:31+00:00","author":{"@id":"https:\/\/noticozumel.mx\/1\/#\/schema\/person\/a3353279fd7f37e86677893e0510943b"},"breadcrumb":{"@id":"https:\/\/noticozumel.mx\/1\/fortalece-ana-paty-peralta-emprendimiento-de-las-mujeres-con-acompanamiento-de-prodecon\/#breadcrumb"},"inLanguage":"es","potentialAction":[{"@type":"ReadAction","target":["https:\/\/noticozumel.mx\/1\/fortalece-ana-paty-peralta-emprendimiento-de-las-mujeres-con-acompanamiento-de-prodecon\/"]}]},{"@type":"ImageObject","inLanguage":"es","@id":"https:\/\/noticozumel.mx\/1\/fortalece-ana-paty-peralta-emprendimiento-de-las-mujeres-con-acompanamiento-de-prodecon\/#primaryimage","url":"https:\/\/noticozumel.mx\/1\/wp-content\/uploads\/2026\/03\/Fortalece-Ana-Paty-emprendiemiento-de-mujeres-1.jpg","contentUrl":"https:\/\/noticozumel.mx\/1\/wp-content\/uploads\/2026\/03\/Fortalece-Ana-Paty-emprendiemiento-de-mujeres-1.jpg","width":1280,"height":1093},{"@type":"BreadcrumbList","@id":"https:\/\/noticozumel.mx\/1\/fortalece-ana-paty-peralta-emprendimiento-de-las-mujeres-con-acompanamiento-de-prodecon\/#breadcrumb","itemListElement":[{"@type":"ListItem","position":1,"name":"Portada","item":"https:\/\/noticozumel.mx\/1\/"},{"@type":"ListItem","position":2,"name":"Fortalece Ana Paty Peralta emprendimiento de las mujeres con acompa\u00f1amiento de PRODECON"}]},{"@type":"WebSite","@id":"https:\/\/noticozumel.mx\/1\/#website","url":"https:\/\/noticozumel.mx\/1\/","name":"NotiCozumel","description":"Las noticias al alcance de todos","potentialAction":[{"@type":"SearchAction","target":{"@type":"EntryPoint","urlTemplate":"https:\/\/noticozumel.mx\/1\/?s={search_term_string}"},"query-input":{"@type":"PropertyValueSpecification","valueRequired":true,"valueName":"search_term_string"}}],"inLanguage":"es"},{"@type":"Person","@id":"https:\/\/noticozumel.mx\/1\/#\/schema\/person\/a3353279fd7f37e86677893e0510943b","name":"Redacci\u00f3n","image":{"@type":"ImageObject","inLanguage":"es","@id":"https:\/\/noticozumel.mx\/1\/#\/schema\/person\/image\/","url":"https:\/\/secure.gravatar.com\/avatar\/92c1decdbf2b01a0b3a758c19f5bf7b7b7c7ad1ebf1b8f407a69813d9948f6d0?s=96&d=mm&r=g","contentUrl":"https:\/\/secure.gravatar.com\/avatar\/92c1decdbf2b01a0b3a758c19f5bf7b7b7c7ad1ebf1b8f407a69813d9948f6d0?s=96&d=mm&r=g","caption":"Redacci\u00f3n"},"url":"https:\/\/noticozumel.mx\/1\/author\/admin\/"}]}},"_links":{"self":[{"href":"https:\/\/noticozumel.mx\/1\/wp-json\/wp\/v2\/posts\/7210","targetHints":{"allow":["GET"]}}],"collection":[{"href":"https:\/\/noticozumel.mx\/1\/wp-json\/wp\/v2\/posts"}],"about":[{"href":"https:\/\/noticozumel.mx\/1\/wp-json\/wp\/v2\/types\/post"}],"author":[{"embeddable":true,"href":"https:\/\/noticozumel.mx\/1\/wp-json\/wp\/v2\/users\/1"}],"replies":[{"embeddable":true,"href":"https:\/\/noticozumel.mx\/1\/wp-json\/wp\/v2\/comments?post=7210"}],"version-history":[{"count":1,"href":"https:\/\/noticozumel.mx\/1\/wp-json\/wp\/v2\/posts\/7210\/revisions"}],"predecessor-version":[{"id":7214,"href":"https:\/\/noticozumel.mx\/1\/wp-json\/wp\/v2\/posts\/7210\/revisions\/7214"}],"wp:featuredmedia":[{"embeddable":true,"href":"https:\/\/noticozumel.mx\/1\/wp-json\/wp\/v2\/media\/7213"}],"wp:attachment":[{"href":"https:\/\/noticozumel.mx\/1\/wp-json\/wp\/v2\/media?parent=7210"}],"wp:term":[{"taxonomy":"category","embeddable":true,"href":"https:\/\/noticozumel.mx\/1\/wp-json\/wp\/v2\/categories?post=7210"},{"taxonomy":"post_tag","embeddable":true,"href":"https:\/\/noticozumel.mx\/1\/wp-json\/wp\/v2\/tags?post=7210"}],"curies":[{"name":"wp","href":"https:\/\/api.w.org\/{rel}","templated":true}]}}