{"id":7231,"date":"2026-03-04T09:17:00","date_gmt":"2026-03-04T14:17:00","guid":{"rendered":"https:\/\/noticozumel.mx\/1\/?p=7231"},"modified":"2026-03-04T12:04:32","modified_gmt":"2026-03-04T17:04:32","slug":"expresso-la-iniciativa-de-la-propia-imagen-de-majo-osorio","status":"publish","type":"post","link":"https:\/\/noticozumel.mx\/1\/expresso-la-iniciativa-de-la-propia-imagen-de-majo-osorio\/","title":{"rendered":"Expresso | La iniciativa de la \u201cpropia imagen\u201d de Majo Osorio"},"content":{"rendered":"\n<p>Por V\u00edctor Hern\u00e1ndez Luna<\/p>\n\n\n\n<p>La diputada local de Quintana Roo, Majo Osorio, ha presentado una iniciativa para reformar el C\u00f3digo Civil con el fin de proteger el derecho a la propia imagen. En apariencia, la propuesta busca blindar a los ciudadanos frente al uso indebido de fotograf\u00edas y videos, especialmente en tiempos donde la inteligencia artificial y las redes sociales facilitan la manipulaci\u00f3n digital. Sin embargo, m\u00e1s all\u00e1 de la intenci\u00f3n declarada, la iniciativa abre un debate profundo sobre prioridades y libertades.<\/p>\n\n\n\n<p>El problema central es que la propuesta no garantiza de manera clara la protecci\u00f3n de la libertad de expresi\u00f3n. Aunque la diputada afirma que no se trata de censura, \u00bfqu\u00e9 certeza puede tener la ciudadan\u00eda en su palabra si el texto de la iniciativa no lo establece con precisi\u00f3n? En un estado con m\u00faltiples retos urgentes, resulta cuestionable que se destinen esfuerzos legislativos a un tema que, en la pr\u00e1ctica, podr\u00eda convertirse en un instrumento para frenar la cr\u00edtica y el periodismo.<\/p>\n\n\n\n<p>La situaci\u00f3n recuerda lo ocurrido en Campeche y otros puntos del pa\u00eds, donde acciones legales han derivado en el hostigamiento y encierro de periodistas, un precedente que genera preocupaci\u00f3n. Si bien la protecci\u00f3n de la imagen es un derecho leg\u00edtimo, la forma en que se plantea esta reforma parece m\u00e1s cercana a un intento de blindar a figuras p\u00fablicas contra la cr\u00edtica que a un esfuerzo real por atender delitos graves que afectan a la poblaci\u00f3n.<\/p>\n\n\n\n<p>La iniciativa de Osorio corre el riesgo de ser vista como una medida viralizada, m\u00e1s orientada a la coyuntura medi\u00e1tica que a las necesidades reales del estado. Lo mejor ser\u00eda no abrir un frente que pueda interpretarse como un atentado contra la libertad de expresi\u00f3n y, en cambio, trabajar en adecuaciones legales que atiendan delitos verdaderamente urgentes: violencia de g\u00e9nero, corrupci\u00f3n, inseguridad, explotaci\u00f3n laboral.<\/p>\n\n\n\n<p>En conclusi\u00f3n, la propuesta de la diputada no solo es insuficiente, sino peligrosa. La defensa de la imagen personal no puede convertirse en un pretexto para coartar la cr\u00edtica social. Quintana Roo necesita leyes que protejan a su gente, no iniciativas que siembran dudas sobre la confianza en sus representantes.<\/p>\n","protected":false},"excerpt":{"rendered":"<p>Por V\u00edctor Hern\u00e1ndez Luna La diputada local de Quintana Roo, Majo Osorio, ha presentado una iniciativa para reformar el C\u00f3digo Civil con el fin de proteger el derecho a la propia imagen. En apariencia, la propuesta busca blindar a los ciudadanos frente al uso indebido de fotograf\u00edas y videos, especialmente en tiempos donde la inteligencia [&hellip;]<\/p>\n","protected":false},"author":2,"featured_media":7234,"comment_status":"open","ping_status":"closed","sticky":false,"template":"","format":"standard","meta":{"tdm_status":"","tdm_grid_status":"","footnotes":""},"categories":[45,58],"tags":[158,59,157,63,61,27,60,128,65,23,62,159],"class_list":{"0":"post-7231","1":"post","2":"type-post","3":"status-publish","4":"format-standard","5":"has-post-thumbnail","7":"category-columnas","8":"category-espresso","9":"tag-columna","10":"tag-cozumel","11":"tag-expresso","12":"tag-isla-cozumel","13":"tag-noticias-de-cozumel","14":"tag-noticias-de-quintana-roo","15":"tag-noticozumel","16":"tag-opinion","17":"tag-politica","18":"tag-quintana-roo","19":"tag-san-miguel-de-cozumel","20":"tag-victor-hernandez-luna"},"yoast_head":"<!-- This site is optimized with the Yoast SEO Premium plugin v26.2 (Yoast SEO v26.2) - https:\/\/yoast.com\/wordpress\/plugins\/seo\/ -->\n<title>Expresso | La iniciativa de la \u201cpropia imagen\u201d de Majo Osorio - NotiCozumel<\/title>\n<meta name=\"robots\" content=\"index, follow, max-snippet:-1, max-image-preview:large, max-video-preview:-1\" \/>\n<link rel=\"canonical\" href=\"https:\/\/noticozumel.mx\/1\/expresso-la-iniciativa-de-la-propia-imagen-de-majo-osorio\/\" \/>\n<meta property=\"og:locale\" content=\"es_ES\" \/>\n<meta property=\"og:type\" content=\"article\" \/>\n<meta property=\"og:title\" content=\"Expresso | La iniciativa de la \u201cpropia imagen\u201d de Majo Osorio\" \/>\n<meta property=\"og:description\" content=\"Por V\u00edctor Hern\u00e1ndez Luna La diputada local de Quintana Roo, Majo Osorio, ha presentado una iniciativa para reformar el C\u00f3digo Civil con el fin de proteger el derecho a la propia imagen. En apariencia, la propuesta busca blindar a los ciudadanos frente al uso indebido de fotograf\u00edas y videos, especialmente en tiempos donde la inteligencia [&hellip;]\" \/>\n<meta property=\"og:url\" content=\"https:\/\/noticozumel.mx\/1\/expresso-la-iniciativa-de-la-propia-imagen-de-majo-osorio\/\" \/>\n<meta property=\"og:site_name\" content=\"NotiCozumel\" \/>\n<meta property=\"article:published_time\" content=\"2026-03-04T14:17:00+00:00\" \/>\n<meta property=\"article:modified_time\" content=\"2026-03-04T17:04:32+00:00\" \/>\n<meta property=\"og:image\" content=\"https:\/\/noticozumel.mx\/1\/wp-content\/uploads\/2026\/03\/Expresso-N.jpg\" \/>\n\t<meta property=\"og:image:width\" content=\"1050\" \/>\n\t<meta property=\"og:image:height\" content=\"600\" \/>\n\t<meta property=\"og:image:type\" content=\"image\/jpeg\" \/>\n<meta name=\"author\" content=\"Victor Hernandez Luna\" \/>\n<meta name=\"twitter:card\" content=\"summary_large_image\" \/>\n<meta name=\"twitter:label1\" content=\"Escrito por\" \/>\n\t<meta name=\"twitter:data1\" content=\"Victor Hernandez Luna\" \/>\n\t<meta name=\"twitter:label2\" content=\"Tiempo de lectura\" \/>\n\t<meta name=\"twitter:data2\" content=\"2 minutos\" \/>\n<script type=\"application\/ld+json\" class=\"yoast-schema-graph\">{\"@context\":\"https:\/\/schema.org\",\"@graph\":[{\"@type\":\"WebPage\",\"@id\":\"https:\/\/noticozumel.mx\/1\/expresso-la-iniciativa-de-la-propia-imagen-de-majo-osorio\/\",\"url\":\"https:\/\/noticozumel.mx\/1\/expresso-la-iniciativa-de-la-propia-imagen-de-majo-osorio\/\",\"name\":\"Expresso | La iniciativa de la \u201cpropia imagen\u201d de Majo Osorio - NotiCozumel\",\"isPartOf\":{\"@id\":\"https:\/\/noticozumel.mx\/1\/#website\"},\"primaryImageOfPage\":{\"@id\":\"https:\/\/noticozumel.mx\/1\/expresso-la-iniciativa-de-la-propia-imagen-de-majo-osorio\/#primaryimage\"},\"image\":{\"@id\":\"https:\/\/noticozumel.mx\/1\/expresso-la-iniciativa-de-la-propia-imagen-de-majo-osorio\/#primaryimage\"},\"thumbnailUrl\":\"https:\/\/noticozumel.mx\/1\/wp-content\/uploads\/2026\/03\/Expresso-N.jpg\",\"datePublished\":\"2026-03-04T14:17:00+00:00\",\"dateModified\":\"2026-03-04T17:04:32+00:00\",\"author\":{\"@id\":\"https:\/\/noticozumel.mx\/1\/#\/schema\/person\/8d7a7295b0e332037217d900d085410f\"},\"breadcrumb\":{\"@id\":\"https:\/\/noticozumel.mx\/1\/expresso-la-iniciativa-de-la-propia-imagen-de-majo-osorio\/#breadcrumb\"},\"inLanguage\":\"es\",\"potentialAction\":[{\"@type\":\"ReadAction\",\"target\":[\"https:\/\/noticozumel.mx\/1\/expresso-la-iniciativa-de-la-propia-imagen-de-majo-osorio\/\"]}]},{\"@type\":\"ImageObject\",\"inLanguage\":\"es\",\"@id\":\"https:\/\/noticozumel.mx\/1\/expresso-la-iniciativa-de-la-propia-imagen-de-majo-osorio\/#primaryimage\",\"url\":\"https:\/\/noticozumel.mx\/1\/wp-content\/uploads\/2026\/03\/Expresso-N.jpg\",\"contentUrl\":\"https:\/\/noticozumel.mx\/1\/wp-content\/uploads\/2026\/03\/Expresso-N.jpg\",\"width\":1050,\"height\":600},{\"@type\":\"BreadcrumbList\",\"@id\":\"https:\/\/noticozumel.mx\/1\/expresso-la-iniciativa-de-la-propia-imagen-de-majo-osorio\/#breadcrumb\",\"itemListElement\":[{\"@type\":\"ListItem\",\"position\":1,\"name\":\"Portada\",\"item\":\"https:\/\/noticozumel.mx\/1\/\"},{\"@type\":\"ListItem\",\"position\":2,\"name\":\"Expresso | La iniciativa de la \u201cpropia imagen\u201d de Majo Osorio\"}]},{\"@type\":\"WebSite\",\"@id\":\"https:\/\/noticozumel.mx\/1\/#website\",\"url\":\"https:\/\/noticozumel.mx\/1\/\",\"name\":\"NotiCozumel\",\"description\":\"Las noticias al alcance de todos\",\"potentialAction\":[{\"@type\":\"SearchAction\",\"target\":{\"@type\":\"EntryPoint\",\"urlTemplate\":\"https:\/\/noticozumel.mx\/1\/?s={search_term_string}\"},\"query-input\":{\"@type\":\"PropertyValueSpecification\",\"valueRequired\":true,\"valueName\":\"search_term_string\"}}],\"inLanguage\":\"es\"},{\"@type\":\"Person\",\"@id\":\"https:\/\/noticozumel.mx\/1\/#\/schema\/person\/8d7a7295b0e332037217d900d085410f\",\"name\":\"Victor Hernandez Luna\",\"image\":{\"@type\":\"ImageObject\",\"inLanguage\":\"es\",\"@id\":\"https:\/\/noticozumel.mx\/1\/#\/schema\/person\/image\/\",\"url\":\"https:\/\/secure.gravatar.com\/avatar\/903e5352abe273aed23196d02d4ae378ebfc322b1ba34a99ce80218a04ec9af0?s=96&d=mm&r=g\",\"contentUrl\":\"https:\/\/secure.gravatar.com\/avatar\/903e5352abe273aed23196d02d4ae378ebfc322b1ba34a99ce80218a04ec9af0?s=96&d=mm&r=g\",\"caption\":\"Victor Hernandez Luna\"},\"url\":\"https:\/\/noticozumel.mx\/1\/author\/victor-hernandez-luna\/\"}]}<\/script>\n<!-- \/ Yoast SEO Premium plugin. -->","yoast_head_json":{"title":"Expresso | La iniciativa de la \u201cpropia imagen\u201d de Majo Osorio - NotiCozumel","robots":{"index":"index","follow":"follow","max-snippet":"max-snippet:-1","max-image-preview":"max-image-preview:large","max-video-preview":"max-video-preview:-1"},"canonical":"https:\/\/noticozumel.mx\/1\/expresso-la-iniciativa-de-la-propia-imagen-de-majo-osorio\/","og_locale":"es_ES","og_type":"article","og_title":"Expresso | La iniciativa de la \u201cpropia imagen\u201d de Majo Osorio","og_description":"Por V\u00edctor Hern\u00e1ndez Luna La diputada local de Quintana Roo, Majo Osorio, ha presentado una iniciativa para reformar el C\u00f3digo Civil con el fin de proteger el derecho a la propia imagen. En apariencia, la propuesta busca blindar a los ciudadanos frente al uso indebido de fotograf\u00edas y videos, especialmente en tiempos donde la inteligencia [&hellip;]","og_url":"https:\/\/noticozumel.mx\/1\/expresso-la-iniciativa-de-la-propia-imagen-de-majo-osorio\/","og_site_name":"NotiCozumel","article_published_time":"2026-03-04T14:17:00+00:00","article_modified_time":"2026-03-04T17:04:32+00:00","og_image":[{"width":1050,"height":600,"url":"https:\/\/noticozumel.mx\/1\/wp-content\/uploads\/2026\/03\/Expresso-N.jpg","type":"image\/jpeg"}],"author":"Victor Hernandez Luna","twitter_card":"summary_large_image","twitter_misc":{"Escrito por":"Victor Hernandez Luna","Tiempo de lectura":"2 minutos"},"schema":{"@context":"https:\/\/schema.org","@graph":[{"@type":"WebPage","@id":"https:\/\/noticozumel.mx\/1\/expresso-la-iniciativa-de-la-propia-imagen-de-majo-osorio\/","url":"https:\/\/noticozumel.mx\/1\/expresso-la-iniciativa-de-la-propia-imagen-de-majo-osorio\/","name":"Expresso | La iniciativa de la \u201cpropia imagen\u201d de Majo Osorio - NotiCozumel","isPartOf":{"@id":"https:\/\/noticozumel.mx\/1\/#website"},"primaryImageOfPage":{"@id":"https:\/\/noticozumel.mx\/1\/expresso-la-iniciativa-de-la-propia-imagen-de-majo-osorio\/#primaryimage"},"image":{"@id":"https:\/\/noticozumel.mx\/1\/expresso-la-iniciativa-de-la-propia-imagen-de-majo-osorio\/#primaryimage"},"thumbnailUrl":"https:\/\/noticozumel.mx\/1\/wp-content\/uploads\/2026\/03\/Expresso-N.jpg","datePublished":"2026-03-04T14:17:00+00:00","dateModified":"2026-03-04T17:04:32+00:00","author":{"@id":"https:\/\/noticozumel.mx\/1\/#\/schema\/person\/8d7a7295b0e332037217d900d085410f"},"breadcrumb":{"@id":"https:\/\/noticozumel.mx\/1\/expresso-la-iniciativa-de-la-propia-imagen-de-majo-osorio\/#breadcrumb"},"inLanguage":"es","potentialAction":[{"@type":"ReadAction","target":["https:\/\/noticozumel.mx\/1\/expresso-la-iniciativa-de-la-propia-imagen-de-majo-osorio\/"]}]},{"@type":"ImageObject","inLanguage":"es","@id":"https:\/\/noticozumel.mx\/1\/expresso-la-iniciativa-de-la-propia-imagen-de-majo-osorio\/#primaryimage","url":"https:\/\/noticozumel.mx\/1\/wp-content\/uploads\/2026\/03\/Expresso-N.jpg","contentUrl":"https:\/\/noticozumel.mx\/1\/wp-content\/uploads\/2026\/03\/Expresso-N.jpg","width":1050,"height":600},{"@type":"BreadcrumbList","@id":"https:\/\/noticozumel.mx\/1\/expresso-la-iniciativa-de-la-propia-imagen-de-majo-osorio\/#breadcrumb","itemListElement":[{"@type":"ListItem","position":1,"name":"Portada","item":"https:\/\/noticozumel.mx\/1\/"},{"@type":"ListItem","position":2,"name":"Expresso | La iniciativa de la \u201cpropia imagen\u201d de Majo Osorio"}]},{"@type":"WebSite","@id":"https:\/\/noticozumel.mx\/1\/#website","url":"https:\/\/noticozumel.mx\/1\/","name":"NotiCozumel","description":"Las noticias al alcance de todos","potentialAction":[{"@type":"SearchAction","target":{"@type":"EntryPoint","urlTemplate":"https:\/\/noticozumel.mx\/1\/?s={search_term_string}"},"query-input":{"@type":"PropertyValueSpecification","valueRequired":true,"valueName":"search_term_string"}}],"inLanguage":"es"},{"@type":"Person","@id":"https:\/\/noticozumel.mx\/1\/#\/schema\/person\/8d7a7295b0e332037217d900d085410f","name":"Victor Hernandez Luna","image":{"@type":"ImageObject","inLanguage":"es","@id":"https:\/\/noticozumel.mx\/1\/#\/schema\/person\/image\/","url":"https:\/\/secure.gravatar.com\/avatar\/903e5352abe273aed23196d02d4ae378ebfc322b1ba34a99ce80218a04ec9af0?s=96&d=mm&r=g","contentUrl":"https:\/\/secure.gravatar.com\/avatar\/903e5352abe273aed23196d02d4ae378ebfc322b1ba34a99ce80218a04ec9af0?s=96&d=mm&r=g","caption":"Victor Hernandez Luna"},"url":"https:\/\/noticozumel.mx\/1\/author\/victor-hernandez-luna\/"}]}},"_links":{"self":[{"href":"https:\/\/noticozumel.mx\/1\/wp-json\/wp\/v2\/posts\/7231","targetHints":{"allow":["GET"]}}],"collection":[{"href":"https:\/\/noticozumel.mx\/1\/wp-json\/wp\/v2\/posts"}],"about":[{"href":"https:\/\/noticozumel.mx\/1\/wp-json\/wp\/v2\/types\/post"}],"author":[{"embeddable":true,"href":"https:\/\/noticozumel.mx\/1\/wp-json\/wp\/v2\/users\/2"}],"replies":[{"embeddable":true,"href":"https:\/\/noticozumel.mx\/1\/wp-json\/wp\/v2\/comments?post=7231"}],"version-history":[{"count":2,"href":"https:\/\/noticozumel.mx\/1\/wp-json\/wp\/v2\/posts\/7231\/revisions"}],"predecessor-version":[{"id":7237,"href":"https:\/\/noticozumel.mx\/1\/wp-json\/wp\/v2\/posts\/7231\/revisions\/7237"}],"wp:featuredmedia":[{"embeddable":true,"href":"https:\/\/noticozumel.mx\/1\/wp-json\/wp\/v2\/media\/7234"}],"wp:attachment":[{"href":"https:\/\/noticozumel.mx\/1\/wp-json\/wp\/v2\/media?parent=7231"}],"wp:term":[{"taxonomy":"category","embeddable":true,"href":"https:\/\/noticozumel.mx\/1\/wp-json\/wp\/v2\/categories?post=7231"},{"taxonomy":"post_tag","embeddable":true,"href":"https:\/\/noticozumel.mx\/1\/wp-json\/wp\/v2\/tags?post=7231"}],"curies":[{"name":"wp","href":"https:\/\/api.w.org\/{rel}","templated":true}]}}