{"id":7243,"date":"2026-03-03T18:04:00","date_gmt":"2026-03-03T23:04:00","guid":{"rendered":"https:\/\/noticozumel.mx\/1\/?p=7243"},"modified":"2026-03-04T23:19:03","modified_gmt":"2026-03-05T04:19:03","slug":"fortalecen-la-estrategia-contra-el-sarampion-en-la-primera-sesion-extraordinaria-del-coeva-2026","status":"publish","type":"post","link":"https:\/\/noticozumel.mx\/1\/fortalecen-la-estrategia-contra-el-sarampion-en-la-primera-sesion-extraordinaria-del-coeva-2026\/","title":{"rendered":"Fortalecen la estrategia contra el sarampi\u00f3n en la Primera Sesi\u00f3n Extraordinaria del COEVA 2026"},"content":{"rendered":"\n<p>Canc\u00fan, Quintana Roo, 3 de marzo de 2026.- En cumplimiento a la instrucci\u00f3n de la gobernadora Mara Lezama Espinosa y bajo su liderazgo humanista, la Secretar\u00eda de Salud llev\u00f3 a cabo la Primera Sesi\u00f3n Extraordinaria del Consejo Estatal de Vacunaci\u00f3n (COEVA) 2026, encabezada por el secretario de Salud, Flavio Carlos Rosado, con la participaci\u00f3n del personal de los Servicios Estatales de Salud, IMSS, IMSS-Bienestar, ISSSTE, DIF, SEQ, SEMAR y SEDENA.<\/p>\n\n\n\n<figure class=\"wp-block-image size-large\"><img loading=\"lazy\" decoding=\"async\" width=\"1024\" height=\"683\" src=\"https:\/\/noticozumel.mx\/1\/wp-content\/uploads\/2026\/03\/Sesion-COEVA-2026-sarampion-4-1024x683.jpg\" alt=\"\" class=\"wp-image-7246\" srcset=\"https:\/\/noticozumel.mx\/1\/wp-content\/uploads\/2026\/03\/Sesion-COEVA-2026-sarampion-4-1024x683.jpg 1024w, https:\/\/noticozumel.mx\/1\/wp-content\/uploads\/2026\/03\/Sesion-COEVA-2026-sarampion-4-300x200.jpg 300w, https:\/\/noticozumel.mx\/1\/wp-content\/uploads\/2026\/03\/Sesion-COEVA-2026-sarampion-4-768x512.jpg 768w, https:\/\/noticozumel.mx\/1\/wp-content\/uploads\/2026\/03\/Sesion-COEVA-2026-sarampion-4-1536x1024.jpg 1536w, https:\/\/noticozumel.mx\/1\/wp-content\/uploads\/2026\/03\/Sesion-COEVA-2026-sarampion-4-630x420.jpg 630w, https:\/\/noticozumel.mx\/1\/wp-content\/uploads\/2026\/03\/Sesion-COEVA-2026-sarampion-4-150x100.jpg 150w, https:\/\/noticozumel.mx\/1\/wp-content\/uploads\/2026\/03\/Sesion-COEVA-2026-sarampion-4-696x464.jpg 696w, https:\/\/noticozumel.mx\/1\/wp-content\/uploads\/2026\/03\/Sesion-COEVA-2026-sarampion-4-1068x712.jpg 1068w, https:\/\/noticozumel.mx\/1\/wp-content\/uploads\/2026\/03\/Sesion-COEVA-2026-sarampion-4.jpg 1600w\" sizes=\"auto, (max-width: 1024px) 100vw, 1024px\" \/><\/figure>\n\n\n\n<p>Durante la sesi\u00f3n se destac\u00f3 que Quintana Roo activ\u00f3 de manera inmediata la fase intensiva de vacunaci\u00f3n contra el sarampi\u00f3n para reducir el riesgo epidemiol\u00f3gico y fortalecer la inmunidad comunitaria.<\/p>\n\n\n\n<p>Del 30 de enero al 1 de marzo de 2026 se han aplicado 144,870 dosis a poblaci\u00f3n de 6 meses a 49 a\u00f1os; y en los \u00faltimos siete d\u00edas se aplicaron 48,753 dosis, avanzando hacia la meta nacional de 376,596 dosis en 10 semanas.<\/p>\n\n\n\n<figure class=\"wp-block-image size-large\"><img loading=\"lazy\" decoding=\"async\" width=\"1024\" height=\"937\" src=\"https:\/\/noticozumel.mx\/1\/wp-content\/uploads\/2026\/03\/Sesion-COEVA-2026-sarampion-3-1024x937.jpg\" alt=\"\" class=\"wp-image-7245\" srcset=\"https:\/\/noticozumel.mx\/1\/wp-content\/uploads\/2026\/03\/Sesion-COEVA-2026-sarampion-3-1024x937.jpg 1024w, https:\/\/noticozumel.mx\/1\/wp-content\/uploads\/2026\/03\/Sesion-COEVA-2026-sarampion-3-300x274.jpg 300w, https:\/\/noticozumel.mx\/1\/wp-content\/uploads\/2026\/03\/Sesion-COEVA-2026-sarampion-3-768x703.jpg 768w, https:\/\/noticozumel.mx\/1\/wp-content\/uploads\/2026\/03\/Sesion-COEVA-2026-sarampion-3-459x420.jpg 459w, https:\/\/noticozumel.mx\/1\/wp-content\/uploads\/2026\/03\/Sesion-COEVA-2026-sarampion-3-150x137.jpg 150w, https:\/\/noticozumel.mx\/1\/wp-content\/uploads\/2026\/03\/Sesion-COEVA-2026-sarampion-3-696x637.jpg 696w, https:\/\/noticozumel.mx\/1\/wp-content\/uploads\/2026\/03\/Sesion-COEVA-2026-sarampion-3-1068x977.jpg 1068w, https:\/\/noticozumel.mx\/1\/wp-content\/uploads\/2026\/03\/Sesion-COEVA-2026-sarampion-3.jpg 1280w\" sizes=\"auto, (max-width: 1024px) 100vw, 1024px\" \/><\/figure>\n\n\n\n<p>En la sesi\u00f3n se evalu\u00f3 el comportamiento epidemiol\u00f3gico, se revisaron coberturas, se reforz\u00f3 la coordinaci\u00f3n interinstitucional y se determin\u00f3 reforzar la aplicaci\u00f3n de vacunas SRP y SR, facilitar el acceso a escuelas primarias para revisar esquemas mediante la Cartilla Nacional de Salud, mantener y reforzar los puntos de vacunaci\u00f3n en zonas estrat\u00e9gicas como mercados, plazas y transporte p\u00fablico y garantizar el abasto oportuno de biol\u00f3gicos en todas las unidades de salud del Estado.<\/p>\n\n\n\n<p>Bajo la visi\u00f3n del Nuevo Acuerdo por el Bienestar y Desarrollo, la vacunaci\u00f3n es prioridad estrat\u00e9gica. El compromiso es claro: no bajar la guardia y garantizar que ninguna persona se quede sin protecci\u00f3n.<\/p>\n\n\n\n<figure class=\"wp-block-image size-large\"><img loading=\"lazy\" decoding=\"async\" width=\"1024\" height=\"591\" src=\"https:\/\/noticozumel.mx\/1\/wp-content\/uploads\/2026\/03\/Sesion-COEVA-2026-sarampion-2-1024x591.jpg\" alt=\"\" class=\"wp-image-7244\" srcset=\"https:\/\/noticozumel.mx\/1\/wp-content\/uploads\/2026\/03\/Sesion-COEVA-2026-sarampion-2-1024x591.jpg 1024w, https:\/\/noticozumel.mx\/1\/wp-content\/uploads\/2026\/03\/Sesion-COEVA-2026-sarampion-2-300x173.jpg 300w, https:\/\/noticozumel.mx\/1\/wp-content\/uploads\/2026\/03\/Sesion-COEVA-2026-sarampion-2-768x443.jpg 768w, https:\/\/noticozumel.mx\/1\/wp-content\/uploads\/2026\/03\/Sesion-COEVA-2026-sarampion-2-727x420.jpg 727w, https:\/\/noticozumel.mx\/1\/wp-content\/uploads\/2026\/03\/Sesion-COEVA-2026-sarampion-2-150x87.jpg 150w, https:\/\/noticozumel.mx\/1\/wp-content\/uploads\/2026\/03\/Sesion-COEVA-2026-sarampion-2-696x402.jpg 696w, https:\/\/noticozumel.mx\/1\/wp-content\/uploads\/2026\/03\/Sesion-COEVA-2026-sarampion-2-1068x617.jpg 1068w, https:\/\/noticozumel.mx\/1\/wp-content\/uploads\/2026\/03\/Sesion-COEVA-2026-sarampion-2.jpg 1280w\" sizes=\"auto, (max-width: 1024px) 100vw, 1024px\" \/><\/figure>\n","protected":false},"excerpt":{"rendered":"<p>Canc\u00fan, Quintana Roo, 3 de marzo de 2026.- En cumplimiento a la instrucci\u00f3n de la gobernadora Mara Lezama Espinosa y bajo su liderazgo humanista, la Secretar\u00eda de Salud llev\u00f3 a cabo la Primera Sesi\u00f3n Extraordinaria del Consejo Estatal de Vacunaci\u00f3n (COEVA) 2026, encabezada por el secretario de Salud, Flavio Carlos Rosado, con la participaci\u00f3n del [&hellip;]<\/p>\n","protected":false},"author":1,"featured_media":7247,"comment_status":"open","ping_status":"closed","sticky":false,"template":"","format":"standard","meta":{"tdm_status":"","tdm_grid_status":"","footnotes":""},"categories":[47,31],"tags":[22,21,26,27,60,23,105,444,477],"class_list":{"0":"post-7243","1":"post","2":"type-post","3":"status-publish","4":"format-standard","5":"has-post-thumbnail","7":"category-benito-juarez","8":"category-salud","9":"tag-benito-juarez","10":"tag-cancun","11":"tag-noticias-de-cancun","12":"tag-noticias-de-quintana-roo","13":"tag-noticozumel","14":"tag-quintana-roo","15":"tag-salud","16":"tag-sarampion","17":"tag-sesa"},"yoast_head":"<!-- This site is optimized with the Yoast SEO Premium plugin v26.2 (Yoast SEO v26.2) - https:\/\/yoast.com\/wordpress\/plugins\/seo\/ -->\n<title>Fortalecen la estrategia contra el sarampi\u00f3n en la Primera Sesi\u00f3n Extraordinaria del COEVA 2026 - NotiCozumel<\/title>\n<meta name=\"robots\" content=\"index, follow, max-snippet:-1, max-image-preview:large, max-video-preview:-1\" \/>\n<link rel=\"canonical\" href=\"https:\/\/noticozumel.mx\/1\/fortalecen-la-estrategia-contra-el-sarampion-en-la-primera-sesion-extraordinaria-del-coeva-2026\/\" \/>\n<meta property=\"og:locale\" content=\"es_ES\" \/>\n<meta property=\"og:type\" content=\"article\" \/>\n<meta property=\"og:title\" content=\"Fortalecen la estrategia contra el sarampi\u00f3n en la Primera Sesi\u00f3n Extraordinaria del COEVA 2026\" \/>\n<meta property=\"og:description\" content=\"Canc\u00fan, Quintana Roo, 3 de marzo de 2026.- En cumplimiento a la instrucci\u00f3n de la gobernadora Mara Lezama Espinosa y bajo su liderazgo humanista, la Secretar\u00eda de Salud llev\u00f3 a cabo la Primera Sesi\u00f3n Extraordinaria del Consejo Estatal de Vacunaci\u00f3n (COEVA) 2026, encabezada por el secretario de Salud, Flavio Carlos Rosado, con la participaci\u00f3n del [&hellip;]\" \/>\n<meta property=\"og:url\" content=\"https:\/\/noticozumel.mx\/1\/fortalecen-la-estrategia-contra-el-sarampion-en-la-primera-sesion-extraordinaria-del-coeva-2026\/\" \/>\n<meta property=\"og:site_name\" content=\"NotiCozumel\" \/>\n<meta property=\"article:published_time\" content=\"2026-03-03T23:04:00+00:00\" \/>\n<meta property=\"article:modified_time\" content=\"2026-03-05T04:19:03+00:00\" \/>\n<meta property=\"og:image\" content=\"https:\/\/noticozumel.mx\/1\/wp-content\/uploads\/2026\/03\/Sesion-COEVA-2026-sarampion-1.jpg\" \/>\n\t<meta property=\"og:image:width\" content=\"1600\" \/>\n\t<meta property=\"og:image:height\" content=\"1067\" \/>\n\t<meta property=\"og:image:type\" content=\"image\/jpeg\" \/>\n<meta name=\"author\" content=\"Redacci\u00f3n\" \/>\n<meta name=\"twitter:card\" content=\"summary_large_image\" \/>\n<meta name=\"twitter:label1\" content=\"Escrito por\" \/>\n\t<meta name=\"twitter:data1\" content=\"Redacci\u00f3n\" \/>\n\t<meta name=\"twitter:label2\" content=\"Tiempo de lectura\" \/>\n\t<meta name=\"twitter:data2\" content=\"2 minutos\" \/>\n<script type=\"application\/ld+json\" class=\"yoast-schema-graph\">{\"@context\":\"https:\/\/schema.org\",\"@graph\":[{\"@type\":\"WebPage\",\"@id\":\"https:\/\/noticozumel.mx\/1\/fortalecen-la-estrategia-contra-el-sarampion-en-la-primera-sesion-extraordinaria-del-coeva-2026\/\",\"url\":\"https:\/\/noticozumel.mx\/1\/fortalecen-la-estrategia-contra-el-sarampion-en-la-primera-sesion-extraordinaria-del-coeva-2026\/\",\"name\":\"Fortalecen la estrategia contra el sarampi\u00f3n en la Primera Sesi\u00f3n Extraordinaria del COEVA 2026 - NotiCozumel\",\"isPartOf\":{\"@id\":\"https:\/\/noticozumel.mx\/1\/#website\"},\"primaryImageOfPage\":{\"@id\":\"https:\/\/noticozumel.mx\/1\/fortalecen-la-estrategia-contra-el-sarampion-en-la-primera-sesion-extraordinaria-del-coeva-2026\/#primaryimage\"},\"image\":{\"@id\":\"https:\/\/noticozumel.mx\/1\/fortalecen-la-estrategia-contra-el-sarampion-en-la-primera-sesion-extraordinaria-del-coeva-2026\/#primaryimage\"},\"thumbnailUrl\":\"https:\/\/noticozumel.mx\/1\/wp-content\/uploads\/2026\/03\/Sesion-COEVA-2026-sarampion-1.jpg\",\"datePublished\":\"2026-03-03T23:04:00+00:00\",\"dateModified\":\"2026-03-05T04:19:03+00:00\",\"author\":{\"@id\":\"https:\/\/noticozumel.mx\/1\/#\/schema\/person\/a3353279fd7f37e86677893e0510943b\"},\"breadcrumb\":{\"@id\":\"https:\/\/noticozumel.mx\/1\/fortalecen-la-estrategia-contra-el-sarampion-en-la-primera-sesion-extraordinaria-del-coeva-2026\/#breadcrumb\"},\"inLanguage\":\"es\",\"potentialAction\":[{\"@type\":\"ReadAction\",\"target\":[\"https:\/\/noticozumel.mx\/1\/fortalecen-la-estrategia-contra-el-sarampion-en-la-primera-sesion-extraordinaria-del-coeva-2026\/\"]}]},{\"@type\":\"ImageObject\",\"inLanguage\":\"es\",\"@id\":\"https:\/\/noticozumel.mx\/1\/fortalecen-la-estrategia-contra-el-sarampion-en-la-primera-sesion-extraordinaria-del-coeva-2026\/#primaryimage\",\"url\":\"https:\/\/noticozumel.mx\/1\/wp-content\/uploads\/2026\/03\/Sesion-COEVA-2026-sarampion-1.jpg\",\"contentUrl\":\"https:\/\/noticozumel.mx\/1\/wp-content\/uploads\/2026\/03\/Sesion-COEVA-2026-sarampion-1.jpg\",\"width\":1600,\"height\":1067},{\"@type\":\"BreadcrumbList\",\"@id\":\"https:\/\/noticozumel.mx\/1\/fortalecen-la-estrategia-contra-el-sarampion-en-la-primera-sesion-extraordinaria-del-coeva-2026\/#breadcrumb\",\"itemListElement\":[{\"@type\":\"ListItem\",\"position\":1,\"name\":\"Portada\",\"item\":\"https:\/\/noticozumel.mx\/1\/\"},{\"@type\":\"ListItem\",\"position\":2,\"name\":\"Fortalecen la estrategia contra el sarampi\u00f3n en la Primera Sesi\u00f3n Extraordinaria del COEVA 2026\"}]},{\"@type\":\"WebSite\",\"@id\":\"https:\/\/noticozumel.mx\/1\/#website\",\"url\":\"https:\/\/noticozumel.mx\/1\/\",\"name\":\"NotiCozumel\",\"description\":\"Las noticias al alcance de todos\",\"potentialAction\":[{\"@type\":\"SearchAction\",\"target\":{\"@type\":\"EntryPoint\",\"urlTemplate\":\"https:\/\/noticozumel.mx\/1\/?s={search_term_string}\"},\"query-input\":{\"@type\":\"PropertyValueSpecification\",\"valueRequired\":true,\"valueName\":\"search_term_string\"}}],\"inLanguage\":\"es\"},{\"@type\":\"Person\",\"@id\":\"https:\/\/noticozumel.mx\/1\/#\/schema\/person\/a3353279fd7f37e86677893e0510943b\",\"name\":\"Redacci\u00f3n\",\"image\":{\"@type\":\"ImageObject\",\"inLanguage\":\"es\",\"@id\":\"https:\/\/noticozumel.mx\/1\/#\/schema\/person\/image\/\",\"url\":\"https:\/\/secure.gravatar.com\/avatar\/92c1decdbf2b01a0b3a758c19f5bf7b7b7c7ad1ebf1b8f407a69813d9948f6d0?s=96&d=mm&r=g\",\"contentUrl\":\"https:\/\/secure.gravatar.com\/avatar\/92c1decdbf2b01a0b3a758c19f5bf7b7b7c7ad1ebf1b8f407a69813d9948f6d0?s=96&d=mm&r=g\",\"caption\":\"Redacci\u00f3n\"},\"url\":\"https:\/\/noticozumel.mx\/1\/author\/admin\/\"}]}<\/script>\n<!-- \/ Yoast SEO Premium plugin. -->","yoast_head_json":{"title":"Fortalecen la estrategia contra el sarampi\u00f3n en la Primera Sesi\u00f3n Extraordinaria del COEVA 2026 - NotiCozumel","robots":{"index":"index","follow":"follow","max-snippet":"max-snippet:-1","max-image-preview":"max-image-preview:large","max-video-preview":"max-video-preview:-1"},"canonical":"https:\/\/noticozumel.mx\/1\/fortalecen-la-estrategia-contra-el-sarampion-en-la-primera-sesion-extraordinaria-del-coeva-2026\/","og_locale":"es_ES","og_type":"article","og_title":"Fortalecen la estrategia contra el sarampi\u00f3n en la Primera Sesi\u00f3n Extraordinaria del COEVA 2026","og_description":"Canc\u00fan, Quintana Roo, 3 de marzo de 2026.- En cumplimiento a la instrucci\u00f3n de la gobernadora Mara Lezama Espinosa y bajo su liderazgo humanista, la Secretar\u00eda de Salud llev\u00f3 a cabo la Primera Sesi\u00f3n Extraordinaria del Consejo Estatal de Vacunaci\u00f3n (COEVA) 2026, encabezada por el secretario de Salud, Flavio Carlos Rosado, con la participaci\u00f3n del [&hellip;]","og_url":"https:\/\/noticozumel.mx\/1\/fortalecen-la-estrategia-contra-el-sarampion-en-la-primera-sesion-extraordinaria-del-coeva-2026\/","og_site_name":"NotiCozumel","article_published_time":"2026-03-03T23:04:00+00:00","article_modified_time":"2026-03-05T04:19:03+00:00","og_image":[{"width":1600,"height":1067,"url":"https:\/\/noticozumel.mx\/1\/wp-content\/uploads\/2026\/03\/Sesion-COEVA-2026-sarampion-1.jpg","type":"image\/jpeg"}],"author":"Redacci\u00f3n","twitter_card":"summary_large_image","twitter_misc":{"Escrito por":"Redacci\u00f3n","Tiempo de lectura":"2 minutos"},"schema":{"@context":"https:\/\/schema.org","@graph":[{"@type":"WebPage","@id":"https:\/\/noticozumel.mx\/1\/fortalecen-la-estrategia-contra-el-sarampion-en-la-primera-sesion-extraordinaria-del-coeva-2026\/","url":"https:\/\/noticozumel.mx\/1\/fortalecen-la-estrategia-contra-el-sarampion-en-la-primera-sesion-extraordinaria-del-coeva-2026\/","name":"Fortalecen la estrategia contra el sarampi\u00f3n en la Primera Sesi\u00f3n Extraordinaria del COEVA 2026 - NotiCozumel","isPartOf":{"@id":"https:\/\/noticozumel.mx\/1\/#website"},"primaryImageOfPage":{"@id":"https:\/\/noticozumel.mx\/1\/fortalecen-la-estrategia-contra-el-sarampion-en-la-primera-sesion-extraordinaria-del-coeva-2026\/#primaryimage"},"image":{"@id":"https:\/\/noticozumel.mx\/1\/fortalecen-la-estrategia-contra-el-sarampion-en-la-primera-sesion-extraordinaria-del-coeva-2026\/#primaryimage"},"thumbnailUrl":"https:\/\/noticozumel.mx\/1\/wp-content\/uploads\/2026\/03\/Sesion-COEVA-2026-sarampion-1.jpg","datePublished":"2026-03-03T23:04:00+00:00","dateModified":"2026-03-05T04:19:03+00:00","author":{"@id":"https:\/\/noticozumel.mx\/1\/#\/schema\/person\/a3353279fd7f37e86677893e0510943b"},"breadcrumb":{"@id":"https:\/\/noticozumel.mx\/1\/fortalecen-la-estrategia-contra-el-sarampion-en-la-primera-sesion-extraordinaria-del-coeva-2026\/#breadcrumb"},"inLanguage":"es","potentialAction":[{"@type":"ReadAction","target":["https:\/\/noticozumel.mx\/1\/fortalecen-la-estrategia-contra-el-sarampion-en-la-primera-sesion-extraordinaria-del-coeva-2026\/"]}]},{"@type":"ImageObject","inLanguage":"es","@id":"https:\/\/noticozumel.mx\/1\/fortalecen-la-estrategia-contra-el-sarampion-en-la-primera-sesion-extraordinaria-del-coeva-2026\/#primaryimage","url":"https:\/\/noticozumel.mx\/1\/wp-content\/uploads\/2026\/03\/Sesion-COEVA-2026-sarampion-1.jpg","contentUrl":"https:\/\/noticozumel.mx\/1\/wp-content\/uploads\/2026\/03\/Sesion-COEVA-2026-sarampion-1.jpg","width":1600,"height":1067},{"@type":"BreadcrumbList","@id":"https:\/\/noticozumel.mx\/1\/fortalecen-la-estrategia-contra-el-sarampion-en-la-primera-sesion-extraordinaria-del-coeva-2026\/#breadcrumb","itemListElement":[{"@type":"ListItem","position":1,"name":"Portada","item":"https:\/\/noticozumel.mx\/1\/"},{"@type":"ListItem","position":2,"name":"Fortalecen la estrategia contra el sarampi\u00f3n en la Primera Sesi\u00f3n Extraordinaria del COEVA 2026"}]},{"@type":"WebSite","@id":"https:\/\/noticozumel.mx\/1\/#website","url":"https:\/\/noticozumel.mx\/1\/","name":"NotiCozumel","description":"Las noticias al alcance de todos","potentialAction":[{"@type":"SearchAction","target":{"@type":"EntryPoint","urlTemplate":"https:\/\/noticozumel.mx\/1\/?s={search_term_string}"},"query-input":{"@type":"PropertyValueSpecification","valueRequired":true,"valueName":"search_term_string"}}],"inLanguage":"es"},{"@type":"Person","@id":"https:\/\/noticozumel.mx\/1\/#\/schema\/person\/a3353279fd7f37e86677893e0510943b","name":"Redacci\u00f3n","image":{"@type":"ImageObject","inLanguage":"es","@id":"https:\/\/noticozumel.mx\/1\/#\/schema\/person\/image\/","url":"https:\/\/secure.gravatar.com\/avatar\/92c1decdbf2b01a0b3a758c19f5bf7b7b7c7ad1ebf1b8f407a69813d9948f6d0?s=96&d=mm&r=g","contentUrl":"https:\/\/secure.gravatar.com\/avatar\/92c1decdbf2b01a0b3a758c19f5bf7b7b7c7ad1ebf1b8f407a69813d9948f6d0?s=96&d=mm&r=g","caption":"Redacci\u00f3n"},"url":"https:\/\/noticozumel.mx\/1\/author\/admin\/"}]}},"_links":{"self":[{"href":"https:\/\/noticozumel.mx\/1\/wp-json\/wp\/v2\/posts\/7243","targetHints":{"allow":["GET"]}}],"collection":[{"href":"https:\/\/noticozumel.mx\/1\/wp-json\/wp\/v2\/posts"}],"about":[{"href":"https:\/\/noticozumel.mx\/1\/wp-json\/wp\/v2\/types\/post"}],"author":[{"embeddable":true,"href":"https:\/\/noticozumel.mx\/1\/wp-json\/wp\/v2\/users\/1"}],"replies":[{"embeddable":true,"href":"https:\/\/noticozumel.mx\/1\/wp-json\/wp\/v2\/comments?post=7243"}],"version-history":[{"count":1,"href":"https:\/\/noticozumel.mx\/1\/wp-json\/wp\/v2\/posts\/7243\/revisions"}],"predecessor-version":[{"id":7248,"href":"https:\/\/noticozumel.mx\/1\/wp-json\/wp\/v2\/posts\/7243\/revisions\/7248"}],"wp:featuredmedia":[{"embeddable":true,"href":"https:\/\/noticozumel.mx\/1\/wp-json\/wp\/v2\/media\/7247"}],"wp:attachment":[{"href":"https:\/\/noticozumel.mx\/1\/wp-json\/wp\/v2\/media?parent=7243"}],"wp:term":[{"taxonomy":"category","embeddable":true,"href":"https:\/\/noticozumel.mx\/1\/wp-json\/wp\/v2\/categories?post=7243"},{"taxonomy":"post_tag","embeddable":true,"href":"https:\/\/noticozumel.mx\/1\/wp-json\/wp\/v2\/tags?post=7243"}],"curies":[{"name":"wp","href":"https:\/\/api.w.org\/{rel}","templated":true}]}}