{"id":7370,"date":"2026-03-04T18:11:00","date_gmt":"2026-03-04T23:11:00","guid":{"rendered":"https:\/\/noticozumel.mx\/1\/?p=7370"},"modified":"2026-03-05T02:15:20","modified_gmt":"2026-03-05T07:15:20","slug":"caribe-mexicano-fortalece-promocion-y-conectividad-en-la-feria-itb-berlin-2026","status":"publish","type":"post","link":"https:\/\/noticozumel.mx\/1\/caribe-mexicano-fortalece-promocion-y-conectividad-en-la-feria-itb-berlin-2026\/","title":{"rendered":"Caribe Mexicano fortalece promoci\u00f3n y conectividad en la Feria ITB Berl\u00edn 2026"},"content":{"rendered":"\n<p>Berl\u00edn, Alemania, 4 de marzo de 2026.- El Caribe Mexicano se encuentra participando en la Feria Internacional de Turismo ITB Berl\u00edn, que se lleva a cabo del 3 al 5 de marzo en la capital alemana. Este evento re\u00fane a m\u00e1s de 170 pa\u00edses y atrae a m\u00e1s de 100,000 profesionales del sector tur\u00edstico de todo el mundo, lo que lo convierte en uno de los encuentros m\u00e1s importantes para la industria global del turismo.<\/p>\n\n\n\n<p>Quintana Roo busca fortalecer la promoci\u00f3n de sus 12 destinos tur\u00edsticos, consolidando su presencia en mercados clave y ampliando la conectividad internacional. La delegaci\u00f3n quintanarroense conformada por 10 empresarios, 3 asociaciones de hoteles: Tulum; Canc\u00fan, Puerto Morelos e Isla Mujeres; y Riviera Maya y la participaci\u00f3n del municipio de Tulum, se enfoca en reforzar las alianzas con Alemania, uno de los mercados m\u00e1s importantes para el estado.<\/p>\n\n\n\n<figure class=\"wp-block-image size-large\"><img loading=\"lazy\" decoding=\"async\" width=\"1024\" height=\"576\" src=\"https:\/\/noticozumel.mx\/1\/wp-content\/uploads\/2026\/03\/Caribe-Mexicano-UTB-Berlin-2-1024x576.jpg\" alt=\"\" class=\"wp-image-7371\" srcset=\"https:\/\/noticozumel.mx\/1\/wp-content\/uploads\/2026\/03\/Caribe-Mexicano-UTB-Berlin-2-1024x576.jpg 1024w, https:\/\/noticozumel.mx\/1\/wp-content\/uploads\/2026\/03\/Caribe-Mexicano-UTB-Berlin-2-300x169.jpg 300w, https:\/\/noticozumel.mx\/1\/wp-content\/uploads\/2026\/03\/Caribe-Mexicano-UTB-Berlin-2-768x432.jpg 768w, https:\/\/noticozumel.mx\/1\/wp-content\/uploads\/2026\/03\/Caribe-Mexicano-UTB-Berlin-2-747x420.jpg 747w, https:\/\/noticozumel.mx\/1\/wp-content\/uploads\/2026\/03\/Caribe-Mexicano-UTB-Berlin-2-150x84.jpg 150w, https:\/\/noticozumel.mx\/1\/wp-content\/uploads\/2026\/03\/Caribe-Mexicano-UTB-Berlin-2-696x392.jpg 696w, https:\/\/noticozumel.mx\/1\/wp-content\/uploads\/2026\/03\/Caribe-Mexicano-UTB-Berlin-2-1068x601.jpg 1068w, https:\/\/noticozumel.mx\/1\/wp-content\/uploads\/2026\/03\/Caribe-Mexicano-UTB-Berlin-2.jpg 1280w\" sizes=\"auto, (max-width: 1024px) 100vw, 1024px\" \/><\/figure>\n\n\n\n<p>\u00abLa participaci\u00f3n de Quintana Roo en la ITB Berl\u00edn es fundamental para continuar posicionando al Caribe Mexicano como un destino de clase internacional y la capital mundial de las vacaciones, gracias a la visi\u00f3n y el liderazgo de nuestra gobernadora Mara Lezama, estamos fortaleciendo la conectividad, con vuelos directos que permiten una mayor accesibilidad para los turistas alemanes, un mercado que se mantiene dentro del top ten de los m\u00e1s importantes para el estado\u00bb mencion\u00f3 Bernardo Cueto.<\/p>\n\n\n\n<p>La conectividad sigue siendo un factor clave para el \u00e9xito de los destinos del Caribe Mexicano, con Alemania se mantiene la conectividad a\u00e9rea a trav\u00e9s la ruta Frankfurt-Canc\u00fan, registrando 12 vuelos de tipo redondo, operados por las aerol\u00edneas Condor y Discover Airlines, esto permite no solo aumentar la llegada de turistas, sino tambi\u00e9n potenciar la estancia y el gasto promedio, beneficiando a los sectores tur\u00edsticos, hoteleros y comerciales del estado.<\/p>\n\n\n\n<figure class=\"wp-block-image size-large\"><img loading=\"lazy\" decoding=\"async\" width=\"1024\" height=\"576\" src=\"https:\/\/noticozumel.mx\/1\/wp-content\/uploads\/2026\/03\/Caribe-Mexicano-UTB-Berlin-3-1024x576.jpg\" alt=\"\" class=\"wp-image-7372\" srcset=\"https:\/\/noticozumel.mx\/1\/wp-content\/uploads\/2026\/03\/Caribe-Mexicano-UTB-Berlin-3-1024x576.jpg 1024w, https:\/\/noticozumel.mx\/1\/wp-content\/uploads\/2026\/03\/Caribe-Mexicano-UTB-Berlin-3-300x169.jpg 300w, https:\/\/noticozumel.mx\/1\/wp-content\/uploads\/2026\/03\/Caribe-Mexicano-UTB-Berlin-3-768x432.jpg 768w, https:\/\/noticozumel.mx\/1\/wp-content\/uploads\/2026\/03\/Caribe-Mexicano-UTB-Berlin-3-747x420.jpg 747w, https:\/\/noticozumel.mx\/1\/wp-content\/uploads\/2026\/03\/Caribe-Mexicano-UTB-Berlin-3-150x84.jpg 150w, https:\/\/noticozumel.mx\/1\/wp-content\/uploads\/2026\/03\/Caribe-Mexicano-UTB-Berlin-3-696x392.jpg 696w, https:\/\/noticozumel.mx\/1\/wp-content\/uploads\/2026\/03\/Caribe-Mexicano-UTB-Berlin-3-1068x601.jpg 1068w, https:\/\/noticozumel.mx\/1\/wp-content\/uploads\/2026\/03\/Caribe-Mexicano-UTB-Berlin-3.jpg 1280w\" sizes=\"auto, (max-width: 1024px) 100vw, 1024px\" \/><\/figure>\n\n\n\n<p>La participaci\u00f3n en la ITB Berl\u00edn tambi\u00e9n refuerza la estrategia de diversificaci\u00f3n y posicionamiento internacional del Caribe Mexicano, consolidando su reputaci\u00f3n como un destino preferido por turistas de todo el mundo, especialmente del mercado europeo, con miras a la Copa Mundial de F\u00fatbol a celebrarse en el verano.<\/p>\n","protected":false},"excerpt":{"rendered":"<p>Berl\u00edn, Alemania, 4 de marzo de 2026.- El Caribe Mexicano se encuentra participando en la Feria Internacional de Turismo ITB Berl\u00edn, que se lleva a cabo del 3 al 5 de marzo en la capital alemana. Este evento re\u00fane a m\u00e1s de 170 pa\u00edses y atrae a m\u00e1s de 100,000 profesionales del sector tur\u00edstico de [&hellip;]<\/p>\n","protected":false},"author":1,"featured_media":7373,"comment_status":"open","ping_status":"closed","sticky":false,"template":"","format":"standard","meta":{"tdm_status":"","tdm_grid_status":"","footnotes":""},"categories":[2,29,42,34],"tags":[226,194,482,27,93,60,23,90],"class_list":{"0":"post-7370","1":"post","2":"type-post","3":"status-publish","4":"format-standard","5":"has-post-thumbnail","7":"category-featured","8":"category-internacional","9":"category-quintana-roo","10":"category-turismo","11":"tag-caribe-mexicano","12":"tag-internacional","13":"tag-itb-berlin","14":"tag-noticias-de-quintana-roo","15":"tag-noticias-de-turismo","16":"tag-noticozumel","17":"tag-quintana-roo","18":"tag-turismo"},"yoast_head":"<!-- This site is optimized with the Yoast SEO Premium plugin v26.2 (Yoast SEO v26.2) - https:\/\/yoast.com\/wordpress\/plugins\/seo\/ -->\n<title>Caribe Mexicano fortalece promoci\u00f3n y conectividad en la Feria ITB Berl\u00edn 2026 - NotiCozumel<\/title>\n<meta name=\"robots\" content=\"index, follow, max-snippet:-1, max-image-preview:large, max-video-preview:-1\" \/>\n<link rel=\"canonical\" href=\"https:\/\/noticozumel.mx\/1\/caribe-mexicano-fortalece-promocion-y-conectividad-en-la-feria-itb-berlin-2026\/\" \/>\n<meta property=\"og:locale\" content=\"es_ES\" \/>\n<meta property=\"og:type\" content=\"article\" \/>\n<meta property=\"og:title\" content=\"Caribe Mexicano fortalece promoci\u00f3n y conectividad en la Feria ITB Berl\u00edn 2026\" \/>\n<meta property=\"og:description\" content=\"Berl\u00edn, Alemania, 4 de marzo de 2026.- El Caribe Mexicano se encuentra participando en la Feria Internacional de Turismo ITB Berl\u00edn, que se lleva a cabo del 3 al 5 de marzo en la capital alemana. Este evento re\u00fane a m\u00e1s de 170 pa\u00edses y atrae a m\u00e1s de 100,000 profesionales del sector tur\u00edstico de [&hellip;]\" \/>\n<meta property=\"og:url\" content=\"https:\/\/noticozumel.mx\/1\/caribe-mexicano-fortalece-promocion-y-conectividad-en-la-feria-itb-berlin-2026\/\" \/>\n<meta property=\"og:site_name\" content=\"NotiCozumel\" \/>\n<meta property=\"article:published_time\" content=\"2026-03-04T23:11:00+00:00\" \/>\n<meta property=\"article:modified_time\" content=\"2026-03-05T07:15:20+00:00\" \/>\n<meta property=\"og:image\" content=\"https:\/\/noticozumel.mx\/1\/wp-content\/uploads\/2026\/03\/Caribe-Mexicano-UTB-Berlin-1.jpg\" \/>\n\t<meta property=\"og:image:width\" content=\"1280\" \/>\n\t<meta property=\"og:image:height\" content=\"960\" \/>\n\t<meta property=\"og:image:type\" content=\"image\/jpeg\" \/>\n<meta name=\"author\" content=\"Redacci\u00f3n\" \/>\n<meta name=\"twitter:card\" content=\"summary_large_image\" \/>\n<meta name=\"twitter:label1\" content=\"Escrito por\" \/>\n\t<meta name=\"twitter:data1\" content=\"Redacci\u00f3n\" \/>\n\t<meta name=\"twitter:label2\" content=\"Tiempo de lectura\" \/>\n\t<meta name=\"twitter:data2\" content=\"3 minutos\" \/>\n<script type=\"application\/ld+json\" class=\"yoast-schema-graph\">{\"@context\":\"https:\/\/schema.org\",\"@graph\":[{\"@type\":\"WebPage\",\"@id\":\"https:\/\/noticozumel.mx\/1\/caribe-mexicano-fortalece-promocion-y-conectividad-en-la-feria-itb-berlin-2026\/\",\"url\":\"https:\/\/noticozumel.mx\/1\/caribe-mexicano-fortalece-promocion-y-conectividad-en-la-feria-itb-berlin-2026\/\",\"name\":\"Caribe Mexicano fortalece promoci\u00f3n y conectividad en la Feria ITB Berl\u00edn 2026 - NotiCozumel\",\"isPartOf\":{\"@id\":\"https:\/\/noticozumel.mx\/1\/#website\"},\"primaryImageOfPage\":{\"@id\":\"https:\/\/noticozumel.mx\/1\/caribe-mexicano-fortalece-promocion-y-conectividad-en-la-feria-itb-berlin-2026\/#primaryimage\"},\"image\":{\"@id\":\"https:\/\/noticozumel.mx\/1\/caribe-mexicano-fortalece-promocion-y-conectividad-en-la-feria-itb-berlin-2026\/#primaryimage\"},\"thumbnailUrl\":\"https:\/\/noticozumel.mx\/1\/wp-content\/uploads\/2026\/03\/Caribe-Mexicano-UTB-Berlin-1.jpg\",\"datePublished\":\"2026-03-04T23:11:00+00:00\",\"dateModified\":\"2026-03-05T07:15:20+00:00\",\"author\":{\"@id\":\"https:\/\/noticozumel.mx\/1\/#\/schema\/person\/a3353279fd7f37e86677893e0510943b\"},\"breadcrumb\":{\"@id\":\"https:\/\/noticozumel.mx\/1\/caribe-mexicano-fortalece-promocion-y-conectividad-en-la-feria-itb-berlin-2026\/#breadcrumb\"},\"inLanguage\":\"es\",\"potentialAction\":[{\"@type\":\"ReadAction\",\"target\":[\"https:\/\/noticozumel.mx\/1\/caribe-mexicano-fortalece-promocion-y-conectividad-en-la-feria-itb-berlin-2026\/\"]}]},{\"@type\":\"ImageObject\",\"inLanguage\":\"es\",\"@id\":\"https:\/\/noticozumel.mx\/1\/caribe-mexicano-fortalece-promocion-y-conectividad-en-la-feria-itb-berlin-2026\/#primaryimage\",\"url\":\"https:\/\/noticozumel.mx\/1\/wp-content\/uploads\/2026\/03\/Caribe-Mexicano-UTB-Berlin-1.jpg\",\"contentUrl\":\"https:\/\/noticozumel.mx\/1\/wp-content\/uploads\/2026\/03\/Caribe-Mexicano-UTB-Berlin-1.jpg\",\"width\":1280,\"height\":960},{\"@type\":\"BreadcrumbList\",\"@id\":\"https:\/\/noticozumel.mx\/1\/caribe-mexicano-fortalece-promocion-y-conectividad-en-la-feria-itb-berlin-2026\/#breadcrumb\",\"itemListElement\":[{\"@type\":\"ListItem\",\"position\":1,\"name\":\"Portada\",\"item\":\"https:\/\/noticozumel.mx\/1\/\"},{\"@type\":\"ListItem\",\"position\":2,\"name\":\"Caribe Mexicano fortalece promoci\u00f3n y conectividad en la Feria ITB Berl\u00edn 2026\"}]},{\"@type\":\"WebSite\",\"@id\":\"https:\/\/noticozumel.mx\/1\/#website\",\"url\":\"https:\/\/noticozumel.mx\/1\/\",\"name\":\"NotiCozumel\",\"description\":\"Las noticias al alcance de todos\",\"potentialAction\":[{\"@type\":\"SearchAction\",\"target\":{\"@type\":\"EntryPoint\",\"urlTemplate\":\"https:\/\/noticozumel.mx\/1\/?s={search_term_string}\"},\"query-input\":{\"@type\":\"PropertyValueSpecification\",\"valueRequired\":true,\"valueName\":\"search_term_string\"}}],\"inLanguage\":\"es\"},{\"@type\":\"Person\",\"@id\":\"https:\/\/noticozumel.mx\/1\/#\/schema\/person\/a3353279fd7f37e86677893e0510943b\",\"name\":\"Redacci\u00f3n\",\"image\":{\"@type\":\"ImageObject\",\"inLanguage\":\"es\",\"@id\":\"https:\/\/noticozumel.mx\/1\/#\/schema\/person\/image\/\",\"url\":\"https:\/\/secure.gravatar.com\/avatar\/92c1decdbf2b01a0b3a758c19f5bf7b7b7c7ad1ebf1b8f407a69813d9948f6d0?s=96&d=mm&r=g\",\"contentUrl\":\"https:\/\/secure.gravatar.com\/avatar\/92c1decdbf2b01a0b3a758c19f5bf7b7b7c7ad1ebf1b8f407a69813d9948f6d0?s=96&d=mm&r=g\",\"caption\":\"Redacci\u00f3n\"},\"url\":\"https:\/\/noticozumel.mx\/1\/author\/admin\/\"}]}<\/script>\n<!-- \/ Yoast SEO Premium plugin. -->","yoast_head_json":{"title":"Caribe Mexicano fortalece promoci\u00f3n y conectividad en la Feria ITB Berl\u00edn 2026 - NotiCozumel","robots":{"index":"index","follow":"follow","max-snippet":"max-snippet:-1","max-image-preview":"max-image-preview:large","max-video-preview":"max-video-preview:-1"},"canonical":"https:\/\/noticozumel.mx\/1\/caribe-mexicano-fortalece-promocion-y-conectividad-en-la-feria-itb-berlin-2026\/","og_locale":"es_ES","og_type":"article","og_title":"Caribe Mexicano fortalece promoci\u00f3n y conectividad en la Feria ITB Berl\u00edn 2026","og_description":"Berl\u00edn, Alemania, 4 de marzo de 2026.- El Caribe Mexicano se encuentra participando en la Feria Internacional de Turismo ITB Berl\u00edn, que se lleva a cabo del 3 al 5 de marzo en la capital alemana. Este evento re\u00fane a m\u00e1s de 170 pa\u00edses y atrae a m\u00e1s de 100,000 profesionales del sector tur\u00edstico de [&hellip;]","og_url":"https:\/\/noticozumel.mx\/1\/caribe-mexicano-fortalece-promocion-y-conectividad-en-la-feria-itb-berlin-2026\/","og_site_name":"NotiCozumel","article_published_time":"2026-03-04T23:11:00+00:00","article_modified_time":"2026-03-05T07:15:20+00:00","og_image":[{"width":1280,"height":960,"url":"https:\/\/noticozumel.mx\/1\/wp-content\/uploads\/2026\/03\/Caribe-Mexicano-UTB-Berlin-1.jpg","type":"image\/jpeg"}],"author":"Redacci\u00f3n","twitter_card":"summary_large_image","twitter_misc":{"Escrito por":"Redacci\u00f3n","Tiempo de lectura":"3 minutos"},"schema":{"@context":"https:\/\/schema.org","@graph":[{"@type":"WebPage","@id":"https:\/\/noticozumel.mx\/1\/caribe-mexicano-fortalece-promocion-y-conectividad-en-la-feria-itb-berlin-2026\/","url":"https:\/\/noticozumel.mx\/1\/caribe-mexicano-fortalece-promocion-y-conectividad-en-la-feria-itb-berlin-2026\/","name":"Caribe Mexicano fortalece promoci\u00f3n y conectividad en la Feria ITB Berl\u00edn 2026 - NotiCozumel","isPartOf":{"@id":"https:\/\/noticozumel.mx\/1\/#website"},"primaryImageOfPage":{"@id":"https:\/\/noticozumel.mx\/1\/caribe-mexicano-fortalece-promocion-y-conectividad-en-la-feria-itb-berlin-2026\/#primaryimage"},"image":{"@id":"https:\/\/noticozumel.mx\/1\/caribe-mexicano-fortalece-promocion-y-conectividad-en-la-feria-itb-berlin-2026\/#primaryimage"},"thumbnailUrl":"https:\/\/noticozumel.mx\/1\/wp-content\/uploads\/2026\/03\/Caribe-Mexicano-UTB-Berlin-1.jpg","datePublished":"2026-03-04T23:11:00+00:00","dateModified":"2026-03-05T07:15:20+00:00","author":{"@id":"https:\/\/noticozumel.mx\/1\/#\/schema\/person\/a3353279fd7f37e86677893e0510943b"},"breadcrumb":{"@id":"https:\/\/noticozumel.mx\/1\/caribe-mexicano-fortalece-promocion-y-conectividad-en-la-feria-itb-berlin-2026\/#breadcrumb"},"inLanguage":"es","potentialAction":[{"@type":"ReadAction","target":["https:\/\/noticozumel.mx\/1\/caribe-mexicano-fortalece-promocion-y-conectividad-en-la-feria-itb-berlin-2026\/"]}]},{"@type":"ImageObject","inLanguage":"es","@id":"https:\/\/noticozumel.mx\/1\/caribe-mexicano-fortalece-promocion-y-conectividad-en-la-feria-itb-berlin-2026\/#primaryimage","url":"https:\/\/noticozumel.mx\/1\/wp-content\/uploads\/2026\/03\/Caribe-Mexicano-UTB-Berlin-1.jpg","contentUrl":"https:\/\/noticozumel.mx\/1\/wp-content\/uploads\/2026\/03\/Caribe-Mexicano-UTB-Berlin-1.jpg","width":1280,"height":960},{"@type":"BreadcrumbList","@id":"https:\/\/noticozumel.mx\/1\/caribe-mexicano-fortalece-promocion-y-conectividad-en-la-feria-itb-berlin-2026\/#breadcrumb","itemListElement":[{"@type":"ListItem","position":1,"name":"Portada","item":"https:\/\/noticozumel.mx\/1\/"},{"@type":"ListItem","position":2,"name":"Caribe Mexicano fortalece promoci\u00f3n y conectividad en la Feria ITB Berl\u00edn 2026"}]},{"@type":"WebSite","@id":"https:\/\/noticozumel.mx\/1\/#website","url":"https:\/\/noticozumel.mx\/1\/","name":"NotiCozumel","description":"Las noticias al alcance de todos","potentialAction":[{"@type":"SearchAction","target":{"@type":"EntryPoint","urlTemplate":"https:\/\/noticozumel.mx\/1\/?s={search_term_string}"},"query-input":{"@type":"PropertyValueSpecification","valueRequired":true,"valueName":"search_term_string"}}],"inLanguage":"es"},{"@type":"Person","@id":"https:\/\/noticozumel.mx\/1\/#\/schema\/person\/a3353279fd7f37e86677893e0510943b","name":"Redacci\u00f3n","image":{"@type":"ImageObject","inLanguage":"es","@id":"https:\/\/noticozumel.mx\/1\/#\/schema\/person\/image\/","url":"https:\/\/secure.gravatar.com\/avatar\/92c1decdbf2b01a0b3a758c19f5bf7b7b7c7ad1ebf1b8f407a69813d9948f6d0?s=96&d=mm&r=g","contentUrl":"https:\/\/secure.gravatar.com\/avatar\/92c1decdbf2b01a0b3a758c19f5bf7b7b7c7ad1ebf1b8f407a69813d9948f6d0?s=96&d=mm&r=g","caption":"Redacci\u00f3n"},"url":"https:\/\/noticozumel.mx\/1\/author\/admin\/"}]}},"_links":{"self":[{"href":"https:\/\/noticozumel.mx\/1\/wp-json\/wp\/v2\/posts\/7370","targetHints":{"allow":["GET"]}}],"collection":[{"href":"https:\/\/noticozumel.mx\/1\/wp-json\/wp\/v2\/posts"}],"about":[{"href":"https:\/\/noticozumel.mx\/1\/wp-json\/wp\/v2\/types\/post"}],"author":[{"embeddable":true,"href":"https:\/\/noticozumel.mx\/1\/wp-json\/wp\/v2\/users\/1"}],"replies":[{"embeddable":true,"href":"https:\/\/noticozumel.mx\/1\/wp-json\/wp\/v2\/comments?post=7370"}],"version-history":[{"count":1,"href":"https:\/\/noticozumel.mx\/1\/wp-json\/wp\/v2\/posts\/7370\/revisions"}],"predecessor-version":[{"id":7374,"href":"https:\/\/noticozumel.mx\/1\/wp-json\/wp\/v2\/posts\/7370\/revisions\/7374"}],"wp:featuredmedia":[{"embeddable":true,"href":"https:\/\/noticozumel.mx\/1\/wp-json\/wp\/v2\/media\/7373"}],"wp:attachment":[{"href":"https:\/\/noticozumel.mx\/1\/wp-json\/wp\/v2\/media?parent=7370"}],"wp:term":[{"taxonomy":"category","embeddable":true,"href":"https:\/\/noticozumel.mx\/1\/wp-json\/wp\/v2\/categories?post=7370"},{"taxonomy":"post_tag","embeddable":true,"href":"https:\/\/noticozumel.mx\/1\/wp-json\/wp\/v2\/tags?post=7370"}],"curies":[{"name":"wp","href":"https:\/\/api.w.org\/{rel}","templated":true}]}}