{"id":7493,"date":"2026-03-05T19:29:00","date_gmt":"2026-03-06T00:29:00","guid":{"rendered":"https:\/\/noticozumel.mx\/1\/?p=7493"},"modified":"2026-03-06T01:40:38","modified_gmt":"2026-03-06T06:40:38","slug":"presidente-del-teqroo-firma-convenio-con-tepjf-para-implementar-el-masc-en-quintana-roo","status":"publish","type":"post","link":"https:\/\/noticozumel.mx\/1\/presidente-del-teqroo-firma-convenio-con-tepjf-para-implementar-el-masc-en-quintana-roo\/","title":{"rendered":"Presidente del TEQROO firma convenio con TEPJF para implementar el MASC en Quintana Roo"},"content":{"rendered":"\n<p>Xalapa, Veracruz, 5 de marzo de 2026.- El Magistrado Presidente del Tribunal Electoral de Quintana Roo (TEQROO), Sergio Avil\u00e9s Demeneghi, firm\u00f3 un convenio de colaboraci\u00f3n con el Magistrado Presidente de la Sala Superior del Tribunal Electoral del Poder Judicial de la Federaci\u00f3n (TEPJF), Gilberto B\u00e1tiz Garc\u00eda, con el objetivo de implementar el Mecanismo Alternativo de Soluci\u00f3n de Controversias (MASC) en materia electoral.<\/p>\n\n\n\n<figure class=\"wp-block-image size-large\"><img loading=\"lazy\" decoding=\"async\" width=\"1024\" height=\"682\" src=\"https:\/\/noticozumel.mx\/1\/wp-content\/uploads\/2026\/03\/Convenio-TEQROO-MASC-4-1024x682.jpg\" alt=\"\" class=\"wp-image-7496\" srcset=\"https:\/\/noticozumel.mx\/1\/wp-content\/uploads\/2026\/03\/Convenio-TEQROO-MASC-4-1024x682.jpg 1024w, https:\/\/noticozumel.mx\/1\/wp-content\/uploads\/2026\/03\/Convenio-TEQROO-MASC-4-300x200.jpg 300w, https:\/\/noticozumel.mx\/1\/wp-content\/uploads\/2026\/03\/Convenio-TEQROO-MASC-4-768x512.jpg 768w, https:\/\/noticozumel.mx\/1\/wp-content\/uploads\/2026\/03\/Convenio-TEQROO-MASC-4-1536x1023.jpg 1536w, https:\/\/noticozumel.mx\/1\/wp-content\/uploads\/2026\/03\/Convenio-TEQROO-MASC-4-630x420.jpg 630w, https:\/\/noticozumel.mx\/1\/wp-content\/uploads\/2026\/03\/Convenio-TEQROO-MASC-4-150x100.jpg 150w, https:\/\/noticozumel.mx\/1\/wp-content\/uploads\/2026\/03\/Convenio-TEQROO-MASC-4-696x464.jpg 696w, https:\/\/noticozumel.mx\/1\/wp-content\/uploads\/2026\/03\/Convenio-TEQROO-MASC-4-1068x712.jpg 1068w, https:\/\/noticozumel.mx\/1\/wp-content\/uploads\/2026\/03\/Convenio-TEQROO-MASC-4.jpg 1600w\" sizes=\"auto, (max-width: 1024px) 100vw, 1024px\" \/><\/figure>\n\n\n\n<p>La firma del acuerdo se llev\u00f3 a cabo en las instalaciones de la Sala Regional Xalapa del TEPJF, con la presencia de las Magistraturas de este \u00f3rgano jurisdiccional: Roselia Bustillo Mar\u00edn, Eva Barrientos Zepeda y Jos\u00e9 Antonio Troncoso \u00c1vila.<\/p>\n\n\n\n<figure class=\"wp-block-image size-large\"><img loading=\"lazy\" decoding=\"async\" width=\"1024\" height=\"682\" src=\"https:\/\/noticozumel.mx\/1\/wp-content\/uploads\/2026\/03\/Convenio-TEQROO-MASC-3-1024x682.jpg\" alt=\"\" class=\"wp-image-7495\" srcset=\"https:\/\/noticozumel.mx\/1\/wp-content\/uploads\/2026\/03\/Convenio-TEQROO-MASC-3-1024x682.jpg 1024w, https:\/\/noticozumel.mx\/1\/wp-content\/uploads\/2026\/03\/Convenio-TEQROO-MASC-3-300x200.jpg 300w, https:\/\/noticozumel.mx\/1\/wp-content\/uploads\/2026\/03\/Convenio-TEQROO-MASC-3-768x512.jpg 768w, https:\/\/noticozumel.mx\/1\/wp-content\/uploads\/2026\/03\/Convenio-TEQROO-MASC-3-1536x1023.jpg 1536w, https:\/\/noticozumel.mx\/1\/wp-content\/uploads\/2026\/03\/Convenio-TEQROO-MASC-3-630x420.jpg 630w, https:\/\/noticozumel.mx\/1\/wp-content\/uploads\/2026\/03\/Convenio-TEQROO-MASC-3-150x100.jpg 150w, https:\/\/noticozumel.mx\/1\/wp-content\/uploads\/2026\/03\/Convenio-TEQROO-MASC-3-696x464.jpg 696w, https:\/\/noticozumel.mx\/1\/wp-content\/uploads\/2026\/03\/Convenio-TEQROO-MASC-3-1068x712.jpg 1068w, https:\/\/noticozumel.mx\/1\/wp-content\/uploads\/2026\/03\/Convenio-TEQROO-MASC-3.jpg 1600w\" sizes=\"auto, (max-width: 1024px) 100vw, 1024px\" \/><\/figure>\n\n\n\n<p>Este convenio se suscribi\u00f3 entre el TEPJF y las autoridades electorales de la III Circunscripci\u00f3n Plurinominal, integrada por los estados de Chiapas, Tabasco, Veracruz, Oaxaca, Campeche, Yucat\u00e1n y Quintana Roo, con el prop\u00f3sito de fortalecer mecanismos que permitan la resoluci\u00f3n pac\u00edfica de controversias en el \u00e1mbito electoral.<\/p>\n\n\n\n<figure class=\"wp-block-image size-large\"><img loading=\"lazy\" decoding=\"async\" width=\"1024\" height=\"682\" src=\"https:\/\/noticozumel.mx\/1\/wp-content\/uploads\/2026\/03\/Convenio-TEQROO-MASC-2-1024x682.jpg\" alt=\"\" class=\"wp-image-7494\" srcset=\"https:\/\/noticozumel.mx\/1\/wp-content\/uploads\/2026\/03\/Convenio-TEQROO-MASC-2-1024x682.jpg 1024w, https:\/\/noticozumel.mx\/1\/wp-content\/uploads\/2026\/03\/Convenio-TEQROO-MASC-2-300x200.jpg 300w, https:\/\/noticozumel.mx\/1\/wp-content\/uploads\/2026\/03\/Convenio-TEQROO-MASC-2-768x512.jpg 768w, https:\/\/noticozumel.mx\/1\/wp-content\/uploads\/2026\/03\/Convenio-TEQROO-MASC-2-1536x1023.jpg 1536w, https:\/\/noticozumel.mx\/1\/wp-content\/uploads\/2026\/03\/Convenio-TEQROO-MASC-2-630x420.jpg 630w, https:\/\/noticozumel.mx\/1\/wp-content\/uploads\/2026\/03\/Convenio-TEQROO-MASC-2-150x100.jpg 150w, https:\/\/noticozumel.mx\/1\/wp-content\/uploads\/2026\/03\/Convenio-TEQROO-MASC-2-696x464.jpg 696w, https:\/\/noticozumel.mx\/1\/wp-content\/uploads\/2026\/03\/Convenio-TEQROO-MASC-2-1068x712.jpg 1068w, https:\/\/noticozumel.mx\/1\/wp-content\/uploads\/2026\/03\/Convenio-TEQROO-MASC-2.jpg 1600w\" sizes=\"auto, (max-width: 1024px) 100vw, 1024px\" \/><\/figure>\n","protected":false},"excerpt":{"rendered":"<p>Xalapa, Veracruz, 5 de marzo de 2026.- El Magistrado Presidente del Tribunal Electoral de Quintana Roo (TEQROO), Sergio Avil\u00e9s Demeneghi, firm\u00f3 un convenio de colaboraci\u00f3n con el Magistrado Presidente de la Sala Superior del Tribunal Electoral del Poder Judicial de la Federaci\u00f3n (TEPJF), Gilberto B\u00e1tiz Garc\u00eda, con el objetivo de implementar el Mecanismo Alternativo de [&hellip;]<\/p>\n","protected":false},"author":1,"featured_media":7497,"comment_status":"open","ping_status":"closed","sticky":false,"template":"","format":"standard","meta":{"tdm_status":"","tdm_grid_status":"","footnotes":""},"categories":[74,30,37],"tags":[487,100,27,60,65,23,268,486,485],"class_list":{"0":"post-7493","1":"post","2":"type-post","3":"status-publish","4":"format-standard","5":"has-post-thumbnail","7":"category-global","8":"category-nacional","9":"category-politica","10":"tag-masc","11":"tag-nacional","12":"tag-noticias-de-quintana-roo","13":"tag-noticozumel","14":"tag-politica","15":"tag-quintana-roo","16":"tag-teqroo","17":"tag-veracruz","18":"tag-xalapa"},"yoast_head":"<!-- This site is optimized with the Yoast SEO Premium plugin v26.2 (Yoast SEO v26.2) - https:\/\/yoast.com\/wordpress\/plugins\/seo\/ -->\n<title>Presidente del TEQROO firma convenio con TEPJF para implementar el MASC en Quintana Roo - NotiCozumel<\/title>\n<meta name=\"robots\" content=\"index, follow, max-snippet:-1, max-image-preview:large, max-video-preview:-1\" \/>\n<link rel=\"canonical\" href=\"https:\/\/noticozumel.mx\/1\/presidente-del-teqroo-firma-convenio-con-tepjf-para-implementar-el-masc-en-quintana-roo\/\" \/>\n<meta property=\"og:locale\" content=\"es_ES\" \/>\n<meta property=\"og:type\" content=\"article\" \/>\n<meta property=\"og:title\" content=\"Presidente del TEQROO firma convenio con TEPJF para implementar el MASC en Quintana Roo\" \/>\n<meta property=\"og:description\" content=\"Xalapa, Veracruz, 5 de marzo de 2026.- El Magistrado Presidente del Tribunal Electoral de Quintana Roo (TEQROO), Sergio Avil\u00e9s Demeneghi, firm\u00f3 un convenio de colaboraci\u00f3n con el Magistrado Presidente de la Sala Superior del Tribunal Electoral del Poder Judicial de la Federaci\u00f3n (TEPJF), Gilberto B\u00e1tiz Garc\u00eda, con el objetivo de implementar el Mecanismo Alternativo de [&hellip;]\" \/>\n<meta property=\"og:url\" content=\"https:\/\/noticozumel.mx\/1\/presidente-del-teqroo-firma-convenio-con-tepjf-para-implementar-el-masc-en-quintana-roo\/\" \/>\n<meta property=\"og:site_name\" content=\"NotiCozumel\" \/>\n<meta property=\"article:published_time\" content=\"2026-03-06T00:29:00+00:00\" \/>\n<meta property=\"article:modified_time\" content=\"2026-03-06T06:40:38+00:00\" \/>\n<meta property=\"og:image\" content=\"https:\/\/noticozumel.mx\/1\/wp-content\/uploads\/2026\/03\/Convenio-TEQROO-MASC-1.jpg\" \/>\n\t<meta property=\"og:image:width\" content=\"1600\" \/>\n\t<meta property=\"og:image:height\" content=\"1066\" \/>\n\t<meta property=\"og:image:type\" content=\"image\/jpeg\" \/>\n<meta name=\"author\" content=\"Redacci\u00f3n\" \/>\n<meta name=\"twitter:card\" content=\"summary_large_image\" \/>\n<meta name=\"twitter:label1\" content=\"Escrito por\" \/>\n\t<meta name=\"twitter:data1\" content=\"Redacci\u00f3n\" \/>\n\t<meta name=\"twitter:label2\" content=\"Tiempo de lectura\" \/>\n\t<meta name=\"twitter:data2\" content=\"2 minutos\" \/>\n<script type=\"application\/ld+json\" class=\"yoast-schema-graph\">{\"@context\":\"https:\/\/schema.org\",\"@graph\":[{\"@type\":\"WebPage\",\"@id\":\"https:\/\/noticozumel.mx\/1\/presidente-del-teqroo-firma-convenio-con-tepjf-para-implementar-el-masc-en-quintana-roo\/\",\"url\":\"https:\/\/noticozumel.mx\/1\/presidente-del-teqroo-firma-convenio-con-tepjf-para-implementar-el-masc-en-quintana-roo\/\",\"name\":\"Presidente del TEQROO firma convenio con TEPJF para implementar el MASC en Quintana Roo - NotiCozumel\",\"isPartOf\":{\"@id\":\"https:\/\/noticozumel.mx\/1\/#website\"},\"primaryImageOfPage\":{\"@id\":\"https:\/\/noticozumel.mx\/1\/presidente-del-teqroo-firma-convenio-con-tepjf-para-implementar-el-masc-en-quintana-roo\/#primaryimage\"},\"image\":{\"@id\":\"https:\/\/noticozumel.mx\/1\/presidente-del-teqroo-firma-convenio-con-tepjf-para-implementar-el-masc-en-quintana-roo\/#primaryimage\"},\"thumbnailUrl\":\"https:\/\/noticozumel.mx\/1\/wp-content\/uploads\/2026\/03\/Convenio-TEQROO-MASC-1.jpg\",\"datePublished\":\"2026-03-06T00:29:00+00:00\",\"dateModified\":\"2026-03-06T06:40:38+00:00\",\"author\":{\"@id\":\"https:\/\/noticozumel.mx\/1\/#\/schema\/person\/a3353279fd7f37e86677893e0510943b\"},\"breadcrumb\":{\"@id\":\"https:\/\/noticozumel.mx\/1\/presidente-del-teqroo-firma-convenio-con-tepjf-para-implementar-el-masc-en-quintana-roo\/#breadcrumb\"},\"inLanguage\":\"es\",\"potentialAction\":[{\"@type\":\"ReadAction\",\"target\":[\"https:\/\/noticozumel.mx\/1\/presidente-del-teqroo-firma-convenio-con-tepjf-para-implementar-el-masc-en-quintana-roo\/\"]}]},{\"@type\":\"ImageObject\",\"inLanguage\":\"es\",\"@id\":\"https:\/\/noticozumel.mx\/1\/presidente-del-teqroo-firma-convenio-con-tepjf-para-implementar-el-masc-en-quintana-roo\/#primaryimage\",\"url\":\"https:\/\/noticozumel.mx\/1\/wp-content\/uploads\/2026\/03\/Convenio-TEQROO-MASC-1.jpg\",\"contentUrl\":\"https:\/\/noticozumel.mx\/1\/wp-content\/uploads\/2026\/03\/Convenio-TEQROO-MASC-1.jpg\",\"width\":1600,\"height\":1066},{\"@type\":\"BreadcrumbList\",\"@id\":\"https:\/\/noticozumel.mx\/1\/presidente-del-teqroo-firma-convenio-con-tepjf-para-implementar-el-masc-en-quintana-roo\/#breadcrumb\",\"itemListElement\":[{\"@type\":\"ListItem\",\"position\":1,\"name\":\"Portada\",\"item\":\"https:\/\/noticozumel.mx\/1\/\"},{\"@type\":\"ListItem\",\"position\":2,\"name\":\"Presidente del TEQROO firma convenio con TEPJF para implementar el MASC en Quintana Roo\"}]},{\"@type\":\"WebSite\",\"@id\":\"https:\/\/noticozumel.mx\/1\/#website\",\"url\":\"https:\/\/noticozumel.mx\/1\/\",\"name\":\"NotiCozumel\",\"description\":\"Las noticias al alcance de todos\",\"potentialAction\":[{\"@type\":\"SearchAction\",\"target\":{\"@type\":\"EntryPoint\",\"urlTemplate\":\"https:\/\/noticozumel.mx\/1\/?s={search_term_string}\"},\"query-input\":{\"@type\":\"PropertyValueSpecification\",\"valueRequired\":true,\"valueName\":\"search_term_string\"}}],\"inLanguage\":\"es\"},{\"@type\":\"Person\",\"@id\":\"https:\/\/noticozumel.mx\/1\/#\/schema\/person\/a3353279fd7f37e86677893e0510943b\",\"name\":\"Redacci\u00f3n\",\"image\":{\"@type\":\"ImageObject\",\"inLanguage\":\"es\",\"@id\":\"https:\/\/noticozumel.mx\/1\/#\/schema\/person\/image\/\",\"url\":\"https:\/\/secure.gravatar.com\/avatar\/92c1decdbf2b01a0b3a758c19f5bf7b7b7c7ad1ebf1b8f407a69813d9948f6d0?s=96&d=mm&r=g\",\"contentUrl\":\"https:\/\/secure.gravatar.com\/avatar\/92c1decdbf2b01a0b3a758c19f5bf7b7b7c7ad1ebf1b8f407a69813d9948f6d0?s=96&d=mm&r=g\",\"caption\":\"Redacci\u00f3n\"},\"url\":\"https:\/\/noticozumel.mx\/1\/author\/admin\/\"}]}<\/script>\n<!-- \/ Yoast SEO Premium plugin. -->","yoast_head_json":{"title":"Presidente del TEQROO firma convenio con TEPJF para implementar el MASC en Quintana Roo - NotiCozumel","robots":{"index":"index","follow":"follow","max-snippet":"max-snippet:-1","max-image-preview":"max-image-preview:large","max-video-preview":"max-video-preview:-1"},"canonical":"https:\/\/noticozumel.mx\/1\/presidente-del-teqroo-firma-convenio-con-tepjf-para-implementar-el-masc-en-quintana-roo\/","og_locale":"es_ES","og_type":"article","og_title":"Presidente del TEQROO firma convenio con TEPJF para implementar el MASC en Quintana Roo","og_description":"Xalapa, Veracruz, 5 de marzo de 2026.- El Magistrado Presidente del Tribunal Electoral de Quintana Roo (TEQROO), Sergio Avil\u00e9s Demeneghi, firm\u00f3 un convenio de colaboraci\u00f3n con el Magistrado Presidente de la Sala Superior del Tribunal Electoral del Poder Judicial de la Federaci\u00f3n (TEPJF), Gilberto B\u00e1tiz Garc\u00eda, con el objetivo de implementar el Mecanismo Alternativo de [&hellip;]","og_url":"https:\/\/noticozumel.mx\/1\/presidente-del-teqroo-firma-convenio-con-tepjf-para-implementar-el-masc-en-quintana-roo\/","og_site_name":"NotiCozumel","article_published_time":"2026-03-06T00:29:00+00:00","article_modified_time":"2026-03-06T06:40:38+00:00","og_image":[{"width":1600,"height":1066,"url":"https:\/\/noticozumel.mx\/1\/wp-content\/uploads\/2026\/03\/Convenio-TEQROO-MASC-1.jpg","type":"image\/jpeg"}],"author":"Redacci\u00f3n","twitter_card":"summary_large_image","twitter_misc":{"Escrito por":"Redacci\u00f3n","Tiempo de lectura":"2 minutos"},"schema":{"@context":"https:\/\/schema.org","@graph":[{"@type":"WebPage","@id":"https:\/\/noticozumel.mx\/1\/presidente-del-teqroo-firma-convenio-con-tepjf-para-implementar-el-masc-en-quintana-roo\/","url":"https:\/\/noticozumel.mx\/1\/presidente-del-teqroo-firma-convenio-con-tepjf-para-implementar-el-masc-en-quintana-roo\/","name":"Presidente del TEQROO firma convenio con TEPJF para implementar el MASC en Quintana Roo - NotiCozumel","isPartOf":{"@id":"https:\/\/noticozumel.mx\/1\/#website"},"primaryImageOfPage":{"@id":"https:\/\/noticozumel.mx\/1\/presidente-del-teqroo-firma-convenio-con-tepjf-para-implementar-el-masc-en-quintana-roo\/#primaryimage"},"image":{"@id":"https:\/\/noticozumel.mx\/1\/presidente-del-teqroo-firma-convenio-con-tepjf-para-implementar-el-masc-en-quintana-roo\/#primaryimage"},"thumbnailUrl":"https:\/\/noticozumel.mx\/1\/wp-content\/uploads\/2026\/03\/Convenio-TEQROO-MASC-1.jpg","datePublished":"2026-03-06T00:29:00+00:00","dateModified":"2026-03-06T06:40:38+00:00","author":{"@id":"https:\/\/noticozumel.mx\/1\/#\/schema\/person\/a3353279fd7f37e86677893e0510943b"},"breadcrumb":{"@id":"https:\/\/noticozumel.mx\/1\/presidente-del-teqroo-firma-convenio-con-tepjf-para-implementar-el-masc-en-quintana-roo\/#breadcrumb"},"inLanguage":"es","potentialAction":[{"@type":"ReadAction","target":["https:\/\/noticozumel.mx\/1\/presidente-del-teqroo-firma-convenio-con-tepjf-para-implementar-el-masc-en-quintana-roo\/"]}]},{"@type":"ImageObject","inLanguage":"es","@id":"https:\/\/noticozumel.mx\/1\/presidente-del-teqroo-firma-convenio-con-tepjf-para-implementar-el-masc-en-quintana-roo\/#primaryimage","url":"https:\/\/noticozumel.mx\/1\/wp-content\/uploads\/2026\/03\/Convenio-TEQROO-MASC-1.jpg","contentUrl":"https:\/\/noticozumel.mx\/1\/wp-content\/uploads\/2026\/03\/Convenio-TEQROO-MASC-1.jpg","width":1600,"height":1066},{"@type":"BreadcrumbList","@id":"https:\/\/noticozumel.mx\/1\/presidente-del-teqroo-firma-convenio-con-tepjf-para-implementar-el-masc-en-quintana-roo\/#breadcrumb","itemListElement":[{"@type":"ListItem","position":1,"name":"Portada","item":"https:\/\/noticozumel.mx\/1\/"},{"@type":"ListItem","position":2,"name":"Presidente del TEQROO firma convenio con TEPJF para implementar el MASC en Quintana Roo"}]},{"@type":"WebSite","@id":"https:\/\/noticozumel.mx\/1\/#website","url":"https:\/\/noticozumel.mx\/1\/","name":"NotiCozumel","description":"Las noticias al alcance de todos","potentialAction":[{"@type":"SearchAction","target":{"@type":"EntryPoint","urlTemplate":"https:\/\/noticozumel.mx\/1\/?s={search_term_string}"},"query-input":{"@type":"PropertyValueSpecification","valueRequired":true,"valueName":"search_term_string"}}],"inLanguage":"es"},{"@type":"Person","@id":"https:\/\/noticozumel.mx\/1\/#\/schema\/person\/a3353279fd7f37e86677893e0510943b","name":"Redacci\u00f3n","image":{"@type":"ImageObject","inLanguage":"es","@id":"https:\/\/noticozumel.mx\/1\/#\/schema\/person\/image\/","url":"https:\/\/secure.gravatar.com\/avatar\/92c1decdbf2b01a0b3a758c19f5bf7b7b7c7ad1ebf1b8f407a69813d9948f6d0?s=96&d=mm&r=g","contentUrl":"https:\/\/secure.gravatar.com\/avatar\/92c1decdbf2b01a0b3a758c19f5bf7b7b7c7ad1ebf1b8f407a69813d9948f6d0?s=96&d=mm&r=g","caption":"Redacci\u00f3n"},"url":"https:\/\/noticozumel.mx\/1\/author\/admin\/"}]}},"_links":{"self":[{"href":"https:\/\/noticozumel.mx\/1\/wp-json\/wp\/v2\/posts\/7493","targetHints":{"allow":["GET"]}}],"collection":[{"href":"https:\/\/noticozumel.mx\/1\/wp-json\/wp\/v2\/posts"}],"about":[{"href":"https:\/\/noticozumel.mx\/1\/wp-json\/wp\/v2\/types\/post"}],"author":[{"embeddable":true,"href":"https:\/\/noticozumel.mx\/1\/wp-json\/wp\/v2\/users\/1"}],"replies":[{"embeddable":true,"href":"https:\/\/noticozumel.mx\/1\/wp-json\/wp\/v2\/comments?post=7493"}],"version-history":[{"count":1,"href":"https:\/\/noticozumel.mx\/1\/wp-json\/wp\/v2\/posts\/7493\/revisions"}],"predecessor-version":[{"id":7498,"href":"https:\/\/noticozumel.mx\/1\/wp-json\/wp\/v2\/posts\/7493\/revisions\/7498"}],"wp:featuredmedia":[{"embeddable":true,"href":"https:\/\/noticozumel.mx\/1\/wp-json\/wp\/v2\/media\/7497"}],"wp:attachment":[{"href":"https:\/\/noticozumel.mx\/1\/wp-json\/wp\/v2\/media?parent=7493"}],"wp:term":[{"taxonomy":"category","embeddable":true,"href":"https:\/\/noticozumel.mx\/1\/wp-json\/wp\/v2\/categories?post=7493"},{"taxonomy":"post_tag","embeddable":true,"href":"https:\/\/noticozumel.mx\/1\/wp-json\/wp\/v2\/tags?post=7493"}],"curies":[{"name":"wp","href":"https:\/\/api.w.org\/{rel}","templated":true}]}}