{"id":7623,"date":"2026-03-09T08:15:20","date_gmt":"2026-03-09T13:15:20","guid":{"rendered":"https:\/\/noticozumel.mx\/1\/?p=7623"},"modified":"2026-03-09T08:15:25","modified_gmt":"2026-03-09T13:15:25","slug":"punto-x-punto-la-fuerza-de-la-unidad","status":"publish","type":"post","link":"https:\/\/noticozumel.mx\/1\/punto-x-punto-la-fuerza-de-la-unidad\/","title":{"rendered":"Punto x punto: La fuerza de la unidad"},"content":{"rendered":"\n<p><strong>Por Karina Contreras<\/strong><\/p>\n\n\n\n<p>08\/03\/2026<\/p>\n\n\n\n<p><strong>Punto n\u00famero 1.<\/strong> El significado del 8 de marzo. una fecha que trasciende el calendario para convertirse en un rugido mundial. No es un d\u00eda de celebraci\u00f3n festiva, sino de memoria, de balance y, sobre todo, de exigencia. Como parte de esta conmemoraci\u00f3n, las mujeres salimos a las calles para recordar que la lucha por la igualdad de derechos, la seguridad y la justicia no es una meta alcanzada, sino un camino que seguimos labrando con determinaci\u00f3n.<\/p>\n\n\n\n<p><strong>Punto n\u00famero 2. <\/strong>La uni\u00f3n excepcional en Quintana Roo. En Quintana Roo, el panorama cobra un matiz particular por ser el espacio donde las diferencias se dejan de lado. Es quiz\u00e1s el \u00fanico momento y lugar donde las distinciones de clase, ideolog\u00eda o profesi\u00f3n se desvanecen; bajo una misma consigna, miles de mujeres caminan hombro con hombro, demostrando que cuando el objetivo es com\u00fan, la uni\u00f3n surge de manera natural y poderosa.<\/p>\n\n\n\n<p><strong>Punto n\u00famero 3<\/strong>. El obst\u00e1culo en el entorno laboral. No obstante, al volver a la cotidianidad, especialmente en el \u00e1mbito laboral, esa armon\u00eda suele encontrar obst\u00e1culos dif\u00edciles de sortear. Es una realidad que debemos se\u00f1alar: en la mayor\u00eda de los casos, el freno para el crecimiento de una mujer es puesto por otra mujer. Esta falta de apoyo y la competencia interna son barreras que no permiten avanzar a la velocidad que el talento femenino merece.<\/p>\n\n\n\n<p><strong>Punto n\u00famero 4<\/strong>. El poder de la sororidad cotidiana. Si logr\u00e1ramos trasladar esa solidaridad que se vive en las marchas a las oficinas, a las empresas y a la administraci\u00f3n p\u00fablica, el sistema funcionar\u00eda mejor para todas. La verdadera transformaci\u00f3n y el \u00e9xito colectivo ocurrir\u00e1n en el momento en que dejemos de vernos como rivales y empecemos a actuar como una red de apoyo inquebrantable.<\/p>\n\n\n\n<p><strong>Punto n\u00famero 5<\/strong>. El liderazgo y la apertura de brechas. En este contexto, la gobernadora Mara Lezama ha sido una pieza clave al enfatizar que este es \u00abel tiempo de las mujeres\u00bb. Ella misma ha dado el ejemplo siendo la Primera Mujer en Gobernar en Quintana Roo y en orientar a las mujeres hacia lugares y puestos de toma de decisiones donde nunca antes hab\u00edan estado, demostrando con hechos que las oportunidades hoy son una realidad tangible en el estado.<\/p>\n\n\n\n<p>Nos vemos en la pr\u00f3xima edici\u00f3n de Punto x punto. Soy Karina Contreras; s\u00edguenos en nuestras redes, dale like y comparte.<\/p>\n","protected":false},"excerpt":{"rendered":"<p>Por Karina Contreras 08\/03\/2026 Punto n\u00famero 1. El significado del 8 de marzo. una fecha que trasciende el calendario para convertirse en un rugido mundial. No es un d\u00eda de celebraci\u00f3n festiva, sino de memoria, de balance y, sobre todo, de exigencia. Como parte de esta conmemoraci\u00f3n, las mujeres salimos a las calles para recordar [&hellip;]<\/p>\n","protected":false},"author":1,"featured_media":7624,"comment_status":"open","ping_status":"closed","sticky":false,"template":"","format":"standard","meta":{"tdm_status":"","tdm_grid_status":"","footnotes":""},"categories":[45,483],"tags":[158,128,484],"class_list":{"0":"post-7623","1":"post","2":"type-post","3":"status-publish","4":"format-standard","5":"has-post-thumbnail","7":"category-columnas","8":"category-punto-x-punto","9":"tag-columna","10":"tag-opinion","11":"tag-punto-x-punto"},"yoast_head":"<!-- This site is optimized with the Yoast SEO Premium plugin v26.2 (Yoast SEO v26.2) - https:\/\/yoast.com\/wordpress\/plugins\/seo\/ -->\n<title>Punto x punto: La fuerza de la unidad - NotiCozumel<\/title>\n<meta name=\"robots\" content=\"index, follow, max-snippet:-1, max-image-preview:large, max-video-preview:-1\" \/>\n<link rel=\"canonical\" href=\"https:\/\/noticozumel.mx\/1\/punto-x-punto-la-fuerza-de-la-unidad\/\" \/>\n<meta property=\"og:locale\" content=\"es_ES\" \/>\n<meta property=\"og:type\" content=\"article\" \/>\n<meta property=\"og:title\" content=\"Punto x punto: La fuerza de la unidad\" \/>\n<meta property=\"og:description\" content=\"Por Karina Contreras 08\/03\/2026 Punto n\u00famero 1. El significado del 8 de marzo. una fecha que trasciende el calendario para convertirse en un rugido mundial. No es un d\u00eda de celebraci\u00f3n festiva, sino de memoria, de balance y, sobre todo, de exigencia. Como parte de esta conmemoraci\u00f3n, las mujeres salimos a las calles para recordar [&hellip;]\" \/>\n<meta property=\"og:url\" content=\"https:\/\/noticozumel.mx\/1\/punto-x-punto-la-fuerza-de-la-unidad\/\" \/>\n<meta property=\"og:site_name\" content=\"NotiCozumel\" \/>\n<meta property=\"article:published_time\" content=\"2026-03-09T13:15:20+00:00\" \/>\n<meta property=\"article:modified_time\" content=\"2026-03-09T13:15:25+00:00\" \/>\n<meta property=\"og:image\" content=\"https:\/\/noticozumel.mx\/1\/wp-content\/uploads\/2026\/03\/Punto-X-Punto-8M.jpg\" \/>\n\t<meta property=\"og:image:width\" content=\"1024\" \/>\n\t<meta property=\"og:image:height\" content=\"1024\" \/>\n\t<meta property=\"og:image:type\" content=\"image\/jpeg\" \/>\n<meta name=\"author\" content=\"Redacci\u00f3n\" \/>\n<meta name=\"twitter:card\" content=\"summary_large_image\" \/>\n<meta name=\"twitter:label1\" content=\"Escrito por\" \/>\n\t<meta name=\"twitter:data1\" content=\"Redacci\u00f3n\" \/>\n\t<meta name=\"twitter:label2\" content=\"Tiempo de lectura\" \/>\n\t<meta name=\"twitter:data2\" content=\"3 minutos\" \/>\n<script type=\"application\/ld+json\" class=\"yoast-schema-graph\">{\"@context\":\"https:\/\/schema.org\",\"@graph\":[{\"@type\":\"WebPage\",\"@id\":\"https:\/\/noticozumel.mx\/1\/punto-x-punto-la-fuerza-de-la-unidad\/\",\"url\":\"https:\/\/noticozumel.mx\/1\/punto-x-punto-la-fuerza-de-la-unidad\/\",\"name\":\"Punto x punto: La fuerza de la unidad - NotiCozumel\",\"isPartOf\":{\"@id\":\"https:\/\/noticozumel.mx\/1\/#website\"},\"primaryImageOfPage\":{\"@id\":\"https:\/\/noticozumel.mx\/1\/punto-x-punto-la-fuerza-de-la-unidad\/#primaryimage\"},\"image\":{\"@id\":\"https:\/\/noticozumel.mx\/1\/punto-x-punto-la-fuerza-de-la-unidad\/#primaryimage\"},\"thumbnailUrl\":\"https:\/\/noticozumel.mx\/1\/wp-content\/uploads\/2026\/03\/Punto-X-Punto-8M.jpg\",\"datePublished\":\"2026-03-09T13:15:20+00:00\",\"dateModified\":\"2026-03-09T13:15:25+00:00\",\"author\":{\"@id\":\"https:\/\/noticozumel.mx\/1\/#\/schema\/person\/a3353279fd7f37e86677893e0510943b\"},\"breadcrumb\":{\"@id\":\"https:\/\/noticozumel.mx\/1\/punto-x-punto-la-fuerza-de-la-unidad\/#breadcrumb\"},\"inLanguage\":\"es\",\"potentialAction\":[{\"@type\":\"ReadAction\",\"target\":[\"https:\/\/noticozumel.mx\/1\/punto-x-punto-la-fuerza-de-la-unidad\/\"]}]},{\"@type\":\"ImageObject\",\"inLanguage\":\"es\",\"@id\":\"https:\/\/noticozumel.mx\/1\/punto-x-punto-la-fuerza-de-la-unidad\/#primaryimage\",\"url\":\"https:\/\/noticozumel.mx\/1\/wp-content\/uploads\/2026\/03\/Punto-X-Punto-8M.jpg\",\"contentUrl\":\"https:\/\/noticozumel.mx\/1\/wp-content\/uploads\/2026\/03\/Punto-X-Punto-8M.jpg\",\"width\":1024,\"height\":1024},{\"@type\":\"BreadcrumbList\",\"@id\":\"https:\/\/noticozumel.mx\/1\/punto-x-punto-la-fuerza-de-la-unidad\/#breadcrumb\",\"itemListElement\":[{\"@type\":\"ListItem\",\"position\":1,\"name\":\"Portada\",\"item\":\"https:\/\/noticozumel.mx\/1\/\"},{\"@type\":\"ListItem\",\"position\":2,\"name\":\"Punto x punto: La fuerza de la unidad\"}]},{\"@type\":\"WebSite\",\"@id\":\"https:\/\/noticozumel.mx\/1\/#website\",\"url\":\"https:\/\/noticozumel.mx\/1\/\",\"name\":\"NotiCozumel\",\"description\":\"Las noticias al alcance de todos\",\"potentialAction\":[{\"@type\":\"SearchAction\",\"target\":{\"@type\":\"EntryPoint\",\"urlTemplate\":\"https:\/\/noticozumel.mx\/1\/?s={search_term_string}\"},\"query-input\":{\"@type\":\"PropertyValueSpecification\",\"valueRequired\":true,\"valueName\":\"search_term_string\"}}],\"inLanguage\":\"es\"},{\"@type\":\"Person\",\"@id\":\"https:\/\/noticozumel.mx\/1\/#\/schema\/person\/a3353279fd7f37e86677893e0510943b\",\"name\":\"Redacci\u00f3n\",\"image\":{\"@type\":\"ImageObject\",\"inLanguage\":\"es\",\"@id\":\"https:\/\/noticozumel.mx\/1\/#\/schema\/person\/image\/\",\"url\":\"https:\/\/secure.gravatar.com\/avatar\/92c1decdbf2b01a0b3a758c19f5bf7b7b7c7ad1ebf1b8f407a69813d9948f6d0?s=96&d=mm&r=g\",\"contentUrl\":\"https:\/\/secure.gravatar.com\/avatar\/92c1decdbf2b01a0b3a758c19f5bf7b7b7c7ad1ebf1b8f407a69813d9948f6d0?s=96&d=mm&r=g\",\"caption\":\"Redacci\u00f3n\"},\"url\":\"https:\/\/noticozumel.mx\/1\/author\/admin\/\"}]}<\/script>\n<!-- \/ Yoast SEO Premium plugin. -->","yoast_head_json":{"title":"Punto x punto: La fuerza de la unidad - NotiCozumel","robots":{"index":"index","follow":"follow","max-snippet":"max-snippet:-1","max-image-preview":"max-image-preview:large","max-video-preview":"max-video-preview:-1"},"canonical":"https:\/\/noticozumel.mx\/1\/punto-x-punto-la-fuerza-de-la-unidad\/","og_locale":"es_ES","og_type":"article","og_title":"Punto x punto: La fuerza de la unidad","og_description":"Por Karina Contreras 08\/03\/2026 Punto n\u00famero 1. El significado del 8 de marzo. una fecha que trasciende el calendario para convertirse en un rugido mundial. No es un d\u00eda de celebraci\u00f3n festiva, sino de memoria, de balance y, sobre todo, de exigencia. Como parte de esta conmemoraci\u00f3n, las mujeres salimos a las calles para recordar [&hellip;]","og_url":"https:\/\/noticozumel.mx\/1\/punto-x-punto-la-fuerza-de-la-unidad\/","og_site_name":"NotiCozumel","article_published_time":"2026-03-09T13:15:20+00:00","article_modified_time":"2026-03-09T13:15:25+00:00","og_image":[{"width":1024,"height":1024,"url":"https:\/\/noticozumel.mx\/1\/wp-content\/uploads\/2026\/03\/Punto-X-Punto-8M.jpg","type":"image\/jpeg"}],"author":"Redacci\u00f3n","twitter_card":"summary_large_image","twitter_misc":{"Escrito por":"Redacci\u00f3n","Tiempo de lectura":"3 minutos"},"schema":{"@context":"https:\/\/schema.org","@graph":[{"@type":"WebPage","@id":"https:\/\/noticozumel.mx\/1\/punto-x-punto-la-fuerza-de-la-unidad\/","url":"https:\/\/noticozumel.mx\/1\/punto-x-punto-la-fuerza-de-la-unidad\/","name":"Punto x punto: La fuerza de la unidad - NotiCozumel","isPartOf":{"@id":"https:\/\/noticozumel.mx\/1\/#website"},"primaryImageOfPage":{"@id":"https:\/\/noticozumel.mx\/1\/punto-x-punto-la-fuerza-de-la-unidad\/#primaryimage"},"image":{"@id":"https:\/\/noticozumel.mx\/1\/punto-x-punto-la-fuerza-de-la-unidad\/#primaryimage"},"thumbnailUrl":"https:\/\/noticozumel.mx\/1\/wp-content\/uploads\/2026\/03\/Punto-X-Punto-8M.jpg","datePublished":"2026-03-09T13:15:20+00:00","dateModified":"2026-03-09T13:15:25+00:00","author":{"@id":"https:\/\/noticozumel.mx\/1\/#\/schema\/person\/a3353279fd7f37e86677893e0510943b"},"breadcrumb":{"@id":"https:\/\/noticozumel.mx\/1\/punto-x-punto-la-fuerza-de-la-unidad\/#breadcrumb"},"inLanguage":"es","potentialAction":[{"@type":"ReadAction","target":["https:\/\/noticozumel.mx\/1\/punto-x-punto-la-fuerza-de-la-unidad\/"]}]},{"@type":"ImageObject","inLanguage":"es","@id":"https:\/\/noticozumel.mx\/1\/punto-x-punto-la-fuerza-de-la-unidad\/#primaryimage","url":"https:\/\/noticozumel.mx\/1\/wp-content\/uploads\/2026\/03\/Punto-X-Punto-8M.jpg","contentUrl":"https:\/\/noticozumel.mx\/1\/wp-content\/uploads\/2026\/03\/Punto-X-Punto-8M.jpg","width":1024,"height":1024},{"@type":"BreadcrumbList","@id":"https:\/\/noticozumel.mx\/1\/punto-x-punto-la-fuerza-de-la-unidad\/#breadcrumb","itemListElement":[{"@type":"ListItem","position":1,"name":"Portada","item":"https:\/\/noticozumel.mx\/1\/"},{"@type":"ListItem","position":2,"name":"Punto x punto: La fuerza de la unidad"}]},{"@type":"WebSite","@id":"https:\/\/noticozumel.mx\/1\/#website","url":"https:\/\/noticozumel.mx\/1\/","name":"NotiCozumel","description":"Las noticias al alcance de todos","potentialAction":[{"@type":"SearchAction","target":{"@type":"EntryPoint","urlTemplate":"https:\/\/noticozumel.mx\/1\/?s={search_term_string}"},"query-input":{"@type":"PropertyValueSpecification","valueRequired":true,"valueName":"search_term_string"}}],"inLanguage":"es"},{"@type":"Person","@id":"https:\/\/noticozumel.mx\/1\/#\/schema\/person\/a3353279fd7f37e86677893e0510943b","name":"Redacci\u00f3n","image":{"@type":"ImageObject","inLanguage":"es","@id":"https:\/\/noticozumel.mx\/1\/#\/schema\/person\/image\/","url":"https:\/\/secure.gravatar.com\/avatar\/92c1decdbf2b01a0b3a758c19f5bf7b7b7c7ad1ebf1b8f407a69813d9948f6d0?s=96&d=mm&r=g","contentUrl":"https:\/\/secure.gravatar.com\/avatar\/92c1decdbf2b01a0b3a758c19f5bf7b7b7c7ad1ebf1b8f407a69813d9948f6d0?s=96&d=mm&r=g","caption":"Redacci\u00f3n"},"url":"https:\/\/noticozumel.mx\/1\/author\/admin\/"}]}},"_links":{"self":[{"href":"https:\/\/noticozumel.mx\/1\/wp-json\/wp\/v2\/posts\/7623","targetHints":{"allow":["GET"]}}],"collection":[{"href":"https:\/\/noticozumel.mx\/1\/wp-json\/wp\/v2\/posts"}],"about":[{"href":"https:\/\/noticozumel.mx\/1\/wp-json\/wp\/v2\/types\/post"}],"author":[{"embeddable":true,"href":"https:\/\/noticozumel.mx\/1\/wp-json\/wp\/v2\/users\/1"}],"replies":[{"embeddable":true,"href":"https:\/\/noticozumel.mx\/1\/wp-json\/wp\/v2\/comments?post=7623"}],"version-history":[{"count":1,"href":"https:\/\/noticozumel.mx\/1\/wp-json\/wp\/v2\/posts\/7623\/revisions"}],"predecessor-version":[{"id":7625,"href":"https:\/\/noticozumel.mx\/1\/wp-json\/wp\/v2\/posts\/7623\/revisions\/7625"}],"wp:featuredmedia":[{"embeddable":true,"href":"https:\/\/noticozumel.mx\/1\/wp-json\/wp\/v2\/media\/7624"}],"wp:attachment":[{"href":"https:\/\/noticozumel.mx\/1\/wp-json\/wp\/v2\/media?parent=7623"}],"wp:term":[{"taxonomy":"category","embeddable":true,"href":"https:\/\/noticozumel.mx\/1\/wp-json\/wp\/v2\/categories?post=7623"},{"taxonomy":"post_tag","embeddable":true,"href":"https:\/\/noticozumel.mx\/1\/wp-json\/wp\/v2\/tags?post=7623"}],"curies":[{"name":"wp","href":"https:\/\/api.w.org\/{rel}","templated":true}]}}