{"id":7626,"date":"2026-03-09T08:30:00","date_gmt":"2026-03-09T13:30:00","guid":{"rendered":"https:\/\/noticozumel.mx\/1\/?p=7626"},"modified":"2026-03-09T08:19:18","modified_gmt":"2026-03-09T13:19:18","slug":"por-la-libre-la-ley-mordaza-que-nacio-muerta","status":"publish","type":"post","link":"https:\/\/noticozumel.mx\/1\/por-la-libre-la-ley-mordaza-que-nacio-muerta\/","title":{"rendered":"Por la Libre | La ley mordaza que naci\u00f3 muerta"},"content":{"rendered":"\n<p><strong>Por Joaqu\u00edn Quiroz Cervantes<\/strong><\/p>\n\n\n\n<p>En pol\u00edtica hay errores, torpezas y, de vez en cuando, aut\u00e9nticas aberraciones legislativas.<\/p>\n\n\n\n<p>La iniciativa que pretend\u00edan impulsar los todav\u00eda diputados locales&nbsp;<strong>Hugo Alday<\/strong>,&nbsp;<strong>Ricardo Velasco<\/strong>&nbsp;y la diputada del Partido Verde&nbsp;<strong>Mar\u00eda Jos\u00e9 Osorio<\/strong>&nbsp;entra sin duda en esta \u00faltima categor\u00eda: un intento burdo, mal redactado y jur\u00eddicamente insostenible de restringir la cr\u00edtica y la exhibici\u00f3n p\u00fablica de la fauna pol\u00edtica en medios digitales.<\/p>\n\n\n\n<p>Dicho de forma clara: una ley mordaza disfrazada de regulaci\u00f3n.<\/p>\n\n\n\n<p>Desde el primer momento resultaba evidente que aquella propuesta no ten\u00eda pies ni cabeza. No solo por su redacci\u00f3n improvisada, sino por la l\u00f3gica que la sosten\u00eda: proteger a los pol\u00edticos de la cr\u00edtica ciudadana en una \u00e9poca en la que la comunicaci\u00f3n digital ha democratizado la informaci\u00f3n como nunca antes en la historia.<\/p>\n\n\n\n<p>Hoy cualquier ciudadano con un tel\u00e9fono puede documentar abusos, excesos o conductas indebidas del poder. Eso es precisamente lo que incomoda a ciertos personajes que todav\u00eda creen vivir en los tiempos del control absoluto del discurso p\u00fablico.<\/p>\n\n\n\n<p>Por eso la iniciativa fue recibida con rechazo inmediato. Periodistas, comunicadores, creadores de contenido y ciudadanos entendieron r\u00e1pidamente lo que estaba en juego: la libertad de expresi\u00f3n.<\/p>\n\n\n\n<p>Lo m\u00e1s preocupante del episodio es que uno de los principales promotores fue&nbsp;<strong>Hugo Alday<\/strong>, quien presume constantemente de conocimientos jur\u00eddicos que, a la luz de los hechos, parecen m\u00e1s una narrativa personal que una realidad legislativa.<\/p>\n\n\n\n<p>Basta leer aquella iniciativa para entender que el sustento constitucional era endeble, por no decir inexistente.<\/p>\n\n\n\n<p>No sorprende entonces que su desempe\u00f1o legislativo haya sido tan gris como improductivo. En pol\u00edtica se puede carecer de carisma, de oficio o incluso de talento. Lo que no se puede es legislar desde la ignorancia.<\/p>\n\n\n\n<p>En el caso de&nbsp;<strong>Ricardo Velasco<\/strong>, el asunto tampoco ayuda a mejorar una trayectoria pol\u00edtica ya de por s\u00ed cuestionada.<\/p>\n\n\n\n<p>No es menor recordar que su llegada al Congreso se dio m\u00e1s por las peculiaridades del sistema electoral que por un respaldo contundente en las urnas. Cuando un candidato pierde en las urnas y termina legislando por las rendijas del sistema, suele ocurrir que el sentido de representaci\u00f3n ciudadana se diluye.<\/p>\n\n\n\n<p>Quiz\u00e1 por eso algunos pol\u00edticos sienten la necesidad de blindarse de la cr\u00edtica p\u00fablica.<\/p>\n\n\n\n<p>En medio del desastre legislativo, la diputada&nbsp;<strong>Mar\u00eda Jos\u00e9 Osorio<\/strong>&nbsp;termin\u00f3 haciendo lo que sus compa\u00f1eros no fueron capaces de hacer: reconocer el error.<\/p>\n\n\n\n<p>Su decisi\u00f3n de retirar la iniciativa al menos mostr\u00f3 un m\u00ednimo de congruencia frente a una propuesta que ya hab\u00eda sido ampliamente descalificada por el gremio period\u00edstico y la opini\u00f3n p\u00fablica.<\/p>\n\n\n\n<p>Y aqu\u00ed hay que decirlo con claridad: la reacci\u00f3n del periodismo quintanarroense fue determinante. A pesar de las diferencias naturales dentro del gremio, en esta ocasi\u00f3n hubo coincidencia en algo fundamental: la libertad de expresi\u00f3n no se negocia.<\/p>\n\n\n\n<p>Llama la atenci\u00f3n, eso s\u00ed, el silencio de algunos personajes que en el pasado se rasgaban las vestiduras cuando exist\u00eda la llamada&nbsp;<strong>\u201cLey Borge\u201d<\/strong>&nbsp;en materia de medios.<\/p>\n\n\n\n<p>Aquellos que entonces se proclamaban defensores absolutos de la libertad hoy prefirieron guardar un silencio bastante conveniente. Los mariachis, como suele decirse, callaron.<\/p>\n\n\n\n<p>El intento de censura termin\u00f3 exhibiendo m\u00e1s a sus promotores que a quienes pretend\u00edan callar.<\/p>\n\n\n\n<p>Y tambi\u00e9n dej\u00f3 algo muy claro: en un estado gobernado por&nbsp;<strong>Mara Lezama<\/strong>, una mujer que viene del periodismo y que ha defendido hist\u00f3ricamente la libertad de expresi\u00f3n, resulta pol\u00edticamente absurdo intentar impulsar leyes que pretendan limitarla.<\/p>\n\n\n\n<p>La libertad de expresi\u00f3n es uno de los pilares de cualquier democracia. Y cada vez que alguien intenta restringirla, termina ocurriendo lo mismo: la sociedad reacciona, el debate se abre y la censura se derrumba.<\/p>\n\n\n\n<p>Esta vez no fue la excepci\u00f3n.<\/p>\n\n\n\n<p>La llamada ley mordaza no prosper\u00f3. No porque sus autores recapacitaran, sino porque la presi\u00f3n p\u00fablica y el sentido com\u00fan terminaron imponi\u00e9ndose.<\/p>\n\n\n\n<p>Y eso, en tiempos donde algunos pol\u00edticos quisieran volver a controlar lo que se dice y lo que se publica, sigue siendo una muy buena noticia.<\/p>\n\n\n\n<p><strong>Movilidad con rumbo: cuando la pol\u00edtica se convierte en soluciones<\/strong><\/p>\n\n\n\n<p>En la pol\u00edtica hay decisiones que pasan desapercibidas y otras que, aunque parecen t\u00e9cnicas, terminan marcando el rumbo de una ciudad. Lo ocurrido en el Cabildo de Benito Ju\u00e1rez no es un tr\u00e1mite menor. La aprobaci\u00f3n por unanimidad de las adhesiones a la Constituci\u00f3n de Quintana Roo para garantizar capacidad presupuestal en materia de movilidad y seguridad vial es, en realidad, una jugada pol\u00edtica bien operada y con visi\u00f3n de largo plazo.<\/p>\n\n\n\n<p>Canc\u00fan no es cualquier municipio. Es el motor tur\u00edstico del Caribe mexicano, una ciudad que recibe millones de visitantes al a\u00f1o y donde la movilidad se ha convertido desde hace tiempo en uno de los principales desaf\u00edos urbanos. Resolver ese tema implica algo m\u00e1s que comprar autobuses o abrir rutas: requiere planeaci\u00f3n, coordinaci\u00f3n institucional y, sobre todo, voluntad pol\u00edtica.<\/p>\n\n\n\n<p>Ah\u00ed es donde entra el papel de la presidenta municipal&nbsp;<strong>Ana Paty Peralta de la Pe\u00f1a<\/strong>, quien ha demostrado que la pol\u00edtica municipal no solo se trata de administrar, sino de operar acuerdos y construir consensos. La unanimidad alcanzada en Cabildo no es casualidad. Es producto de una estrategia pol\u00edtica que privilegia el di\u00e1logo y la construcci\u00f3n de mayor\u00edas alrededor de objetivos claros.<\/p>\n\n\n\n<p>El acuerdo aprobado forma parte del&nbsp;<strong>Sistema de Movilidad del Bienestar Quintanarroense (MOBI)<\/strong>, un proyecto que busca ordenar, modernizar y hacer eficiente el transporte p\u00fablico en el estado. En t\u00e9rminos pr\u00e1cticos, lo que se est\u00e1 haciendo es blindar constitucionalmente la posibilidad de destinar recursos suficientes para mejorar la movilidad, algo que durante a\u00f1os fue una deuda pendiente en Canc\u00fan.<\/p>\n\n\n\n<p>Y si hablamos de visi\u00f3n estrat\u00e9gica, es imposible no mencionar el papel de la gobernadora&nbsp;<strong>Mara Lezama<\/strong>, quien desde el inicio de su administraci\u00f3n coloc\u00f3 la movilidad como una prioridad estructural para el desarrollo de Quintana Roo. La l\u00f3gica es clara: una entidad que vive del turismo y que crece a la velocidad que lo hace el Caribe mexicano no puede seguir operando con sistemas de transporte improvisados o rebasados por la realidad.<\/p>\n\n\n\n<p>La gobernadora ha entendido algo fundamental: gobernar tambi\u00e9n implica ordenar el crecimiento urbano. El modelo que impulsa \u2014con proyectos como MOBI y el desarrollo del Programa Integral de Movilidad Urbana Sustentable de la zona Canc\u00fan\u2013Isla Mujeres\u2014 busca precisamente corregir los errores acumulados durante d\u00e9cadas de expansi\u00f3n acelerada.<\/p>\n\n\n\n<p>Es por ello que el papel de Ana Paty Peralta ha sido clave. La alcaldesa ha asumido el liderazgo local para aterrizar esa visi\u00f3n estatal en acciones concretas dentro del municipio m\u00e1s importante de Quintana Roo.<\/p>\n\n\n\n<p>Y lo ha hecho con una mezcla interesante de operaci\u00f3n pol\u00edtica, gesti\u00f3n institucional y cercan\u00eda con la agenda que impulsa el gobierno estatal.<\/p>\n\n\n\n<p>No es casualidad que Canc\u00fan est\u00e9 comenzando a hablar de movilidad activa, de priorizar al peat\u00f3n, de reorganizar rutas y de introducir tecnolog\u00eda en el transporte p\u00fablico. Son temas que hace apenas unos a\u00f1os parec\u00edan lejanos para una ciudad que creci\u00f3 m\u00e1s r\u00e1pido de lo que se planific\u00f3.<\/p>\n\n\n\n<p>La pol\u00edtica, cuando funciona, sirve justamente para esto: para ordenar lo que durante mucho tiempo estuvo desordenado. Y en este caso, el mensaje es claro. La coordinaci\u00f3n entre el gobierno estatal encabezado por Mara Lezama y el gobierno municipal de Ana Paty Peralta est\u00e1 comenzando a traducirse en decisiones estructurales que pueden transformar la manera en que se mueve Canc\u00fan.<\/p>\n\n\n\n<p>Porque al final del d\u00eda, la movilidad no es un asunto t\u00e9cnico: es calidad de vida. Es tiempo que las personas ganan con sus familias, es seguridad en las calles, es competitividad para una ciudad que vive del turismo.<\/p>\n\n\n\n<p>Y cuando la pol\u00edtica logra avanzar en esa direcci\u00f3n, deja de ser discurso para convertirse en resultados. En Canc\u00fan, al menos en materia de movilidad, esa ruta ya comenz\u00f3 a trazarse. Y lo hizo con algo que en pol\u00edtica no siempre es sencillo conseguir: consenso.<\/p>\n","protected":false},"excerpt":{"rendered":"<p>Por Joaqu\u00edn Quiroz Cervantes En pol\u00edtica hay errores, torpezas y, de vez en cuando, aut\u00e9nticas aberraciones legislativas. La iniciativa que pretend\u00edan impulsar los todav\u00eda diputados locales&nbsp;Hugo Alday,&nbsp;Ricardo Velasco&nbsp;y la diputada del Partido Verde&nbsp;Mar\u00eda Jos\u00e9 Osorio&nbsp;entra sin duda en esta \u00faltima categor\u00eda: un intento burdo, mal redactado y jur\u00eddicamente insostenible de restringir la cr\u00edtica y la [&hellip;]<\/p>\n","protected":false},"author":1,"featured_media":7627,"comment_status":"open","ping_status":"closed","sticky":false,"template":"","format":"standard","meta":{"tdm_status":"","tdm_grid_status":"","footnotes":""},"categories":[45,56],"tags":[158,130,128,129],"class_list":{"0":"post-7626","1":"post","2":"type-post","3":"status-publish","4":"format-standard","5":"has-post-thumbnail","7":"category-columnas","8":"category-por-la-libre","9":"tag-columna","10":"tag-joaquin-quiroz-cervantes","11":"tag-opinion","12":"tag-por-la-libre"},"yoast_head":"<!-- This site is optimized with the Yoast SEO Premium plugin v26.2 (Yoast SEO v26.2) - https:\/\/yoast.com\/wordpress\/plugins\/seo\/ -->\n<title>Por la Libre | La ley mordaza que naci\u00f3 muerta - NotiCozumel<\/title>\n<meta name=\"robots\" content=\"index, follow, max-snippet:-1, max-image-preview:large, max-video-preview:-1\" \/>\n<link rel=\"canonical\" href=\"https:\/\/noticozumel.mx\/1\/por-la-libre-la-ley-mordaza-que-nacio-muerta\/\" \/>\n<meta property=\"og:locale\" content=\"es_ES\" \/>\n<meta property=\"og:type\" content=\"article\" \/>\n<meta property=\"og:title\" content=\"Por la Libre | La ley mordaza que naci\u00f3 muerta\" \/>\n<meta property=\"og:description\" content=\"Por Joaqu\u00edn Quiroz Cervantes En pol\u00edtica hay errores, torpezas y, de vez en cuando, aut\u00e9nticas aberraciones legislativas. La iniciativa que pretend\u00edan impulsar los todav\u00eda diputados locales&nbsp;Hugo Alday,&nbsp;Ricardo Velasco&nbsp;y la diputada del Partido Verde&nbsp;Mar\u00eda Jos\u00e9 Osorio&nbsp;entra sin duda en esta \u00faltima categor\u00eda: un intento burdo, mal redactado y jur\u00eddicamente insostenible de restringir la cr\u00edtica y la [&hellip;]\" \/>\n<meta property=\"og:url\" content=\"https:\/\/noticozumel.mx\/1\/por-la-libre-la-ley-mordaza-que-nacio-muerta\/\" \/>\n<meta property=\"og:site_name\" content=\"NotiCozumel\" \/>\n<meta property=\"article:published_time\" content=\"2026-03-09T13:30:00+00:00\" \/>\n<meta property=\"og:image\" content=\"https:\/\/noticozumel.mx\/1\/wp-content\/uploads\/2026\/03\/ChatGPT-Image-8-mar-2026-08_41_17-p.m-683x1024.png\" \/>\n\t<meta property=\"og:image:width\" content=\"683\" \/>\n\t<meta property=\"og:image:height\" content=\"1024\" \/>\n\t<meta property=\"og:image:type\" content=\"image\/png\" \/>\n<meta name=\"author\" content=\"Redacci\u00f3n\" \/>\n<meta name=\"twitter:card\" content=\"summary_large_image\" \/>\n<meta name=\"twitter:label1\" content=\"Escrito por\" \/>\n\t<meta name=\"twitter:data1\" content=\"Redacci\u00f3n\" \/>\n\t<meta name=\"twitter:label2\" content=\"Tiempo de lectura\" \/>\n\t<meta name=\"twitter:data2\" content=\"7 minutos\" \/>\n<script type=\"application\/ld+json\" class=\"yoast-schema-graph\">{\"@context\":\"https:\/\/schema.org\",\"@graph\":[{\"@type\":\"WebPage\",\"@id\":\"https:\/\/noticozumel.mx\/1\/por-la-libre-la-ley-mordaza-que-nacio-muerta\/\",\"url\":\"https:\/\/noticozumel.mx\/1\/por-la-libre-la-ley-mordaza-que-nacio-muerta\/\",\"name\":\"Por la Libre | La ley mordaza que naci\u00f3 muerta - NotiCozumel\",\"isPartOf\":{\"@id\":\"https:\/\/noticozumel.mx\/1\/#website\"},\"primaryImageOfPage\":{\"@id\":\"https:\/\/noticozumel.mx\/1\/por-la-libre-la-ley-mordaza-que-nacio-muerta\/#primaryimage\"},\"image\":{\"@id\":\"https:\/\/noticozumel.mx\/1\/por-la-libre-la-ley-mordaza-que-nacio-muerta\/#primaryimage\"},\"thumbnailUrl\":\"https:\/\/noticozumel.mx\/1\/wp-content\/uploads\/2026\/03\/ChatGPT-Image-8-mar-2026-08_41_17-p.m.png\",\"datePublished\":\"2026-03-09T13:30:00+00:00\",\"author\":{\"@id\":\"https:\/\/noticozumel.mx\/1\/#\/schema\/person\/a3353279fd7f37e86677893e0510943b\"},\"breadcrumb\":{\"@id\":\"https:\/\/noticozumel.mx\/1\/por-la-libre-la-ley-mordaza-que-nacio-muerta\/#breadcrumb\"},\"inLanguage\":\"es\",\"potentialAction\":[{\"@type\":\"ReadAction\",\"target\":[\"https:\/\/noticozumel.mx\/1\/por-la-libre-la-ley-mordaza-que-nacio-muerta\/\"]}]},{\"@type\":\"ImageObject\",\"inLanguage\":\"es\",\"@id\":\"https:\/\/noticozumel.mx\/1\/por-la-libre-la-ley-mordaza-que-nacio-muerta\/#primaryimage\",\"url\":\"https:\/\/noticozumel.mx\/1\/wp-content\/uploads\/2026\/03\/ChatGPT-Image-8-mar-2026-08_41_17-p.m.png\",\"contentUrl\":\"https:\/\/noticozumel.mx\/1\/wp-content\/uploads\/2026\/03\/ChatGPT-Image-8-mar-2026-08_41_17-p.m.png\",\"width\":1024,\"height\":1536},{\"@type\":\"BreadcrumbList\",\"@id\":\"https:\/\/noticozumel.mx\/1\/por-la-libre-la-ley-mordaza-que-nacio-muerta\/#breadcrumb\",\"itemListElement\":[{\"@type\":\"ListItem\",\"position\":1,\"name\":\"Portada\",\"item\":\"https:\/\/noticozumel.mx\/1\/\"},{\"@type\":\"ListItem\",\"position\":2,\"name\":\"Por la Libre | La ley mordaza que naci\u00f3 muerta\"}]},{\"@type\":\"WebSite\",\"@id\":\"https:\/\/noticozumel.mx\/1\/#website\",\"url\":\"https:\/\/noticozumel.mx\/1\/\",\"name\":\"NotiCozumel\",\"description\":\"Las noticias al alcance de todos\",\"potentialAction\":[{\"@type\":\"SearchAction\",\"target\":{\"@type\":\"EntryPoint\",\"urlTemplate\":\"https:\/\/noticozumel.mx\/1\/?s={search_term_string}\"},\"query-input\":{\"@type\":\"PropertyValueSpecification\",\"valueRequired\":true,\"valueName\":\"search_term_string\"}}],\"inLanguage\":\"es\"},{\"@type\":\"Person\",\"@id\":\"https:\/\/noticozumel.mx\/1\/#\/schema\/person\/a3353279fd7f37e86677893e0510943b\",\"name\":\"Redacci\u00f3n\",\"image\":{\"@type\":\"ImageObject\",\"inLanguage\":\"es\",\"@id\":\"https:\/\/noticozumel.mx\/1\/#\/schema\/person\/image\/\",\"url\":\"https:\/\/secure.gravatar.com\/avatar\/92c1decdbf2b01a0b3a758c19f5bf7b7b7c7ad1ebf1b8f407a69813d9948f6d0?s=96&d=mm&r=g\",\"contentUrl\":\"https:\/\/secure.gravatar.com\/avatar\/92c1decdbf2b01a0b3a758c19f5bf7b7b7c7ad1ebf1b8f407a69813d9948f6d0?s=96&d=mm&r=g\",\"caption\":\"Redacci\u00f3n\"},\"url\":\"https:\/\/noticozumel.mx\/1\/author\/admin\/\"}]}<\/script>\n<!-- \/ Yoast SEO Premium plugin. -->","yoast_head_json":{"title":"Por la Libre | La ley mordaza que naci\u00f3 muerta - NotiCozumel","robots":{"index":"index","follow":"follow","max-snippet":"max-snippet:-1","max-image-preview":"max-image-preview:large","max-video-preview":"max-video-preview:-1"},"canonical":"https:\/\/noticozumel.mx\/1\/por-la-libre-la-ley-mordaza-que-nacio-muerta\/","og_locale":"es_ES","og_type":"article","og_title":"Por la Libre | La ley mordaza que naci\u00f3 muerta","og_description":"Por Joaqu\u00edn Quiroz Cervantes En pol\u00edtica hay errores, torpezas y, de vez en cuando, aut\u00e9nticas aberraciones legislativas. La iniciativa que pretend\u00edan impulsar los todav\u00eda diputados locales&nbsp;Hugo Alday,&nbsp;Ricardo Velasco&nbsp;y la diputada del Partido Verde&nbsp;Mar\u00eda Jos\u00e9 Osorio&nbsp;entra sin duda en esta \u00faltima categor\u00eda: un intento burdo, mal redactado y jur\u00eddicamente insostenible de restringir la cr\u00edtica y la [&hellip;]","og_url":"https:\/\/noticozumel.mx\/1\/por-la-libre-la-ley-mordaza-que-nacio-muerta\/","og_site_name":"NotiCozumel","article_published_time":"2026-03-09T13:30:00+00:00","og_image":[{"width":683,"height":1024,"url":"https:\/\/noticozumel.mx\/1\/wp-content\/uploads\/2026\/03\/ChatGPT-Image-8-mar-2026-08_41_17-p.m-683x1024.png","type":"image\/png"}],"author":"Redacci\u00f3n","twitter_card":"summary_large_image","twitter_misc":{"Escrito por":"Redacci\u00f3n","Tiempo de lectura":"7 minutos"},"schema":{"@context":"https:\/\/schema.org","@graph":[{"@type":"WebPage","@id":"https:\/\/noticozumel.mx\/1\/por-la-libre-la-ley-mordaza-que-nacio-muerta\/","url":"https:\/\/noticozumel.mx\/1\/por-la-libre-la-ley-mordaza-que-nacio-muerta\/","name":"Por la Libre | La ley mordaza que naci\u00f3 muerta - NotiCozumel","isPartOf":{"@id":"https:\/\/noticozumel.mx\/1\/#website"},"primaryImageOfPage":{"@id":"https:\/\/noticozumel.mx\/1\/por-la-libre-la-ley-mordaza-que-nacio-muerta\/#primaryimage"},"image":{"@id":"https:\/\/noticozumel.mx\/1\/por-la-libre-la-ley-mordaza-que-nacio-muerta\/#primaryimage"},"thumbnailUrl":"https:\/\/noticozumel.mx\/1\/wp-content\/uploads\/2026\/03\/ChatGPT-Image-8-mar-2026-08_41_17-p.m.png","datePublished":"2026-03-09T13:30:00+00:00","author":{"@id":"https:\/\/noticozumel.mx\/1\/#\/schema\/person\/a3353279fd7f37e86677893e0510943b"},"breadcrumb":{"@id":"https:\/\/noticozumel.mx\/1\/por-la-libre-la-ley-mordaza-que-nacio-muerta\/#breadcrumb"},"inLanguage":"es","potentialAction":[{"@type":"ReadAction","target":["https:\/\/noticozumel.mx\/1\/por-la-libre-la-ley-mordaza-que-nacio-muerta\/"]}]},{"@type":"ImageObject","inLanguage":"es","@id":"https:\/\/noticozumel.mx\/1\/por-la-libre-la-ley-mordaza-que-nacio-muerta\/#primaryimage","url":"https:\/\/noticozumel.mx\/1\/wp-content\/uploads\/2026\/03\/ChatGPT-Image-8-mar-2026-08_41_17-p.m.png","contentUrl":"https:\/\/noticozumel.mx\/1\/wp-content\/uploads\/2026\/03\/ChatGPT-Image-8-mar-2026-08_41_17-p.m.png","width":1024,"height":1536},{"@type":"BreadcrumbList","@id":"https:\/\/noticozumel.mx\/1\/por-la-libre-la-ley-mordaza-que-nacio-muerta\/#breadcrumb","itemListElement":[{"@type":"ListItem","position":1,"name":"Portada","item":"https:\/\/noticozumel.mx\/1\/"},{"@type":"ListItem","position":2,"name":"Por la Libre | La ley mordaza que naci\u00f3 muerta"}]},{"@type":"WebSite","@id":"https:\/\/noticozumel.mx\/1\/#website","url":"https:\/\/noticozumel.mx\/1\/","name":"NotiCozumel","description":"Las noticias al alcance de todos","potentialAction":[{"@type":"SearchAction","target":{"@type":"EntryPoint","urlTemplate":"https:\/\/noticozumel.mx\/1\/?s={search_term_string}"},"query-input":{"@type":"PropertyValueSpecification","valueRequired":true,"valueName":"search_term_string"}}],"inLanguage":"es"},{"@type":"Person","@id":"https:\/\/noticozumel.mx\/1\/#\/schema\/person\/a3353279fd7f37e86677893e0510943b","name":"Redacci\u00f3n","image":{"@type":"ImageObject","inLanguage":"es","@id":"https:\/\/noticozumel.mx\/1\/#\/schema\/person\/image\/","url":"https:\/\/secure.gravatar.com\/avatar\/92c1decdbf2b01a0b3a758c19f5bf7b7b7c7ad1ebf1b8f407a69813d9948f6d0?s=96&d=mm&r=g","contentUrl":"https:\/\/secure.gravatar.com\/avatar\/92c1decdbf2b01a0b3a758c19f5bf7b7b7c7ad1ebf1b8f407a69813d9948f6d0?s=96&d=mm&r=g","caption":"Redacci\u00f3n"},"url":"https:\/\/noticozumel.mx\/1\/author\/admin\/"}]}},"_links":{"self":[{"href":"https:\/\/noticozumel.mx\/1\/wp-json\/wp\/v2\/posts\/7626","targetHints":{"allow":["GET"]}}],"collection":[{"href":"https:\/\/noticozumel.mx\/1\/wp-json\/wp\/v2\/posts"}],"about":[{"href":"https:\/\/noticozumel.mx\/1\/wp-json\/wp\/v2\/types\/post"}],"author":[{"embeddable":true,"href":"https:\/\/noticozumel.mx\/1\/wp-json\/wp\/v2\/users\/1"}],"replies":[{"embeddable":true,"href":"https:\/\/noticozumel.mx\/1\/wp-json\/wp\/v2\/comments?post=7626"}],"version-history":[{"count":1,"href":"https:\/\/noticozumel.mx\/1\/wp-json\/wp\/v2\/posts\/7626\/revisions"}],"predecessor-version":[{"id":7628,"href":"https:\/\/noticozumel.mx\/1\/wp-json\/wp\/v2\/posts\/7626\/revisions\/7628"}],"wp:featuredmedia":[{"embeddable":true,"href":"https:\/\/noticozumel.mx\/1\/wp-json\/wp\/v2\/media\/7627"}],"wp:attachment":[{"href":"https:\/\/noticozumel.mx\/1\/wp-json\/wp\/v2\/media?parent=7626"}],"wp:term":[{"taxonomy":"category","embeddable":true,"href":"https:\/\/noticozumel.mx\/1\/wp-json\/wp\/v2\/categories?post=7626"},{"taxonomy":"post_tag","embeddable":true,"href":"https:\/\/noticozumel.mx\/1\/wp-json\/wp\/v2\/tags?post=7626"}],"curies":[{"name":"wp","href":"https:\/\/api.w.org\/{rel}","templated":true}]}}