{"id":7650,"date":"2026-03-09T14:48:23","date_gmt":"2026-03-09T19:48:23","guid":{"rendered":"https:\/\/noticozumel.mx\/1\/?p=7650"},"modified":"2026-03-09T14:48:27","modified_gmt":"2026-03-09T19:48:27","slug":"verde-ecologista-reafirma-compromiso-con-la-lucha-feminista-en-el-dia-internacional-de-la-mujer","status":"publish","type":"post","link":"https:\/\/noticozumel.mx\/1\/verde-ecologista-reafirma-compromiso-con-la-lucha-feminista-en-el-dia-internacional-de-la-mujer\/","title":{"rendered":"Verde Ecologista reafirma compromiso con la lucha feminista en el D\u00eda Internacional de la Mujer"},"content":{"rendered":"\n<p>Cozumel, Quintana Roo, 9 de marzo de 2026.- En el marco del D\u00eda Internacional de la Mujer, el dirigente municipal del Partido Verde Ecologista de M\u00e9xico, Marco Antonio Mendoza Quijano, subray\u00f3 la importancia de reconocer la lucha hist\u00f3rica de las mujeres por la igualdad, la justicia y el respeto pleno de sus derechos.\u00a0<\/p>\n\n\n\n<figure class=\"wp-block-image size-large\"><img loading=\"lazy\" decoding=\"async\" width=\"1024\" height=\"683\" src=\"https:\/\/noticozumel.mx\/1\/wp-content\/uploads\/2026\/03\/FB_IMG_1773085468745-1024x683.jpg\" alt=\"\" class=\"wp-image-7653\" srcset=\"https:\/\/noticozumel.mx\/1\/wp-content\/uploads\/2026\/03\/FB_IMG_1773085468745-1024x683.jpg 1024w, https:\/\/noticozumel.mx\/1\/wp-content\/uploads\/2026\/03\/FB_IMG_1773085468745-300x200.jpg 300w, https:\/\/noticozumel.mx\/1\/wp-content\/uploads\/2026\/03\/FB_IMG_1773085468745-768x512.jpg 768w, https:\/\/noticozumel.mx\/1\/wp-content\/uploads\/2026\/03\/FB_IMG_1773085468745-1536x1024.jpg 1536w, https:\/\/noticozumel.mx\/1\/wp-content\/uploads\/2026\/03\/FB_IMG_1773085468745-630x420.jpg 630w, https:\/\/noticozumel.mx\/1\/wp-content\/uploads\/2026\/03\/FB_IMG_1773085468745-150x100.jpg 150w, https:\/\/noticozumel.mx\/1\/wp-content\/uploads\/2026\/03\/FB_IMG_1773085468745-696x464.jpg 696w, https:\/\/noticozumel.mx\/1\/wp-content\/uploads\/2026\/03\/FB_IMG_1773085468745-1068x712.jpg 1068w, https:\/\/noticozumel.mx\/1\/wp-content\/uploads\/2026\/03\/FB_IMG_1773085468745-1920x1280.jpg 1920w, https:\/\/noticozumel.mx\/1\/wp-content\/uploads\/2026\/03\/FB_IMG_1773085468745.jpg 2048w\" sizes=\"auto, (max-width: 1024px) 100vw, 1024px\" \/><\/figure>\n\n\n\n<p>\u201cEste d\u00eda no es de celebraci\u00f3n, sino de memoria y reivindicaci\u00f3n. Reconocemos la fuerza y el liderazgo de las mujeres que, con su trabajo y su voz, han transformado nuestra sociedad y contin\u00faan abriendo camino hacia un futuro m\u00e1s justo e igualitario\u201d, expres\u00f3 Mendoza Quijano durante la entrevista.&nbsp;<\/p>\n\n\n\n<figure class=\"wp-block-image size-large\"><img loading=\"lazy\" decoding=\"async\" width=\"1024\" height=\"768\" src=\"https:\/\/noticozumel.mx\/1\/wp-content\/uploads\/2026\/03\/FB_IMG_1773085450093-1024x768.jpg\" alt=\"\" class=\"wp-image-7654\" srcset=\"https:\/\/noticozumel.mx\/1\/wp-content\/uploads\/2026\/03\/FB_IMG_1773085450093-1024x768.jpg 1024w, https:\/\/noticozumel.mx\/1\/wp-content\/uploads\/2026\/03\/FB_IMG_1773085450093-300x225.jpg 300w, https:\/\/noticozumel.mx\/1\/wp-content\/uploads\/2026\/03\/FB_IMG_1773085450093-768x576.jpg 768w, https:\/\/noticozumel.mx\/1\/wp-content\/uploads\/2026\/03\/FB_IMG_1773085450093-560x420.jpg 560w, https:\/\/noticozumel.mx\/1\/wp-content\/uploads\/2026\/03\/FB_IMG_1773085450093-80x60.jpg 80w, https:\/\/noticozumel.mx\/1\/wp-content\/uploads\/2026\/03\/FB_IMG_1773085450093-150x113.jpg 150w, https:\/\/noticozumel.mx\/1\/wp-content\/uploads\/2026\/03\/FB_IMG_1773085450093-696x522.jpg 696w, https:\/\/noticozumel.mx\/1\/wp-content\/uploads\/2026\/03\/FB_IMG_1773085450093-1068x801.jpg 1068w, https:\/\/noticozumel.mx\/1\/wp-content\/uploads\/2026\/03\/FB_IMG_1773085450093-265x198.jpg 265w, https:\/\/noticozumel.mx\/1\/wp-content\/uploads\/2026\/03\/FB_IMG_1773085450093.jpg 1280w\" sizes=\"auto, (max-width: 1024px) 100vw, 1024px\" \/><\/figure>\n\n\n\n<p>El dirigente destac\u00f3 el liderazgo de Karen Castrej\u00f3n Trujillo, presidenta nacional del Partido Verde, como ejemplo de tenacidad y compromiso en la pol\u00edtica mexicana. Asimismo, reconoci\u00f3 la labor de Ren\u00e1n Eduardo S\u00e1nchez Tajonar, presidente estatal del partido en Quintana Roo, quien impulsa la participaci\u00f3n activa de las mujeres en la vida pol\u00edtica de la entidad.&nbsp;<\/p>\n\n\n\n<figure class=\"wp-block-image size-large\"><img loading=\"lazy\" decoding=\"async\" width=\"1024\" height=\"768\" src=\"https:\/\/noticozumel.mx\/1\/wp-content\/uploads\/2026\/03\/FB_IMG_1773085491969-1024x768.jpg\" alt=\"\" class=\"wp-image-7652\" srcset=\"https:\/\/noticozumel.mx\/1\/wp-content\/uploads\/2026\/03\/FB_IMG_1773085491969-1024x768.jpg 1024w, https:\/\/noticozumel.mx\/1\/wp-content\/uploads\/2026\/03\/FB_IMG_1773085491969-300x225.jpg 300w, https:\/\/noticozumel.mx\/1\/wp-content\/uploads\/2026\/03\/FB_IMG_1773085491969-768x576.jpg 768w, https:\/\/noticozumel.mx\/1\/wp-content\/uploads\/2026\/03\/FB_IMG_1773085491969-560x420.jpg 560w, https:\/\/noticozumel.mx\/1\/wp-content\/uploads\/2026\/03\/FB_IMG_1773085491969-80x60.jpg 80w, https:\/\/noticozumel.mx\/1\/wp-content\/uploads\/2026\/03\/FB_IMG_1773085491969-150x113.jpg 150w, https:\/\/noticozumel.mx\/1\/wp-content\/uploads\/2026\/03\/FB_IMG_1773085491969-696x522.jpg 696w, https:\/\/noticozumel.mx\/1\/wp-content\/uploads\/2026\/03\/FB_IMG_1773085491969-1068x801.jpg 1068w, https:\/\/noticozumel.mx\/1\/wp-content\/uploads\/2026\/03\/FB_IMG_1773085491969-265x198.jpg 265w, https:\/\/noticozumel.mx\/1\/wp-content\/uploads\/2026\/03\/FB_IMG_1773085491969.jpg 1280w\" sizes=\"auto, (max-width: 1024px) 100vw, 1024px\" \/><\/figure>\n\n\n\n<p>Mendoza Quijano preciso que el Partido Verde reafirma su compromiso de promover la inclusi\u00f3n, la equidad y el liderazgo femenino, fortaleciendo la presencia de las mujeres en los espacios de decisi\u00f3n pol\u00edtica y social, en consonancia con las demandas de la lucha feminista.\u00a0<\/p>\n\n\n\n<figure class=\"wp-block-image size-large\"><img loading=\"lazy\" decoding=\"async\" width=\"1024\" height=\"768\" src=\"https:\/\/noticozumel.mx\/1\/wp-content\/uploads\/2026\/03\/FB_IMG_1773085497288-1024x768.jpg\" alt=\"\" class=\"wp-image-7651\" srcset=\"https:\/\/noticozumel.mx\/1\/wp-content\/uploads\/2026\/03\/FB_IMG_1773085497288-1024x768.jpg 1024w, https:\/\/noticozumel.mx\/1\/wp-content\/uploads\/2026\/03\/FB_IMG_1773085497288-300x225.jpg 300w, https:\/\/noticozumel.mx\/1\/wp-content\/uploads\/2026\/03\/FB_IMG_1773085497288-768x576.jpg 768w, https:\/\/noticozumel.mx\/1\/wp-content\/uploads\/2026\/03\/FB_IMG_1773085497288-1536x1152.jpg 1536w, https:\/\/noticozumel.mx\/1\/wp-content\/uploads\/2026\/03\/FB_IMG_1773085497288-560x420.jpg 560w, https:\/\/noticozumel.mx\/1\/wp-content\/uploads\/2026\/03\/FB_IMG_1773085497288-80x60.jpg 80w, https:\/\/noticozumel.mx\/1\/wp-content\/uploads\/2026\/03\/FB_IMG_1773085497288-150x113.jpg 150w, https:\/\/noticozumel.mx\/1\/wp-content\/uploads\/2026\/03\/FB_IMG_1773085497288-696x522.jpg 696w, https:\/\/noticozumel.mx\/1\/wp-content\/uploads\/2026\/03\/FB_IMG_1773085497288-1068x801.jpg 1068w, https:\/\/noticozumel.mx\/1\/wp-content\/uploads\/2026\/03\/FB_IMG_1773085497288-1920x1440.jpg 1920w, https:\/\/noticozumel.mx\/1\/wp-content\/uploads\/2026\/03\/FB_IMG_1773085497288-265x198.jpg 265w, https:\/\/noticozumel.mx\/1\/wp-content\/uploads\/2026\/03\/FB_IMG_1773085497288.jpg 2048w\" sizes=\"auto, (max-width: 1024px) 100vw, 1024px\" \/><\/figure>\n","protected":false},"excerpt":{"rendered":"<p>Cozumel, Quintana Roo, 9 de marzo de 2026.- En el marco del D\u00eda Internacional de la Mujer, el dirigente municipal del Partido Verde Ecologista de M\u00e9xico, Marco Antonio Mendoza Quijano, subray\u00f3 la importancia de reconocer la lucha hist\u00f3rica de las mujeres por la igualdad, la justicia y el respeto pleno de sus derechos.\u00a0 \u201cEste d\u00eda [&hellip;]<\/p>\n","protected":false},"author":1,"featured_media":7655,"comment_status":"open","ping_status":"closed","sticky":false,"template":"","format":"standard","meta":{"tdm_status":"","tdm_grid_status":"","footnotes":""},"categories":[1,37],"tags":[59,63,139,493,61,27,60,115,65,114,23,66,62],"class_list":{"0":"post-7650","1":"post","2":"type-post","3":"status-publish","4":"format-standard","5":"has-post-thumbnail","7":"category-cozumel","8":"category-politica","9":"tag-cozumel","10":"tag-isla-cozumel","11":"tag-karen-castrejon-trujillo","12":"tag-marco-antonio-mendoza-quijano","13":"tag-noticias-de-cozumel","14":"tag-noticias-de-quintana-roo","15":"tag-noticozumel","16":"tag-partido-verde","17":"tag-politica","18":"tag-pvem","19":"tag-quintana-roo","20":"tag-renan-eduardo-sanchez-tajonar","21":"tag-san-miguel-de-cozumel"},"yoast_head":"<!-- This site is optimized with the Yoast SEO Premium plugin v26.2 (Yoast SEO v26.2) - https:\/\/yoast.com\/wordpress\/plugins\/seo\/ -->\n<title>Verde Ecologista reafirma compromiso con la lucha feminista en el D\u00eda Internacional de la Mujer - NotiCozumel<\/title>\n<meta name=\"robots\" content=\"index, follow, max-snippet:-1, max-image-preview:large, max-video-preview:-1\" \/>\n<link rel=\"canonical\" href=\"https:\/\/noticozumel.mx\/1\/verde-ecologista-reafirma-compromiso-con-la-lucha-feminista-en-el-dia-internacional-de-la-mujer\/\" \/>\n<meta property=\"og:locale\" content=\"es_ES\" \/>\n<meta property=\"og:type\" content=\"article\" \/>\n<meta property=\"og:title\" content=\"Verde Ecologista reafirma compromiso con la lucha feminista en el D\u00eda Internacional de la Mujer\" \/>\n<meta property=\"og:description\" content=\"Cozumel, Quintana Roo, 9 de marzo de 2026.- En el marco del D\u00eda Internacional de la Mujer, el dirigente municipal del Partido Verde Ecologista de M\u00e9xico, Marco Antonio Mendoza Quijano, subray\u00f3 la importancia de reconocer la lucha hist\u00f3rica de las mujeres por la igualdad, la justicia y el respeto pleno de sus derechos.\u00a0 \u201cEste d\u00eda [&hellip;]\" \/>\n<meta property=\"og:url\" content=\"https:\/\/noticozumel.mx\/1\/verde-ecologista-reafirma-compromiso-con-la-lucha-feminista-en-el-dia-internacional-de-la-mujer\/\" \/>\n<meta property=\"og:site_name\" content=\"NotiCozumel\" \/>\n<meta property=\"article:published_time\" content=\"2026-03-09T19:48:23+00:00\" \/>\n<meta property=\"article:modified_time\" content=\"2026-03-09T19:48:27+00:00\" \/>\n<meta property=\"og:image\" content=\"https:\/\/noticozumel.mx\/1\/wp-content\/uploads\/2026\/03\/FB_IMG_1773085446228.jpg\" \/>\n\t<meta property=\"og:image:width\" content=\"2048\" \/>\n\t<meta property=\"og:image:height\" content=\"1536\" \/>\n\t<meta property=\"og:image:type\" content=\"image\/jpeg\" \/>\n<meta name=\"author\" content=\"Redacci\u00f3n\" \/>\n<meta name=\"twitter:card\" content=\"summary_large_image\" \/>\n<meta name=\"twitter:label1\" content=\"Escrito por\" \/>\n\t<meta name=\"twitter:data1\" content=\"Redacci\u00f3n\" \/>\n\t<meta name=\"twitter:label2\" content=\"Tiempo de lectura\" \/>\n\t<meta name=\"twitter:data2\" content=\"2 minutos\" \/>\n<script type=\"application\/ld+json\" class=\"yoast-schema-graph\">{\"@context\":\"https:\/\/schema.org\",\"@graph\":[{\"@type\":\"WebPage\",\"@id\":\"https:\/\/noticozumel.mx\/1\/verde-ecologista-reafirma-compromiso-con-la-lucha-feminista-en-el-dia-internacional-de-la-mujer\/\",\"url\":\"https:\/\/noticozumel.mx\/1\/verde-ecologista-reafirma-compromiso-con-la-lucha-feminista-en-el-dia-internacional-de-la-mujer\/\",\"name\":\"Verde Ecologista reafirma compromiso con la lucha feminista en el D\u00eda Internacional de la Mujer - NotiCozumel\",\"isPartOf\":{\"@id\":\"https:\/\/noticozumel.mx\/1\/#website\"},\"primaryImageOfPage\":{\"@id\":\"https:\/\/noticozumel.mx\/1\/verde-ecologista-reafirma-compromiso-con-la-lucha-feminista-en-el-dia-internacional-de-la-mujer\/#primaryimage\"},\"image\":{\"@id\":\"https:\/\/noticozumel.mx\/1\/verde-ecologista-reafirma-compromiso-con-la-lucha-feminista-en-el-dia-internacional-de-la-mujer\/#primaryimage\"},\"thumbnailUrl\":\"https:\/\/noticozumel.mx\/1\/wp-content\/uploads\/2026\/03\/FB_IMG_1773085446228.jpg\",\"datePublished\":\"2026-03-09T19:48:23+00:00\",\"dateModified\":\"2026-03-09T19:48:27+00:00\",\"author\":{\"@id\":\"https:\/\/noticozumel.mx\/1\/#\/schema\/person\/a3353279fd7f37e86677893e0510943b\"},\"breadcrumb\":{\"@id\":\"https:\/\/noticozumel.mx\/1\/verde-ecologista-reafirma-compromiso-con-la-lucha-feminista-en-el-dia-internacional-de-la-mujer\/#breadcrumb\"},\"inLanguage\":\"es\",\"potentialAction\":[{\"@type\":\"ReadAction\",\"target\":[\"https:\/\/noticozumel.mx\/1\/verde-ecologista-reafirma-compromiso-con-la-lucha-feminista-en-el-dia-internacional-de-la-mujer\/\"]}]},{\"@type\":\"ImageObject\",\"inLanguage\":\"es\",\"@id\":\"https:\/\/noticozumel.mx\/1\/verde-ecologista-reafirma-compromiso-con-la-lucha-feminista-en-el-dia-internacional-de-la-mujer\/#primaryimage\",\"url\":\"https:\/\/noticozumel.mx\/1\/wp-content\/uploads\/2026\/03\/FB_IMG_1773085446228.jpg\",\"contentUrl\":\"https:\/\/noticozumel.mx\/1\/wp-content\/uploads\/2026\/03\/FB_IMG_1773085446228.jpg\",\"width\":2048,\"height\":1536},{\"@type\":\"BreadcrumbList\",\"@id\":\"https:\/\/noticozumel.mx\/1\/verde-ecologista-reafirma-compromiso-con-la-lucha-feminista-en-el-dia-internacional-de-la-mujer\/#breadcrumb\",\"itemListElement\":[{\"@type\":\"ListItem\",\"position\":1,\"name\":\"Portada\",\"item\":\"https:\/\/noticozumel.mx\/1\/\"},{\"@type\":\"ListItem\",\"position\":2,\"name\":\"Verde Ecologista reafirma compromiso con la lucha feminista en el D\u00eda Internacional de la Mujer\"}]},{\"@type\":\"WebSite\",\"@id\":\"https:\/\/noticozumel.mx\/1\/#website\",\"url\":\"https:\/\/noticozumel.mx\/1\/\",\"name\":\"NotiCozumel\",\"description\":\"Las noticias al alcance de todos\",\"potentialAction\":[{\"@type\":\"SearchAction\",\"target\":{\"@type\":\"EntryPoint\",\"urlTemplate\":\"https:\/\/noticozumel.mx\/1\/?s={search_term_string}\"},\"query-input\":{\"@type\":\"PropertyValueSpecification\",\"valueRequired\":true,\"valueName\":\"search_term_string\"}}],\"inLanguage\":\"es\"},{\"@type\":\"Person\",\"@id\":\"https:\/\/noticozumel.mx\/1\/#\/schema\/person\/a3353279fd7f37e86677893e0510943b\",\"name\":\"Redacci\u00f3n\",\"image\":{\"@type\":\"ImageObject\",\"inLanguage\":\"es\",\"@id\":\"https:\/\/noticozumel.mx\/1\/#\/schema\/person\/image\/\",\"url\":\"https:\/\/secure.gravatar.com\/avatar\/92c1decdbf2b01a0b3a758c19f5bf7b7b7c7ad1ebf1b8f407a69813d9948f6d0?s=96&d=mm&r=g\",\"contentUrl\":\"https:\/\/secure.gravatar.com\/avatar\/92c1decdbf2b01a0b3a758c19f5bf7b7b7c7ad1ebf1b8f407a69813d9948f6d0?s=96&d=mm&r=g\",\"caption\":\"Redacci\u00f3n\"},\"url\":\"https:\/\/noticozumel.mx\/1\/author\/admin\/\"}]}<\/script>\n<!-- \/ Yoast SEO Premium plugin. -->","yoast_head_json":{"title":"Verde Ecologista reafirma compromiso con la lucha feminista en el D\u00eda Internacional de la Mujer - NotiCozumel","robots":{"index":"index","follow":"follow","max-snippet":"max-snippet:-1","max-image-preview":"max-image-preview:large","max-video-preview":"max-video-preview:-1"},"canonical":"https:\/\/noticozumel.mx\/1\/verde-ecologista-reafirma-compromiso-con-la-lucha-feminista-en-el-dia-internacional-de-la-mujer\/","og_locale":"es_ES","og_type":"article","og_title":"Verde Ecologista reafirma compromiso con la lucha feminista en el D\u00eda Internacional de la Mujer","og_description":"Cozumel, Quintana Roo, 9 de marzo de 2026.- En el marco del D\u00eda Internacional de la Mujer, el dirigente municipal del Partido Verde Ecologista de M\u00e9xico, Marco Antonio Mendoza Quijano, subray\u00f3 la importancia de reconocer la lucha hist\u00f3rica de las mujeres por la igualdad, la justicia y el respeto pleno de sus derechos.\u00a0 \u201cEste d\u00eda [&hellip;]","og_url":"https:\/\/noticozumel.mx\/1\/verde-ecologista-reafirma-compromiso-con-la-lucha-feminista-en-el-dia-internacional-de-la-mujer\/","og_site_name":"NotiCozumel","article_published_time":"2026-03-09T19:48:23+00:00","article_modified_time":"2026-03-09T19:48:27+00:00","og_image":[{"width":2048,"height":1536,"url":"https:\/\/noticozumel.mx\/1\/wp-content\/uploads\/2026\/03\/FB_IMG_1773085446228.jpg","type":"image\/jpeg"}],"author":"Redacci\u00f3n","twitter_card":"summary_large_image","twitter_misc":{"Escrito por":"Redacci\u00f3n","Tiempo de lectura":"2 minutos"},"schema":{"@context":"https:\/\/schema.org","@graph":[{"@type":"WebPage","@id":"https:\/\/noticozumel.mx\/1\/verde-ecologista-reafirma-compromiso-con-la-lucha-feminista-en-el-dia-internacional-de-la-mujer\/","url":"https:\/\/noticozumel.mx\/1\/verde-ecologista-reafirma-compromiso-con-la-lucha-feminista-en-el-dia-internacional-de-la-mujer\/","name":"Verde Ecologista reafirma compromiso con la lucha feminista en el D\u00eda Internacional de la Mujer - NotiCozumel","isPartOf":{"@id":"https:\/\/noticozumel.mx\/1\/#website"},"primaryImageOfPage":{"@id":"https:\/\/noticozumel.mx\/1\/verde-ecologista-reafirma-compromiso-con-la-lucha-feminista-en-el-dia-internacional-de-la-mujer\/#primaryimage"},"image":{"@id":"https:\/\/noticozumel.mx\/1\/verde-ecologista-reafirma-compromiso-con-la-lucha-feminista-en-el-dia-internacional-de-la-mujer\/#primaryimage"},"thumbnailUrl":"https:\/\/noticozumel.mx\/1\/wp-content\/uploads\/2026\/03\/FB_IMG_1773085446228.jpg","datePublished":"2026-03-09T19:48:23+00:00","dateModified":"2026-03-09T19:48:27+00:00","author":{"@id":"https:\/\/noticozumel.mx\/1\/#\/schema\/person\/a3353279fd7f37e86677893e0510943b"},"breadcrumb":{"@id":"https:\/\/noticozumel.mx\/1\/verde-ecologista-reafirma-compromiso-con-la-lucha-feminista-en-el-dia-internacional-de-la-mujer\/#breadcrumb"},"inLanguage":"es","potentialAction":[{"@type":"ReadAction","target":["https:\/\/noticozumel.mx\/1\/verde-ecologista-reafirma-compromiso-con-la-lucha-feminista-en-el-dia-internacional-de-la-mujer\/"]}]},{"@type":"ImageObject","inLanguage":"es","@id":"https:\/\/noticozumel.mx\/1\/verde-ecologista-reafirma-compromiso-con-la-lucha-feminista-en-el-dia-internacional-de-la-mujer\/#primaryimage","url":"https:\/\/noticozumel.mx\/1\/wp-content\/uploads\/2026\/03\/FB_IMG_1773085446228.jpg","contentUrl":"https:\/\/noticozumel.mx\/1\/wp-content\/uploads\/2026\/03\/FB_IMG_1773085446228.jpg","width":2048,"height":1536},{"@type":"BreadcrumbList","@id":"https:\/\/noticozumel.mx\/1\/verde-ecologista-reafirma-compromiso-con-la-lucha-feminista-en-el-dia-internacional-de-la-mujer\/#breadcrumb","itemListElement":[{"@type":"ListItem","position":1,"name":"Portada","item":"https:\/\/noticozumel.mx\/1\/"},{"@type":"ListItem","position":2,"name":"Verde Ecologista reafirma compromiso con la lucha feminista en el D\u00eda Internacional de la Mujer"}]},{"@type":"WebSite","@id":"https:\/\/noticozumel.mx\/1\/#website","url":"https:\/\/noticozumel.mx\/1\/","name":"NotiCozumel","description":"Las noticias al alcance de todos","potentialAction":[{"@type":"SearchAction","target":{"@type":"EntryPoint","urlTemplate":"https:\/\/noticozumel.mx\/1\/?s={search_term_string}"},"query-input":{"@type":"PropertyValueSpecification","valueRequired":true,"valueName":"search_term_string"}}],"inLanguage":"es"},{"@type":"Person","@id":"https:\/\/noticozumel.mx\/1\/#\/schema\/person\/a3353279fd7f37e86677893e0510943b","name":"Redacci\u00f3n","image":{"@type":"ImageObject","inLanguage":"es","@id":"https:\/\/noticozumel.mx\/1\/#\/schema\/person\/image\/","url":"https:\/\/secure.gravatar.com\/avatar\/92c1decdbf2b01a0b3a758c19f5bf7b7b7c7ad1ebf1b8f407a69813d9948f6d0?s=96&d=mm&r=g","contentUrl":"https:\/\/secure.gravatar.com\/avatar\/92c1decdbf2b01a0b3a758c19f5bf7b7b7c7ad1ebf1b8f407a69813d9948f6d0?s=96&d=mm&r=g","caption":"Redacci\u00f3n"},"url":"https:\/\/noticozumel.mx\/1\/author\/admin\/"}]}},"_links":{"self":[{"href":"https:\/\/noticozumel.mx\/1\/wp-json\/wp\/v2\/posts\/7650","targetHints":{"allow":["GET"]}}],"collection":[{"href":"https:\/\/noticozumel.mx\/1\/wp-json\/wp\/v2\/posts"}],"about":[{"href":"https:\/\/noticozumel.mx\/1\/wp-json\/wp\/v2\/types\/post"}],"author":[{"embeddable":true,"href":"https:\/\/noticozumel.mx\/1\/wp-json\/wp\/v2\/users\/1"}],"replies":[{"embeddable":true,"href":"https:\/\/noticozumel.mx\/1\/wp-json\/wp\/v2\/comments?post=7650"}],"version-history":[{"count":1,"href":"https:\/\/noticozumel.mx\/1\/wp-json\/wp\/v2\/posts\/7650\/revisions"}],"predecessor-version":[{"id":7656,"href":"https:\/\/noticozumel.mx\/1\/wp-json\/wp\/v2\/posts\/7650\/revisions\/7656"}],"wp:featuredmedia":[{"embeddable":true,"href":"https:\/\/noticozumel.mx\/1\/wp-json\/wp\/v2\/media\/7655"}],"wp:attachment":[{"href":"https:\/\/noticozumel.mx\/1\/wp-json\/wp\/v2\/media?parent=7650"}],"wp:term":[{"taxonomy":"category","embeddable":true,"href":"https:\/\/noticozumel.mx\/1\/wp-json\/wp\/v2\/categories?post=7650"},{"taxonomy":"post_tag","embeddable":true,"href":"https:\/\/noticozumel.mx\/1\/wp-json\/wp\/v2\/tags?post=7650"}],"curies":[{"name":"wp","href":"https:\/\/api.w.org\/{rel}","templated":true}]}}