{"id":7658,"date":"2026-03-09T17:00:00","date_gmt":"2026-03-09T22:00:00","guid":{"rendered":"https:\/\/noticozumel.mx\/1\/?p=7658"},"modified":"2026-03-10T00:24:14","modified_gmt":"2026-03-10T05:24:14","slug":"mara-lezama-impulsa-paz-con-profesionalizacion-en-la-universidad-de-seguridad-quintana-roo","status":"publish","type":"post","link":"https:\/\/noticozumel.mx\/1\/mara-lezama-impulsa-paz-con-profesionalizacion-en-la-universidad-de-seguridad-quintana-roo\/","title":{"rendered":"Mara Lezama impulsa paz con profesionalizaci\u00f3n en la Universidad de Seguridad Quintana Roo"},"content":{"rendered":"\n<p>Chetumal, Quintana Roo, 9 de marzo de 2026.- La gobernadora Mara Lezama Espinosa encabez\u00f3 la sesi\u00f3n de instalaci\u00f3n y toma de protesta de la Junta de Gobierno de la Universidad de Ciencias y Disciplinas de la Seguridad de Quintana Roo, y del Rector Jes\u00fas Antonio Lara Mata.<\/p>\n\n\n<p><iframe loading=\"lazy\" src=\"https:\/\/www.facebook.com\/plugins\/video.php?height=316&#038;href=https%3A%2F%2Fwww.facebook.com%2Freel%2F1451295816687120%2F&#038;show_text=false&#038;width=560&#038;t=0\" width=\"560\" height=\"316\" style=\"border:none;overflow:hidden\" scrolling=\"no\" frameborder=\"0\" allowfullscreen=\"true\" allow=\"autoplay; clipboard-write; encrypted-media; picture-in-picture; web-share\" allowFullScreen=\"true\"><\/iframe><\/p>\n\n\n\n<p>\u201cEstamos dando un paso firme hacia el futuro, sentamos las bases de una seguridad que se construye desde la educaci\u00f3n, la profesionalizaci\u00f3n y el respeto a la dignidad humana\u201d explic\u00f3 la gobernadora de Quintana Roo al asegurar que la seguridad se construye, se co-crea y se trabaja todos los d\u00edas.<\/p>\n\n\n\n<p>Esta Universidad nace en este gobierno diferente, humanista con coraz\u00f3n feminista, que cree en la inversi\u00f3n fundamental para la construcci\u00f3n de paz y la seguridad de Quintana Roo. \u201cHoy la Universidad es una realidad\u201d, apunt\u00f3 Mara Lezama.<\/p>\n\n\n\n<figure class=\"wp-block-image size-large\"><img loading=\"lazy\" decoding=\"async\" width=\"1024\" height=\"682\" src=\"https:\/\/noticozumel.mx\/1\/wp-content\/uploads\/2026\/03\/Mara-impulsa-la-paz-1-1024x682.jpg\" alt=\"\" class=\"wp-image-7659\" srcset=\"https:\/\/noticozumel.mx\/1\/wp-content\/uploads\/2026\/03\/Mara-impulsa-la-paz-1-1024x682.jpg 1024w, https:\/\/noticozumel.mx\/1\/wp-content\/uploads\/2026\/03\/Mara-impulsa-la-paz-1-300x200.jpg 300w, https:\/\/noticozumel.mx\/1\/wp-content\/uploads\/2026\/03\/Mara-impulsa-la-paz-1-768x512.jpg 768w, https:\/\/noticozumel.mx\/1\/wp-content\/uploads\/2026\/03\/Mara-impulsa-la-paz-1-1536x1023.jpg 1536w, https:\/\/noticozumel.mx\/1\/wp-content\/uploads\/2026\/03\/Mara-impulsa-la-paz-1-630x420.jpg 630w, https:\/\/noticozumel.mx\/1\/wp-content\/uploads\/2026\/03\/Mara-impulsa-la-paz-1-150x100.jpg 150w, https:\/\/noticozumel.mx\/1\/wp-content\/uploads\/2026\/03\/Mara-impulsa-la-paz-1-696x464.jpg 696w, https:\/\/noticozumel.mx\/1\/wp-content\/uploads\/2026\/03\/Mara-impulsa-la-paz-1-1068x712.jpg 1068w, https:\/\/noticozumel.mx\/1\/wp-content\/uploads\/2026\/03\/Mara-impulsa-la-paz-1.jpg 1600w\" sizes=\"auto, (max-width: 1024px) 100vw, 1024px\" \/><\/figure>\n\n\n\n<p>La Gobernadora inform\u00f3 que la primera generaci\u00f3n se graduar\u00e1 en septiembre de 2027. Tiene en oferta educativa la licenciatura en Seguridad Ciudadana y Construcci\u00f3n de Paz, y la licenciatura en Criminolog\u00eda y Pol\u00edtica Criminal.<\/p>\n\n\n\n<p>Adem\u00e1s, ofrece la especialidad y la primera maestr\u00eda en Derecho Disciplinario en el pa\u00eds. Tambi\u00e9n es la primera Universidad en contar con estas materias.<\/p>\n\n\n\n<figure class=\"wp-block-image size-large\"><img loading=\"lazy\" decoding=\"async\" width=\"1024\" height=\"682\" src=\"https:\/\/noticozumel.mx\/1\/wp-content\/uploads\/2026\/03\/Mara-impulsa-la-paz-4-1024x682.jpg\" alt=\"\" class=\"wp-image-7661\" srcset=\"https:\/\/noticozumel.mx\/1\/wp-content\/uploads\/2026\/03\/Mara-impulsa-la-paz-4-1024x682.jpg 1024w, https:\/\/noticozumel.mx\/1\/wp-content\/uploads\/2026\/03\/Mara-impulsa-la-paz-4-300x200.jpg 300w, https:\/\/noticozumel.mx\/1\/wp-content\/uploads\/2026\/03\/Mara-impulsa-la-paz-4-768x512.jpg 768w, https:\/\/noticozumel.mx\/1\/wp-content\/uploads\/2026\/03\/Mara-impulsa-la-paz-4-1536x1023.jpg 1536w, https:\/\/noticozumel.mx\/1\/wp-content\/uploads\/2026\/03\/Mara-impulsa-la-paz-4-630x420.jpg 630w, https:\/\/noticozumel.mx\/1\/wp-content\/uploads\/2026\/03\/Mara-impulsa-la-paz-4-150x100.jpg 150w, https:\/\/noticozumel.mx\/1\/wp-content\/uploads\/2026\/03\/Mara-impulsa-la-paz-4-696x464.jpg 696w, https:\/\/noticozumel.mx\/1\/wp-content\/uploads\/2026\/03\/Mara-impulsa-la-paz-4-1068x712.jpg 1068w, https:\/\/noticozumel.mx\/1\/wp-content\/uploads\/2026\/03\/Mara-impulsa-la-paz-4.jpg 1600w\" sizes=\"auto, (max-width: 1024px) 100vw, 1024px\" \/><\/figure>\n\n\n\n<p>Para quienes deseen ser parte de esta Universidad, sigue el periodo de inscripciones y pueden contactarse a los n\u00fameros telef\u00f3nicos 983 835 0943, el WhatsApp de admisiones es el 565 226 8677 y 998 846 6176. \u201cCreemos en la profesionalizaci\u00f3n, en la dignificaci\u00f3n de la carrera policial, en trabajar todos los d\u00edas que puedan ascender en esta profesi\u00f3n tan importante para nuestro Estado\u201d, cit\u00f3 la titular del Ejecutivo.<\/p>\n\n\n\n<p>Finalmente dijo que en este gobierno se hacen las cosas pensando no nada m\u00e1s en el presente, tambi\u00e9n en el futuro, en lo que viene. \u201cY si bien es cierto que se estar\u00e1n graduando cuando yo termine el gobierno, me dar\u00e1 mucho gusto saber que hay semillero para las pr\u00f3ximas generaciones\u201d.<\/p>\n\n\n\n<figure class=\"wp-block-image size-large\"><img loading=\"lazy\" decoding=\"async\" width=\"1024\" height=\"682\" src=\"https:\/\/noticozumel.mx\/1\/wp-content\/uploads\/2026\/03\/Mara-impulsa-la-paz-4-1024x682.jpg\" alt=\"\" class=\"wp-image-7661\" srcset=\"https:\/\/noticozumel.mx\/1\/wp-content\/uploads\/2026\/03\/Mara-impulsa-la-paz-4-1024x682.jpg 1024w, https:\/\/noticozumel.mx\/1\/wp-content\/uploads\/2026\/03\/Mara-impulsa-la-paz-4-300x200.jpg 300w, https:\/\/noticozumel.mx\/1\/wp-content\/uploads\/2026\/03\/Mara-impulsa-la-paz-4-768x512.jpg 768w, https:\/\/noticozumel.mx\/1\/wp-content\/uploads\/2026\/03\/Mara-impulsa-la-paz-4-1536x1023.jpg 1536w, https:\/\/noticozumel.mx\/1\/wp-content\/uploads\/2026\/03\/Mara-impulsa-la-paz-4-630x420.jpg 630w, https:\/\/noticozumel.mx\/1\/wp-content\/uploads\/2026\/03\/Mara-impulsa-la-paz-4-150x100.jpg 150w, https:\/\/noticozumel.mx\/1\/wp-content\/uploads\/2026\/03\/Mara-impulsa-la-paz-4-696x464.jpg 696w, https:\/\/noticozumel.mx\/1\/wp-content\/uploads\/2026\/03\/Mara-impulsa-la-paz-4-1068x712.jpg 1068w, https:\/\/noticozumel.mx\/1\/wp-content\/uploads\/2026\/03\/Mara-impulsa-la-paz-4.jpg 1600w\" sizes=\"auto, (max-width: 1024px) 100vw, 1024px\" \/><\/figure>\n\n\n\n<p>\u201cEn Quintana Roo creemos en la construcci\u00f3n de paz, creemos en la inversi\u00f3n en materia de seguridad y creemos que con valores, con \u00e9tica, con profesionalizaci\u00f3n, vamos en el camino correcto\u201d, puntualiz\u00f3.<\/p>\n\n\n\n<figure class=\"wp-block-image size-large\"><img loading=\"lazy\" decoding=\"async\" width=\"1024\" height=\"556\" src=\"https:\/\/noticozumel.mx\/1\/wp-content\/uploads\/2026\/03\/Mara-impulsa-la-paz-3-1024x556.jpg\" alt=\"\" class=\"wp-image-7662\" srcset=\"https:\/\/noticozumel.mx\/1\/wp-content\/uploads\/2026\/03\/Mara-impulsa-la-paz-3-1024x556.jpg 1024w, https:\/\/noticozumel.mx\/1\/wp-content\/uploads\/2026\/03\/Mara-impulsa-la-paz-3-300x163.jpg 300w, https:\/\/noticozumel.mx\/1\/wp-content\/uploads\/2026\/03\/Mara-impulsa-la-paz-3-768x417.jpg 768w, https:\/\/noticozumel.mx\/1\/wp-content\/uploads\/2026\/03\/Mara-impulsa-la-paz-3-1536x834.jpg 1536w, https:\/\/noticozumel.mx\/1\/wp-content\/uploads\/2026\/03\/Mara-impulsa-la-paz-3-773x420.jpg 773w, https:\/\/noticozumel.mx\/1\/wp-content\/uploads\/2026\/03\/Mara-impulsa-la-paz-3-150x81.jpg 150w, https:\/\/noticozumel.mx\/1\/wp-content\/uploads\/2026\/03\/Mara-impulsa-la-paz-3-696x378.jpg 696w, https:\/\/noticozumel.mx\/1\/wp-content\/uploads\/2026\/03\/Mara-impulsa-la-paz-3-1068x580.jpg 1068w, https:\/\/noticozumel.mx\/1\/wp-content\/uploads\/2026\/03\/Mara-impulsa-la-paz-3.jpg 1600w\" sizes=\"auto, (max-width: 1024px) 100vw, 1024px\" \/><\/figure>\n","protected":false},"excerpt":{"rendered":"<p>Chetumal, Quintana Roo, 9 de marzo de 2026.- La gobernadora Mara Lezama Espinosa encabez\u00f3 la sesi\u00f3n de instalaci\u00f3n y toma de protesta de la Junta de Gobierno de la Universidad de Ciencias y Disciplinas de la Seguridad de Quintana Roo, y del Rector Jes\u00fas Antonio Lara Mata. \u201cEstamos dando un paso firme hacia el futuro, [&hellip;]<\/p>\n","protected":false},"author":1,"featured_media":7663,"comment_status":"open","ping_status":"closed","sticky":false,"template":"","format":"standard","meta":{"tdm_status":"","tdm_grid_status":"","footnotes":""},"categories":[2,39,42],"tags":[96,24,97,98,27,60,95,23],"class_list":{"0":"post-7658","1":"post","2":"type-post","3":"status-publish","4":"format-standard","5":"has-post-thumbnail","7":"category-featured","8":"category-othon-pompeyo-blanco","9":"category-quintana-roo","10":"tag-chetumal","11":"tag-mara-lezama-espinosa","12":"tag-noticias-de-chetumal","13":"tag-noticias-de-othon-pompeyo-blanco","14":"tag-noticias-de-quintana-roo","15":"tag-noticozumel","16":"tag-othon-pompeyo-blanco","17":"tag-quintana-roo"},"yoast_head":"<!-- This site is optimized with the Yoast SEO Premium plugin v26.2 (Yoast SEO v26.2) - https:\/\/yoast.com\/wordpress\/plugins\/seo\/ -->\n<title>Mara Lezama impulsa paz con profesionalizaci\u00f3n en la Universidad de Seguridad Quintana Roo - NotiCozumel<\/title>\n<meta name=\"robots\" content=\"index, follow, max-snippet:-1, max-image-preview:large, max-video-preview:-1\" \/>\n<link rel=\"canonical\" href=\"https:\/\/noticozumel.mx\/1\/mara-lezama-impulsa-paz-con-profesionalizacion-en-la-universidad-de-seguridad-quintana-roo\/\" \/>\n<meta property=\"og:locale\" content=\"es_ES\" \/>\n<meta property=\"og:type\" content=\"article\" \/>\n<meta property=\"og:title\" content=\"Mara Lezama impulsa paz con profesionalizaci\u00f3n en la Universidad de Seguridad Quintana Roo\" \/>\n<meta property=\"og:description\" content=\"Chetumal, Quintana Roo, 9 de marzo de 2026.- La gobernadora Mara Lezama Espinosa encabez\u00f3 la sesi\u00f3n de instalaci\u00f3n y toma de protesta de la Junta de Gobierno de la Universidad de Ciencias y Disciplinas de la Seguridad de Quintana Roo, y del Rector Jes\u00fas Antonio Lara Mata. \u201cEstamos dando un paso firme hacia el futuro, [&hellip;]\" \/>\n<meta property=\"og:url\" content=\"https:\/\/noticozumel.mx\/1\/mara-lezama-impulsa-paz-con-profesionalizacion-en-la-universidad-de-seguridad-quintana-roo\/\" \/>\n<meta property=\"og:site_name\" content=\"NotiCozumel\" \/>\n<meta property=\"article:published_time\" content=\"2026-03-09T22:00:00+00:00\" \/>\n<meta property=\"article:modified_time\" content=\"2026-03-10T05:24:14+00:00\" \/>\n<meta property=\"og:image\" content=\"https:\/\/noticozumel.mx\/1\/wp-content\/uploads\/2026\/03\/Mara-impulsa-la-paz-2.jpg\" \/>\n\t<meta property=\"og:image:width\" content=\"1600\" \/>\n\t<meta property=\"og:image:height\" content=\"1066\" \/>\n\t<meta property=\"og:image:type\" content=\"image\/jpeg\" \/>\n<meta name=\"author\" content=\"Redacci\u00f3n\" \/>\n<meta name=\"twitter:card\" content=\"summary_large_image\" \/>\n<meta name=\"twitter:label1\" content=\"Escrito por\" \/>\n\t<meta name=\"twitter:data1\" content=\"Redacci\u00f3n\" \/>\n\t<meta name=\"twitter:label2\" content=\"Tiempo de lectura\" \/>\n\t<meta name=\"twitter:data2\" content=\"3 minutos\" \/>\n<script type=\"application\/ld+json\" class=\"yoast-schema-graph\">{\"@context\":\"https:\/\/schema.org\",\"@graph\":[{\"@type\":\"WebPage\",\"@id\":\"https:\/\/noticozumel.mx\/1\/mara-lezama-impulsa-paz-con-profesionalizacion-en-la-universidad-de-seguridad-quintana-roo\/\",\"url\":\"https:\/\/noticozumel.mx\/1\/mara-lezama-impulsa-paz-con-profesionalizacion-en-la-universidad-de-seguridad-quintana-roo\/\",\"name\":\"Mara Lezama impulsa paz con profesionalizaci\u00f3n en la Universidad de Seguridad Quintana Roo - NotiCozumel\",\"isPartOf\":{\"@id\":\"https:\/\/noticozumel.mx\/1\/#website\"},\"primaryImageOfPage\":{\"@id\":\"https:\/\/noticozumel.mx\/1\/mara-lezama-impulsa-paz-con-profesionalizacion-en-la-universidad-de-seguridad-quintana-roo\/#primaryimage\"},\"image\":{\"@id\":\"https:\/\/noticozumel.mx\/1\/mara-lezama-impulsa-paz-con-profesionalizacion-en-la-universidad-de-seguridad-quintana-roo\/#primaryimage\"},\"thumbnailUrl\":\"https:\/\/noticozumel.mx\/1\/wp-content\/uploads\/2026\/03\/Mara-impulsa-la-paz-2.jpg\",\"datePublished\":\"2026-03-09T22:00:00+00:00\",\"dateModified\":\"2026-03-10T05:24:14+00:00\",\"author\":{\"@id\":\"https:\/\/noticozumel.mx\/1\/#\/schema\/person\/a3353279fd7f37e86677893e0510943b\"},\"breadcrumb\":{\"@id\":\"https:\/\/noticozumel.mx\/1\/mara-lezama-impulsa-paz-con-profesionalizacion-en-la-universidad-de-seguridad-quintana-roo\/#breadcrumb\"},\"inLanguage\":\"es\",\"potentialAction\":[{\"@type\":\"ReadAction\",\"target\":[\"https:\/\/noticozumel.mx\/1\/mara-lezama-impulsa-paz-con-profesionalizacion-en-la-universidad-de-seguridad-quintana-roo\/\"]}]},{\"@type\":\"ImageObject\",\"inLanguage\":\"es\",\"@id\":\"https:\/\/noticozumel.mx\/1\/mara-lezama-impulsa-paz-con-profesionalizacion-en-la-universidad-de-seguridad-quintana-roo\/#primaryimage\",\"url\":\"https:\/\/noticozumel.mx\/1\/wp-content\/uploads\/2026\/03\/Mara-impulsa-la-paz-2.jpg\",\"contentUrl\":\"https:\/\/noticozumel.mx\/1\/wp-content\/uploads\/2026\/03\/Mara-impulsa-la-paz-2.jpg\",\"width\":1600,\"height\":1066},{\"@type\":\"BreadcrumbList\",\"@id\":\"https:\/\/noticozumel.mx\/1\/mara-lezama-impulsa-paz-con-profesionalizacion-en-la-universidad-de-seguridad-quintana-roo\/#breadcrumb\",\"itemListElement\":[{\"@type\":\"ListItem\",\"position\":1,\"name\":\"Portada\",\"item\":\"https:\/\/noticozumel.mx\/1\/\"},{\"@type\":\"ListItem\",\"position\":2,\"name\":\"Mara Lezama impulsa paz con profesionalizaci\u00f3n en la Universidad de Seguridad Quintana Roo\"}]},{\"@type\":\"WebSite\",\"@id\":\"https:\/\/noticozumel.mx\/1\/#website\",\"url\":\"https:\/\/noticozumel.mx\/1\/\",\"name\":\"NotiCozumel\",\"description\":\"Las noticias al alcance de todos\",\"potentialAction\":[{\"@type\":\"SearchAction\",\"target\":{\"@type\":\"EntryPoint\",\"urlTemplate\":\"https:\/\/noticozumel.mx\/1\/?s={search_term_string}\"},\"query-input\":{\"@type\":\"PropertyValueSpecification\",\"valueRequired\":true,\"valueName\":\"search_term_string\"}}],\"inLanguage\":\"es\"},{\"@type\":\"Person\",\"@id\":\"https:\/\/noticozumel.mx\/1\/#\/schema\/person\/a3353279fd7f37e86677893e0510943b\",\"name\":\"Redacci\u00f3n\",\"image\":{\"@type\":\"ImageObject\",\"inLanguage\":\"es\",\"@id\":\"https:\/\/noticozumel.mx\/1\/#\/schema\/person\/image\/\",\"url\":\"https:\/\/secure.gravatar.com\/avatar\/92c1decdbf2b01a0b3a758c19f5bf7b7b7c7ad1ebf1b8f407a69813d9948f6d0?s=96&d=mm&r=g\",\"contentUrl\":\"https:\/\/secure.gravatar.com\/avatar\/92c1decdbf2b01a0b3a758c19f5bf7b7b7c7ad1ebf1b8f407a69813d9948f6d0?s=96&d=mm&r=g\",\"caption\":\"Redacci\u00f3n\"},\"url\":\"https:\/\/noticozumel.mx\/1\/author\/admin\/\"}]}<\/script>\n<!-- \/ Yoast SEO Premium plugin. -->","yoast_head_json":{"title":"Mara Lezama impulsa paz con profesionalizaci\u00f3n en la Universidad de Seguridad Quintana Roo - NotiCozumel","robots":{"index":"index","follow":"follow","max-snippet":"max-snippet:-1","max-image-preview":"max-image-preview:large","max-video-preview":"max-video-preview:-1"},"canonical":"https:\/\/noticozumel.mx\/1\/mara-lezama-impulsa-paz-con-profesionalizacion-en-la-universidad-de-seguridad-quintana-roo\/","og_locale":"es_ES","og_type":"article","og_title":"Mara Lezama impulsa paz con profesionalizaci\u00f3n en la Universidad de Seguridad Quintana Roo","og_description":"Chetumal, Quintana Roo, 9 de marzo de 2026.- La gobernadora Mara Lezama Espinosa encabez\u00f3 la sesi\u00f3n de instalaci\u00f3n y toma de protesta de la Junta de Gobierno de la Universidad de Ciencias y Disciplinas de la Seguridad de Quintana Roo, y del Rector Jes\u00fas Antonio Lara Mata. \u201cEstamos dando un paso firme hacia el futuro, [&hellip;]","og_url":"https:\/\/noticozumel.mx\/1\/mara-lezama-impulsa-paz-con-profesionalizacion-en-la-universidad-de-seguridad-quintana-roo\/","og_site_name":"NotiCozumel","article_published_time":"2026-03-09T22:00:00+00:00","article_modified_time":"2026-03-10T05:24:14+00:00","og_image":[{"width":1600,"height":1066,"url":"https:\/\/noticozumel.mx\/1\/wp-content\/uploads\/2026\/03\/Mara-impulsa-la-paz-2.jpg","type":"image\/jpeg"}],"author":"Redacci\u00f3n","twitter_card":"summary_large_image","twitter_misc":{"Escrito por":"Redacci\u00f3n","Tiempo de lectura":"3 minutos"},"schema":{"@context":"https:\/\/schema.org","@graph":[{"@type":"WebPage","@id":"https:\/\/noticozumel.mx\/1\/mara-lezama-impulsa-paz-con-profesionalizacion-en-la-universidad-de-seguridad-quintana-roo\/","url":"https:\/\/noticozumel.mx\/1\/mara-lezama-impulsa-paz-con-profesionalizacion-en-la-universidad-de-seguridad-quintana-roo\/","name":"Mara Lezama impulsa paz con profesionalizaci\u00f3n en la Universidad de Seguridad Quintana Roo - NotiCozumel","isPartOf":{"@id":"https:\/\/noticozumel.mx\/1\/#website"},"primaryImageOfPage":{"@id":"https:\/\/noticozumel.mx\/1\/mara-lezama-impulsa-paz-con-profesionalizacion-en-la-universidad-de-seguridad-quintana-roo\/#primaryimage"},"image":{"@id":"https:\/\/noticozumel.mx\/1\/mara-lezama-impulsa-paz-con-profesionalizacion-en-la-universidad-de-seguridad-quintana-roo\/#primaryimage"},"thumbnailUrl":"https:\/\/noticozumel.mx\/1\/wp-content\/uploads\/2026\/03\/Mara-impulsa-la-paz-2.jpg","datePublished":"2026-03-09T22:00:00+00:00","dateModified":"2026-03-10T05:24:14+00:00","author":{"@id":"https:\/\/noticozumel.mx\/1\/#\/schema\/person\/a3353279fd7f37e86677893e0510943b"},"breadcrumb":{"@id":"https:\/\/noticozumel.mx\/1\/mara-lezama-impulsa-paz-con-profesionalizacion-en-la-universidad-de-seguridad-quintana-roo\/#breadcrumb"},"inLanguage":"es","potentialAction":[{"@type":"ReadAction","target":["https:\/\/noticozumel.mx\/1\/mara-lezama-impulsa-paz-con-profesionalizacion-en-la-universidad-de-seguridad-quintana-roo\/"]}]},{"@type":"ImageObject","inLanguage":"es","@id":"https:\/\/noticozumel.mx\/1\/mara-lezama-impulsa-paz-con-profesionalizacion-en-la-universidad-de-seguridad-quintana-roo\/#primaryimage","url":"https:\/\/noticozumel.mx\/1\/wp-content\/uploads\/2026\/03\/Mara-impulsa-la-paz-2.jpg","contentUrl":"https:\/\/noticozumel.mx\/1\/wp-content\/uploads\/2026\/03\/Mara-impulsa-la-paz-2.jpg","width":1600,"height":1066},{"@type":"BreadcrumbList","@id":"https:\/\/noticozumel.mx\/1\/mara-lezama-impulsa-paz-con-profesionalizacion-en-la-universidad-de-seguridad-quintana-roo\/#breadcrumb","itemListElement":[{"@type":"ListItem","position":1,"name":"Portada","item":"https:\/\/noticozumel.mx\/1\/"},{"@type":"ListItem","position":2,"name":"Mara Lezama impulsa paz con profesionalizaci\u00f3n en la Universidad de Seguridad Quintana Roo"}]},{"@type":"WebSite","@id":"https:\/\/noticozumel.mx\/1\/#website","url":"https:\/\/noticozumel.mx\/1\/","name":"NotiCozumel","description":"Las noticias al alcance de todos","potentialAction":[{"@type":"SearchAction","target":{"@type":"EntryPoint","urlTemplate":"https:\/\/noticozumel.mx\/1\/?s={search_term_string}"},"query-input":{"@type":"PropertyValueSpecification","valueRequired":true,"valueName":"search_term_string"}}],"inLanguage":"es"},{"@type":"Person","@id":"https:\/\/noticozumel.mx\/1\/#\/schema\/person\/a3353279fd7f37e86677893e0510943b","name":"Redacci\u00f3n","image":{"@type":"ImageObject","inLanguage":"es","@id":"https:\/\/noticozumel.mx\/1\/#\/schema\/person\/image\/","url":"https:\/\/secure.gravatar.com\/avatar\/92c1decdbf2b01a0b3a758c19f5bf7b7b7c7ad1ebf1b8f407a69813d9948f6d0?s=96&d=mm&r=g","contentUrl":"https:\/\/secure.gravatar.com\/avatar\/92c1decdbf2b01a0b3a758c19f5bf7b7b7c7ad1ebf1b8f407a69813d9948f6d0?s=96&d=mm&r=g","caption":"Redacci\u00f3n"},"url":"https:\/\/noticozumel.mx\/1\/author\/admin\/"}]}},"_links":{"self":[{"href":"https:\/\/noticozumel.mx\/1\/wp-json\/wp\/v2\/posts\/7658","targetHints":{"allow":["GET"]}}],"collection":[{"href":"https:\/\/noticozumel.mx\/1\/wp-json\/wp\/v2\/posts"}],"about":[{"href":"https:\/\/noticozumel.mx\/1\/wp-json\/wp\/v2\/types\/post"}],"author":[{"embeddable":true,"href":"https:\/\/noticozumel.mx\/1\/wp-json\/wp\/v2\/users\/1"}],"replies":[{"embeddable":true,"href":"https:\/\/noticozumel.mx\/1\/wp-json\/wp\/v2\/comments?post=7658"}],"version-history":[{"count":1,"href":"https:\/\/noticozumel.mx\/1\/wp-json\/wp\/v2\/posts\/7658\/revisions"}],"predecessor-version":[{"id":7664,"href":"https:\/\/noticozumel.mx\/1\/wp-json\/wp\/v2\/posts\/7658\/revisions\/7664"}],"wp:featuredmedia":[{"embeddable":true,"href":"https:\/\/noticozumel.mx\/1\/wp-json\/wp\/v2\/media\/7663"}],"wp:attachment":[{"href":"https:\/\/noticozumel.mx\/1\/wp-json\/wp\/v2\/media?parent=7658"}],"wp:term":[{"taxonomy":"category","embeddable":true,"href":"https:\/\/noticozumel.mx\/1\/wp-json\/wp\/v2\/categories?post=7658"},{"taxonomy":"post_tag","embeddable":true,"href":"https:\/\/noticozumel.mx\/1\/wp-json\/wp\/v2\/tags?post=7658"}],"curies":[{"name":"wp","href":"https:\/\/api.w.org\/{rel}","templated":true}]}}