{"id":7740,"date":"2026-03-10T09:00:00","date_gmt":"2026-03-10T14:00:00","guid":{"rendered":"https:\/\/noticozumel.mx\/1\/?p=7740"},"modified":"2026-03-10T03:03:24","modified_gmt":"2026-03-10T08:03:24","slug":"en-petit-comite-canada-abre-nuevas-rutas-hacia-cozumel","status":"publish","type":"post","link":"https:\/\/noticozumel.mx\/1\/en-petit-comite-canada-abre-nuevas-rutas-hacia-cozumel\/","title":{"rendered":"En Petit Comit\u00e9 | Canad\u00e1 abre nuevas rutas hacia Cozumel"},"content":{"rendered":"\n<p>Por V\u00edctor Hern\u00e1ndez Luna<\/p>\n\n\n\n<p>El turismo canadiense comienza a escribir una nueva p\u00e1gina en la historia de Cozumel. La reciente activaci\u00f3n del vuelo directo semanal entre Montreal y la isla, operado por WestJet, marca un hito que trasciende la temporada invernal, tradicionalmente la m\u00e1s fuerte para este mercado, y aun cuando la frecuencia inicial es de una vez por semana, la apuesta es clara: abrir camino para un crecimiento sostenido en la llegada de visitantes desde Canad\u00e1.<\/p>\n\n\n\n<p>Este segmento, que ha mostrado un incremento constante en los \u00faltimos a\u00f1os, se perfila como un aliado estrat\u00e9gico para diversificar la dependencia del turismo estadounidense, y que seg\u00fan datos de la Asociaci\u00f3n de Hoteles de Cozumel, el turismo nacional ya representa un 40 por ciento del concentrado anual, lo que refleja un cambio en la composici\u00f3n de los visitantes y abre oportunidades para consolidar otros mercados, como el canadiense.<\/p>\n\n\n\n<p>La salida de Southwest Airlines en 2025 redujo de manera significativa la conectividad a\u00e9rea con Estados Unidos, aunque se especula sobre un posible regreso, y en este contexto, la entrada de WestJet no solo compensa parte de la p\u00e9rdida, sino que tambi\u00e9n ampl\u00eda el abanico de opciones y fortalece la presencia de un mercado que, aunque m\u00e1s discreto, se ha mostrado fiel y en crecimiento.<\/p>\n\n\n\n<p>El vuelo desde Montreal no es solo una ruta a\u00e9rea, sino un puente cultural y econ\u00f3mico que permitir\u00e1 a Cozumel proyectarse m\u00e1s all\u00e1 de sus temporadas tradicionales, y la expectativa es que, con el tiempo, esta conexi\u00f3n se traduzca en m\u00e1s frecuencias y en un flujo constante de visitantes que disfruten de la riqueza natural, el buceo y la hospitalidad de la isla.<\/p>\n\n\n\n<p>En paralelo, la puerta del atardecer, uno de los \u00edconos tur\u00edsticos fotografiables de Cozumel, ser\u00e1 reinstalada en el mismo lugar dentro de la explanada de la bandera. Este espacio se ha convertido en un punto estrat\u00e9gico para las fotograf\u00edas que circulan en redes sociales y que, en muchos casos, definen la decisi\u00f3n de los viajeros al elegir un destino, y cuya demanda o inter\u00e9s se ha mostrado con las filas de visitantes esperando su turno para capturar la postal perfecta y que son prueba de su impacto en la promoci\u00f3n tur\u00edstica.<\/p>\n\n\n\n<p>Finalmente, el Director de Turismo, El\u00edas Farah Ceh, participar\u00e1 en Lanzarote, Espa\u00f1a, en un panel sobre gobernanza de datos tur\u00edsticos. La relevancia de esta intervenci\u00f3n radica en que el turismo se vive en los municipios: ah\u00ed llegan los visitantes, consumen, se transportan y utilizan servicios p\u00fablicos, dicho por el propio funcionario. Y Lanzarote, como parte de las Islas Canarias, ofrece un espejo interesante para el intercambio de experiencias y posibles hermanamientos, ya anticipados desde la pasada FITUR.<\/p>\n\n\n\n<p>Cozumel se encuentra, as\u00ed, en un momento clave: diversificar mercados, fortalecer s\u00edmbolos tur\u00edsticos y participar en foros internacionales que le permitan consolidar su posici\u00f3n como uno de los destinos m\u00e1s importantes del Caribe mexicano.<\/p>\n","protected":false},"excerpt":{"rendered":"<p>Por V\u00edctor Hern\u00e1ndez Luna El turismo canadiense comienza a escribir una nueva p\u00e1gina en la historia de Cozumel. La reciente activaci\u00f3n del vuelo directo semanal entre Montreal y la isla, operado por WestJet, marca un hito que trasciende la temporada invernal, tradicionalmente la m\u00e1s fuerte para este mercado, y aun cuando la frecuencia inicial es [&hellip;]<\/p>\n","protected":false},"author":2,"featured_media":6427,"comment_status":"open","ping_status":"closed","sticky":false,"template":"","format":"standard","meta":{"tdm_status":"","tdm_grid_status":"","footnotes":""},"categories":[45,46],"tags":[158,59,446,63,61,27,93,60,128,23,62,90,159],"class_list":{"0":"post-7740","1":"post","2":"type-post","3":"status-publish","4":"format-standard","5":"has-post-thumbnail","7":"category-columnas","8":"category-en-petit-comite","9":"tag-columna","10":"tag-cozumel","11":"tag-en-petit-comite","12":"tag-isla-cozumel","13":"tag-noticias-de-cozumel","14":"tag-noticias-de-quintana-roo","15":"tag-noticias-de-turismo","16":"tag-noticozumel","17":"tag-opinion","18":"tag-quintana-roo","19":"tag-san-miguel-de-cozumel","20":"tag-turismo","21":"tag-victor-hernandez-luna"},"yoast_head":"<!-- This site is optimized with the Yoast SEO Premium plugin v26.2 (Yoast SEO v26.2) - https:\/\/yoast.com\/wordpress\/plugins\/seo\/ -->\n<title>En Petit Comit\u00e9 | Canad\u00e1 abre nuevas rutas hacia Cozumel - NotiCozumel<\/title>\n<meta name=\"robots\" content=\"index, follow, max-snippet:-1, max-image-preview:large, max-video-preview:-1\" \/>\n<link rel=\"canonical\" href=\"https:\/\/noticozumel.mx\/1\/en-petit-comite-canada-abre-nuevas-rutas-hacia-cozumel\/\" \/>\n<meta property=\"og:locale\" content=\"es_ES\" \/>\n<meta property=\"og:type\" content=\"article\" \/>\n<meta property=\"og:title\" content=\"En Petit Comit\u00e9 | Canad\u00e1 abre nuevas rutas hacia Cozumel\" \/>\n<meta property=\"og:description\" content=\"Por V\u00edctor Hern\u00e1ndez Luna El turismo canadiense comienza a escribir una nueva p\u00e1gina en la historia de Cozumel. La reciente activaci\u00f3n del vuelo directo semanal entre Montreal y la isla, operado por WestJet, marca un hito que trasciende la temporada invernal, tradicionalmente la m\u00e1s fuerte para este mercado, y aun cuando la frecuencia inicial es [&hellip;]\" \/>\n<meta property=\"og:url\" content=\"https:\/\/noticozumel.mx\/1\/en-petit-comite-canada-abre-nuevas-rutas-hacia-cozumel\/\" \/>\n<meta property=\"og:site_name\" content=\"NotiCozumel\" \/>\n<meta property=\"article:published_time\" content=\"2026-03-10T14:00:00+00:00\" \/>\n<meta property=\"og:image\" content=\"https:\/\/noticozumel.mx\/1\/wp-content\/uploads\/2026\/02\/En-Petit.jpg\" \/>\n\t<meta property=\"og:image:width\" content=\"500\" \/>\n\t<meta property=\"og:image:height\" content=\"500\" \/>\n\t<meta property=\"og:image:type\" content=\"image\/jpeg\" \/>\n<meta name=\"author\" content=\"Victor Hernandez Luna\" \/>\n<meta name=\"twitter:card\" content=\"summary_large_image\" \/>\n<meta name=\"twitter:label1\" content=\"Escrito por\" \/>\n\t<meta name=\"twitter:data1\" content=\"Victor Hernandez Luna\" \/>\n\t<meta name=\"twitter:label2\" content=\"Tiempo de lectura\" \/>\n\t<meta name=\"twitter:data2\" content=\"3 minutos\" \/>\n<script type=\"application\/ld+json\" class=\"yoast-schema-graph\">{\"@context\":\"https:\/\/schema.org\",\"@graph\":[{\"@type\":\"WebPage\",\"@id\":\"https:\/\/noticozumel.mx\/1\/en-petit-comite-canada-abre-nuevas-rutas-hacia-cozumel\/\",\"url\":\"https:\/\/noticozumel.mx\/1\/en-petit-comite-canada-abre-nuevas-rutas-hacia-cozumel\/\",\"name\":\"En Petit Comit\u00e9 | Canad\u00e1 abre nuevas rutas hacia Cozumel - NotiCozumel\",\"isPartOf\":{\"@id\":\"https:\/\/noticozumel.mx\/1\/#website\"},\"primaryImageOfPage\":{\"@id\":\"https:\/\/noticozumel.mx\/1\/en-petit-comite-canada-abre-nuevas-rutas-hacia-cozumel\/#primaryimage\"},\"image\":{\"@id\":\"https:\/\/noticozumel.mx\/1\/en-petit-comite-canada-abre-nuevas-rutas-hacia-cozumel\/#primaryimage\"},\"thumbnailUrl\":\"https:\/\/noticozumel.mx\/1\/wp-content\/uploads\/2026\/02\/En-Petit.jpg\",\"datePublished\":\"2026-03-10T14:00:00+00:00\",\"author\":{\"@id\":\"https:\/\/noticozumel.mx\/1\/#\/schema\/person\/8d7a7295b0e332037217d900d085410f\"},\"breadcrumb\":{\"@id\":\"https:\/\/noticozumel.mx\/1\/en-petit-comite-canada-abre-nuevas-rutas-hacia-cozumel\/#breadcrumb\"},\"inLanguage\":\"es\",\"potentialAction\":[{\"@type\":\"ReadAction\",\"target\":[\"https:\/\/noticozumel.mx\/1\/en-petit-comite-canada-abre-nuevas-rutas-hacia-cozumel\/\"]}]},{\"@type\":\"ImageObject\",\"inLanguage\":\"es\",\"@id\":\"https:\/\/noticozumel.mx\/1\/en-petit-comite-canada-abre-nuevas-rutas-hacia-cozumel\/#primaryimage\",\"url\":\"https:\/\/noticozumel.mx\/1\/wp-content\/uploads\/2026\/02\/En-Petit.jpg\",\"contentUrl\":\"https:\/\/noticozumel.mx\/1\/wp-content\/uploads\/2026\/02\/En-Petit.jpg\",\"width\":500,\"height\":500,\"caption\":\"xr:d:DAF2D3bvIW4:7,j:8502086551910742375,t:24012304\"},{\"@type\":\"BreadcrumbList\",\"@id\":\"https:\/\/noticozumel.mx\/1\/en-petit-comite-canada-abre-nuevas-rutas-hacia-cozumel\/#breadcrumb\",\"itemListElement\":[{\"@type\":\"ListItem\",\"position\":1,\"name\":\"Portada\",\"item\":\"https:\/\/noticozumel.mx\/1\/\"},{\"@type\":\"ListItem\",\"position\":2,\"name\":\"En Petit Comit\u00e9 | Canad\u00e1 abre nuevas rutas hacia Cozumel\"}]},{\"@type\":\"WebSite\",\"@id\":\"https:\/\/noticozumel.mx\/1\/#website\",\"url\":\"https:\/\/noticozumel.mx\/1\/\",\"name\":\"NotiCozumel\",\"description\":\"Las noticias al alcance de todos\",\"potentialAction\":[{\"@type\":\"SearchAction\",\"target\":{\"@type\":\"EntryPoint\",\"urlTemplate\":\"https:\/\/noticozumel.mx\/1\/?s={search_term_string}\"},\"query-input\":{\"@type\":\"PropertyValueSpecification\",\"valueRequired\":true,\"valueName\":\"search_term_string\"}}],\"inLanguage\":\"es\"},{\"@type\":\"Person\",\"@id\":\"https:\/\/noticozumel.mx\/1\/#\/schema\/person\/8d7a7295b0e332037217d900d085410f\",\"name\":\"Victor Hernandez Luna\",\"image\":{\"@type\":\"ImageObject\",\"inLanguage\":\"es\",\"@id\":\"https:\/\/noticozumel.mx\/1\/#\/schema\/person\/image\/\",\"url\":\"https:\/\/secure.gravatar.com\/avatar\/903e5352abe273aed23196d02d4ae378ebfc322b1ba34a99ce80218a04ec9af0?s=96&d=mm&r=g\",\"contentUrl\":\"https:\/\/secure.gravatar.com\/avatar\/903e5352abe273aed23196d02d4ae378ebfc322b1ba34a99ce80218a04ec9af0?s=96&d=mm&r=g\",\"caption\":\"Victor Hernandez Luna\"},\"url\":\"https:\/\/noticozumel.mx\/1\/author\/victor-hernandez-luna\/\"}]}<\/script>\n<!-- \/ Yoast SEO Premium plugin. -->","yoast_head_json":{"title":"En Petit Comit\u00e9 | Canad\u00e1 abre nuevas rutas hacia Cozumel - NotiCozumel","robots":{"index":"index","follow":"follow","max-snippet":"max-snippet:-1","max-image-preview":"max-image-preview:large","max-video-preview":"max-video-preview:-1"},"canonical":"https:\/\/noticozumel.mx\/1\/en-petit-comite-canada-abre-nuevas-rutas-hacia-cozumel\/","og_locale":"es_ES","og_type":"article","og_title":"En Petit Comit\u00e9 | Canad\u00e1 abre nuevas rutas hacia Cozumel","og_description":"Por V\u00edctor Hern\u00e1ndez Luna El turismo canadiense comienza a escribir una nueva p\u00e1gina en la historia de Cozumel. La reciente activaci\u00f3n del vuelo directo semanal entre Montreal y la isla, operado por WestJet, marca un hito que trasciende la temporada invernal, tradicionalmente la m\u00e1s fuerte para este mercado, y aun cuando la frecuencia inicial es [&hellip;]","og_url":"https:\/\/noticozumel.mx\/1\/en-petit-comite-canada-abre-nuevas-rutas-hacia-cozumel\/","og_site_name":"NotiCozumel","article_published_time":"2026-03-10T14:00:00+00:00","og_image":[{"width":500,"height":500,"url":"https:\/\/noticozumel.mx\/1\/wp-content\/uploads\/2026\/02\/En-Petit.jpg","type":"image\/jpeg"}],"author":"Victor Hernandez Luna","twitter_card":"summary_large_image","twitter_misc":{"Escrito por":"Victor Hernandez Luna","Tiempo de lectura":"3 minutos"},"schema":{"@context":"https:\/\/schema.org","@graph":[{"@type":"WebPage","@id":"https:\/\/noticozumel.mx\/1\/en-petit-comite-canada-abre-nuevas-rutas-hacia-cozumel\/","url":"https:\/\/noticozumel.mx\/1\/en-petit-comite-canada-abre-nuevas-rutas-hacia-cozumel\/","name":"En Petit Comit\u00e9 | Canad\u00e1 abre nuevas rutas hacia Cozumel - NotiCozumel","isPartOf":{"@id":"https:\/\/noticozumel.mx\/1\/#website"},"primaryImageOfPage":{"@id":"https:\/\/noticozumel.mx\/1\/en-petit-comite-canada-abre-nuevas-rutas-hacia-cozumel\/#primaryimage"},"image":{"@id":"https:\/\/noticozumel.mx\/1\/en-petit-comite-canada-abre-nuevas-rutas-hacia-cozumel\/#primaryimage"},"thumbnailUrl":"https:\/\/noticozumel.mx\/1\/wp-content\/uploads\/2026\/02\/En-Petit.jpg","datePublished":"2026-03-10T14:00:00+00:00","author":{"@id":"https:\/\/noticozumel.mx\/1\/#\/schema\/person\/8d7a7295b0e332037217d900d085410f"},"breadcrumb":{"@id":"https:\/\/noticozumel.mx\/1\/en-petit-comite-canada-abre-nuevas-rutas-hacia-cozumel\/#breadcrumb"},"inLanguage":"es","potentialAction":[{"@type":"ReadAction","target":["https:\/\/noticozumel.mx\/1\/en-petit-comite-canada-abre-nuevas-rutas-hacia-cozumel\/"]}]},{"@type":"ImageObject","inLanguage":"es","@id":"https:\/\/noticozumel.mx\/1\/en-petit-comite-canada-abre-nuevas-rutas-hacia-cozumel\/#primaryimage","url":"https:\/\/noticozumel.mx\/1\/wp-content\/uploads\/2026\/02\/En-Petit.jpg","contentUrl":"https:\/\/noticozumel.mx\/1\/wp-content\/uploads\/2026\/02\/En-Petit.jpg","width":500,"height":500,"caption":"xr:d:DAF2D3bvIW4:7,j:8502086551910742375,t:24012304"},{"@type":"BreadcrumbList","@id":"https:\/\/noticozumel.mx\/1\/en-petit-comite-canada-abre-nuevas-rutas-hacia-cozumel\/#breadcrumb","itemListElement":[{"@type":"ListItem","position":1,"name":"Portada","item":"https:\/\/noticozumel.mx\/1\/"},{"@type":"ListItem","position":2,"name":"En Petit Comit\u00e9 | Canad\u00e1 abre nuevas rutas hacia Cozumel"}]},{"@type":"WebSite","@id":"https:\/\/noticozumel.mx\/1\/#website","url":"https:\/\/noticozumel.mx\/1\/","name":"NotiCozumel","description":"Las noticias al alcance de todos","potentialAction":[{"@type":"SearchAction","target":{"@type":"EntryPoint","urlTemplate":"https:\/\/noticozumel.mx\/1\/?s={search_term_string}"},"query-input":{"@type":"PropertyValueSpecification","valueRequired":true,"valueName":"search_term_string"}}],"inLanguage":"es"},{"@type":"Person","@id":"https:\/\/noticozumel.mx\/1\/#\/schema\/person\/8d7a7295b0e332037217d900d085410f","name":"Victor Hernandez Luna","image":{"@type":"ImageObject","inLanguage":"es","@id":"https:\/\/noticozumel.mx\/1\/#\/schema\/person\/image\/","url":"https:\/\/secure.gravatar.com\/avatar\/903e5352abe273aed23196d02d4ae378ebfc322b1ba34a99ce80218a04ec9af0?s=96&d=mm&r=g","contentUrl":"https:\/\/secure.gravatar.com\/avatar\/903e5352abe273aed23196d02d4ae378ebfc322b1ba34a99ce80218a04ec9af0?s=96&d=mm&r=g","caption":"Victor Hernandez Luna"},"url":"https:\/\/noticozumel.mx\/1\/author\/victor-hernandez-luna\/"}]}},"_links":{"self":[{"href":"https:\/\/noticozumel.mx\/1\/wp-json\/wp\/v2\/posts\/7740","targetHints":{"allow":["GET"]}}],"collection":[{"href":"https:\/\/noticozumel.mx\/1\/wp-json\/wp\/v2\/posts"}],"about":[{"href":"https:\/\/noticozumel.mx\/1\/wp-json\/wp\/v2\/types\/post"}],"author":[{"embeddable":true,"href":"https:\/\/noticozumel.mx\/1\/wp-json\/wp\/v2\/users\/2"}],"replies":[{"embeddable":true,"href":"https:\/\/noticozumel.mx\/1\/wp-json\/wp\/v2\/comments?post=7740"}],"version-history":[{"count":2,"href":"https:\/\/noticozumel.mx\/1\/wp-json\/wp\/v2\/posts\/7740\/revisions"}],"predecessor-version":[{"id":7742,"href":"https:\/\/noticozumel.mx\/1\/wp-json\/wp\/v2\/posts\/7740\/revisions\/7742"}],"wp:featuredmedia":[{"embeddable":true,"href":"https:\/\/noticozumel.mx\/1\/wp-json\/wp\/v2\/media\/6427"}],"wp:attachment":[{"href":"https:\/\/noticozumel.mx\/1\/wp-json\/wp\/v2\/media?parent=7740"}],"wp:term":[{"taxonomy":"category","embeddable":true,"href":"https:\/\/noticozumel.mx\/1\/wp-json\/wp\/v2\/categories?post=7740"},{"taxonomy":"post_tag","embeddable":true,"href":"https:\/\/noticozumel.mx\/1\/wp-json\/wp\/v2\/tags?post=7740"}],"curies":[{"name":"wp","href":"https:\/\/api.w.org\/{rel}","templated":true}]}}