{"id":7744,"date":"2026-03-10T11:00:13","date_gmt":"2026-03-10T16:00:13","guid":{"rendered":"https:\/\/noticozumel.mx\/1\/?p=7744"},"modified":"2026-03-10T11:39:46","modified_gmt":"2026-03-10T16:39:46","slug":"quintana-roo-baja-69-3-homicidios-y-sube-al-lugar-22-nacional-en-2026","status":"publish","type":"post","link":"https:\/\/noticozumel.mx\/1\/quintana-roo-baja-69-3-homicidios-y-sube-al-lugar-22-nacional-en-2026\/","title":{"rendered":"Quintana Roo baja 69.3% homicidios y sube al lugar 22 nacional en 2026"},"content":{"rendered":"\n<p>Ciudad de M\u00e9xico, 9 de marzo de 2026.- Marcela Figueroa, titular del Secretariado Ejecutivo del Sistema Nacional de Seguridad P\u00fablica, inform\u00f3 que Quintana Roo registr\u00f3 una de las mayores reducciones en homicidios del pa\u00eds durante el inicio de 2026.<\/p>\n\n\n<p><iframe loading=\"lazy\" src=\"https:\/\/www.facebook.com\/plugins\/video.php?height=314&#038;href=https%3A%2F%2Fwww.facebook.com%2Freel%2F919439870938597%2F&#038;show_text=false&#038;width=560&#038;t=0\" width=\"560\" height=\"314\" style=\"border:none;overflow:hidden\" scrolling=\"no\" frameborder=\"0\" allowfullscreen=\"true\" allow=\"autoplay; clipboard-write; encrypted-media; picture-in-picture; web-share\" allowFullScreen=\"true\"><\/iframe><\/p>\n\n\n\n<p>Durante la presentaci\u00f3n del reporte de incidencia delictiva, explic\u00f3 que al comparar el primer bimestre de 2025 \u2014enero y febrero\u2014 con el mismo periodo de 2026, el estado report\u00f3 una disminuci\u00f3n de 69.3% en el promedio diario de homicidios.<\/p>\n\n\n\n<p>De acuerdo con los datos comparativos, la entidad pas\u00f3 del lugar 18 al 22 entre los estados con menor promedio diario de este delito durante el primer bimestre de 2026.<\/p>\n\n\n\n<p>Figueroa detall\u00f3 que el an\u00e1lisis nacional mostr\u00f3 que 26 entidades federativas redujeron este delito, aunque destac\u00f3 que Quintana Roo se ubic\u00f3 entre los estados con las disminuciones m\u00e1s significativas en el pa\u00eds durante los primeros dos meses del a\u00f1o.<\/p>\n","protected":false},"excerpt":{"rendered":"<p>Ciudad de M\u00e9xico, 9 de marzo de 2026.- Marcela Figueroa, titular del Secretariado Ejecutivo del Sistema Nacional de Seguridad P\u00fablica, inform\u00f3 que Quintana Roo registr\u00f3 una de las mayores reducciones en homicidios del pa\u00eds durante el inicio de 2026. Durante la presentaci\u00f3n del reporte de incidencia delictiva, explic\u00f3 que al comparar el primer bimestre de [&hellip;]<\/p>\n","protected":false},"author":1,"featured_media":7745,"comment_status":"open","ping_status":"closed","sticky":false,"template":"","format":"standard","meta":{"tdm_status":"","tdm_grid_status":"","footnotes":""},"categories":[2,74,30,42],"tags":[460,25,24,100,27,60,23,204],"class_list":{"0":"post-7744","1":"post","2":"type-post","3":"status-publish","4":"format-standard","5":"has-post-thumbnail","7":"category-featured","8":"category-global","9":"category-nacional","10":"category-quintana-roo","11":"tag-global","12":"tag-mara-gobernadora","13":"tag-mara-lezama-espinosa","14":"tag-nacional","15":"tag-noticias-de-quintana-roo","16":"tag-noticozumel","17":"tag-quintana-roo","18":"tag-seguridad"},"yoast_head":"<!-- This site is optimized with the Yoast SEO Premium plugin v26.2 (Yoast SEO v26.2) - https:\/\/yoast.com\/wordpress\/plugins\/seo\/ -->\n<title>Quintana Roo baja 69.3% homicidios y sube al lugar 22 nacional en 2026 - NotiCozumel<\/title>\n<meta name=\"robots\" content=\"index, follow, max-snippet:-1, max-image-preview:large, max-video-preview:-1\" \/>\n<link rel=\"canonical\" href=\"https:\/\/noticozumel.mx\/1\/quintana-roo-baja-69-3-homicidios-y-sube-al-lugar-22-nacional-en-2026\/\" \/>\n<meta property=\"og:locale\" content=\"es_ES\" \/>\n<meta property=\"og:type\" content=\"article\" \/>\n<meta property=\"og:title\" content=\"Quintana Roo baja 69.3% homicidios y sube al lugar 22 nacional en 2026\" \/>\n<meta property=\"og:description\" content=\"Ciudad de M\u00e9xico, 9 de marzo de 2026.- Marcela Figueroa, titular del Secretariado Ejecutivo del Sistema Nacional de Seguridad P\u00fablica, inform\u00f3 que Quintana Roo registr\u00f3 una de las mayores reducciones en homicidios del pa\u00eds durante el inicio de 2026. Durante la presentaci\u00f3n del reporte de incidencia delictiva, explic\u00f3 que al comparar el primer bimestre de [&hellip;]\" \/>\n<meta property=\"og:url\" content=\"https:\/\/noticozumel.mx\/1\/quintana-roo-baja-69-3-homicidios-y-sube-al-lugar-22-nacional-en-2026\/\" \/>\n<meta property=\"og:site_name\" content=\"NotiCozumel\" \/>\n<meta property=\"article:published_time\" content=\"2026-03-10T16:00:13+00:00\" \/>\n<meta property=\"article:modified_time\" content=\"2026-03-10T16:39:46+00:00\" \/>\n<meta property=\"og:image\" content=\"https:\/\/noticozumel.mx\/1\/wp-content\/uploads\/2026\/03\/IMG-20260310-WA0017.jpg\" \/>\n\t<meta property=\"og:image:width\" content=\"1600\" \/>\n\t<meta property=\"og:image:height\" content=\"897\" \/>\n\t<meta property=\"og:image:type\" content=\"image\/jpeg\" \/>\n<meta name=\"author\" content=\"Redacci\u00f3n\" \/>\n<meta name=\"twitter:card\" content=\"summary_large_image\" \/>\n<meta name=\"twitter:label1\" content=\"Escrito por\" \/>\n\t<meta name=\"twitter:data1\" content=\"Redacci\u00f3n\" \/>\n\t<meta name=\"twitter:label2\" content=\"Tiempo de lectura\" \/>\n\t<meta name=\"twitter:data2\" content=\"1 minuto\" \/>\n<script type=\"application\/ld+json\" class=\"yoast-schema-graph\">{\"@context\":\"https:\/\/schema.org\",\"@graph\":[{\"@type\":\"WebPage\",\"@id\":\"https:\/\/noticozumel.mx\/1\/quintana-roo-baja-69-3-homicidios-y-sube-al-lugar-22-nacional-en-2026\/\",\"url\":\"https:\/\/noticozumel.mx\/1\/quintana-roo-baja-69-3-homicidios-y-sube-al-lugar-22-nacional-en-2026\/\",\"name\":\"Quintana Roo baja 69.3% homicidios y sube al lugar 22 nacional en 2026 - NotiCozumel\",\"isPartOf\":{\"@id\":\"https:\/\/noticozumel.mx\/1\/#website\"},\"primaryImageOfPage\":{\"@id\":\"https:\/\/noticozumel.mx\/1\/quintana-roo-baja-69-3-homicidios-y-sube-al-lugar-22-nacional-en-2026\/#primaryimage\"},\"image\":{\"@id\":\"https:\/\/noticozumel.mx\/1\/quintana-roo-baja-69-3-homicidios-y-sube-al-lugar-22-nacional-en-2026\/#primaryimage\"},\"thumbnailUrl\":\"https:\/\/noticozumel.mx\/1\/wp-content\/uploads\/2026\/03\/IMG-20260310-WA0017.jpg\",\"datePublished\":\"2026-03-10T16:00:13+00:00\",\"dateModified\":\"2026-03-10T16:39:46+00:00\",\"author\":{\"@id\":\"https:\/\/noticozumel.mx\/1\/#\/schema\/person\/a3353279fd7f37e86677893e0510943b\"},\"breadcrumb\":{\"@id\":\"https:\/\/noticozumel.mx\/1\/quintana-roo-baja-69-3-homicidios-y-sube-al-lugar-22-nacional-en-2026\/#breadcrumb\"},\"inLanguage\":\"es\",\"potentialAction\":[{\"@type\":\"ReadAction\",\"target\":[\"https:\/\/noticozumel.mx\/1\/quintana-roo-baja-69-3-homicidios-y-sube-al-lugar-22-nacional-en-2026\/\"]}]},{\"@type\":\"ImageObject\",\"inLanguage\":\"es\",\"@id\":\"https:\/\/noticozumel.mx\/1\/quintana-roo-baja-69-3-homicidios-y-sube-al-lugar-22-nacional-en-2026\/#primaryimage\",\"url\":\"https:\/\/noticozumel.mx\/1\/wp-content\/uploads\/2026\/03\/IMG-20260310-WA0017.jpg\",\"contentUrl\":\"https:\/\/noticozumel.mx\/1\/wp-content\/uploads\/2026\/03\/IMG-20260310-WA0017.jpg\",\"width\":1600,\"height\":897},{\"@type\":\"BreadcrumbList\",\"@id\":\"https:\/\/noticozumel.mx\/1\/quintana-roo-baja-69-3-homicidios-y-sube-al-lugar-22-nacional-en-2026\/#breadcrumb\",\"itemListElement\":[{\"@type\":\"ListItem\",\"position\":1,\"name\":\"Portada\",\"item\":\"https:\/\/noticozumel.mx\/1\/\"},{\"@type\":\"ListItem\",\"position\":2,\"name\":\"Quintana Roo baja 69.3% homicidios y sube al lugar 22 nacional en 2026\"}]},{\"@type\":\"WebSite\",\"@id\":\"https:\/\/noticozumel.mx\/1\/#website\",\"url\":\"https:\/\/noticozumel.mx\/1\/\",\"name\":\"NotiCozumel\",\"description\":\"Las noticias al alcance de todos\",\"potentialAction\":[{\"@type\":\"SearchAction\",\"target\":{\"@type\":\"EntryPoint\",\"urlTemplate\":\"https:\/\/noticozumel.mx\/1\/?s={search_term_string}\"},\"query-input\":{\"@type\":\"PropertyValueSpecification\",\"valueRequired\":true,\"valueName\":\"search_term_string\"}}],\"inLanguage\":\"es\"},{\"@type\":\"Person\",\"@id\":\"https:\/\/noticozumel.mx\/1\/#\/schema\/person\/a3353279fd7f37e86677893e0510943b\",\"name\":\"Redacci\u00f3n\",\"image\":{\"@type\":\"ImageObject\",\"inLanguage\":\"es\",\"@id\":\"https:\/\/noticozumel.mx\/1\/#\/schema\/person\/image\/\",\"url\":\"https:\/\/secure.gravatar.com\/avatar\/92c1decdbf2b01a0b3a758c19f5bf7b7b7c7ad1ebf1b8f407a69813d9948f6d0?s=96&d=mm&r=g\",\"contentUrl\":\"https:\/\/secure.gravatar.com\/avatar\/92c1decdbf2b01a0b3a758c19f5bf7b7b7c7ad1ebf1b8f407a69813d9948f6d0?s=96&d=mm&r=g\",\"caption\":\"Redacci\u00f3n\"},\"url\":\"https:\/\/noticozumel.mx\/1\/author\/admin\/\"}]}<\/script>\n<!-- \/ Yoast SEO Premium plugin. -->","yoast_head_json":{"title":"Quintana Roo baja 69.3% homicidios y sube al lugar 22 nacional en 2026 - NotiCozumel","robots":{"index":"index","follow":"follow","max-snippet":"max-snippet:-1","max-image-preview":"max-image-preview:large","max-video-preview":"max-video-preview:-1"},"canonical":"https:\/\/noticozumel.mx\/1\/quintana-roo-baja-69-3-homicidios-y-sube-al-lugar-22-nacional-en-2026\/","og_locale":"es_ES","og_type":"article","og_title":"Quintana Roo baja 69.3% homicidios y sube al lugar 22 nacional en 2026","og_description":"Ciudad de M\u00e9xico, 9 de marzo de 2026.- Marcela Figueroa, titular del Secretariado Ejecutivo del Sistema Nacional de Seguridad P\u00fablica, inform\u00f3 que Quintana Roo registr\u00f3 una de las mayores reducciones en homicidios del pa\u00eds durante el inicio de 2026. Durante la presentaci\u00f3n del reporte de incidencia delictiva, explic\u00f3 que al comparar el primer bimestre de [&hellip;]","og_url":"https:\/\/noticozumel.mx\/1\/quintana-roo-baja-69-3-homicidios-y-sube-al-lugar-22-nacional-en-2026\/","og_site_name":"NotiCozumel","article_published_time":"2026-03-10T16:00:13+00:00","article_modified_time":"2026-03-10T16:39:46+00:00","og_image":[{"width":1600,"height":897,"url":"https:\/\/noticozumel.mx\/1\/wp-content\/uploads\/2026\/03\/IMG-20260310-WA0017.jpg","type":"image\/jpeg"}],"author":"Redacci\u00f3n","twitter_card":"summary_large_image","twitter_misc":{"Escrito por":"Redacci\u00f3n","Tiempo de lectura":"1 minuto"},"schema":{"@context":"https:\/\/schema.org","@graph":[{"@type":"WebPage","@id":"https:\/\/noticozumel.mx\/1\/quintana-roo-baja-69-3-homicidios-y-sube-al-lugar-22-nacional-en-2026\/","url":"https:\/\/noticozumel.mx\/1\/quintana-roo-baja-69-3-homicidios-y-sube-al-lugar-22-nacional-en-2026\/","name":"Quintana Roo baja 69.3% homicidios y sube al lugar 22 nacional en 2026 - NotiCozumel","isPartOf":{"@id":"https:\/\/noticozumel.mx\/1\/#website"},"primaryImageOfPage":{"@id":"https:\/\/noticozumel.mx\/1\/quintana-roo-baja-69-3-homicidios-y-sube-al-lugar-22-nacional-en-2026\/#primaryimage"},"image":{"@id":"https:\/\/noticozumel.mx\/1\/quintana-roo-baja-69-3-homicidios-y-sube-al-lugar-22-nacional-en-2026\/#primaryimage"},"thumbnailUrl":"https:\/\/noticozumel.mx\/1\/wp-content\/uploads\/2026\/03\/IMG-20260310-WA0017.jpg","datePublished":"2026-03-10T16:00:13+00:00","dateModified":"2026-03-10T16:39:46+00:00","author":{"@id":"https:\/\/noticozumel.mx\/1\/#\/schema\/person\/a3353279fd7f37e86677893e0510943b"},"breadcrumb":{"@id":"https:\/\/noticozumel.mx\/1\/quintana-roo-baja-69-3-homicidios-y-sube-al-lugar-22-nacional-en-2026\/#breadcrumb"},"inLanguage":"es","potentialAction":[{"@type":"ReadAction","target":["https:\/\/noticozumel.mx\/1\/quintana-roo-baja-69-3-homicidios-y-sube-al-lugar-22-nacional-en-2026\/"]}]},{"@type":"ImageObject","inLanguage":"es","@id":"https:\/\/noticozumel.mx\/1\/quintana-roo-baja-69-3-homicidios-y-sube-al-lugar-22-nacional-en-2026\/#primaryimage","url":"https:\/\/noticozumel.mx\/1\/wp-content\/uploads\/2026\/03\/IMG-20260310-WA0017.jpg","contentUrl":"https:\/\/noticozumel.mx\/1\/wp-content\/uploads\/2026\/03\/IMG-20260310-WA0017.jpg","width":1600,"height":897},{"@type":"BreadcrumbList","@id":"https:\/\/noticozumel.mx\/1\/quintana-roo-baja-69-3-homicidios-y-sube-al-lugar-22-nacional-en-2026\/#breadcrumb","itemListElement":[{"@type":"ListItem","position":1,"name":"Portada","item":"https:\/\/noticozumel.mx\/1\/"},{"@type":"ListItem","position":2,"name":"Quintana Roo baja 69.3% homicidios y sube al lugar 22 nacional en 2026"}]},{"@type":"WebSite","@id":"https:\/\/noticozumel.mx\/1\/#website","url":"https:\/\/noticozumel.mx\/1\/","name":"NotiCozumel","description":"Las noticias al alcance de todos","potentialAction":[{"@type":"SearchAction","target":{"@type":"EntryPoint","urlTemplate":"https:\/\/noticozumel.mx\/1\/?s={search_term_string}"},"query-input":{"@type":"PropertyValueSpecification","valueRequired":true,"valueName":"search_term_string"}}],"inLanguage":"es"},{"@type":"Person","@id":"https:\/\/noticozumel.mx\/1\/#\/schema\/person\/a3353279fd7f37e86677893e0510943b","name":"Redacci\u00f3n","image":{"@type":"ImageObject","inLanguage":"es","@id":"https:\/\/noticozumel.mx\/1\/#\/schema\/person\/image\/","url":"https:\/\/secure.gravatar.com\/avatar\/92c1decdbf2b01a0b3a758c19f5bf7b7b7c7ad1ebf1b8f407a69813d9948f6d0?s=96&d=mm&r=g","contentUrl":"https:\/\/secure.gravatar.com\/avatar\/92c1decdbf2b01a0b3a758c19f5bf7b7b7c7ad1ebf1b8f407a69813d9948f6d0?s=96&d=mm&r=g","caption":"Redacci\u00f3n"},"url":"https:\/\/noticozumel.mx\/1\/author\/admin\/"}]}},"_links":{"self":[{"href":"https:\/\/noticozumel.mx\/1\/wp-json\/wp\/v2\/posts\/7744","targetHints":{"allow":["GET"]}}],"collection":[{"href":"https:\/\/noticozumel.mx\/1\/wp-json\/wp\/v2\/posts"}],"about":[{"href":"https:\/\/noticozumel.mx\/1\/wp-json\/wp\/v2\/types\/post"}],"author":[{"embeddable":true,"href":"https:\/\/noticozumel.mx\/1\/wp-json\/wp\/v2\/users\/1"}],"replies":[{"embeddable":true,"href":"https:\/\/noticozumel.mx\/1\/wp-json\/wp\/v2\/comments?post=7744"}],"version-history":[{"count":2,"href":"https:\/\/noticozumel.mx\/1\/wp-json\/wp\/v2\/posts\/7744\/revisions"}],"predecessor-version":[{"id":7753,"href":"https:\/\/noticozumel.mx\/1\/wp-json\/wp\/v2\/posts\/7744\/revisions\/7753"}],"wp:featuredmedia":[{"embeddable":true,"href":"https:\/\/noticozumel.mx\/1\/wp-json\/wp\/v2\/media\/7745"}],"wp:attachment":[{"href":"https:\/\/noticozumel.mx\/1\/wp-json\/wp\/v2\/media?parent=7744"}],"wp:term":[{"taxonomy":"category","embeddable":true,"href":"https:\/\/noticozumel.mx\/1\/wp-json\/wp\/v2\/categories?post=7744"},{"taxonomy":"post_tag","embeddable":true,"href":"https:\/\/noticozumel.mx\/1\/wp-json\/wp\/v2\/tags?post=7744"}],"curies":[{"name":"wp","href":"https:\/\/api.w.org\/{rel}","templated":true}]}}