{"id":7747,"date":"2026-03-10T11:06:13","date_gmt":"2026-03-10T16:06:13","guid":{"rendered":"https:\/\/noticozumel.mx\/1\/?p=7747"},"modified":"2026-03-10T11:06:16","modified_gmt":"2026-03-10T16:06:16","slug":"renan-sanchez-tajonar-lidera-congreso-en-parlamento-de-mujeres-de-quintana-roo","status":"publish","type":"post","link":"https:\/\/noticozumel.mx\/1\/renan-sanchez-tajonar-lidera-congreso-en-parlamento-de-mujeres-de-quintana-roo\/","title":{"rendered":"Ren\u00e1n S\u00e1nchez Tajonar lidera Congreso en Parlamento de Mujeres de Quintana Roo"},"content":{"rendered":"\n<p>Chetumal, Quintana Roo, 10 de marzo de 2026.\u2014 El diputado quintanarroense Ren\u00e1n S\u00e1nchez Tajonar, presidente de la Junta de Gobierno y Coordinaci\u00f3n Pol\u00edtica (JUGOCOPO) de la XVIII Legislatura del Congreso de Quintana Roo, encabez\u00f3 las actividades realizadas en el Congreso del Estado en el marco del Sexto Parlamento de Mujeres de Quintana Roo 2026, un espacio de participaci\u00f3n que re\u00fane a mujeres de los once municipios para impulsar ideas, propuestas y reflexiones en favor de la igualdad y el desarrollo del estado.<\/p>\n\n\n\n<figure class=\"wp-block-image size-large\"><img loading=\"lazy\" decoding=\"async\" width=\"1024\" height=\"850\" src=\"https:\/\/noticozumel.mx\/1\/wp-content\/uploads\/2026\/03\/IMG-20260310-WA0014-1024x850.jpg\" alt=\"\" class=\"wp-image-7749\" srcset=\"https:\/\/noticozumel.mx\/1\/wp-content\/uploads\/2026\/03\/IMG-20260310-WA0014-1024x850.jpg 1024w, https:\/\/noticozumel.mx\/1\/wp-content\/uploads\/2026\/03\/IMG-20260310-WA0014-300x249.jpg 300w, https:\/\/noticozumel.mx\/1\/wp-content\/uploads\/2026\/03\/IMG-20260310-WA0014-768x637.jpg 768w, https:\/\/noticozumel.mx\/1\/wp-content\/uploads\/2026\/03\/IMG-20260310-WA0014-1536x1275.jpg 1536w, https:\/\/noticozumel.mx\/1\/wp-content\/uploads\/2026\/03\/IMG-20260310-WA0014-2048x1699.jpg 2048w, https:\/\/noticozumel.mx\/1\/wp-content\/uploads\/2026\/03\/IMG-20260310-WA0014-506x420.jpg 506w, https:\/\/noticozumel.mx\/1\/wp-content\/uploads\/2026\/03\/IMG-20260310-WA0014-150x124.jpg 150w, https:\/\/noticozumel.mx\/1\/wp-content\/uploads\/2026\/03\/IMG-20260310-WA0014-696x578.jpg 696w, https:\/\/noticozumel.mx\/1\/wp-content\/uploads\/2026\/03\/IMG-20260310-WA0014-1068x886.jpg 1068w, https:\/\/noticozumel.mx\/1\/wp-content\/uploads\/2026\/03\/IMG-20260310-WA0014-1920x1593.jpg 1920w\" sizes=\"auto, (max-width: 1024px) 100vw, 1024px\" \/><\/figure>\n\n\n\n<p>Durante el encuentro, Ren\u00e1n S\u00e1nchez Tajonar dio la bienvenida a las parlamentarias y destac\u00f3 la importancia de abrir cada vez m\u00e1s espacios para que las mujeres participen activamente en la vida p\u00fablica y en la toma de decisiones que marcan el rumbo de Quintana Roo.<\/p>\n\n\n\n<p>\u201cEl Parlamento de Mujeres es un espacio para escuchar sus ideas, sus experiencias y sus propuestas. Cada una de ustedes representa la voz de su comunidad y el compromiso de construir un mejor futuro para Quintana Roo\u201d, expres\u00f3 Ren\u00e1n S\u00e1nchez Tajonar durante su mensaje.<\/p>\n\n\n\n<p>El diputado subray\u00f3 que las mujeres quintanarroenses son parte fundamental del desarrollo del estado y que su participaci\u00f3n fortalece la democracia y la vida p\u00fablica.<\/p>\n\n\n\n<figure class=\"wp-block-image size-large\"><img loading=\"lazy\" decoding=\"async\" width=\"1024\" height=\"683\" src=\"https:\/\/noticozumel.mx\/1\/wp-content\/uploads\/2026\/03\/IMG-20260310-WA0015-1024x683.jpg\" alt=\"\" class=\"wp-image-7751\" srcset=\"https:\/\/noticozumel.mx\/1\/wp-content\/uploads\/2026\/03\/IMG-20260310-WA0015-1024x683.jpg 1024w, https:\/\/noticozumel.mx\/1\/wp-content\/uploads\/2026\/03\/IMG-20260310-WA0015-300x200.jpg 300w, https:\/\/noticozumel.mx\/1\/wp-content\/uploads\/2026\/03\/IMG-20260310-WA0015-768x512.jpg 768w, https:\/\/noticozumel.mx\/1\/wp-content\/uploads\/2026\/03\/IMG-20260310-WA0015-1536x1024.jpg 1536w, https:\/\/noticozumel.mx\/1\/wp-content\/uploads\/2026\/03\/IMG-20260310-WA0015-2048x1366.jpg 2048w, https:\/\/noticozumel.mx\/1\/wp-content\/uploads\/2026\/03\/IMG-20260310-WA0015-630x420.jpg 630w, https:\/\/noticozumel.mx\/1\/wp-content\/uploads\/2026\/03\/IMG-20260310-WA0015-150x100.jpg 150w, https:\/\/noticozumel.mx\/1\/wp-content\/uploads\/2026\/03\/IMG-20260310-WA0015-696x464.jpg 696w, https:\/\/noticozumel.mx\/1\/wp-content\/uploads\/2026\/03\/IMG-20260310-WA0015-1068x712.jpg 1068w, https:\/\/noticozumel.mx\/1\/wp-content\/uploads\/2026\/03\/IMG-20260310-WA0015-1920x1280.jpg 1920w\" sizes=\"auto, (max-width: 1024px) 100vw, 1024px\" \/><\/figure>\n\n\n\n<p>\u201cQuintana Roo se fortalece cuando m\u00e1s mujeres participan, cuando m\u00e1s mujeres opinan y cuando m\u00e1s mujeres toman decisiones\u201d, se\u00f1al\u00f3 Ren\u00e1n S\u00e1nchez Tajonar ante las participantes provenientes de los 11 municipios del estado.<\/p>\n\n\n\n<p>El legislador Ren\u00e1n S\u00e1nchez Tajonar tambi\u00e9n destac\u00f3 que este Parlamento permite generar di\u00e1logo y propuestas sobre temas fundamentales para las comunidades, como la igualdad de oportunidades, la eliminaci\u00f3n de la violencia y la participaci\u00f3n plena de las mujeres en todos los \u00e1mbitos de la sociedad.<\/p>\n\n\n\n<p>\u201cLa pol\u00edtica necesita m\u00e1s mujeres, m\u00e1s talento y liderazgos femeninos. Este Congreso abre sus puertas para escucharlas y para que sus ideas se conviertan en propuestas que ayuden a transformar nuestro estado\u201d, afirm\u00f3 Ren\u00e1n S\u00e1nchez Tajonar.<\/p>\n\n\n\n<figure class=\"wp-block-image size-large\"><img loading=\"lazy\" decoding=\"async\" width=\"1024\" height=\"339\" src=\"https:\/\/noticozumel.mx\/1\/wp-content\/uploads\/2026\/03\/IMG-20260310-WA0016-1024x339.jpg\" alt=\"\" class=\"wp-image-7750\" srcset=\"https:\/\/noticozumel.mx\/1\/wp-content\/uploads\/2026\/03\/IMG-20260310-WA0016-1024x339.jpg 1024w, https:\/\/noticozumel.mx\/1\/wp-content\/uploads\/2026\/03\/IMG-20260310-WA0016-300x99.jpg 300w, https:\/\/noticozumel.mx\/1\/wp-content\/uploads\/2026\/03\/IMG-20260310-WA0016-768x254.jpg 768w, https:\/\/noticozumel.mx\/1\/wp-content\/uploads\/2026\/03\/IMG-20260310-WA0016-1536x508.jpg 1536w, https:\/\/noticozumel.mx\/1\/wp-content\/uploads\/2026\/03\/IMG-20260310-WA0016-2048x677.jpg 2048w, https:\/\/noticozumel.mx\/1\/wp-content\/uploads\/2026\/03\/IMG-20260310-WA0016-1270x420.jpg 1270w, https:\/\/noticozumel.mx\/1\/wp-content\/uploads\/2026\/03\/IMG-20260310-WA0016-150x50.jpg 150w, https:\/\/noticozumel.mx\/1\/wp-content\/uploads\/2026\/03\/IMG-20260310-WA0016-696x230.jpg 696w, https:\/\/noticozumel.mx\/1\/wp-content\/uploads\/2026\/03\/IMG-20260310-WA0016-1068x353.jpg 1068w, https:\/\/noticozumel.mx\/1\/wp-content\/uploads\/2026\/03\/IMG-20260310-WA0016-1920x635.jpg 1920w\" sizes=\"auto, (max-width: 1024px) 100vw, 1024px\" \/><\/figure>\n\n\n\n<p>Asimismo, el diputado reconoci\u00f3 el momento hist\u00f3rico que vive M\u00e9xico y Quintana Roo con mujeres ocupando espacios de liderazgo en la vida p\u00fablica, lo que refleja el avance de d\u00e9cadas de lucha por la igualdad.<\/p>\n\n\n\n<p>En el marco de estas actividades, el Congreso del Estado tambi\u00e9n realiz\u00f3 el encendido de luces moradas en su edificio como s\u00edmbolo de la lucha hist\u00f3rica de las mujeres por la igualdad, la justicia y el reconocimiento pleno de sus derechos.<\/p>\n\n\n\n<p>\u201cCuando las mujeres avanzan, avanza toda la sociedad. Por eso debemos seguir construyendo un Quintana Roo m\u00e1s justo, m\u00e1s igualitario y con m\u00e1s oportunidades para todas\u201d, expres\u00f3 Ren\u00e1n S\u00e1nchez Tajonar.<\/p>\n\n\n\n<p><\/p>\n","protected":false},"excerpt":{"rendered":"<p>Chetumal, Quintana Roo, 10 de marzo de 2026.\u2014 El diputado quintanarroense Ren\u00e1n S\u00e1nchez Tajonar, presidente de la Junta de Gobierno y Coordinaci\u00f3n Pol\u00edtica (JUGOCOPO) de la XVIII Legislatura del Congreso de Quintana Roo, encabez\u00f3 las actividades realizadas en el Congreso del Estado en el marco del Sexto Parlamento de Mujeres de Quintana Roo 2026, un [&hellip;]<\/p>\n","protected":false},"author":1,"featured_media":7748,"comment_status":"open","ping_status":"closed","sticky":false,"template":"","format":"standard","meta":{"tdm_status":"","tdm_grid_status":"","footnotes":""},"categories":[39,37],"tags":[96,69,68,97,98,27,60,95,65,66,70],"class_list":{"0":"post-7747","1":"post","2":"type-post","3":"status-publish","4":"format-standard","5":"has-post-thumbnail","7":"category-othon-pompeyo-blanco","8":"category-politica","9":"tag-chetumal","10":"tag-congreso-de-quintana-roo","11":"tag-congreso-del-estado","12":"tag-noticias-de-chetumal","13":"tag-noticias-de-othon-pompeyo-blanco","14":"tag-noticias-de-quintana-roo","15":"tag-noticozumel","16":"tag-othon-pompeyo-blanco","17":"tag-politica","18":"tag-renan-eduardo-sanchez-tajonar","19":"tag-xviii-legislatura"},"yoast_head":"<!-- This site is optimized with the Yoast SEO Premium plugin v26.2 (Yoast SEO v26.2) - https:\/\/yoast.com\/wordpress\/plugins\/seo\/ -->\n<title>Ren\u00e1n S\u00e1nchez Tajonar lidera Congreso en Parlamento de Mujeres de Quintana Roo - NotiCozumel<\/title>\n<meta name=\"robots\" content=\"index, follow, max-snippet:-1, max-image-preview:large, max-video-preview:-1\" \/>\n<link rel=\"canonical\" href=\"https:\/\/noticozumel.mx\/1\/renan-sanchez-tajonar-lidera-congreso-en-parlamento-de-mujeres-de-quintana-roo\/\" \/>\n<meta property=\"og:locale\" content=\"es_ES\" \/>\n<meta property=\"og:type\" content=\"article\" \/>\n<meta property=\"og:title\" content=\"Ren\u00e1n S\u00e1nchez Tajonar lidera Congreso en Parlamento de Mujeres de Quintana Roo\" \/>\n<meta property=\"og:description\" content=\"Chetumal, Quintana Roo, 10 de marzo de 2026.\u2014 El diputado quintanarroense Ren\u00e1n S\u00e1nchez Tajonar, presidente de la Junta de Gobierno y Coordinaci\u00f3n Pol\u00edtica (JUGOCOPO) de la XVIII Legislatura del Congreso de Quintana Roo, encabez\u00f3 las actividades realizadas en el Congreso del Estado en el marco del Sexto Parlamento de Mujeres de Quintana Roo 2026, un [&hellip;]\" \/>\n<meta property=\"og:url\" content=\"https:\/\/noticozumel.mx\/1\/renan-sanchez-tajonar-lidera-congreso-en-parlamento-de-mujeres-de-quintana-roo\/\" \/>\n<meta property=\"og:site_name\" content=\"NotiCozumel\" \/>\n<meta property=\"article:published_time\" content=\"2026-03-10T16:06:13+00:00\" \/>\n<meta property=\"article:modified_time\" content=\"2026-03-10T16:06:16+00:00\" \/>\n<meta property=\"og:image\" content=\"https:\/\/noticozumel.mx\/1\/wp-content\/uploads\/2026\/03\/IMG-20260310-WA0011.jpg\" \/>\n\t<meta property=\"og:image:width\" content=\"1280\" \/>\n\t<meta property=\"og:image:height\" content=\"852\" \/>\n\t<meta property=\"og:image:type\" content=\"image\/jpeg\" \/>\n<meta name=\"author\" content=\"Redacci\u00f3n\" \/>\n<meta name=\"twitter:card\" content=\"summary_large_image\" \/>\n<meta name=\"twitter:label1\" content=\"Escrito por\" \/>\n\t<meta name=\"twitter:data1\" content=\"Redacci\u00f3n\" \/>\n\t<meta name=\"twitter:label2\" content=\"Tiempo de lectura\" \/>\n\t<meta name=\"twitter:data2\" content=\"3 minutos\" \/>\n<script type=\"application\/ld+json\" class=\"yoast-schema-graph\">{\"@context\":\"https:\/\/schema.org\",\"@graph\":[{\"@type\":\"WebPage\",\"@id\":\"https:\/\/noticozumel.mx\/1\/renan-sanchez-tajonar-lidera-congreso-en-parlamento-de-mujeres-de-quintana-roo\/\",\"url\":\"https:\/\/noticozumel.mx\/1\/renan-sanchez-tajonar-lidera-congreso-en-parlamento-de-mujeres-de-quintana-roo\/\",\"name\":\"Ren\u00e1n S\u00e1nchez Tajonar lidera Congreso en Parlamento de Mujeres de Quintana Roo - NotiCozumel\",\"isPartOf\":{\"@id\":\"https:\/\/noticozumel.mx\/1\/#website\"},\"primaryImageOfPage\":{\"@id\":\"https:\/\/noticozumel.mx\/1\/renan-sanchez-tajonar-lidera-congreso-en-parlamento-de-mujeres-de-quintana-roo\/#primaryimage\"},\"image\":{\"@id\":\"https:\/\/noticozumel.mx\/1\/renan-sanchez-tajonar-lidera-congreso-en-parlamento-de-mujeres-de-quintana-roo\/#primaryimage\"},\"thumbnailUrl\":\"https:\/\/noticozumel.mx\/1\/wp-content\/uploads\/2026\/03\/IMG-20260310-WA0011.jpg\",\"datePublished\":\"2026-03-10T16:06:13+00:00\",\"dateModified\":\"2026-03-10T16:06:16+00:00\",\"author\":{\"@id\":\"https:\/\/noticozumel.mx\/1\/#\/schema\/person\/a3353279fd7f37e86677893e0510943b\"},\"breadcrumb\":{\"@id\":\"https:\/\/noticozumel.mx\/1\/renan-sanchez-tajonar-lidera-congreso-en-parlamento-de-mujeres-de-quintana-roo\/#breadcrumb\"},\"inLanguage\":\"es\",\"potentialAction\":[{\"@type\":\"ReadAction\",\"target\":[\"https:\/\/noticozumel.mx\/1\/renan-sanchez-tajonar-lidera-congreso-en-parlamento-de-mujeres-de-quintana-roo\/\"]}]},{\"@type\":\"ImageObject\",\"inLanguage\":\"es\",\"@id\":\"https:\/\/noticozumel.mx\/1\/renan-sanchez-tajonar-lidera-congreso-en-parlamento-de-mujeres-de-quintana-roo\/#primaryimage\",\"url\":\"https:\/\/noticozumel.mx\/1\/wp-content\/uploads\/2026\/03\/IMG-20260310-WA0011.jpg\",\"contentUrl\":\"https:\/\/noticozumel.mx\/1\/wp-content\/uploads\/2026\/03\/IMG-20260310-WA0011.jpg\",\"width\":1280,\"height\":852},{\"@type\":\"BreadcrumbList\",\"@id\":\"https:\/\/noticozumel.mx\/1\/renan-sanchez-tajonar-lidera-congreso-en-parlamento-de-mujeres-de-quintana-roo\/#breadcrumb\",\"itemListElement\":[{\"@type\":\"ListItem\",\"position\":1,\"name\":\"Portada\",\"item\":\"https:\/\/noticozumel.mx\/1\/\"},{\"@type\":\"ListItem\",\"position\":2,\"name\":\"Ren\u00e1n S\u00e1nchez Tajonar lidera Congreso en Parlamento de Mujeres de Quintana Roo\"}]},{\"@type\":\"WebSite\",\"@id\":\"https:\/\/noticozumel.mx\/1\/#website\",\"url\":\"https:\/\/noticozumel.mx\/1\/\",\"name\":\"NotiCozumel\",\"description\":\"Las noticias al alcance de todos\",\"potentialAction\":[{\"@type\":\"SearchAction\",\"target\":{\"@type\":\"EntryPoint\",\"urlTemplate\":\"https:\/\/noticozumel.mx\/1\/?s={search_term_string}\"},\"query-input\":{\"@type\":\"PropertyValueSpecification\",\"valueRequired\":true,\"valueName\":\"search_term_string\"}}],\"inLanguage\":\"es\"},{\"@type\":\"Person\",\"@id\":\"https:\/\/noticozumel.mx\/1\/#\/schema\/person\/a3353279fd7f37e86677893e0510943b\",\"name\":\"Redacci\u00f3n\",\"image\":{\"@type\":\"ImageObject\",\"inLanguage\":\"es\",\"@id\":\"https:\/\/noticozumel.mx\/1\/#\/schema\/person\/image\/\",\"url\":\"https:\/\/secure.gravatar.com\/avatar\/92c1decdbf2b01a0b3a758c19f5bf7b7b7c7ad1ebf1b8f407a69813d9948f6d0?s=96&d=mm&r=g\",\"contentUrl\":\"https:\/\/secure.gravatar.com\/avatar\/92c1decdbf2b01a0b3a758c19f5bf7b7b7c7ad1ebf1b8f407a69813d9948f6d0?s=96&d=mm&r=g\",\"caption\":\"Redacci\u00f3n\"},\"url\":\"https:\/\/noticozumel.mx\/1\/author\/admin\/\"}]}<\/script>\n<!-- \/ Yoast SEO Premium plugin. -->","yoast_head_json":{"title":"Ren\u00e1n S\u00e1nchez Tajonar lidera Congreso en Parlamento de Mujeres de Quintana Roo - NotiCozumel","robots":{"index":"index","follow":"follow","max-snippet":"max-snippet:-1","max-image-preview":"max-image-preview:large","max-video-preview":"max-video-preview:-1"},"canonical":"https:\/\/noticozumel.mx\/1\/renan-sanchez-tajonar-lidera-congreso-en-parlamento-de-mujeres-de-quintana-roo\/","og_locale":"es_ES","og_type":"article","og_title":"Ren\u00e1n S\u00e1nchez Tajonar lidera Congreso en Parlamento de Mujeres de Quintana Roo","og_description":"Chetumal, Quintana Roo, 10 de marzo de 2026.\u2014 El diputado quintanarroense Ren\u00e1n S\u00e1nchez Tajonar, presidente de la Junta de Gobierno y Coordinaci\u00f3n Pol\u00edtica (JUGOCOPO) de la XVIII Legislatura del Congreso de Quintana Roo, encabez\u00f3 las actividades realizadas en el Congreso del Estado en el marco del Sexto Parlamento de Mujeres de Quintana Roo 2026, un [&hellip;]","og_url":"https:\/\/noticozumel.mx\/1\/renan-sanchez-tajonar-lidera-congreso-en-parlamento-de-mujeres-de-quintana-roo\/","og_site_name":"NotiCozumel","article_published_time":"2026-03-10T16:06:13+00:00","article_modified_time":"2026-03-10T16:06:16+00:00","og_image":[{"width":1280,"height":852,"url":"https:\/\/noticozumel.mx\/1\/wp-content\/uploads\/2026\/03\/IMG-20260310-WA0011.jpg","type":"image\/jpeg"}],"author":"Redacci\u00f3n","twitter_card":"summary_large_image","twitter_misc":{"Escrito por":"Redacci\u00f3n","Tiempo de lectura":"3 minutos"},"schema":{"@context":"https:\/\/schema.org","@graph":[{"@type":"WebPage","@id":"https:\/\/noticozumel.mx\/1\/renan-sanchez-tajonar-lidera-congreso-en-parlamento-de-mujeres-de-quintana-roo\/","url":"https:\/\/noticozumel.mx\/1\/renan-sanchez-tajonar-lidera-congreso-en-parlamento-de-mujeres-de-quintana-roo\/","name":"Ren\u00e1n S\u00e1nchez Tajonar lidera Congreso en Parlamento de Mujeres de Quintana Roo - NotiCozumel","isPartOf":{"@id":"https:\/\/noticozumel.mx\/1\/#website"},"primaryImageOfPage":{"@id":"https:\/\/noticozumel.mx\/1\/renan-sanchez-tajonar-lidera-congreso-en-parlamento-de-mujeres-de-quintana-roo\/#primaryimage"},"image":{"@id":"https:\/\/noticozumel.mx\/1\/renan-sanchez-tajonar-lidera-congreso-en-parlamento-de-mujeres-de-quintana-roo\/#primaryimage"},"thumbnailUrl":"https:\/\/noticozumel.mx\/1\/wp-content\/uploads\/2026\/03\/IMG-20260310-WA0011.jpg","datePublished":"2026-03-10T16:06:13+00:00","dateModified":"2026-03-10T16:06:16+00:00","author":{"@id":"https:\/\/noticozumel.mx\/1\/#\/schema\/person\/a3353279fd7f37e86677893e0510943b"},"breadcrumb":{"@id":"https:\/\/noticozumel.mx\/1\/renan-sanchez-tajonar-lidera-congreso-en-parlamento-de-mujeres-de-quintana-roo\/#breadcrumb"},"inLanguage":"es","potentialAction":[{"@type":"ReadAction","target":["https:\/\/noticozumel.mx\/1\/renan-sanchez-tajonar-lidera-congreso-en-parlamento-de-mujeres-de-quintana-roo\/"]}]},{"@type":"ImageObject","inLanguage":"es","@id":"https:\/\/noticozumel.mx\/1\/renan-sanchez-tajonar-lidera-congreso-en-parlamento-de-mujeres-de-quintana-roo\/#primaryimage","url":"https:\/\/noticozumel.mx\/1\/wp-content\/uploads\/2026\/03\/IMG-20260310-WA0011.jpg","contentUrl":"https:\/\/noticozumel.mx\/1\/wp-content\/uploads\/2026\/03\/IMG-20260310-WA0011.jpg","width":1280,"height":852},{"@type":"BreadcrumbList","@id":"https:\/\/noticozumel.mx\/1\/renan-sanchez-tajonar-lidera-congreso-en-parlamento-de-mujeres-de-quintana-roo\/#breadcrumb","itemListElement":[{"@type":"ListItem","position":1,"name":"Portada","item":"https:\/\/noticozumel.mx\/1\/"},{"@type":"ListItem","position":2,"name":"Ren\u00e1n S\u00e1nchez Tajonar lidera Congreso en Parlamento de Mujeres de Quintana Roo"}]},{"@type":"WebSite","@id":"https:\/\/noticozumel.mx\/1\/#website","url":"https:\/\/noticozumel.mx\/1\/","name":"NotiCozumel","description":"Las noticias al alcance de todos","potentialAction":[{"@type":"SearchAction","target":{"@type":"EntryPoint","urlTemplate":"https:\/\/noticozumel.mx\/1\/?s={search_term_string}"},"query-input":{"@type":"PropertyValueSpecification","valueRequired":true,"valueName":"search_term_string"}}],"inLanguage":"es"},{"@type":"Person","@id":"https:\/\/noticozumel.mx\/1\/#\/schema\/person\/a3353279fd7f37e86677893e0510943b","name":"Redacci\u00f3n","image":{"@type":"ImageObject","inLanguage":"es","@id":"https:\/\/noticozumel.mx\/1\/#\/schema\/person\/image\/","url":"https:\/\/secure.gravatar.com\/avatar\/92c1decdbf2b01a0b3a758c19f5bf7b7b7c7ad1ebf1b8f407a69813d9948f6d0?s=96&d=mm&r=g","contentUrl":"https:\/\/secure.gravatar.com\/avatar\/92c1decdbf2b01a0b3a758c19f5bf7b7b7c7ad1ebf1b8f407a69813d9948f6d0?s=96&d=mm&r=g","caption":"Redacci\u00f3n"},"url":"https:\/\/noticozumel.mx\/1\/author\/admin\/"}]}},"_links":{"self":[{"href":"https:\/\/noticozumel.mx\/1\/wp-json\/wp\/v2\/posts\/7747","targetHints":{"allow":["GET"]}}],"collection":[{"href":"https:\/\/noticozumel.mx\/1\/wp-json\/wp\/v2\/posts"}],"about":[{"href":"https:\/\/noticozumel.mx\/1\/wp-json\/wp\/v2\/types\/post"}],"author":[{"embeddable":true,"href":"https:\/\/noticozumel.mx\/1\/wp-json\/wp\/v2\/users\/1"}],"replies":[{"embeddable":true,"href":"https:\/\/noticozumel.mx\/1\/wp-json\/wp\/v2\/comments?post=7747"}],"version-history":[{"count":1,"href":"https:\/\/noticozumel.mx\/1\/wp-json\/wp\/v2\/posts\/7747\/revisions"}],"predecessor-version":[{"id":7752,"href":"https:\/\/noticozumel.mx\/1\/wp-json\/wp\/v2\/posts\/7747\/revisions\/7752"}],"wp:featuredmedia":[{"embeddable":true,"href":"https:\/\/noticozumel.mx\/1\/wp-json\/wp\/v2\/media\/7748"}],"wp:attachment":[{"href":"https:\/\/noticozumel.mx\/1\/wp-json\/wp\/v2\/media?parent=7747"}],"wp:term":[{"taxonomy":"category","embeddable":true,"href":"https:\/\/noticozumel.mx\/1\/wp-json\/wp\/v2\/categories?post=7747"},{"taxonomy":"post_tag","embeddable":true,"href":"https:\/\/noticozumel.mx\/1\/wp-json\/wp\/v2\/tags?post=7747"}],"curies":[{"name":"wp","href":"https:\/\/api.w.org\/{rel}","templated":true}]}}