{"id":7805,"date":"2026-03-10T19:26:00","date_gmt":"2026-03-11T00:26:00","guid":{"rendered":"https:\/\/noticozumel.mx\/1\/?p=7805"},"modified":"2026-03-11T01:36:46","modified_gmt":"2026-03-11T06:36:46","slug":"participa-sedarpe-en-reunion-nacional-para-fortalecer-el-campo-y-la-ganaderia","status":"publish","type":"post","link":"https:\/\/noticozumel.mx\/1\/participa-sedarpe-en-reunion-nacional-para-fortalecer-el-campo-y-la-ganaderia\/","title":{"rendered":"Participa SEDARPE en reuni\u00f3n nacional para fortalecer el campo y la ganader\u00eda"},"content":{"rendered":"\n<p>Ciudad de M\u00e9xico, 10 de marzo de 2026.- La Secretar\u00eda de Desarrollo Agropecuario, Rural y Pesca (SEDARPE), a trav\u00e9s de su titular, Jorge Aguilar Osorio, asisti\u00f3 por invitaci\u00f3n a la reuni\u00f3n de trabajo de la Asociaci\u00f3n Mexicana de Secretarios de Desarrollo Agropecuario (AMSDA). El encuentro tuvo como objetivo central abordar diversas l\u00edneas de acci\u00f3n para fortalecer la agricultura y la ganader\u00eda, mediante una agenda de colaboraci\u00f3n estrecha entre las entidades federativas y el Gobierno de M\u00e9xico.<\/p>\n\n\n\n<figure class=\"wp-block-image size-large\"><img loading=\"lazy\" decoding=\"async\" width=\"1024\" height=\"576\" src=\"https:\/\/noticozumel.mx\/1\/wp-content\/uploads\/2026\/03\/SEDARPE-reunion-nacional-6-1024x576.jpg\" alt=\"\" class=\"wp-image-7810\" srcset=\"https:\/\/noticozumel.mx\/1\/wp-content\/uploads\/2026\/03\/SEDARPE-reunion-nacional-6-1024x576.jpg 1024w, https:\/\/noticozumel.mx\/1\/wp-content\/uploads\/2026\/03\/SEDARPE-reunion-nacional-6-300x169.jpg 300w, https:\/\/noticozumel.mx\/1\/wp-content\/uploads\/2026\/03\/SEDARPE-reunion-nacional-6-768x432.jpg 768w, https:\/\/noticozumel.mx\/1\/wp-content\/uploads\/2026\/03\/SEDARPE-reunion-nacional-6-1536x864.jpg 1536w, https:\/\/noticozumel.mx\/1\/wp-content\/uploads\/2026\/03\/SEDARPE-reunion-nacional-6-747x420.jpg 747w, https:\/\/noticozumel.mx\/1\/wp-content\/uploads\/2026\/03\/SEDARPE-reunion-nacional-6-150x84.jpg 150w, https:\/\/noticozumel.mx\/1\/wp-content\/uploads\/2026\/03\/SEDARPE-reunion-nacional-6-696x392.jpg 696w, https:\/\/noticozumel.mx\/1\/wp-content\/uploads\/2026\/03\/SEDARPE-reunion-nacional-6-1068x601.jpg 1068w, https:\/\/noticozumel.mx\/1\/wp-content\/uploads\/2026\/03\/SEDARPE-reunion-nacional-6.jpg 1824w\" sizes=\"auto, (max-width: 1024px) 100vw, 1024px\" \/><\/figure>\n\n\n\n<p>Durante la sesi\u00f3n, que cont\u00f3 con la presencia del titular de la Secretar\u00eda de Agricultura y Desarrollo Rural Federal, Dr. Julio Berdegu\u00e9 Sacrist\u00e1n, se dio prioridad a la protecci\u00f3n de los granos b\u00e1sicos. Se establecieron los temas para avanzar en medidas de salvaguarda para evitar que las importaciones desplacen la producci\u00f3n nacional, enfoc\u00e1ndose en mejorar la rentabilidad del ma\u00edz y el frijol para asegurar precios justos que incentiven la productividad de las y los agricultores.<\/p>\n\n\n\n<p>En materia pecuaria, el di\u00e1logo se centr\u00f3 en blindar la sanidad animal, un factor clave para la econom\u00eda de las y los ganaderos. Se revisaron los avances en la contenci\u00f3n del gusano barrenador y se puntualizaron medidas para atender la exportaci\u00f3n de ganado de los estados libres.<\/p>\n\n\n\n<figure class=\"wp-block-image size-large\"><img loading=\"lazy\" decoding=\"async\" width=\"1024\" height=\"576\" src=\"https:\/\/noticozumel.mx\/1\/wp-content\/uploads\/2026\/03\/SEDARPE-reunion-nacional-5-1024x576.jpg\" alt=\"\" class=\"wp-image-7809\" srcset=\"https:\/\/noticozumel.mx\/1\/wp-content\/uploads\/2026\/03\/SEDARPE-reunion-nacional-5-1024x576.jpg 1024w, https:\/\/noticozumel.mx\/1\/wp-content\/uploads\/2026\/03\/SEDARPE-reunion-nacional-5-300x169.jpg 300w, https:\/\/noticozumel.mx\/1\/wp-content\/uploads\/2026\/03\/SEDARPE-reunion-nacional-5-768x432.jpg 768w, https:\/\/noticozumel.mx\/1\/wp-content\/uploads\/2026\/03\/SEDARPE-reunion-nacional-5-1536x864.jpg 1536w, https:\/\/noticozumel.mx\/1\/wp-content\/uploads\/2026\/03\/SEDARPE-reunion-nacional-5-747x420.jpg 747w, https:\/\/noticozumel.mx\/1\/wp-content\/uploads\/2026\/03\/SEDARPE-reunion-nacional-5-150x84.jpg 150w, https:\/\/noticozumel.mx\/1\/wp-content\/uploads\/2026\/03\/SEDARPE-reunion-nacional-5-696x392.jpg 696w, https:\/\/noticozumel.mx\/1\/wp-content\/uploads\/2026\/03\/SEDARPE-reunion-nacional-5-1068x601.jpg 1068w, https:\/\/noticozumel.mx\/1\/wp-content\/uploads\/2026\/03\/SEDARPE-reunion-nacional-5-1920x1080.jpg 1920w, https:\/\/noticozumel.mx\/1\/wp-content\/uploads\/2026\/03\/SEDARPE-reunion-nacional-5.jpg 2048w\" sizes=\"auto, (max-width: 1024px) 100vw, 1024px\" \/><\/figure>\n\n\n\n<p>Como parte del fortalecimiento al sector alimentario, tambi\u00e9n se analizaron propuestas para robustecer la producci\u00f3n nacional de leche. El objetivo es generar condiciones que permitan a las unidades de producci\u00f3n competir de manera digna frente a productos del exterior, integrando este esfuerzo a la estrategia integral de soberan\u00eda alimentaria que se impulsa desde las entidades federativas.<\/p>\n\n\n\n<p>Estas gestiones se alinean con el Nuevo Acuerdo por el Bienestar y Desarrollo de Quintana Roo que impulsa la gobernadora Mara Lezama. Al trabajar de la mano con la federaci\u00f3n que dirige la presidenta Claudia Sheinbaum Pardo, se busca el bienestar de quienes trabajan la tierra, promoviendo el desarrollo del campo bajo criterios de sustentabilidad y justicia social.<\/p>\n\n\n\n<figure class=\"wp-block-image size-large\"><img loading=\"lazy\" decoding=\"async\" width=\"1024\" height=\"682\" src=\"https:\/\/noticozumel.mx\/1\/wp-content\/uploads\/2026\/03\/SEDARPE-reunion-nacional-4-1024x682.jpg\" alt=\"\" class=\"wp-image-7808\" srcset=\"https:\/\/noticozumel.mx\/1\/wp-content\/uploads\/2026\/03\/SEDARPE-reunion-nacional-4-1024x682.jpg 1024w, https:\/\/noticozumel.mx\/1\/wp-content\/uploads\/2026\/03\/SEDARPE-reunion-nacional-4-300x200.jpg 300w, https:\/\/noticozumel.mx\/1\/wp-content\/uploads\/2026\/03\/SEDARPE-reunion-nacional-4-768x511.jpg 768w, https:\/\/noticozumel.mx\/1\/wp-content\/uploads\/2026\/03\/SEDARPE-reunion-nacional-4-631x420.jpg 631w, https:\/\/noticozumel.mx\/1\/wp-content\/uploads\/2026\/03\/SEDARPE-reunion-nacional-4-150x100.jpg 150w, https:\/\/noticozumel.mx\/1\/wp-content\/uploads\/2026\/03\/SEDARPE-reunion-nacional-4-696x463.jpg 696w, https:\/\/noticozumel.mx\/1\/wp-content\/uploads\/2026\/03\/SEDARPE-reunion-nacional-4-1068x711.jpg 1068w, https:\/\/noticozumel.mx\/1\/wp-content\/uploads\/2026\/03\/SEDARPE-reunion-nacional-4.jpg 1280w\" sizes=\"auto, (max-width: 1024px) 100vw, 1024px\" \/><\/figure>\n\n\n\n<p>Finalmente, la reuni\u00f3n con las y los titulares de las secretar\u00edas permiti\u00f3 consolidar un frente com\u00fan para avanzar en la transformaci\u00f3n del sector primario y, con este tipo de encuentros, la SEDARPE refuerza las estrategias a favor del sector agropecuario.<\/p>\n\n\n\n<figure class=\"wp-block-gallery has-nested-images columns-default is-cropped wp-block-gallery-1 is-layout-flex wp-block-gallery-is-layout-flex\">\n<figure class=\"wp-block-image size-large\"><img loading=\"lazy\" decoding=\"async\" width=\"820\" height=\"1024\" data-id=\"7807\" src=\"https:\/\/noticozumel.mx\/1\/wp-content\/uploads\/2026\/03\/SEDARPE-reunion-nacional-3-820x1024.jpg\" alt=\"\" class=\"wp-image-7807\" srcset=\"https:\/\/noticozumel.mx\/1\/wp-content\/uploads\/2026\/03\/SEDARPE-reunion-nacional-3-820x1024.jpg 820w, https:\/\/noticozumel.mx\/1\/wp-content\/uploads\/2026\/03\/SEDARPE-reunion-nacional-3-240x300.jpg 240w, https:\/\/noticozumel.mx\/1\/wp-content\/uploads\/2026\/03\/SEDARPE-reunion-nacional-3-768x959.jpg 768w, https:\/\/noticozumel.mx\/1\/wp-content\/uploads\/2026\/03\/SEDARPE-reunion-nacional-3-336x420.jpg 336w, https:\/\/noticozumel.mx\/1\/wp-content\/uploads\/2026\/03\/SEDARPE-reunion-nacional-3-150x187.jpg 150w, https:\/\/noticozumel.mx\/1\/wp-content\/uploads\/2026\/03\/SEDARPE-reunion-nacional-3-300x375.jpg 300w, https:\/\/noticozumel.mx\/1\/wp-content\/uploads\/2026\/03\/SEDARPE-reunion-nacional-3-696x869.jpg 696w, https:\/\/noticozumel.mx\/1\/wp-content\/uploads\/2026\/03\/SEDARPE-reunion-nacional-3.jpg 900w\" sizes=\"auto, (max-width: 820px) 100vw, 820px\" \/><\/figure>\n\n\n\n<figure class=\"wp-block-image size-large\"><img loading=\"lazy\" decoding=\"async\" width=\"1024\" height=\"682\" data-id=\"7806\" src=\"https:\/\/noticozumel.mx\/1\/wp-content\/uploads\/2026\/03\/SEDARPE-reunion-nacional-2-1024x682.jpg\" alt=\"\" class=\"wp-image-7806\" srcset=\"https:\/\/noticozumel.mx\/1\/wp-content\/uploads\/2026\/03\/SEDARPE-reunion-nacional-2-1024x682.jpg 1024w, https:\/\/noticozumel.mx\/1\/wp-content\/uploads\/2026\/03\/SEDARPE-reunion-nacional-2-300x200.jpg 300w, https:\/\/noticozumel.mx\/1\/wp-content\/uploads\/2026\/03\/SEDARPE-reunion-nacional-2-768x511.jpg 768w, https:\/\/noticozumel.mx\/1\/wp-content\/uploads\/2026\/03\/SEDARPE-reunion-nacional-2-631x420.jpg 631w, https:\/\/noticozumel.mx\/1\/wp-content\/uploads\/2026\/03\/SEDARPE-reunion-nacional-2-150x100.jpg 150w, https:\/\/noticozumel.mx\/1\/wp-content\/uploads\/2026\/03\/SEDARPE-reunion-nacional-2-696x463.jpg 696w, https:\/\/noticozumel.mx\/1\/wp-content\/uploads\/2026\/03\/SEDARPE-reunion-nacional-2-1068x711.jpg 1068w, https:\/\/noticozumel.mx\/1\/wp-content\/uploads\/2026\/03\/SEDARPE-reunion-nacional-2.jpg 1280w\" sizes=\"auto, (max-width: 1024px) 100vw, 1024px\" \/><\/figure>\n<\/figure>\n","protected":false},"excerpt":{"rendered":"<p>Ciudad de M\u00e9xico, 10 de marzo de 2026.- La Secretar\u00eda de Desarrollo Agropecuario, Rural y Pesca (SEDARPE), a trav\u00e9s de su titular, Jorge Aguilar Osorio, asisti\u00f3 por invitaci\u00f3n a la reuni\u00f3n de trabajo de la Asociaci\u00f3n Mexicana de Secretarios de Desarrollo Agropecuario (AMSDA). El encuentro tuvo como objetivo central abordar diversas l\u00edneas de acci\u00f3n para [&hellip;]<\/p>\n","protected":false},"author":1,"featured_media":7811,"comment_status":"open","ping_status":"closed","sticky":false,"template":"","format":"standard","meta":{"tdm_status":"","tdm_grid_status":"","footnotes":""},"categories":[74,30,42],"tags":[173,100,27,60,416],"class_list":{"0":"post-7805","1":"post","2":"type-post","3":"status-publish","4":"format-standard","5":"has-post-thumbnail","7":"category-global","8":"category-nacional","9":"category-quintana-roo","10":"tag-ciudad-de-mexico","11":"tag-nacional","12":"tag-noticias-de-quintana-roo","13":"tag-noticozumel","14":"tag-sedarpe"},"yoast_head":"<!-- This site is optimized with the Yoast SEO Premium plugin v26.2 (Yoast SEO v26.2) - https:\/\/yoast.com\/wordpress\/plugins\/seo\/ -->\n<title>Participa SEDARPE en reuni\u00f3n nacional para fortalecer el campo y la ganader\u00eda - NotiCozumel<\/title>\n<meta name=\"robots\" content=\"index, follow, max-snippet:-1, max-image-preview:large, max-video-preview:-1\" \/>\n<link rel=\"canonical\" href=\"https:\/\/noticozumel.mx\/1\/participa-sedarpe-en-reunion-nacional-para-fortalecer-el-campo-y-la-ganaderia\/\" \/>\n<meta property=\"og:locale\" content=\"es_ES\" \/>\n<meta property=\"og:type\" content=\"article\" \/>\n<meta property=\"og:title\" content=\"Participa SEDARPE en reuni\u00f3n nacional para fortalecer el campo y la ganader\u00eda\" \/>\n<meta property=\"og:description\" content=\"Ciudad de M\u00e9xico, 10 de marzo de 2026.- La Secretar\u00eda de Desarrollo Agropecuario, Rural y Pesca (SEDARPE), a trav\u00e9s de su titular, Jorge Aguilar Osorio, asisti\u00f3 por invitaci\u00f3n a la reuni\u00f3n de trabajo de la Asociaci\u00f3n Mexicana de Secretarios de Desarrollo Agropecuario (AMSDA). El encuentro tuvo como objetivo central abordar diversas l\u00edneas de acci\u00f3n para [&hellip;]\" \/>\n<meta property=\"og:url\" content=\"https:\/\/noticozumel.mx\/1\/participa-sedarpe-en-reunion-nacional-para-fortalecer-el-campo-y-la-ganaderia\/\" \/>\n<meta property=\"og:site_name\" content=\"NotiCozumel\" \/>\n<meta property=\"article:published_time\" content=\"2026-03-11T00:26:00+00:00\" \/>\n<meta property=\"article:modified_time\" content=\"2026-03-11T06:36:46+00:00\" \/>\n<meta property=\"og:image\" content=\"https:\/\/noticozumel.mx\/1\/wp-content\/uploads\/2026\/03\/SEDARPE-reunion-nacional-1.jpg\" \/>\n\t<meta property=\"og:image:width\" content=\"1824\" \/>\n\t<meta property=\"og:image:height\" content=\"1026\" \/>\n\t<meta property=\"og:image:type\" content=\"image\/jpeg\" \/>\n<meta name=\"author\" content=\"Redacci\u00f3n\" \/>\n<meta name=\"twitter:card\" content=\"summary_large_image\" \/>\n<meta name=\"twitter:label1\" content=\"Escrito por\" \/>\n\t<meta name=\"twitter:data1\" content=\"Redacci\u00f3n\" \/>\n\t<meta name=\"twitter:label2\" content=\"Tiempo de lectura\" \/>\n\t<meta name=\"twitter:data2\" content=\"3 minutos\" \/>\n<script type=\"application\/ld+json\" class=\"yoast-schema-graph\">{\"@context\":\"https:\/\/schema.org\",\"@graph\":[{\"@type\":\"WebPage\",\"@id\":\"https:\/\/noticozumel.mx\/1\/participa-sedarpe-en-reunion-nacional-para-fortalecer-el-campo-y-la-ganaderia\/\",\"url\":\"https:\/\/noticozumel.mx\/1\/participa-sedarpe-en-reunion-nacional-para-fortalecer-el-campo-y-la-ganaderia\/\",\"name\":\"Participa SEDARPE en reuni\u00f3n nacional para fortalecer el campo y la ganader\u00eda - NotiCozumel\",\"isPartOf\":{\"@id\":\"https:\/\/noticozumel.mx\/1\/#website\"},\"primaryImageOfPage\":{\"@id\":\"https:\/\/noticozumel.mx\/1\/participa-sedarpe-en-reunion-nacional-para-fortalecer-el-campo-y-la-ganaderia\/#primaryimage\"},\"image\":{\"@id\":\"https:\/\/noticozumel.mx\/1\/participa-sedarpe-en-reunion-nacional-para-fortalecer-el-campo-y-la-ganaderia\/#primaryimage\"},\"thumbnailUrl\":\"https:\/\/noticozumel.mx\/1\/wp-content\/uploads\/2026\/03\/SEDARPE-reunion-nacional-1.jpg\",\"datePublished\":\"2026-03-11T00:26:00+00:00\",\"dateModified\":\"2026-03-11T06:36:46+00:00\",\"author\":{\"@id\":\"https:\/\/noticozumel.mx\/1\/#\/schema\/person\/a3353279fd7f37e86677893e0510943b\"},\"breadcrumb\":{\"@id\":\"https:\/\/noticozumel.mx\/1\/participa-sedarpe-en-reunion-nacional-para-fortalecer-el-campo-y-la-ganaderia\/#breadcrumb\"},\"inLanguage\":\"es\",\"potentialAction\":[{\"@type\":\"ReadAction\",\"target\":[\"https:\/\/noticozumel.mx\/1\/participa-sedarpe-en-reunion-nacional-para-fortalecer-el-campo-y-la-ganaderia\/\"]}]},{\"@type\":\"ImageObject\",\"inLanguage\":\"es\",\"@id\":\"https:\/\/noticozumel.mx\/1\/participa-sedarpe-en-reunion-nacional-para-fortalecer-el-campo-y-la-ganaderia\/#primaryimage\",\"url\":\"https:\/\/noticozumel.mx\/1\/wp-content\/uploads\/2026\/03\/SEDARPE-reunion-nacional-1.jpg\",\"contentUrl\":\"https:\/\/noticozumel.mx\/1\/wp-content\/uploads\/2026\/03\/SEDARPE-reunion-nacional-1.jpg\",\"width\":1824,\"height\":1026},{\"@type\":\"BreadcrumbList\",\"@id\":\"https:\/\/noticozumel.mx\/1\/participa-sedarpe-en-reunion-nacional-para-fortalecer-el-campo-y-la-ganaderia\/#breadcrumb\",\"itemListElement\":[{\"@type\":\"ListItem\",\"position\":1,\"name\":\"Portada\",\"item\":\"https:\/\/noticozumel.mx\/1\/\"},{\"@type\":\"ListItem\",\"position\":2,\"name\":\"Participa SEDARPE en reuni\u00f3n nacional para fortalecer el campo y la ganader\u00eda\"}]},{\"@type\":\"WebSite\",\"@id\":\"https:\/\/noticozumel.mx\/1\/#website\",\"url\":\"https:\/\/noticozumel.mx\/1\/\",\"name\":\"NotiCozumel\",\"description\":\"Las noticias al alcance de todos\",\"potentialAction\":[{\"@type\":\"SearchAction\",\"target\":{\"@type\":\"EntryPoint\",\"urlTemplate\":\"https:\/\/noticozumel.mx\/1\/?s={search_term_string}\"},\"query-input\":{\"@type\":\"PropertyValueSpecification\",\"valueRequired\":true,\"valueName\":\"search_term_string\"}}],\"inLanguage\":\"es\"},{\"@type\":\"Person\",\"@id\":\"https:\/\/noticozumel.mx\/1\/#\/schema\/person\/a3353279fd7f37e86677893e0510943b\",\"name\":\"Redacci\u00f3n\",\"image\":{\"@type\":\"ImageObject\",\"inLanguage\":\"es\",\"@id\":\"https:\/\/noticozumel.mx\/1\/#\/schema\/person\/image\/\",\"url\":\"https:\/\/secure.gravatar.com\/avatar\/92c1decdbf2b01a0b3a758c19f5bf7b7b7c7ad1ebf1b8f407a69813d9948f6d0?s=96&d=mm&r=g\",\"contentUrl\":\"https:\/\/secure.gravatar.com\/avatar\/92c1decdbf2b01a0b3a758c19f5bf7b7b7c7ad1ebf1b8f407a69813d9948f6d0?s=96&d=mm&r=g\",\"caption\":\"Redacci\u00f3n\"},\"url\":\"https:\/\/noticozumel.mx\/1\/author\/admin\/\"}]}<\/script>\n<!-- \/ Yoast SEO Premium plugin. -->","yoast_head_json":{"title":"Participa SEDARPE en reuni\u00f3n nacional para fortalecer el campo y la ganader\u00eda - NotiCozumel","robots":{"index":"index","follow":"follow","max-snippet":"max-snippet:-1","max-image-preview":"max-image-preview:large","max-video-preview":"max-video-preview:-1"},"canonical":"https:\/\/noticozumel.mx\/1\/participa-sedarpe-en-reunion-nacional-para-fortalecer-el-campo-y-la-ganaderia\/","og_locale":"es_ES","og_type":"article","og_title":"Participa SEDARPE en reuni\u00f3n nacional para fortalecer el campo y la ganader\u00eda","og_description":"Ciudad de M\u00e9xico, 10 de marzo de 2026.- La Secretar\u00eda de Desarrollo Agropecuario, Rural y Pesca (SEDARPE), a trav\u00e9s de su titular, Jorge Aguilar Osorio, asisti\u00f3 por invitaci\u00f3n a la reuni\u00f3n de trabajo de la Asociaci\u00f3n Mexicana de Secretarios de Desarrollo Agropecuario (AMSDA). El encuentro tuvo como objetivo central abordar diversas l\u00edneas de acci\u00f3n para [&hellip;]","og_url":"https:\/\/noticozumel.mx\/1\/participa-sedarpe-en-reunion-nacional-para-fortalecer-el-campo-y-la-ganaderia\/","og_site_name":"NotiCozumel","article_published_time":"2026-03-11T00:26:00+00:00","article_modified_time":"2026-03-11T06:36:46+00:00","og_image":[{"width":1824,"height":1026,"url":"https:\/\/noticozumel.mx\/1\/wp-content\/uploads\/2026\/03\/SEDARPE-reunion-nacional-1.jpg","type":"image\/jpeg"}],"author":"Redacci\u00f3n","twitter_card":"summary_large_image","twitter_misc":{"Escrito por":"Redacci\u00f3n","Tiempo de lectura":"3 minutos"},"schema":{"@context":"https:\/\/schema.org","@graph":[{"@type":"WebPage","@id":"https:\/\/noticozumel.mx\/1\/participa-sedarpe-en-reunion-nacional-para-fortalecer-el-campo-y-la-ganaderia\/","url":"https:\/\/noticozumel.mx\/1\/participa-sedarpe-en-reunion-nacional-para-fortalecer-el-campo-y-la-ganaderia\/","name":"Participa SEDARPE en reuni\u00f3n nacional para fortalecer el campo y la ganader\u00eda - NotiCozumel","isPartOf":{"@id":"https:\/\/noticozumel.mx\/1\/#website"},"primaryImageOfPage":{"@id":"https:\/\/noticozumel.mx\/1\/participa-sedarpe-en-reunion-nacional-para-fortalecer-el-campo-y-la-ganaderia\/#primaryimage"},"image":{"@id":"https:\/\/noticozumel.mx\/1\/participa-sedarpe-en-reunion-nacional-para-fortalecer-el-campo-y-la-ganaderia\/#primaryimage"},"thumbnailUrl":"https:\/\/noticozumel.mx\/1\/wp-content\/uploads\/2026\/03\/SEDARPE-reunion-nacional-1.jpg","datePublished":"2026-03-11T00:26:00+00:00","dateModified":"2026-03-11T06:36:46+00:00","author":{"@id":"https:\/\/noticozumel.mx\/1\/#\/schema\/person\/a3353279fd7f37e86677893e0510943b"},"breadcrumb":{"@id":"https:\/\/noticozumel.mx\/1\/participa-sedarpe-en-reunion-nacional-para-fortalecer-el-campo-y-la-ganaderia\/#breadcrumb"},"inLanguage":"es","potentialAction":[{"@type":"ReadAction","target":["https:\/\/noticozumel.mx\/1\/participa-sedarpe-en-reunion-nacional-para-fortalecer-el-campo-y-la-ganaderia\/"]}]},{"@type":"ImageObject","inLanguage":"es","@id":"https:\/\/noticozumel.mx\/1\/participa-sedarpe-en-reunion-nacional-para-fortalecer-el-campo-y-la-ganaderia\/#primaryimage","url":"https:\/\/noticozumel.mx\/1\/wp-content\/uploads\/2026\/03\/SEDARPE-reunion-nacional-1.jpg","contentUrl":"https:\/\/noticozumel.mx\/1\/wp-content\/uploads\/2026\/03\/SEDARPE-reunion-nacional-1.jpg","width":1824,"height":1026},{"@type":"BreadcrumbList","@id":"https:\/\/noticozumel.mx\/1\/participa-sedarpe-en-reunion-nacional-para-fortalecer-el-campo-y-la-ganaderia\/#breadcrumb","itemListElement":[{"@type":"ListItem","position":1,"name":"Portada","item":"https:\/\/noticozumel.mx\/1\/"},{"@type":"ListItem","position":2,"name":"Participa SEDARPE en reuni\u00f3n nacional para fortalecer el campo y la ganader\u00eda"}]},{"@type":"WebSite","@id":"https:\/\/noticozumel.mx\/1\/#website","url":"https:\/\/noticozumel.mx\/1\/","name":"NotiCozumel","description":"Las noticias al alcance de todos","potentialAction":[{"@type":"SearchAction","target":{"@type":"EntryPoint","urlTemplate":"https:\/\/noticozumel.mx\/1\/?s={search_term_string}"},"query-input":{"@type":"PropertyValueSpecification","valueRequired":true,"valueName":"search_term_string"}}],"inLanguage":"es"},{"@type":"Person","@id":"https:\/\/noticozumel.mx\/1\/#\/schema\/person\/a3353279fd7f37e86677893e0510943b","name":"Redacci\u00f3n","image":{"@type":"ImageObject","inLanguage":"es","@id":"https:\/\/noticozumel.mx\/1\/#\/schema\/person\/image\/","url":"https:\/\/secure.gravatar.com\/avatar\/92c1decdbf2b01a0b3a758c19f5bf7b7b7c7ad1ebf1b8f407a69813d9948f6d0?s=96&d=mm&r=g","contentUrl":"https:\/\/secure.gravatar.com\/avatar\/92c1decdbf2b01a0b3a758c19f5bf7b7b7c7ad1ebf1b8f407a69813d9948f6d0?s=96&d=mm&r=g","caption":"Redacci\u00f3n"},"url":"https:\/\/noticozumel.mx\/1\/author\/admin\/"}]}},"_links":{"self":[{"href":"https:\/\/noticozumel.mx\/1\/wp-json\/wp\/v2\/posts\/7805","targetHints":{"allow":["GET"]}}],"collection":[{"href":"https:\/\/noticozumel.mx\/1\/wp-json\/wp\/v2\/posts"}],"about":[{"href":"https:\/\/noticozumel.mx\/1\/wp-json\/wp\/v2\/types\/post"}],"author":[{"embeddable":true,"href":"https:\/\/noticozumel.mx\/1\/wp-json\/wp\/v2\/users\/1"}],"replies":[{"embeddable":true,"href":"https:\/\/noticozumel.mx\/1\/wp-json\/wp\/v2\/comments?post=7805"}],"version-history":[{"count":1,"href":"https:\/\/noticozumel.mx\/1\/wp-json\/wp\/v2\/posts\/7805\/revisions"}],"predecessor-version":[{"id":7812,"href":"https:\/\/noticozumel.mx\/1\/wp-json\/wp\/v2\/posts\/7805\/revisions\/7812"}],"wp:featuredmedia":[{"embeddable":true,"href":"https:\/\/noticozumel.mx\/1\/wp-json\/wp\/v2\/media\/7811"}],"wp:attachment":[{"href":"https:\/\/noticozumel.mx\/1\/wp-json\/wp\/v2\/media?parent=7805"}],"wp:term":[{"taxonomy":"category","embeddable":true,"href":"https:\/\/noticozumel.mx\/1\/wp-json\/wp\/v2\/categories?post=7805"},{"taxonomy":"post_tag","embeddable":true,"href":"https:\/\/noticozumel.mx\/1\/wp-json\/wp\/v2\/tags?post=7805"}],"curies":[{"name":"wp","href":"https:\/\/api.w.org\/{rel}","templated":true}]}}