{"id":7845,"date":"2026-03-11T09:00:00","date_gmt":"2026-03-11T14:00:00","guid":{"rendered":"https:\/\/noticozumel.mx\/1\/?p=7845"},"modified":"2026-03-11T02:46:45","modified_gmt":"2026-03-11T07:46:45","slug":"expresso-el-derecho-a-la-opacidad-y-el-reves-legislativo","status":"publish","type":"post","link":"https:\/\/noticozumel.mx\/1\/expresso-el-derecho-a-la-opacidad-y-el-reves-legislativo\/","title":{"rendered":"Expresso: El derecho a la opacidad y el rev\u00e9s legislativo"},"content":{"rendered":"\n<p><strong>Por: V\u00edctor Hern\u00e1ndez<\/strong><\/p>\n\n\n\n<p>En la pol\u00edtica quintanarroense, la voz del periodista resulta m\u00e1s inc\u00f3moda que una interrogaci\u00f3n en tribuna. Lo vimos esta semana en los pasillos del Congreso del Estado, donde una iniciativa que pretend\u00eda regular el \u201cDerecho a la Propia Imagen\u201d termin\u00f3 guardada en el caj\u00f3n de los objetos perdidos, no por falta de voluntad de sus promotores, sino por el peso de una realidad en un gremio que no admite mordazas.<\/p>\n\n\n\n<p>La propuesta, que buscaba modificar el C\u00f3digo Civil, fue impulsada felizmente y con aire de triunfo por la diputada Mar\u00eda Jos\u00e9 Osorio (PVEM), secundada por Ricardo Velasco (Morena) y Hugo Alday (PT), una iniciativa cobijada con la \u00abnoble\u00bb intenci\u00f3n de garantizar la privacidad digital, que entres sus propias l\u00edneas escond\u00eda una intenci\u00f3n que en las redacciones del estado, se ley\u00f3 con claridad: regalarse los personajes p\u00fablicos el control remoto de lo que el ciudadano puede ver y documentar.<\/p>\n\n\n\n<p>\u00bfPor qu\u00e9 dieron marcha atr\u00e1s? La explicaci\u00f3n oficial habla de \u00abconsenso\u00bb, pero de trasfondo se evidenci\u00f3 un choque frontal con la libertad de expresi\u00f3n. Porque pretender que en un estado con la efervescencia de Quintana Roo el uso de la imagen sea un patrimonio exclusivo, es desconocer que el funcionario, al aceptar el cargo, acepta tambi\u00e9n el escrutinio p\u00fablico. La presi\u00f3n del gremio period\u00edstico y el acto evidente de la inconstitucionalidad obligaron a los promoventes a retirar la mano antes de que el incendio pol\u00edtico fuera incontrolable y quedaran calcinados.<\/p>\n\n\n\n<p>Sin embargo, hoy, los nombres de Osorio, Velasco y Alday quedan registrados con una marca dif\u00edcil de borrar. Se han erigido, quiz\u00e1s sin calcular el costo, como el tr\u00edo que intent\u00f3 ponerle un filtro de censura a la labor informativa. Quedaron se\u00f1alados como los diputados locales que, desde la comodidad del recinto, pretendieron que la prensa pidiera permiso para escribir y exponer la realidad. Y es que aunque la iniciativa se retire, la intenci\u00f3n de silenciar la cr\u00edtica ya forma parte de su historial p\u00fablico y pol\u00edtico.<\/p>\n\n\n\n<p>Al final, este episodio nos recuerda que la libertad de prensa no es un privilegio de quienes escribimos, sino un derecho de quienes nos leen. En el Congreso del Estado entendieron, a la mala, que en Quintana Roo la imagen p\u00fablica no es propiedad privada cuando se trata de rendir cuentas, y por ahora, el intento de amordazar la libertad de expresi\u00f3n ha fracasado, pero habr\u00e1 que estar pendientes de que no intenten vender el mismo espejito, con otro nombre, en sesiones futuras. El tiempo, como siempre, ser\u00e1 el que revele esas oscuras intenciones.<\/p>\n","protected":false},"excerpt":{"rendered":"<p>Por: V\u00edctor Hern\u00e1ndez En la pol\u00edtica quintanarroense, la voz del periodista resulta m\u00e1s inc\u00f3moda que una interrogaci\u00f3n en tribuna. Lo vimos esta semana en los pasillos del Congreso del Estado, donde una iniciativa que pretend\u00eda regular el \u201cDerecho a la Propia Imagen\u201d termin\u00f3 guardada en el caj\u00f3n de los objetos perdidos, no por falta de [&hellip;]<\/p>\n","protected":false},"author":1,"featured_media":7234,"comment_status":"open","ping_status":"closed","sticky":false,"template":"","format":"standard","meta":{"tdm_status":"","tdm_grid_status":"","footnotes":""},"categories":[45,58],"tags":[158,59,157,63,164,61,27,60,128,162,346,65,114,23,62,159],"class_list":{"0":"post-7845","1":"post","2":"type-post","3":"status-publish","4":"format-standard","5":"has-post-thumbnail","7":"category-columnas","8":"category-espresso","9":"tag-columna","10":"tag-cozumel","11":"tag-expresso","12":"tag-isla-cozumel","13":"tag-morena","14":"tag-noticias-de-cozumel","15":"tag-noticias-de-quintana-roo","16":"tag-noticozumel","17":"tag-opinion","18":"tag-partido-del-trabajo","19":"tag-partivo-verde","20":"tag-politica","21":"tag-pvem","22":"tag-quintana-roo","23":"tag-san-miguel-de-cozumel","24":"tag-victor-hernandez-luna"},"yoast_head":"<!-- This site is optimized with the Yoast SEO Premium plugin v26.2 (Yoast SEO v26.2) - https:\/\/yoast.com\/wordpress\/plugins\/seo\/ -->\n<title>Expresso: El derecho a la opacidad y el rev\u00e9s legislativo - NotiCozumel<\/title>\n<meta name=\"robots\" content=\"index, follow, max-snippet:-1, max-image-preview:large, max-video-preview:-1\" \/>\n<link rel=\"canonical\" href=\"https:\/\/noticozumel.mx\/1\/expresso-el-derecho-a-la-opacidad-y-el-reves-legislativo\/\" \/>\n<meta property=\"og:locale\" content=\"es_ES\" \/>\n<meta property=\"og:type\" content=\"article\" \/>\n<meta property=\"og:title\" content=\"Expresso: El derecho a la opacidad y el rev\u00e9s legislativo\" \/>\n<meta property=\"og:description\" content=\"Por: V\u00edctor Hern\u00e1ndez En la pol\u00edtica quintanarroense, la voz del periodista resulta m\u00e1s inc\u00f3moda que una interrogaci\u00f3n en tribuna. Lo vimos esta semana en los pasillos del Congreso del Estado, donde una iniciativa que pretend\u00eda regular el \u201cDerecho a la Propia Imagen\u201d termin\u00f3 guardada en el caj\u00f3n de los objetos perdidos, no por falta de [&hellip;]\" \/>\n<meta property=\"og:url\" content=\"https:\/\/noticozumel.mx\/1\/expresso-el-derecho-a-la-opacidad-y-el-reves-legislativo\/\" \/>\n<meta property=\"og:site_name\" content=\"NotiCozumel\" \/>\n<meta property=\"article:published_time\" content=\"2026-03-11T14:00:00+00:00\" \/>\n<meta property=\"og:image\" content=\"https:\/\/noticozumel.mx\/1\/wp-content\/uploads\/2026\/03\/Expresso-N.jpg\" \/>\n\t<meta property=\"og:image:width\" content=\"1050\" \/>\n\t<meta property=\"og:image:height\" content=\"600\" \/>\n\t<meta property=\"og:image:type\" content=\"image\/jpeg\" \/>\n<meta name=\"author\" content=\"Redacci\u00f3n\" \/>\n<meta name=\"twitter:card\" content=\"summary_large_image\" \/>\n<meta name=\"twitter:label1\" content=\"Escrito por\" \/>\n\t<meta name=\"twitter:data1\" content=\"Redacci\u00f3n\" \/>\n\t<meta name=\"twitter:label2\" content=\"Tiempo de lectura\" \/>\n\t<meta name=\"twitter:data2\" content=\"3 minutos\" \/>\n<script type=\"application\/ld+json\" class=\"yoast-schema-graph\">{\"@context\":\"https:\/\/schema.org\",\"@graph\":[{\"@type\":\"WebPage\",\"@id\":\"https:\/\/noticozumel.mx\/1\/expresso-el-derecho-a-la-opacidad-y-el-reves-legislativo\/\",\"url\":\"https:\/\/noticozumel.mx\/1\/expresso-el-derecho-a-la-opacidad-y-el-reves-legislativo\/\",\"name\":\"Expresso: El derecho a la opacidad y el rev\u00e9s legislativo - NotiCozumel\",\"isPartOf\":{\"@id\":\"https:\/\/noticozumel.mx\/1\/#website\"},\"primaryImageOfPage\":{\"@id\":\"https:\/\/noticozumel.mx\/1\/expresso-el-derecho-a-la-opacidad-y-el-reves-legislativo\/#primaryimage\"},\"image\":{\"@id\":\"https:\/\/noticozumel.mx\/1\/expresso-el-derecho-a-la-opacidad-y-el-reves-legislativo\/#primaryimage\"},\"thumbnailUrl\":\"https:\/\/noticozumel.mx\/1\/wp-content\/uploads\/2026\/03\/Expresso-N.jpg\",\"datePublished\":\"2026-03-11T14:00:00+00:00\",\"author\":{\"@id\":\"https:\/\/noticozumel.mx\/1\/#\/schema\/person\/a3353279fd7f37e86677893e0510943b\"},\"breadcrumb\":{\"@id\":\"https:\/\/noticozumel.mx\/1\/expresso-el-derecho-a-la-opacidad-y-el-reves-legislativo\/#breadcrumb\"},\"inLanguage\":\"es\",\"potentialAction\":[{\"@type\":\"ReadAction\",\"target\":[\"https:\/\/noticozumel.mx\/1\/expresso-el-derecho-a-la-opacidad-y-el-reves-legislativo\/\"]}]},{\"@type\":\"ImageObject\",\"inLanguage\":\"es\",\"@id\":\"https:\/\/noticozumel.mx\/1\/expresso-el-derecho-a-la-opacidad-y-el-reves-legislativo\/#primaryimage\",\"url\":\"https:\/\/noticozumel.mx\/1\/wp-content\/uploads\/2026\/03\/Expresso-N.jpg\",\"contentUrl\":\"https:\/\/noticozumel.mx\/1\/wp-content\/uploads\/2026\/03\/Expresso-N.jpg\",\"width\":1050,\"height\":600},{\"@type\":\"BreadcrumbList\",\"@id\":\"https:\/\/noticozumel.mx\/1\/expresso-el-derecho-a-la-opacidad-y-el-reves-legislativo\/#breadcrumb\",\"itemListElement\":[{\"@type\":\"ListItem\",\"position\":1,\"name\":\"Portada\",\"item\":\"https:\/\/noticozumel.mx\/1\/\"},{\"@type\":\"ListItem\",\"position\":2,\"name\":\"Expresso: El derecho a la opacidad y el rev\u00e9s legislativo\"}]},{\"@type\":\"WebSite\",\"@id\":\"https:\/\/noticozumel.mx\/1\/#website\",\"url\":\"https:\/\/noticozumel.mx\/1\/\",\"name\":\"NotiCozumel\",\"description\":\"Las noticias al alcance de todos\",\"potentialAction\":[{\"@type\":\"SearchAction\",\"target\":{\"@type\":\"EntryPoint\",\"urlTemplate\":\"https:\/\/noticozumel.mx\/1\/?s={search_term_string}\"},\"query-input\":{\"@type\":\"PropertyValueSpecification\",\"valueRequired\":true,\"valueName\":\"search_term_string\"}}],\"inLanguage\":\"es\"},{\"@type\":\"Person\",\"@id\":\"https:\/\/noticozumel.mx\/1\/#\/schema\/person\/a3353279fd7f37e86677893e0510943b\",\"name\":\"Redacci\u00f3n\",\"image\":{\"@type\":\"ImageObject\",\"inLanguage\":\"es\",\"@id\":\"https:\/\/noticozumel.mx\/1\/#\/schema\/person\/image\/\",\"url\":\"https:\/\/secure.gravatar.com\/avatar\/92c1decdbf2b01a0b3a758c19f5bf7b7b7c7ad1ebf1b8f407a69813d9948f6d0?s=96&d=mm&r=g\",\"contentUrl\":\"https:\/\/secure.gravatar.com\/avatar\/92c1decdbf2b01a0b3a758c19f5bf7b7b7c7ad1ebf1b8f407a69813d9948f6d0?s=96&d=mm&r=g\",\"caption\":\"Redacci\u00f3n\"},\"url\":\"https:\/\/noticozumel.mx\/1\/author\/admin\/\"}]}<\/script>\n<!-- \/ Yoast SEO Premium plugin. -->","yoast_head_json":{"title":"Expresso: El derecho a la opacidad y el rev\u00e9s legislativo - NotiCozumel","robots":{"index":"index","follow":"follow","max-snippet":"max-snippet:-1","max-image-preview":"max-image-preview:large","max-video-preview":"max-video-preview:-1"},"canonical":"https:\/\/noticozumel.mx\/1\/expresso-el-derecho-a-la-opacidad-y-el-reves-legislativo\/","og_locale":"es_ES","og_type":"article","og_title":"Expresso: El derecho a la opacidad y el rev\u00e9s legislativo","og_description":"Por: V\u00edctor Hern\u00e1ndez En la pol\u00edtica quintanarroense, la voz del periodista resulta m\u00e1s inc\u00f3moda que una interrogaci\u00f3n en tribuna. Lo vimos esta semana en los pasillos del Congreso del Estado, donde una iniciativa que pretend\u00eda regular el \u201cDerecho a la Propia Imagen\u201d termin\u00f3 guardada en el caj\u00f3n de los objetos perdidos, no por falta de [&hellip;]","og_url":"https:\/\/noticozumel.mx\/1\/expresso-el-derecho-a-la-opacidad-y-el-reves-legislativo\/","og_site_name":"NotiCozumel","article_published_time":"2026-03-11T14:00:00+00:00","og_image":[{"width":1050,"height":600,"url":"https:\/\/noticozumel.mx\/1\/wp-content\/uploads\/2026\/03\/Expresso-N.jpg","type":"image\/jpeg"}],"author":"Redacci\u00f3n","twitter_card":"summary_large_image","twitter_misc":{"Escrito por":"Redacci\u00f3n","Tiempo de lectura":"3 minutos"},"schema":{"@context":"https:\/\/schema.org","@graph":[{"@type":"WebPage","@id":"https:\/\/noticozumel.mx\/1\/expresso-el-derecho-a-la-opacidad-y-el-reves-legislativo\/","url":"https:\/\/noticozumel.mx\/1\/expresso-el-derecho-a-la-opacidad-y-el-reves-legislativo\/","name":"Expresso: El derecho a la opacidad y el rev\u00e9s legislativo - NotiCozumel","isPartOf":{"@id":"https:\/\/noticozumel.mx\/1\/#website"},"primaryImageOfPage":{"@id":"https:\/\/noticozumel.mx\/1\/expresso-el-derecho-a-la-opacidad-y-el-reves-legislativo\/#primaryimage"},"image":{"@id":"https:\/\/noticozumel.mx\/1\/expresso-el-derecho-a-la-opacidad-y-el-reves-legislativo\/#primaryimage"},"thumbnailUrl":"https:\/\/noticozumel.mx\/1\/wp-content\/uploads\/2026\/03\/Expresso-N.jpg","datePublished":"2026-03-11T14:00:00+00:00","author":{"@id":"https:\/\/noticozumel.mx\/1\/#\/schema\/person\/a3353279fd7f37e86677893e0510943b"},"breadcrumb":{"@id":"https:\/\/noticozumel.mx\/1\/expresso-el-derecho-a-la-opacidad-y-el-reves-legislativo\/#breadcrumb"},"inLanguage":"es","potentialAction":[{"@type":"ReadAction","target":["https:\/\/noticozumel.mx\/1\/expresso-el-derecho-a-la-opacidad-y-el-reves-legislativo\/"]}]},{"@type":"ImageObject","inLanguage":"es","@id":"https:\/\/noticozumel.mx\/1\/expresso-el-derecho-a-la-opacidad-y-el-reves-legislativo\/#primaryimage","url":"https:\/\/noticozumel.mx\/1\/wp-content\/uploads\/2026\/03\/Expresso-N.jpg","contentUrl":"https:\/\/noticozumel.mx\/1\/wp-content\/uploads\/2026\/03\/Expresso-N.jpg","width":1050,"height":600},{"@type":"BreadcrumbList","@id":"https:\/\/noticozumel.mx\/1\/expresso-el-derecho-a-la-opacidad-y-el-reves-legislativo\/#breadcrumb","itemListElement":[{"@type":"ListItem","position":1,"name":"Portada","item":"https:\/\/noticozumel.mx\/1\/"},{"@type":"ListItem","position":2,"name":"Expresso: El derecho a la opacidad y el rev\u00e9s legislativo"}]},{"@type":"WebSite","@id":"https:\/\/noticozumel.mx\/1\/#website","url":"https:\/\/noticozumel.mx\/1\/","name":"NotiCozumel","description":"Las noticias al alcance de todos","potentialAction":[{"@type":"SearchAction","target":{"@type":"EntryPoint","urlTemplate":"https:\/\/noticozumel.mx\/1\/?s={search_term_string}"},"query-input":{"@type":"PropertyValueSpecification","valueRequired":true,"valueName":"search_term_string"}}],"inLanguage":"es"},{"@type":"Person","@id":"https:\/\/noticozumel.mx\/1\/#\/schema\/person\/a3353279fd7f37e86677893e0510943b","name":"Redacci\u00f3n","image":{"@type":"ImageObject","inLanguage":"es","@id":"https:\/\/noticozumel.mx\/1\/#\/schema\/person\/image\/","url":"https:\/\/secure.gravatar.com\/avatar\/92c1decdbf2b01a0b3a758c19f5bf7b7b7c7ad1ebf1b8f407a69813d9948f6d0?s=96&d=mm&r=g","contentUrl":"https:\/\/secure.gravatar.com\/avatar\/92c1decdbf2b01a0b3a758c19f5bf7b7b7c7ad1ebf1b8f407a69813d9948f6d0?s=96&d=mm&r=g","caption":"Redacci\u00f3n"},"url":"https:\/\/noticozumel.mx\/1\/author\/admin\/"}]}},"_links":{"self":[{"href":"https:\/\/noticozumel.mx\/1\/wp-json\/wp\/v2\/posts\/7845","targetHints":{"allow":["GET"]}}],"collection":[{"href":"https:\/\/noticozumel.mx\/1\/wp-json\/wp\/v2\/posts"}],"about":[{"href":"https:\/\/noticozumel.mx\/1\/wp-json\/wp\/v2\/types\/post"}],"author":[{"embeddable":true,"href":"https:\/\/noticozumel.mx\/1\/wp-json\/wp\/v2\/users\/1"}],"replies":[{"embeddable":true,"href":"https:\/\/noticozumel.mx\/1\/wp-json\/wp\/v2\/comments?post=7845"}],"version-history":[{"count":1,"href":"https:\/\/noticozumel.mx\/1\/wp-json\/wp\/v2\/posts\/7845\/revisions"}],"predecessor-version":[{"id":7846,"href":"https:\/\/noticozumel.mx\/1\/wp-json\/wp\/v2\/posts\/7845\/revisions\/7846"}],"wp:featuredmedia":[{"embeddable":true,"href":"https:\/\/noticozumel.mx\/1\/wp-json\/wp\/v2\/media\/7234"}],"wp:attachment":[{"href":"https:\/\/noticozumel.mx\/1\/wp-json\/wp\/v2\/media?parent=7845"}],"wp:term":[{"taxonomy":"category","embeddable":true,"href":"https:\/\/noticozumel.mx\/1\/wp-json\/wp\/v2\/categories?post=7845"},{"taxonomy":"post_tag","embeddable":true,"href":"https:\/\/noticozumel.mx\/1\/wp-json\/wp\/v2\/tags?post=7845"}],"curies":[{"name":"wp","href":"https:\/\/api.w.org\/{rel}","templated":true}]}}