{"id":7848,"date":"2026-03-11T09:30:00","date_gmt":"2026-03-11T14:30:00","guid":{"rendered":"https:\/\/noticozumel.mx\/1\/?p=7848"},"modified":"2026-03-11T11:16:10","modified_gmt":"2026-03-11T16:16:10","slug":"por-la-libre-la-politica-se-ordena-dos-cartas-reales-y-un-espejismo","status":"publish","type":"post","link":"https:\/\/noticozumel.mx\/1\/por-la-libre-la-politica-se-ordena-dos-cartas-reales-y-un-espejismo\/","title":{"rendered":"Por la Libre | La pol\u00edtica se ordena: dos cartas reales y un espejismo"},"content":{"rendered":"\n<p><strong>Por Joaqu\u00edn Quiroz Cervantes<\/strong><\/p>\n\n\n\n<p>Conforme avanza marzo y el calendario pol\u00edtico comienza a acomodar las piezas del tablero rumbo al 2027, la pol\u00edtica quintanarroense empieza a regresar a un terreno que siempre termina imponi\u00e9ndose: el de la realidad.<\/p>\n\n\n\n<figure class=\"wp-block-image size-full\"><img loading=\"lazy\" decoding=\"async\" width=\"1024\" height=\"818\" src=\"https:\/\/noticozumel.mx\/1\/wp-content\/uploads\/2026\/03\/appgin-1024x818-1.jpg\" alt=\"\" class=\"wp-image-7849\" srcset=\"https:\/\/noticozumel.mx\/1\/wp-content\/uploads\/2026\/03\/appgin-1024x818-1.jpg 1024w, https:\/\/noticozumel.mx\/1\/wp-content\/uploads\/2026\/03\/appgin-1024x818-1-300x240.jpg 300w, https:\/\/noticozumel.mx\/1\/wp-content\/uploads\/2026\/03\/appgin-1024x818-1-768x614.jpg 768w, https:\/\/noticozumel.mx\/1\/wp-content\/uploads\/2026\/03\/appgin-1024x818-1-526x420.jpg 526w, https:\/\/noticozumel.mx\/1\/wp-content\/uploads\/2026\/03\/appgin-1024x818-1-150x120.jpg 150w, https:\/\/noticozumel.mx\/1\/wp-content\/uploads\/2026\/03\/appgin-1024x818-1-696x556.jpg 696w\" sizes=\"auto, (max-width: 1024px) 100vw, 1024px\" \/><\/figure>\n\n\n\n<p>Porque en pol\u00edtica, como en la vida p\u00fablica, tarde o temprano el sentido com\u00fan termina por aplastar las fantas\u00edas, los rumores y los escenarios imaginarios que algunos intentan construir desde la comodidad del resentimiento o la nostalgia de un poder que nunca tuvieron.<\/p>\n\n\n\n<p>Al hacer un corte serio del momento pol\u00edtico que vive Quintana Roo, el panorama dentro de Morena comienza a delinearse con claridad.<\/p>\n\n\n\n<p>M\u00e1s all\u00e1 del ruido artificial que ciertos grupos intentan provocar, en los hechos \u00fanicamente hay dos figuras que re\u00fanen los elementos b\u00e1sicos que exige una candidatura competitiva a la gubernatura: legitimidad electoral, presencia territorial, capital pol\u00edtico real y cercan\u00eda con el proyecto que gobierna la entidad.<\/p>\n\n\n\n<p>Esos nombres son claros:&nbsp;<strong>Eugenio \u201cGino\u201d Segura<\/strong>&nbsp;y&nbsp;<strong>Ana Paty Peralta de la Pe\u00f1a<\/strong>.<\/p>\n\n\n\n<p>Ambos representan una generaci\u00f3n pol\u00edtica distinta. No son improvisados ni herederos de viejas estructuras que durante d\u00e9cadas confundieron el servicio p\u00fablico con patrimonio personal.<\/p>\n\n\n\n<p>Son j\u00f3venes formados, con preparaci\u00f3n acad\u00e9mica, trayectoria institucional y, sobre todo, con algo que en pol\u00edtica pesa m\u00e1s que cualquier discurso:&nbsp;<strong>victorias electorales y trabajo en territorio<\/strong>.<\/p>\n\n\n\n<p>En una entidad donde durante muchos a\u00f1os la pol\u00edtica fue dominada por figuras importadas o por intereses externos, tanto Gino como Ana Paty representan algo que el electorado quintanarroense valora cada vez m\u00e1s:&nbsp;<strong>arraigo real en la tierra que gobiernan<\/strong>. Son cancunenses, han construido su vida en el estado, han formado familia aqu\u00ed y su carrera p\u00fablica est\u00e1 ligada al desarrollo de Quintana Roo.<\/p>\n\n\n\n<p>Pero hay otro elemento que no puede ignorarse en este an\u00e1lisis:&nbsp;<strong>la conducci\u00f3n pol\u00edtica de Mara Lezama<\/strong>.<\/p>\n\n\n\n<p>La gobernadora no s\u00f3lo gan\u00f3 una elecci\u00f3n hist\u00f3rica; tambi\u00e9n ha construido una corriente pol\u00edtica propia dentro de Morena en la entidad. Un liderazgo que se ha consolidado no s\u00f3lo por su popularidad, sino por su capacidad de formar cuadros pol\u00edticos que acompa\u00f1en su proyecto de transformaci\u00f3n.<\/p>\n\n\n\n<p>En ese esquema, tanto Ana Paty como Gino son piezas centrales.<\/p>\n\n\n\n<p>Ana Paty asumi\u00f3 el gobierno de Benito Ju\u00e1rez \u2014el municipio m\u00e1s importante del estado\u2014 y ha logrado consolidarse como una alcaldesa con resultados medibles, siguiendo el legado de Mara Lezama.<\/p>\n\n\n\n<p>Su gesti\u00f3n ha apostado por fortalecer la seguridad, ampliar los programas sociales y sostener el ritmo de crecimiento de una ciudad que concentra buena parte de la econom\u00eda tur\u00edstica del pa\u00eds.<\/p>\n\n\n\n<p>Gino Segura, por su parte, ha transitado con habilidad del \u00e1mbito estatal al nacional.<\/p>\n\n\n\n<p>Desde el Senado se ha convertido en una voz activa dentro de la agenda legislativa, mientras en territorio mantiene un contacto permanente con la ciudadan\u00eda a trav\u00e9s de sus casas de gesti\u00f3n y recorridos constantes por los municipios del estado.<\/p>\n\n\n\n<p>Su presencia en el Consejo Nacional de Morena y su interlocuci\u00f3n con actores del gobierno federal muestran a un pol\u00edtico en crecimiento.<\/p>\n\n\n\n<p>Mientras estas dos figuras consolidan su presencia, en la otra esquina del tablero el panorama es muy distinto.<\/p>\n\n\n\n<p>El llamado&nbsp;<strong>grupo Tabasco<\/strong>&nbsp;ha intentado posicionar a su carta en Quintana Roo, pero la realidad es terca: la pol\u00edtica no se construye con espectaculares ni con visitas espor\u00e1dicas. Se construye caminando el territorio, escuchando a la gente y generando v\u00ednculos reales con la sociedad.<\/p>\n\n\n\n<p>En ese terreno, el todav\u00eda titular de Aduanas,&nbsp;<strong>Rafael Mar\u00edn<\/strong>, enfrenta una dificultad evidente: su presencia pol\u00edtica en el estado sigue siendo limitada. Incluso \u00e9l mismo ha reconocido que sus visitas a Quintana Roo son espor\u00e1dicas, lo que inevitablemente genera una distancia con el electorado local.<\/p>\n\n\n\n<p>A eso se suma el desgaste que provocan ciertos episodios y cuestionamientos que han comenzado a circular en el debate p\u00fablico nacional, lo cual complica a\u00fan m\u00e1s la construcci\u00f3n de una candidatura s\u00f3lida.<\/p>\n\n\n\n<p>Por eso, cuando se separa el ruido del an\u00e1lisis serio, la conclusi\u00f3n es clara.<\/p>\n\n\n\n<p>Mientras&nbsp;<strong>Gino Segura y Ana Paty Peralta contin\u00faan fortaleciendo su presencia pol\u00edtica y administrativa<\/strong>, consolid\u00e1ndose como perfiles competitivos rumbo al futuro, en el otro frente el proyecto que intenta impulsarse desde fuera del estado parece caminar cuesta arriba.<\/p>\n\n\n\n<p>La pol\u00edtica, al final, siempre termina acomod\u00e1ndose donde debe.<\/p>\n\n\n\n<p>Y en Quintana Roo, el tablero empieza a mostrar con nitidez qui\u00e9nes realmente est\u00e1n jugando la partida\u2026 y qui\u00e9nes apenas siguen intentando entrar a la mesa.<\/p>\n\n\n\n<p><strong>Cuando la pol\u00edtica se desnuda: la fallida ley mordaza y el rid\u00edculo legislativo<\/strong><\/p>\n\n\n\n<p>En pol\u00edtica hay momentos que, sin propon\u00e9rselo, retratan con absoluta claridad de qu\u00e9 est\u00e1 hecho cada actor p\u00fablico.<\/p>\n\n\n\n<p>Y lo ocurrido con la fallida iniciativa conocida ya en el debate p\u00fablico como la \u201cley mordaza\u201d en el Congreso de Quintana Roo es uno de esos episodios que exhiben no s\u00f3lo la torpeza legislativa, sino tambi\u00e9n el car\u00e1cter \u2014o la ausencia de \u00e9l\u2014 de quienes pretendieron empujarla.<\/p>\n\n\n\n<p>Porque lo que comenz\u00f3 como un intento de iniciativa termin\u00f3 convertida en un espect\u00e1culo de ineptitud pol\u00edtica.<\/p>\n\n\n\n<p>Los todav\u00eda diputados&nbsp;<strong>Ricardo Velazco<\/strong>, del PT, y&nbsp;<strong>Hugo Alday<\/strong>, de Morena, pretendieron vestir de legalidad lo que en el fondo era un desprop\u00f3sito: una iniciativa que buscaba limitar y controlar la cr\u00edtica en redes sociales y medios digitales, en un pa\u00eds donde precisamente la modernidad tecnol\u00f3gica ha permitido que la ciudadan\u00eda evidencie abusos de poder, corrupci\u00f3n y excesos de quienes ejercen cargos p\u00fablicos.<\/p>\n\n\n\n<p>No es un secreto que, desde la llegada de los tel\u00e9fonos inteligentes y las plataformas digitales, muchos de los episodios m\u00e1s vergonzosos de la clase pol\u00edtica han salido a la luz precisamente gracias a la libre circulaci\u00f3n de informaci\u00f3n. Videos, fotograf\u00edas y testimonios que antes quedaban enterrados en los cajones del poder, ahora recorren el pa\u00eds en cuesti\u00f3n de minutos.<\/p>\n\n\n\n<p>Pretender legislar contra esa realidad no s\u00f3lo es ingenuo: es profundamente autoritario.<\/p>\n\n\n\n<p>Pero el problema no fue \u00fanicamente la mala idea. El problema fue la forma en que estos dos legisladores evidenciaron su falta de responsabilidad pol\u00edtica cuando el intento les explot\u00f3 en las manos.<\/p>\n\n\n\n<p>Luego del rechazo p\u00fablico, del rid\u00edculo medi\u00e1tico y del evidente malestar de periodistas y comunicadores, la iniciativa se convirti\u00f3 en un fiasco monumental. Y fue entonces cuando ocurri\u00f3 lo verdaderamente revelador: quienes impulsaron el proyecto desaparecieron del escenario.<\/p>\n\n\n\n<p>La diputada&nbsp;<strong>Mar\u00eda Jos\u00e9 Osorio Rosas<\/strong>, a quien hab\u00edan involucrado en la propuesta, termin\u00f3 siendo la \u00fanica que mostr\u00f3 algo que en pol\u00edtica se reconoce y agradece: valor para dar la cara. Convoc\u00f3 a los medios, escuch\u00f3 las cr\u00edticas, dialog\u00f3 con el gremio period\u00edstico y reconoci\u00f3 que la iniciativa era un error.<\/p>\n\n\n\n<p>No es poca cosa en tiempos donde muchos pol\u00edticos prefieren esconderse detr\u00e1s del silencio o de comunicados ambiguos.<\/p>\n\n\n\n<p>Pero mientras ella asum\u00eda p\u00fablicamente la responsabilidad y acud\u00eda incluso a presentar el documento para retirar la iniciativa,&nbsp;<strong>Velazco y Alday simplemente desaparecieron<\/strong>.<\/p>\n\n\n\n<p>Ni para retirar su propuesta aparecieron.<\/p>\n\n\n\n<p>Tiraron la piedra y escondieron la mano.<\/p>\n\n\n\n<p>Ese gesto \u2014o m\u00e1s bien la ausencia de \u00e9l\u2014 dice mucho m\u00e1s sobre su car\u00e1cter pol\u00edtico que cualquier discurso que puedan pronunciar en tribuna.<\/p>\n\n\n\n<p>Porque la pol\u00edtica tambi\u00e9n se mide en momentos de crisis, y cuando lleg\u00f3 la hora de asumir consecuencias, quienes se presentaban como autores del proyecto simplemente dejaron sola a la legisladora que hab\u00eda decidido corregir el error.<\/p>\n\n\n\n<p>Y as\u00ed, en un episodio que dur\u00f3 apenas unos d\u00edas, qued\u00f3 retratada la diferencia entre quien tuvo la dignidad de reconocer una equivocaci\u00f3n y quienes prefirieron refugiarse en el silencio.<\/p>\n\n\n\n<p>La lecci\u00f3n es simple.<\/p>\n\n\n\n<p>En la pol\u00edtica contempor\u00e1nea los errores se pagan caro, pero la cobard\u00eda se paga a\u00fan m\u00e1s.<\/p>\n\n\n\n<p>Y despu\u00e9s de este episodio, muchos dentro y fuera del Congreso empiezan a preguntarse si las ya de por s\u00ed discretas carreras pol\u00edticas de algunos de estos personajes no acaban de recibir el golpe que dif\u00edcilmente podr\u00e1n remontar.<\/p>\n\n\n\n<p>Porque hay iniciativas que nacen mal.<\/p>\n\n\n\n<p>Y hay carreras pol\u00edticas que, con actos como este, terminan firmando su propio certificado de defunci\u00f3n.<\/p>\n\n\n\n<p><strong>Curva peligrosa\u2026<\/strong><\/p>\n\n\n\n<p>La pr\u00f3xima llegada del&nbsp;<strong>gas natural a Canc\u00fan, Playa del Carmen y Puerto Morelos<\/strong>&nbsp;marcar\u00e1 un momento clave para el desarrollo energ\u00e9tico del norte de Quintana Roo. Esta infraestructura permitir\u00e1 contar con una fuente de energ\u00eda m\u00e1s eficiente, econ\u00f3mica y menos contaminante, lo que beneficiar\u00e1 tanto al sector tur\u00edstico como a comercios, industria y hogares.<\/p>\n\n\n\n<p>El proyecto contempla estrictos protocolos de seguridad en la instalaci\u00f3n y operaci\u00f3n de la red, con sistemas de monitoreo permanente, controles t\u00e9cnicos y supervisi\u00f3n especializada para garantizar la protecci\u00f3n de la poblaci\u00f3n y del entorno.<\/p>\n\n\n\n<p>Con esta nueva infraestructura energ\u00e9tica no s\u00f3lo se fortalece la estabilidad el\u00e9ctrica de la regi\u00f3n, tambi\u00e9n se abre la puerta a nuevas inversiones y a un crecimiento m\u00e1s ordenado para Canc\u00fan, la Riviera Maya y Puerto Morelos, consolidando al Caribe mexicano como una zona estrat\u00e9gica para el desarrollo econ\u00f3mico del pa\u00eds.<\/p>\n","protected":false},"excerpt":{"rendered":"<p>Por Joaqu\u00edn Quiroz Cervantes Conforme avanza marzo y el calendario pol\u00edtico comienza a acomodar las piezas del tablero rumbo al 2027, la pol\u00edtica quintanarroense empieza a regresar a un terreno que siempre termina imponi\u00e9ndose: el de la realidad. Porque en pol\u00edtica, como en la vida p\u00fablica, tarde o temprano el sentido com\u00fan termina por aplastar [&hellip;]<\/p>\n","protected":false},"author":1,"featured_media":7850,"comment_status":"open","ping_status":"closed","sticky":false,"template":"","format":"standard","meta":{"tdm_status":"","tdm_grid_status":"","footnotes":""},"categories":[45,56],"tags":[158,130,60,128,129,23],"class_list":{"0":"post-7848","1":"post","2":"type-post","3":"status-publish","4":"format-standard","5":"has-post-thumbnail","7":"category-columnas","8":"category-por-la-libre","9":"tag-columna","10":"tag-joaquin-quiroz-cervantes","11":"tag-noticozumel","12":"tag-opinion","13":"tag-por-la-libre","14":"tag-quintana-roo"},"yoast_head":"<!-- This site is optimized with the Yoast SEO Premium plugin v26.2 (Yoast SEO v26.2) - https:\/\/yoast.com\/wordpress\/plugins\/seo\/ -->\n<title>Por la Libre | La pol\u00edtica se ordena: dos cartas reales y un espejismo - NotiCozumel<\/title>\n<meta name=\"robots\" content=\"index, follow, max-snippet:-1, max-image-preview:large, max-video-preview:-1\" \/>\n<link rel=\"canonical\" href=\"https:\/\/noticozumel.mx\/1\/por-la-libre-la-politica-se-ordena-dos-cartas-reales-y-un-espejismo\/\" \/>\n<meta property=\"og:locale\" content=\"es_ES\" \/>\n<meta property=\"og:type\" content=\"article\" \/>\n<meta property=\"og:title\" content=\"Por la Libre | La pol\u00edtica se ordena: dos cartas reales y un espejismo\" \/>\n<meta property=\"og:description\" content=\"Por Joaqu\u00edn Quiroz Cervantes Conforme avanza marzo y el calendario pol\u00edtico comienza a acomodar las piezas del tablero rumbo al 2027, la pol\u00edtica quintanarroense empieza a regresar a un terreno que siempre termina imponi\u00e9ndose: el de la realidad. Porque en pol\u00edtica, como en la vida p\u00fablica, tarde o temprano el sentido com\u00fan termina por aplastar [&hellip;]\" \/>\n<meta property=\"og:url\" content=\"https:\/\/noticozumel.mx\/1\/por-la-libre-la-politica-se-ordena-dos-cartas-reales-y-un-espejismo\/\" \/>\n<meta property=\"og:site_name\" content=\"NotiCozumel\" \/>\n<meta property=\"article:published_time\" content=\"2026-03-11T14:30:00+00:00\" \/>\n<meta property=\"article:modified_time\" content=\"2026-03-11T16:16:10+00:00\" \/>\n<meta property=\"og:image\" content=\"https:\/\/noticozumel.mx\/1\/wp-content\/uploads\/2026\/03\/Por-la-Libre-Joaquin-Quiroz-1.jpg\" \/>\n\t<meta property=\"og:image:width\" content=\"425\" \/>\n\t<meta property=\"og:image:height\" content=\"425\" \/>\n\t<meta property=\"og:image:type\" content=\"image\/jpeg\" \/>\n<meta name=\"author\" content=\"Redacci\u00f3n\" \/>\n<meta name=\"twitter:card\" content=\"summary_large_image\" \/>\n<meta name=\"twitter:label1\" content=\"Escrito por\" \/>\n\t<meta name=\"twitter:data1\" content=\"Redacci\u00f3n\" \/>\n\t<meta name=\"twitter:label2\" content=\"Tiempo de lectura\" \/>\n\t<meta name=\"twitter:data2\" content=\"8 minutos\" \/>\n<script type=\"application\/ld+json\" class=\"yoast-schema-graph\">{\"@context\":\"https:\/\/schema.org\",\"@graph\":[{\"@type\":\"WebPage\",\"@id\":\"https:\/\/noticozumel.mx\/1\/por-la-libre-la-politica-se-ordena-dos-cartas-reales-y-un-espejismo\/\",\"url\":\"https:\/\/noticozumel.mx\/1\/por-la-libre-la-politica-se-ordena-dos-cartas-reales-y-un-espejismo\/\",\"name\":\"Por la Libre | La pol\u00edtica se ordena: dos cartas reales y un espejismo - NotiCozumel\",\"isPartOf\":{\"@id\":\"https:\/\/noticozumel.mx\/1\/#website\"},\"primaryImageOfPage\":{\"@id\":\"https:\/\/noticozumel.mx\/1\/por-la-libre-la-politica-se-ordena-dos-cartas-reales-y-un-espejismo\/#primaryimage\"},\"image\":{\"@id\":\"https:\/\/noticozumel.mx\/1\/por-la-libre-la-politica-se-ordena-dos-cartas-reales-y-un-espejismo\/#primaryimage\"},\"thumbnailUrl\":\"https:\/\/noticozumel.mx\/1\/wp-content\/uploads\/2026\/03\/Por-la-Libre-Joaquin-Quiroz-1.jpg\",\"datePublished\":\"2026-03-11T14:30:00+00:00\",\"dateModified\":\"2026-03-11T16:16:10+00:00\",\"author\":{\"@id\":\"https:\/\/noticozumel.mx\/1\/#\/schema\/person\/a3353279fd7f37e86677893e0510943b\"},\"breadcrumb\":{\"@id\":\"https:\/\/noticozumel.mx\/1\/por-la-libre-la-politica-se-ordena-dos-cartas-reales-y-un-espejismo\/#breadcrumb\"},\"inLanguage\":\"es\",\"potentialAction\":[{\"@type\":\"ReadAction\",\"target\":[\"https:\/\/noticozumel.mx\/1\/por-la-libre-la-politica-se-ordena-dos-cartas-reales-y-un-espejismo\/\"]}]},{\"@type\":\"ImageObject\",\"inLanguage\":\"es\",\"@id\":\"https:\/\/noticozumel.mx\/1\/por-la-libre-la-politica-se-ordena-dos-cartas-reales-y-un-espejismo\/#primaryimage\",\"url\":\"https:\/\/noticozumel.mx\/1\/wp-content\/uploads\/2026\/03\/Por-la-Libre-Joaquin-Quiroz-1.jpg\",\"contentUrl\":\"https:\/\/noticozumel.mx\/1\/wp-content\/uploads\/2026\/03\/Por-la-Libre-Joaquin-Quiroz-1.jpg\",\"width\":425,\"height\":425},{\"@type\":\"BreadcrumbList\",\"@id\":\"https:\/\/noticozumel.mx\/1\/por-la-libre-la-politica-se-ordena-dos-cartas-reales-y-un-espejismo\/#breadcrumb\",\"itemListElement\":[{\"@type\":\"ListItem\",\"position\":1,\"name\":\"Portada\",\"item\":\"https:\/\/noticozumel.mx\/1\/\"},{\"@type\":\"ListItem\",\"position\":2,\"name\":\"Por la Libre | La pol\u00edtica se ordena: dos cartas reales y un espejismo\"}]},{\"@type\":\"WebSite\",\"@id\":\"https:\/\/noticozumel.mx\/1\/#website\",\"url\":\"https:\/\/noticozumel.mx\/1\/\",\"name\":\"NotiCozumel\",\"description\":\"Las noticias al alcance de todos\",\"potentialAction\":[{\"@type\":\"SearchAction\",\"target\":{\"@type\":\"EntryPoint\",\"urlTemplate\":\"https:\/\/noticozumel.mx\/1\/?s={search_term_string}\"},\"query-input\":{\"@type\":\"PropertyValueSpecification\",\"valueRequired\":true,\"valueName\":\"search_term_string\"}}],\"inLanguage\":\"es\"},{\"@type\":\"Person\",\"@id\":\"https:\/\/noticozumel.mx\/1\/#\/schema\/person\/a3353279fd7f37e86677893e0510943b\",\"name\":\"Redacci\u00f3n\",\"image\":{\"@type\":\"ImageObject\",\"inLanguage\":\"es\",\"@id\":\"https:\/\/noticozumel.mx\/1\/#\/schema\/person\/image\/\",\"url\":\"https:\/\/secure.gravatar.com\/avatar\/92c1decdbf2b01a0b3a758c19f5bf7b7b7c7ad1ebf1b8f407a69813d9948f6d0?s=96&d=mm&r=g\",\"contentUrl\":\"https:\/\/secure.gravatar.com\/avatar\/92c1decdbf2b01a0b3a758c19f5bf7b7b7c7ad1ebf1b8f407a69813d9948f6d0?s=96&d=mm&r=g\",\"caption\":\"Redacci\u00f3n\"},\"url\":\"https:\/\/noticozumel.mx\/1\/author\/admin\/\"}]}<\/script>\n<!-- \/ Yoast SEO Premium plugin. -->","yoast_head_json":{"title":"Por la Libre | La pol\u00edtica se ordena: dos cartas reales y un espejismo - NotiCozumel","robots":{"index":"index","follow":"follow","max-snippet":"max-snippet:-1","max-image-preview":"max-image-preview:large","max-video-preview":"max-video-preview:-1"},"canonical":"https:\/\/noticozumel.mx\/1\/por-la-libre-la-politica-se-ordena-dos-cartas-reales-y-un-espejismo\/","og_locale":"es_ES","og_type":"article","og_title":"Por la Libre | La pol\u00edtica se ordena: dos cartas reales y un espejismo","og_description":"Por Joaqu\u00edn Quiroz Cervantes Conforme avanza marzo y el calendario pol\u00edtico comienza a acomodar las piezas del tablero rumbo al 2027, la pol\u00edtica quintanarroense empieza a regresar a un terreno que siempre termina imponi\u00e9ndose: el de la realidad. Porque en pol\u00edtica, como en la vida p\u00fablica, tarde o temprano el sentido com\u00fan termina por aplastar [&hellip;]","og_url":"https:\/\/noticozumel.mx\/1\/por-la-libre-la-politica-se-ordena-dos-cartas-reales-y-un-espejismo\/","og_site_name":"NotiCozumel","article_published_time":"2026-03-11T14:30:00+00:00","article_modified_time":"2026-03-11T16:16:10+00:00","og_image":[{"width":425,"height":425,"url":"https:\/\/noticozumel.mx\/1\/wp-content\/uploads\/2026\/03\/Por-la-Libre-Joaquin-Quiroz-1.jpg","type":"image\/jpeg"}],"author":"Redacci\u00f3n","twitter_card":"summary_large_image","twitter_misc":{"Escrito por":"Redacci\u00f3n","Tiempo de lectura":"8 minutos"},"schema":{"@context":"https:\/\/schema.org","@graph":[{"@type":"WebPage","@id":"https:\/\/noticozumel.mx\/1\/por-la-libre-la-politica-se-ordena-dos-cartas-reales-y-un-espejismo\/","url":"https:\/\/noticozumel.mx\/1\/por-la-libre-la-politica-se-ordena-dos-cartas-reales-y-un-espejismo\/","name":"Por la Libre | La pol\u00edtica se ordena: dos cartas reales y un espejismo - NotiCozumel","isPartOf":{"@id":"https:\/\/noticozumel.mx\/1\/#website"},"primaryImageOfPage":{"@id":"https:\/\/noticozumel.mx\/1\/por-la-libre-la-politica-se-ordena-dos-cartas-reales-y-un-espejismo\/#primaryimage"},"image":{"@id":"https:\/\/noticozumel.mx\/1\/por-la-libre-la-politica-se-ordena-dos-cartas-reales-y-un-espejismo\/#primaryimage"},"thumbnailUrl":"https:\/\/noticozumel.mx\/1\/wp-content\/uploads\/2026\/03\/Por-la-Libre-Joaquin-Quiroz-1.jpg","datePublished":"2026-03-11T14:30:00+00:00","dateModified":"2026-03-11T16:16:10+00:00","author":{"@id":"https:\/\/noticozumel.mx\/1\/#\/schema\/person\/a3353279fd7f37e86677893e0510943b"},"breadcrumb":{"@id":"https:\/\/noticozumel.mx\/1\/por-la-libre-la-politica-se-ordena-dos-cartas-reales-y-un-espejismo\/#breadcrumb"},"inLanguage":"es","potentialAction":[{"@type":"ReadAction","target":["https:\/\/noticozumel.mx\/1\/por-la-libre-la-politica-se-ordena-dos-cartas-reales-y-un-espejismo\/"]}]},{"@type":"ImageObject","inLanguage":"es","@id":"https:\/\/noticozumel.mx\/1\/por-la-libre-la-politica-se-ordena-dos-cartas-reales-y-un-espejismo\/#primaryimage","url":"https:\/\/noticozumel.mx\/1\/wp-content\/uploads\/2026\/03\/Por-la-Libre-Joaquin-Quiroz-1.jpg","contentUrl":"https:\/\/noticozumel.mx\/1\/wp-content\/uploads\/2026\/03\/Por-la-Libre-Joaquin-Quiroz-1.jpg","width":425,"height":425},{"@type":"BreadcrumbList","@id":"https:\/\/noticozumel.mx\/1\/por-la-libre-la-politica-se-ordena-dos-cartas-reales-y-un-espejismo\/#breadcrumb","itemListElement":[{"@type":"ListItem","position":1,"name":"Portada","item":"https:\/\/noticozumel.mx\/1\/"},{"@type":"ListItem","position":2,"name":"Por la Libre | La pol\u00edtica se ordena: dos cartas reales y un espejismo"}]},{"@type":"WebSite","@id":"https:\/\/noticozumel.mx\/1\/#website","url":"https:\/\/noticozumel.mx\/1\/","name":"NotiCozumel","description":"Las noticias al alcance de todos","potentialAction":[{"@type":"SearchAction","target":{"@type":"EntryPoint","urlTemplate":"https:\/\/noticozumel.mx\/1\/?s={search_term_string}"},"query-input":{"@type":"PropertyValueSpecification","valueRequired":true,"valueName":"search_term_string"}}],"inLanguage":"es"},{"@type":"Person","@id":"https:\/\/noticozumel.mx\/1\/#\/schema\/person\/a3353279fd7f37e86677893e0510943b","name":"Redacci\u00f3n","image":{"@type":"ImageObject","inLanguage":"es","@id":"https:\/\/noticozumel.mx\/1\/#\/schema\/person\/image\/","url":"https:\/\/secure.gravatar.com\/avatar\/92c1decdbf2b01a0b3a758c19f5bf7b7b7c7ad1ebf1b8f407a69813d9948f6d0?s=96&d=mm&r=g","contentUrl":"https:\/\/secure.gravatar.com\/avatar\/92c1decdbf2b01a0b3a758c19f5bf7b7b7c7ad1ebf1b8f407a69813d9948f6d0?s=96&d=mm&r=g","caption":"Redacci\u00f3n"},"url":"https:\/\/noticozumel.mx\/1\/author\/admin\/"}]}},"_links":{"self":[{"href":"https:\/\/noticozumel.mx\/1\/wp-json\/wp\/v2\/posts\/7848","targetHints":{"allow":["GET"]}}],"collection":[{"href":"https:\/\/noticozumel.mx\/1\/wp-json\/wp\/v2\/posts"}],"about":[{"href":"https:\/\/noticozumel.mx\/1\/wp-json\/wp\/v2\/types\/post"}],"author":[{"embeddable":true,"href":"https:\/\/noticozumel.mx\/1\/wp-json\/wp\/v2\/users\/1"}],"replies":[{"embeddable":true,"href":"https:\/\/noticozumel.mx\/1\/wp-json\/wp\/v2\/comments?post=7848"}],"version-history":[{"count":1,"href":"https:\/\/noticozumel.mx\/1\/wp-json\/wp\/v2\/posts\/7848\/revisions"}],"predecessor-version":[{"id":7851,"href":"https:\/\/noticozumel.mx\/1\/wp-json\/wp\/v2\/posts\/7848\/revisions\/7851"}],"wp:featuredmedia":[{"embeddable":true,"href":"https:\/\/noticozumel.mx\/1\/wp-json\/wp\/v2\/media\/7850"}],"wp:attachment":[{"href":"https:\/\/noticozumel.mx\/1\/wp-json\/wp\/v2\/media?parent=7848"}],"wp:term":[{"taxonomy":"category","embeddable":true,"href":"https:\/\/noticozumel.mx\/1\/wp-json\/wp\/v2\/categories?post=7848"},{"taxonomy":"post_tag","embeddable":true,"href":"https:\/\/noticozumel.mx\/1\/wp-json\/wp\/v2\/tags?post=7848"}],"curies":[{"name":"wp","href":"https:\/\/api.w.org\/{rel}","templated":true}]}}