{"id":7852,"date":"2026-03-10T17:15:00","date_gmt":"2026-03-10T22:15:00","guid":{"rendered":"https:\/\/noticozumel.mx\/1\/?p=7852"},"modified":"2026-03-11T11:32:02","modified_gmt":"2026-03-11T16:32:02","slug":"vox-populi-entre-la-herencia-del-pasado-y-la-promesa-del-segundo-piso","status":"publish","type":"post","link":"https:\/\/noticozumel.mx\/1\/vox-populi-entre-la-herencia-del-pasado-y-la-promesa-del-segundo-piso\/","title":{"rendered":"Vox Populi | Entre la herencia del pasado y la promesa del segundo piso"},"content":{"rendered":"\n<p>Por Irving Canul Carri\u00f3n<\/p>\n\n\n\n<p><strong><br>Entre la herencia del pasado y la promesa del segundo piso<\/strong><\/p>\n\n\n\n<p>En pol\u00edtica hay dos tipos de milagros: los que se prometen en campa\u00f1a y los que la realidad se encarga de desmentir en el ejercicio del poder. Quintana Roo, tierra de para\u00edsos tur\u00edsticos y tambi\u00e9n de viejas inercias pol\u00edticas, hoy vive ese \u201ccurioso\u201d punto medio donde conviven la esperanza del cambio con la pesada mochila del pasado. \u00a1Y qu\u00e9 pasado tan pesado!<\/p>\n\n\n\n<p>La gobernadora Mara Lezama Espinosa hizo historia al convertirse en la primera mujer en encabezar el Ejecutivo estatal. Un hecho que, m\u00e1s all\u00e1 del simbolismo pol\u00edtico, representa tambi\u00e9n una narrativa que su propio gobierno ha definido como \u201chumanista, con coraz\u00f3n feminista\u201d. Y en ese relato de transformaci\u00f3n \u2014 tan repetido como esperado- se inscribe la promesa de construir el llamado segundo piso de la 4ta Transformaci\u00f3n.<\/p>\n\n\n\n<p>Pero conviene poner los pies sobre la tierra antes de exigir milagros administrativos. Porque si algo queda claro es que pretender que en tres a\u00f1os se erradique lo que durante d\u00e9cadas sembraron gobiernos del PRI y del PAN es tan ingenuo como creer que una obra p\u00fablica se inaugura con s\u00f3lo cortar el list\u00f3n. Las viejas estructuras de poder, la burocracia oxidada, los rezagos sociales y las inercias institucionales no desaparecen por decreto ni por discurso ma\u00f1anero. Menos en Quintana Roo.<\/p>\n\n\n\n<p>Y ah\u00ed est\u00e1 el verdadero dilema del actual gobierno estatal: transformar sin pretextos, pero tambi\u00e9n sin negar la herencia recibida. Reitero, no es pretextar, es reconocer la compleja re ingenier\u00eda que toca acelerar a esta administraci\u00f3n, al paso de la din\u00e1mica pol\u00edtica y social en la entidad, \u00a1ah y sus 11 municipios! Poca cosa no es.<\/p>\n\n\n\n<p>Porque la historia reciente del Estado no se explica sin esos a\u00f1os donde el poder transit\u00f3 entre colores partidistas, pero rara vez cambi\u00f3 la l\u00f3gica del gobierno. Administraciones que crecieron al mismo ritmo que el turismo\u2026 y tambi\u00e9n que los problemas estructurales. Problemas que se heredaron y siguen hoy pensando al Ejecutivo Estatal y \u201cpior\u201d tantito, al pueblo quintanarroense.&nbsp;<\/p>\n\n\n\n<p>En ese contexto, el gobierno de Mara Lezama ha logrado algo que en pol\u00edtica vale oro: mantener hoy&nbsp;&nbsp;altos niveles de aprobaci\u00f3n ciudadana. Las encuestas nacionales y las mediciones internas de su propio partido, MORENA, la colocan entre las gobernadoras mejor evaluadas del pa\u00eds. Algo estar\u00e1n haciendo bien. \u00bfNo cree Usted?<\/p>\n\n\n\n<p>En materia de seguridad \u2014 tema hist\u00f3ricamente sensible para un estado tur\u00edstico- se han impulsado estrategias de coordinaci\u00f3n con el gobierno federal. En turismo, el motor econ\u00f3mico del Caribe mexicano, se ha mantenido la promoci\u00f3n y la infraestructura que sostienen la llegada de millones de visitantes cada a\u00f1o. Y en obra p\u00fablica y servicios, el gobierno estatal intenta mostrar m\u00fasculo con proyectos que buscan reducir rezagos en colonias y comunidades. Hasta ah\u00ed, los aciertos.<\/p>\n\n\n\n<p>Pero ser\u00eda un error pol\u00edtico \u2014 y un acto de ingenuidad administrativa- confundir aprobaci\u00f3n con misi\u00f3n cumplida. Porque si algo exige hoy la ciudadan\u00eda es profundidad en el cambio, no s\u00f3lo continuidad en el discurso. La transformaci\u00f3n no se mide por el color del partido en el poder, sino por la eficacia de sus resultados. Y ah\u00ed todav\u00eda hay mucho camino por recorrer.<\/p>\n\n\n\n<p>La burocracia sigue cargando inercias, algunos municipios avanzan a ritmos distintos y, en ciertos casos, la esperada \u201ctransformaci\u00f3n\u201d parece quedarse atrapada entre anuncios, programas y buenas intenciones. Nada extra\u00f1o en un proceso pol\u00edtico que apenas suma siete a\u00f1os de haber llegado a nivel federal, tres a nivel estatal y que apenas comienza a consolidarse en varios municipios.<\/p>\n\n\n\n<p>Tomemos como ejemplo a Cozumel, donde ya transcurre la segunda administraci\u00f3n municipal bajo el color guinda. El laboratorio pol\u00edtico de la 4T local donde la ciudadan\u00eda \u2014 con paciencia caribe\u00f1a, pero memoria electoral- observa si el proyecto realmente se consolida o si termina siendo otro cap\u00edtulo m\u00e1s de promesas recicladas.<\/p>\n\n\n\n<p>Porque la pol\u00edtica tiene memoria\u2026 y calendario. Y ese calendario marca una fecha clave: 2027. Ese a\u00f1o no s\u00f3lo se renovar\u00e1n espacios de poder; tambi\u00e9n se pondr\u00e1 a prueba si la llamada transformaci\u00f3n logr\u00f3 arraigarse en la confianza ciudadana o si la oposici\u00f3n \u2014 esa misma que durante d\u00e9cadas gobern\u00f3- logra reagruparse y recuperar terreno o solo le gusta tomarse fotos para las redes sociales, a falta de algo m\u00e1s propositivo y productivo que hacer.<\/p>\n\n\n\n<p>En otras palabras: el tiempo de los discursos se est\u00e1 acortando y el de los resultados comienza a correr m\u00e1s r\u00e1pido. Por eso el reto del gobierno estatal no es menor. Mantener la consolidaci\u00f3n del cambio, registrar avances reales y, sobre todo, escuchar m\u00e1s all\u00e1 de los aplausos de las encuestas.<\/p>\n\n\n\n<p>Porque en pol\u00edtica, como en la vida, los halagos suelen ser pasajeros\u2026 pero los pendientes permanecen. Y si algo necesita Quintana Roo en esta etapa de su historia es justamente eso: menos triunfalismo prematuro y m\u00e1s transformaci\u00f3n tangible. La oportunidad est\u00e1 sobre la mesa. El respaldo ciudadano, por ahora, tambi\u00e9n.<\/p>\n\n\n\n<p>Pero como bien sabe cualquier gobierno \u2013 y m\u00e1s uno que se define transformador- la verdadera prueba no est\u00e1 en el arranque del proyecto\u2026 sino en demostrar que el cambio lleg\u00f3 para quedarse. Porque al final del d\u00eda, la VOX POPULI \u2013 esa voz del pueblo que inspira esta columna- siempre termina recordando una verdad inc\u00f3moda para cualquier poder: La esperanza se construye con resultados\u2026 no s\u00f3lo con promesas. \u00bfQu\u00e9 no?&nbsp;<\/p>\n\n\n\n<p>Nos leemos en la siguiente entrega de ste espacio, mientras tanto les, analice, dele like, opine, proponga, y comparta o cu\u00e9nteselo a quien m\u00e1s confianza le tenga, recuerde que como dec\u00eda el comercial ochentero: \u00a1Ojo, mucho ojo! O era \u00bfojo por ojo\u2026? Hasta la pr\u00f3xima.<\/p>\n","protected":false},"excerpt":{"rendered":"<p>Por Irving Canul Carri\u00f3n Entre la herencia del pasado y la promesa del segundo piso En pol\u00edtica hay dos tipos de milagros: los que se prometen en campa\u00f1a y los que la realidad se encarga de desmentir en el ejercicio del poder. Quintana Roo, tierra de para\u00edsos tur\u00edsticos y tambi\u00e9n de viejas inercias pol\u00edticas, hoy [&hellip;]<\/p>\n","protected":false},"author":1,"featured_media":7853,"comment_status":"open","ping_status":"closed","sticky":false,"template":"","format":"standard","meta":{"tdm_status":"","tdm_grid_status":"","footnotes":""},"categories":[45,503],"tags":[158,59,60,128,23,504],"class_list":{"0":"post-7852","1":"post","2":"type-post","3":"status-publish","4":"format-standard","5":"has-post-thumbnail","7":"category-columnas","8":"category-vox-populi","9":"tag-columna","10":"tag-cozumel","11":"tag-noticozumel","12":"tag-opinion","13":"tag-quintana-roo","14":"tag-vox-populi"},"yoast_head":"<!-- This site is optimized with the Yoast SEO Premium plugin v26.2 (Yoast SEO v26.2) - https:\/\/yoast.com\/wordpress\/plugins\/seo\/ -->\n<title>Vox Populi | Entre la herencia del pasado y la promesa del segundo piso - NotiCozumel<\/title>\n<meta name=\"robots\" content=\"index, follow, max-snippet:-1, max-image-preview:large, max-video-preview:-1\" \/>\n<link rel=\"canonical\" href=\"https:\/\/noticozumel.mx\/1\/vox-populi-entre-la-herencia-del-pasado-y-la-promesa-del-segundo-piso\/\" \/>\n<meta property=\"og:locale\" content=\"es_ES\" \/>\n<meta property=\"og:type\" content=\"article\" \/>\n<meta property=\"og:title\" content=\"Vox Populi | Entre la herencia del pasado y la promesa del segundo piso\" \/>\n<meta property=\"og:description\" content=\"Por Irving Canul Carri\u00f3n Entre la herencia del pasado y la promesa del segundo piso En pol\u00edtica hay dos tipos de milagros: los que se prometen en campa\u00f1a y los que la realidad se encarga de desmentir en el ejercicio del poder. Quintana Roo, tierra de para\u00edsos tur\u00edsticos y tambi\u00e9n de viejas inercias pol\u00edticas, hoy [&hellip;]\" \/>\n<meta property=\"og:url\" content=\"https:\/\/noticozumel.mx\/1\/vox-populi-entre-la-herencia-del-pasado-y-la-promesa-del-segundo-piso\/\" \/>\n<meta property=\"og:site_name\" content=\"NotiCozumel\" \/>\n<meta property=\"article:published_time\" content=\"2026-03-10T22:15:00+00:00\" \/>\n<meta property=\"article:modified_time\" content=\"2026-03-11T16:32:02+00:00\" \/>\n<meta property=\"og:image\" content=\"https:\/\/noticozumel.mx\/1\/wp-content\/uploads\/2026\/03\/Vox-Populi.jpeg\" \/>\n\t<meta property=\"og:image:width\" content=\"1400\" \/>\n\t<meta property=\"og:image:height\" content=\"1010\" \/>\n\t<meta property=\"og:image:type\" content=\"image\/jpeg\" \/>\n<meta name=\"author\" content=\"Redacci\u00f3n\" \/>\n<meta name=\"twitter:card\" content=\"summary_large_image\" \/>\n<meta name=\"twitter:label1\" content=\"Escrito por\" \/>\n\t<meta name=\"twitter:data1\" content=\"Redacci\u00f3n\" \/>\n\t<meta name=\"twitter:label2\" content=\"Tiempo de lectura\" \/>\n\t<meta name=\"twitter:data2\" content=\"5 minutos\" \/>\n<script type=\"application\/ld+json\" class=\"yoast-schema-graph\">{\"@context\":\"https:\/\/schema.org\",\"@graph\":[{\"@type\":\"WebPage\",\"@id\":\"https:\/\/noticozumel.mx\/1\/vox-populi-entre-la-herencia-del-pasado-y-la-promesa-del-segundo-piso\/\",\"url\":\"https:\/\/noticozumel.mx\/1\/vox-populi-entre-la-herencia-del-pasado-y-la-promesa-del-segundo-piso\/\",\"name\":\"Vox Populi | Entre la herencia del pasado y la promesa del segundo piso - NotiCozumel\",\"isPartOf\":{\"@id\":\"https:\/\/noticozumel.mx\/1\/#website\"},\"primaryImageOfPage\":{\"@id\":\"https:\/\/noticozumel.mx\/1\/vox-populi-entre-la-herencia-del-pasado-y-la-promesa-del-segundo-piso\/#primaryimage\"},\"image\":{\"@id\":\"https:\/\/noticozumel.mx\/1\/vox-populi-entre-la-herencia-del-pasado-y-la-promesa-del-segundo-piso\/#primaryimage\"},\"thumbnailUrl\":\"https:\/\/noticozumel.mx\/1\/wp-content\/uploads\/2026\/03\/Vox-Populi.jpeg\",\"datePublished\":\"2026-03-10T22:15:00+00:00\",\"dateModified\":\"2026-03-11T16:32:02+00:00\",\"author\":{\"@id\":\"https:\/\/noticozumel.mx\/1\/#\/schema\/person\/a3353279fd7f37e86677893e0510943b\"},\"breadcrumb\":{\"@id\":\"https:\/\/noticozumel.mx\/1\/vox-populi-entre-la-herencia-del-pasado-y-la-promesa-del-segundo-piso\/#breadcrumb\"},\"inLanguage\":\"es\",\"potentialAction\":[{\"@type\":\"ReadAction\",\"target\":[\"https:\/\/noticozumel.mx\/1\/vox-populi-entre-la-herencia-del-pasado-y-la-promesa-del-segundo-piso\/\"]}]},{\"@type\":\"ImageObject\",\"inLanguage\":\"es\",\"@id\":\"https:\/\/noticozumel.mx\/1\/vox-populi-entre-la-herencia-del-pasado-y-la-promesa-del-segundo-piso\/#primaryimage\",\"url\":\"https:\/\/noticozumel.mx\/1\/wp-content\/uploads\/2026\/03\/Vox-Populi.jpeg\",\"contentUrl\":\"https:\/\/noticozumel.mx\/1\/wp-content\/uploads\/2026\/03\/Vox-Populi.jpeg\",\"width\":1400,\"height\":1010},{\"@type\":\"BreadcrumbList\",\"@id\":\"https:\/\/noticozumel.mx\/1\/vox-populi-entre-la-herencia-del-pasado-y-la-promesa-del-segundo-piso\/#breadcrumb\",\"itemListElement\":[{\"@type\":\"ListItem\",\"position\":1,\"name\":\"Portada\",\"item\":\"https:\/\/noticozumel.mx\/1\/\"},{\"@type\":\"ListItem\",\"position\":2,\"name\":\"Vox Populi | Entre la herencia del pasado y la promesa del segundo piso\"}]},{\"@type\":\"WebSite\",\"@id\":\"https:\/\/noticozumel.mx\/1\/#website\",\"url\":\"https:\/\/noticozumel.mx\/1\/\",\"name\":\"NotiCozumel\",\"description\":\"Las noticias al alcance de todos\",\"potentialAction\":[{\"@type\":\"SearchAction\",\"target\":{\"@type\":\"EntryPoint\",\"urlTemplate\":\"https:\/\/noticozumel.mx\/1\/?s={search_term_string}\"},\"query-input\":{\"@type\":\"PropertyValueSpecification\",\"valueRequired\":true,\"valueName\":\"search_term_string\"}}],\"inLanguage\":\"es\"},{\"@type\":\"Person\",\"@id\":\"https:\/\/noticozumel.mx\/1\/#\/schema\/person\/a3353279fd7f37e86677893e0510943b\",\"name\":\"Redacci\u00f3n\",\"image\":{\"@type\":\"ImageObject\",\"inLanguage\":\"es\",\"@id\":\"https:\/\/noticozumel.mx\/1\/#\/schema\/person\/image\/\",\"url\":\"https:\/\/secure.gravatar.com\/avatar\/92c1decdbf2b01a0b3a758c19f5bf7b7b7c7ad1ebf1b8f407a69813d9948f6d0?s=96&d=mm&r=g\",\"contentUrl\":\"https:\/\/secure.gravatar.com\/avatar\/92c1decdbf2b01a0b3a758c19f5bf7b7b7c7ad1ebf1b8f407a69813d9948f6d0?s=96&d=mm&r=g\",\"caption\":\"Redacci\u00f3n\"},\"url\":\"https:\/\/noticozumel.mx\/1\/author\/admin\/\"}]}<\/script>\n<!-- \/ Yoast SEO Premium plugin. -->","yoast_head_json":{"title":"Vox Populi | Entre la herencia del pasado y la promesa del segundo piso - NotiCozumel","robots":{"index":"index","follow":"follow","max-snippet":"max-snippet:-1","max-image-preview":"max-image-preview:large","max-video-preview":"max-video-preview:-1"},"canonical":"https:\/\/noticozumel.mx\/1\/vox-populi-entre-la-herencia-del-pasado-y-la-promesa-del-segundo-piso\/","og_locale":"es_ES","og_type":"article","og_title":"Vox Populi | Entre la herencia del pasado y la promesa del segundo piso","og_description":"Por Irving Canul Carri\u00f3n Entre la herencia del pasado y la promesa del segundo piso En pol\u00edtica hay dos tipos de milagros: los que se prometen en campa\u00f1a y los que la realidad se encarga de desmentir en el ejercicio del poder. Quintana Roo, tierra de para\u00edsos tur\u00edsticos y tambi\u00e9n de viejas inercias pol\u00edticas, hoy [&hellip;]","og_url":"https:\/\/noticozumel.mx\/1\/vox-populi-entre-la-herencia-del-pasado-y-la-promesa-del-segundo-piso\/","og_site_name":"NotiCozumel","article_published_time":"2026-03-10T22:15:00+00:00","article_modified_time":"2026-03-11T16:32:02+00:00","og_image":[{"width":1400,"height":1010,"url":"https:\/\/noticozumel.mx\/1\/wp-content\/uploads\/2026\/03\/Vox-Populi.jpeg","type":"image\/jpeg"}],"author":"Redacci\u00f3n","twitter_card":"summary_large_image","twitter_misc":{"Escrito por":"Redacci\u00f3n","Tiempo de lectura":"5 minutos"},"schema":{"@context":"https:\/\/schema.org","@graph":[{"@type":"WebPage","@id":"https:\/\/noticozumel.mx\/1\/vox-populi-entre-la-herencia-del-pasado-y-la-promesa-del-segundo-piso\/","url":"https:\/\/noticozumel.mx\/1\/vox-populi-entre-la-herencia-del-pasado-y-la-promesa-del-segundo-piso\/","name":"Vox Populi | Entre la herencia del pasado y la promesa del segundo piso - NotiCozumel","isPartOf":{"@id":"https:\/\/noticozumel.mx\/1\/#website"},"primaryImageOfPage":{"@id":"https:\/\/noticozumel.mx\/1\/vox-populi-entre-la-herencia-del-pasado-y-la-promesa-del-segundo-piso\/#primaryimage"},"image":{"@id":"https:\/\/noticozumel.mx\/1\/vox-populi-entre-la-herencia-del-pasado-y-la-promesa-del-segundo-piso\/#primaryimage"},"thumbnailUrl":"https:\/\/noticozumel.mx\/1\/wp-content\/uploads\/2026\/03\/Vox-Populi.jpeg","datePublished":"2026-03-10T22:15:00+00:00","dateModified":"2026-03-11T16:32:02+00:00","author":{"@id":"https:\/\/noticozumel.mx\/1\/#\/schema\/person\/a3353279fd7f37e86677893e0510943b"},"breadcrumb":{"@id":"https:\/\/noticozumel.mx\/1\/vox-populi-entre-la-herencia-del-pasado-y-la-promesa-del-segundo-piso\/#breadcrumb"},"inLanguage":"es","potentialAction":[{"@type":"ReadAction","target":["https:\/\/noticozumel.mx\/1\/vox-populi-entre-la-herencia-del-pasado-y-la-promesa-del-segundo-piso\/"]}]},{"@type":"ImageObject","inLanguage":"es","@id":"https:\/\/noticozumel.mx\/1\/vox-populi-entre-la-herencia-del-pasado-y-la-promesa-del-segundo-piso\/#primaryimage","url":"https:\/\/noticozumel.mx\/1\/wp-content\/uploads\/2026\/03\/Vox-Populi.jpeg","contentUrl":"https:\/\/noticozumel.mx\/1\/wp-content\/uploads\/2026\/03\/Vox-Populi.jpeg","width":1400,"height":1010},{"@type":"BreadcrumbList","@id":"https:\/\/noticozumel.mx\/1\/vox-populi-entre-la-herencia-del-pasado-y-la-promesa-del-segundo-piso\/#breadcrumb","itemListElement":[{"@type":"ListItem","position":1,"name":"Portada","item":"https:\/\/noticozumel.mx\/1\/"},{"@type":"ListItem","position":2,"name":"Vox Populi | Entre la herencia del pasado y la promesa del segundo piso"}]},{"@type":"WebSite","@id":"https:\/\/noticozumel.mx\/1\/#website","url":"https:\/\/noticozumel.mx\/1\/","name":"NotiCozumel","description":"Las noticias al alcance de todos","potentialAction":[{"@type":"SearchAction","target":{"@type":"EntryPoint","urlTemplate":"https:\/\/noticozumel.mx\/1\/?s={search_term_string}"},"query-input":{"@type":"PropertyValueSpecification","valueRequired":true,"valueName":"search_term_string"}}],"inLanguage":"es"},{"@type":"Person","@id":"https:\/\/noticozumel.mx\/1\/#\/schema\/person\/a3353279fd7f37e86677893e0510943b","name":"Redacci\u00f3n","image":{"@type":"ImageObject","inLanguage":"es","@id":"https:\/\/noticozumel.mx\/1\/#\/schema\/person\/image\/","url":"https:\/\/secure.gravatar.com\/avatar\/92c1decdbf2b01a0b3a758c19f5bf7b7b7c7ad1ebf1b8f407a69813d9948f6d0?s=96&d=mm&r=g","contentUrl":"https:\/\/secure.gravatar.com\/avatar\/92c1decdbf2b01a0b3a758c19f5bf7b7b7c7ad1ebf1b8f407a69813d9948f6d0?s=96&d=mm&r=g","caption":"Redacci\u00f3n"},"url":"https:\/\/noticozumel.mx\/1\/author\/admin\/"}]}},"_links":{"self":[{"href":"https:\/\/noticozumel.mx\/1\/wp-json\/wp\/v2\/posts\/7852","targetHints":{"allow":["GET"]}}],"collection":[{"href":"https:\/\/noticozumel.mx\/1\/wp-json\/wp\/v2\/posts"}],"about":[{"href":"https:\/\/noticozumel.mx\/1\/wp-json\/wp\/v2\/types\/post"}],"author":[{"embeddable":true,"href":"https:\/\/noticozumel.mx\/1\/wp-json\/wp\/v2\/users\/1"}],"replies":[{"embeddable":true,"href":"https:\/\/noticozumel.mx\/1\/wp-json\/wp\/v2\/comments?post=7852"}],"version-history":[{"count":1,"href":"https:\/\/noticozumel.mx\/1\/wp-json\/wp\/v2\/posts\/7852\/revisions"}],"predecessor-version":[{"id":7854,"href":"https:\/\/noticozumel.mx\/1\/wp-json\/wp\/v2\/posts\/7852\/revisions\/7854"}],"wp:featuredmedia":[{"embeddable":true,"href":"https:\/\/noticozumel.mx\/1\/wp-json\/wp\/v2\/media\/7853"}],"wp:attachment":[{"href":"https:\/\/noticozumel.mx\/1\/wp-json\/wp\/v2\/media?parent=7852"}],"wp:term":[{"taxonomy":"category","embeddable":true,"href":"https:\/\/noticozumel.mx\/1\/wp-json\/wp\/v2\/categories?post=7852"},{"taxonomy":"post_tag","embeddable":true,"href":"https:\/\/noticozumel.mx\/1\/wp-json\/wp\/v2\/tags?post=7852"}],"curies":[{"name":"wp","href":"https:\/\/api.w.org\/{rel}","templated":true}]}}