{"id":7960,"date":"2026-03-12T20:53:00","date_gmt":"2026-03-13T01:53:00","guid":{"rendered":"https:\/\/noticozumel.mx\/1\/?p=7960"},"modified":"2026-03-12T22:08:21","modified_gmt":"2026-03-13T03:08:21","slug":"quinta-carrera-por-el-autismo-busca-sensibilizar-a-la-sociedad-en-cozumel","status":"publish","type":"post","link":"https:\/\/noticozumel.mx\/1\/quinta-carrera-por-el-autismo-busca-sensibilizar-a-la-sociedad-en-cozumel\/","title":{"rendered":"Quinta carrera por el autismo busca sensibilizar a la sociedad en Cozumel"},"content":{"rendered":"\n<p>Cozumel, Quintana Roo, 11 de marzo de 2026.- El pr\u00f3ximo 4 de abril a las 6 de la tarde, el Parque Quintana Roo ser\u00e1 escenario de la quinta edici\u00f3n de la carrera por el autismo, organizada por el Centro de Autismo Cozumel bajo la direcci\u00f3n de Carla Beatriz Manzanero C\u00e1ceres. El evento, m\u00e1s all\u00e1 de lo deportivo, tiene como prop\u00f3sito central concientizar a la sociedad sobre el espectro autista y fomentar la empat\u00eda hacia quienes lo viven.<\/p>\n\n\n\n<figure class=\"wp-block-image size-full\"><img loading=\"lazy\" decoding=\"async\" width=\"960\" height=\"639\" src=\"https:\/\/noticozumel.mx\/1\/wp-content\/uploads\/2026\/03\/6b374924-aea7-43be-bfbb-a3d79681b100.jpg\" alt=\"\" class=\"wp-image-7962\" srcset=\"https:\/\/noticozumel.mx\/1\/wp-content\/uploads\/2026\/03\/6b374924-aea7-43be-bfbb-a3d79681b100.jpg 960w, https:\/\/noticozumel.mx\/1\/wp-content\/uploads\/2026\/03\/6b374924-aea7-43be-bfbb-a3d79681b100-300x200.jpg 300w, https:\/\/noticozumel.mx\/1\/wp-content\/uploads\/2026\/03\/6b374924-aea7-43be-bfbb-a3d79681b100-768x511.jpg 768w, https:\/\/noticozumel.mx\/1\/wp-content\/uploads\/2026\/03\/6b374924-aea7-43be-bfbb-a3d79681b100-631x420.jpg 631w, https:\/\/noticozumel.mx\/1\/wp-content\/uploads\/2026\/03\/6b374924-aea7-43be-bfbb-a3d79681b100-150x100.jpg 150w, https:\/\/noticozumel.mx\/1\/wp-content\/uploads\/2026\/03\/6b374924-aea7-43be-bfbb-a3d79681b100-696x463.jpg 696w\" sizes=\"auto, (max-width: 960px) 100vw, 960px\" \/><\/figure>\n\n\n\n<p>La directora subray\u00f3 que la carrera est\u00e1 abierta al p\u00fablico en general, sin importar si tienen un familiar con autismo. \u201cEs una convivencia, algo familiar, lo que queremos es que la sociedad entienda que cada d\u00eda somos m\u00e1s y que debemos apoyar y ser m\u00e1s emp\u00e1ticos\u201d, se\u00f1al\u00f3.<\/p>\n\n\n\n<p>La inscripci\u00f3n consiste en la compra de un kit con valor de 300 pesos, que incluye playera, medalla, n\u00famero de corredor y acceso a una rifa con premios superiores a los de ediciones anteriores. La entrega de kits ser\u00e1 el 3 de abril a las 11 de la ma\u00f1ana en la Unidad Deportiva Independencia, para garantizar tallas adecuadas. Quienes no puedan adquirirlo podr\u00e1n participar vistiendo una playera azul, color que simboliza la causa.<\/p>\n\n\n\n<p>En ediciones pasadas, la carrera ha reunido hasta 400 participantes, superando el l\u00edmite de 300 kits disponibles. Manzanero C\u00e1ceres destac\u00f3 que nadie queda fuera, pues la intenci\u00f3n es sumar esfuerzos y visibilizar la importancia de la detecci\u00f3n temprana del autismo. Actualmente, se tienen registrados alrededor de 70 casos en la isla, aunque se estima que la cifra real es mayor debido a la dificultad en el diagn\u00f3stico.<\/p>\n\n\n\n<p>La directora record\u00f3 que a\u00fan persisten tab\u00faes y mitos en torno al espectro autista, lo que retrasa diagn\u00f3sticos y apoyos. Explic\u00f3 que muchos padres confunden las caracter\u00edsticas con problemas de conducta y no buscan ayuda profesional. \u201cAnte cualquier duda, pregunten. No se pierde nada con consultar a un especialista\u201d, enfatiz\u00f3, al tiempo que reconoci\u00f3 que en Cozumel ya existen m\u00e1s profesionales capacitados, aunque se requieren m\u00e1s cursos y difusi\u00f3n.<\/p>\n\n\n\n<p>El Centro de Autismo tambi\u00e9n recibe donativos en especie o econ\u00f3micos para apoyar a las familias, y con esta carrera, se busca no solo recaudar fondos, sino tambi\u00e9n consolidar un espacio de inclusi\u00f3n y sensibilizaci\u00f3n que permita a la sociedad cozumele\u00f1a comprender mejor el espectro autista y acompa\u00f1ar a quienes lo viven.<\/p>\n\n\n\n<p><\/p>\n","protected":false},"excerpt":{"rendered":"<p>Cozumel, Quintana Roo, 11 de marzo de 2026.- El pr\u00f3ximo 4 de abril a las 6 de la tarde, el Parque Quintana Roo ser\u00e1 escenario de la quinta edici\u00f3n de la carrera por el autismo, organizada por el Centro de Autismo Cozumel bajo la direcci\u00f3n de Carla Beatriz Manzanero C\u00e1ceres. El evento, m\u00e1s all\u00e1 de [&hellip;]<\/p>\n","protected":false},"author":1,"featured_media":7961,"comment_status":"open","ping_status":"closed","sticky":false,"template":"","format":"standard","meta":{"tdm_status":"","tdm_grid_status":"","footnotes":""},"categories":[1,43,2],"tags":[59,63,61,27,60,23,62],"class_list":{"0":"post-7960","1":"post","2":"type-post","3":"status-publish","4":"format-standard","5":"has-post-thumbnail","7":"category-cozumel","8":"category-deportes","9":"category-featured","10":"tag-cozumel","11":"tag-isla-cozumel","12":"tag-noticias-de-cozumel","13":"tag-noticias-de-quintana-roo","14":"tag-noticozumel","15":"tag-quintana-roo","16":"tag-san-miguel-de-cozumel"},"yoast_head":"<!-- This site is optimized with the Yoast SEO Premium plugin v26.2 (Yoast SEO v26.2) - https:\/\/yoast.com\/wordpress\/plugins\/seo\/ -->\n<title>Quinta carrera por el autismo busca sensibilizar a la sociedad en Cozumel - NotiCozumel<\/title>\n<meta name=\"robots\" content=\"index, follow, max-snippet:-1, max-image-preview:large, max-video-preview:-1\" \/>\n<link rel=\"canonical\" href=\"https:\/\/noticozumel.mx\/1\/quinta-carrera-por-el-autismo-busca-sensibilizar-a-la-sociedad-en-cozumel\/\" \/>\n<meta property=\"og:locale\" content=\"es_ES\" \/>\n<meta property=\"og:type\" content=\"article\" \/>\n<meta property=\"og:title\" content=\"Quinta carrera por el autismo busca sensibilizar a la sociedad en Cozumel\" \/>\n<meta property=\"og:description\" content=\"Cozumel, Quintana Roo, 11 de marzo de 2026.- El pr\u00f3ximo 4 de abril a las 6 de la tarde, el Parque Quintana Roo ser\u00e1 escenario de la quinta edici\u00f3n de la carrera por el autismo, organizada por el Centro de Autismo Cozumel bajo la direcci\u00f3n de Carla Beatriz Manzanero C\u00e1ceres. El evento, m\u00e1s all\u00e1 de [&hellip;]\" \/>\n<meta property=\"og:url\" content=\"https:\/\/noticozumel.mx\/1\/quinta-carrera-por-el-autismo-busca-sensibilizar-a-la-sociedad-en-cozumel\/\" \/>\n<meta property=\"og:site_name\" content=\"NotiCozumel\" \/>\n<meta property=\"article:published_time\" content=\"2026-03-13T01:53:00+00:00\" \/>\n<meta property=\"article:modified_time\" content=\"2026-03-13T03:08:21+00:00\" \/>\n<meta property=\"og:image\" content=\"https:\/\/noticozumel.mx\/1\/wp-content\/uploads\/2026\/03\/e8ff0015-0bb6-4d50-b717-032ec20ede44.jpg\" \/>\n\t<meta property=\"og:image:width\" content=\"960\" \/>\n\t<meta property=\"og:image:height\" content=\"720\" \/>\n\t<meta property=\"og:image:type\" content=\"image\/jpeg\" \/>\n<meta name=\"author\" content=\"Redacci\u00f3n\" \/>\n<meta name=\"twitter:card\" content=\"summary_large_image\" \/>\n<meta name=\"twitter:label1\" content=\"Escrito por\" \/>\n\t<meta name=\"twitter:data1\" content=\"Redacci\u00f3n\" \/>\n\t<meta name=\"twitter:label2\" content=\"Tiempo de lectura\" \/>\n\t<meta name=\"twitter:data2\" content=\"3 minutos\" \/>\n<script type=\"application\/ld+json\" class=\"yoast-schema-graph\">{\"@context\":\"https:\/\/schema.org\",\"@graph\":[{\"@type\":\"WebPage\",\"@id\":\"https:\/\/noticozumel.mx\/1\/quinta-carrera-por-el-autismo-busca-sensibilizar-a-la-sociedad-en-cozumel\/\",\"url\":\"https:\/\/noticozumel.mx\/1\/quinta-carrera-por-el-autismo-busca-sensibilizar-a-la-sociedad-en-cozumel\/\",\"name\":\"Quinta carrera por el autismo busca sensibilizar a la sociedad en Cozumel - NotiCozumel\",\"isPartOf\":{\"@id\":\"https:\/\/noticozumel.mx\/1\/#website\"},\"primaryImageOfPage\":{\"@id\":\"https:\/\/noticozumel.mx\/1\/quinta-carrera-por-el-autismo-busca-sensibilizar-a-la-sociedad-en-cozumel\/#primaryimage\"},\"image\":{\"@id\":\"https:\/\/noticozumel.mx\/1\/quinta-carrera-por-el-autismo-busca-sensibilizar-a-la-sociedad-en-cozumel\/#primaryimage\"},\"thumbnailUrl\":\"https:\/\/noticozumel.mx\/1\/wp-content\/uploads\/2026\/03\/e8ff0015-0bb6-4d50-b717-032ec20ede44.jpg\",\"datePublished\":\"2026-03-13T01:53:00+00:00\",\"dateModified\":\"2026-03-13T03:08:21+00:00\",\"author\":{\"@id\":\"https:\/\/noticozumel.mx\/1\/#\/schema\/person\/a3353279fd7f37e86677893e0510943b\"},\"breadcrumb\":{\"@id\":\"https:\/\/noticozumel.mx\/1\/quinta-carrera-por-el-autismo-busca-sensibilizar-a-la-sociedad-en-cozumel\/#breadcrumb\"},\"inLanguage\":\"es\",\"potentialAction\":[{\"@type\":\"ReadAction\",\"target\":[\"https:\/\/noticozumel.mx\/1\/quinta-carrera-por-el-autismo-busca-sensibilizar-a-la-sociedad-en-cozumel\/\"]}]},{\"@type\":\"ImageObject\",\"inLanguage\":\"es\",\"@id\":\"https:\/\/noticozumel.mx\/1\/quinta-carrera-por-el-autismo-busca-sensibilizar-a-la-sociedad-en-cozumel\/#primaryimage\",\"url\":\"https:\/\/noticozumel.mx\/1\/wp-content\/uploads\/2026\/03\/e8ff0015-0bb6-4d50-b717-032ec20ede44.jpg\",\"contentUrl\":\"https:\/\/noticozumel.mx\/1\/wp-content\/uploads\/2026\/03\/e8ff0015-0bb6-4d50-b717-032ec20ede44.jpg\",\"width\":960,\"height\":720},{\"@type\":\"BreadcrumbList\",\"@id\":\"https:\/\/noticozumel.mx\/1\/quinta-carrera-por-el-autismo-busca-sensibilizar-a-la-sociedad-en-cozumel\/#breadcrumb\",\"itemListElement\":[{\"@type\":\"ListItem\",\"position\":1,\"name\":\"Portada\",\"item\":\"https:\/\/noticozumel.mx\/1\/\"},{\"@type\":\"ListItem\",\"position\":2,\"name\":\"Quinta carrera por el autismo busca sensibilizar a la sociedad en Cozumel\"}]},{\"@type\":\"WebSite\",\"@id\":\"https:\/\/noticozumel.mx\/1\/#website\",\"url\":\"https:\/\/noticozumel.mx\/1\/\",\"name\":\"NotiCozumel\",\"description\":\"Las noticias al alcance de todos\",\"potentialAction\":[{\"@type\":\"SearchAction\",\"target\":{\"@type\":\"EntryPoint\",\"urlTemplate\":\"https:\/\/noticozumel.mx\/1\/?s={search_term_string}\"},\"query-input\":{\"@type\":\"PropertyValueSpecification\",\"valueRequired\":true,\"valueName\":\"search_term_string\"}}],\"inLanguage\":\"es\"},{\"@type\":\"Person\",\"@id\":\"https:\/\/noticozumel.mx\/1\/#\/schema\/person\/a3353279fd7f37e86677893e0510943b\",\"name\":\"Redacci\u00f3n\",\"image\":{\"@type\":\"ImageObject\",\"inLanguage\":\"es\",\"@id\":\"https:\/\/noticozumel.mx\/1\/#\/schema\/person\/image\/\",\"url\":\"https:\/\/secure.gravatar.com\/avatar\/92c1decdbf2b01a0b3a758c19f5bf7b7b7c7ad1ebf1b8f407a69813d9948f6d0?s=96&d=mm&r=g\",\"contentUrl\":\"https:\/\/secure.gravatar.com\/avatar\/92c1decdbf2b01a0b3a758c19f5bf7b7b7c7ad1ebf1b8f407a69813d9948f6d0?s=96&d=mm&r=g\",\"caption\":\"Redacci\u00f3n\"},\"url\":\"https:\/\/noticozumel.mx\/1\/author\/admin\/\"}]}<\/script>\n<!-- \/ Yoast SEO Premium plugin. -->","yoast_head_json":{"title":"Quinta carrera por el autismo busca sensibilizar a la sociedad en Cozumel - NotiCozumel","robots":{"index":"index","follow":"follow","max-snippet":"max-snippet:-1","max-image-preview":"max-image-preview:large","max-video-preview":"max-video-preview:-1"},"canonical":"https:\/\/noticozumel.mx\/1\/quinta-carrera-por-el-autismo-busca-sensibilizar-a-la-sociedad-en-cozumel\/","og_locale":"es_ES","og_type":"article","og_title":"Quinta carrera por el autismo busca sensibilizar a la sociedad en Cozumel","og_description":"Cozumel, Quintana Roo, 11 de marzo de 2026.- El pr\u00f3ximo 4 de abril a las 6 de la tarde, el Parque Quintana Roo ser\u00e1 escenario de la quinta edici\u00f3n de la carrera por el autismo, organizada por el Centro de Autismo Cozumel bajo la direcci\u00f3n de Carla Beatriz Manzanero C\u00e1ceres. El evento, m\u00e1s all\u00e1 de [&hellip;]","og_url":"https:\/\/noticozumel.mx\/1\/quinta-carrera-por-el-autismo-busca-sensibilizar-a-la-sociedad-en-cozumel\/","og_site_name":"NotiCozumel","article_published_time":"2026-03-13T01:53:00+00:00","article_modified_time":"2026-03-13T03:08:21+00:00","og_image":[{"width":960,"height":720,"url":"https:\/\/noticozumel.mx\/1\/wp-content\/uploads\/2026\/03\/e8ff0015-0bb6-4d50-b717-032ec20ede44.jpg","type":"image\/jpeg"}],"author":"Redacci\u00f3n","twitter_card":"summary_large_image","twitter_misc":{"Escrito por":"Redacci\u00f3n","Tiempo de lectura":"3 minutos"},"schema":{"@context":"https:\/\/schema.org","@graph":[{"@type":"WebPage","@id":"https:\/\/noticozumel.mx\/1\/quinta-carrera-por-el-autismo-busca-sensibilizar-a-la-sociedad-en-cozumel\/","url":"https:\/\/noticozumel.mx\/1\/quinta-carrera-por-el-autismo-busca-sensibilizar-a-la-sociedad-en-cozumel\/","name":"Quinta carrera por el autismo busca sensibilizar a la sociedad en Cozumel - NotiCozumel","isPartOf":{"@id":"https:\/\/noticozumel.mx\/1\/#website"},"primaryImageOfPage":{"@id":"https:\/\/noticozumel.mx\/1\/quinta-carrera-por-el-autismo-busca-sensibilizar-a-la-sociedad-en-cozumel\/#primaryimage"},"image":{"@id":"https:\/\/noticozumel.mx\/1\/quinta-carrera-por-el-autismo-busca-sensibilizar-a-la-sociedad-en-cozumel\/#primaryimage"},"thumbnailUrl":"https:\/\/noticozumel.mx\/1\/wp-content\/uploads\/2026\/03\/e8ff0015-0bb6-4d50-b717-032ec20ede44.jpg","datePublished":"2026-03-13T01:53:00+00:00","dateModified":"2026-03-13T03:08:21+00:00","author":{"@id":"https:\/\/noticozumel.mx\/1\/#\/schema\/person\/a3353279fd7f37e86677893e0510943b"},"breadcrumb":{"@id":"https:\/\/noticozumel.mx\/1\/quinta-carrera-por-el-autismo-busca-sensibilizar-a-la-sociedad-en-cozumel\/#breadcrumb"},"inLanguage":"es","potentialAction":[{"@type":"ReadAction","target":["https:\/\/noticozumel.mx\/1\/quinta-carrera-por-el-autismo-busca-sensibilizar-a-la-sociedad-en-cozumel\/"]}]},{"@type":"ImageObject","inLanguage":"es","@id":"https:\/\/noticozumel.mx\/1\/quinta-carrera-por-el-autismo-busca-sensibilizar-a-la-sociedad-en-cozumel\/#primaryimage","url":"https:\/\/noticozumel.mx\/1\/wp-content\/uploads\/2026\/03\/e8ff0015-0bb6-4d50-b717-032ec20ede44.jpg","contentUrl":"https:\/\/noticozumel.mx\/1\/wp-content\/uploads\/2026\/03\/e8ff0015-0bb6-4d50-b717-032ec20ede44.jpg","width":960,"height":720},{"@type":"BreadcrumbList","@id":"https:\/\/noticozumel.mx\/1\/quinta-carrera-por-el-autismo-busca-sensibilizar-a-la-sociedad-en-cozumel\/#breadcrumb","itemListElement":[{"@type":"ListItem","position":1,"name":"Portada","item":"https:\/\/noticozumel.mx\/1\/"},{"@type":"ListItem","position":2,"name":"Quinta carrera por el autismo busca sensibilizar a la sociedad en Cozumel"}]},{"@type":"WebSite","@id":"https:\/\/noticozumel.mx\/1\/#website","url":"https:\/\/noticozumel.mx\/1\/","name":"NotiCozumel","description":"Las noticias al alcance de todos","potentialAction":[{"@type":"SearchAction","target":{"@type":"EntryPoint","urlTemplate":"https:\/\/noticozumel.mx\/1\/?s={search_term_string}"},"query-input":{"@type":"PropertyValueSpecification","valueRequired":true,"valueName":"search_term_string"}}],"inLanguage":"es"},{"@type":"Person","@id":"https:\/\/noticozumel.mx\/1\/#\/schema\/person\/a3353279fd7f37e86677893e0510943b","name":"Redacci\u00f3n","image":{"@type":"ImageObject","inLanguage":"es","@id":"https:\/\/noticozumel.mx\/1\/#\/schema\/person\/image\/","url":"https:\/\/secure.gravatar.com\/avatar\/92c1decdbf2b01a0b3a758c19f5bf7b7b7c7ad1ebf1b8f407a69813d9948f6d0?s=96&d=mm&r=g","contentUrl":"https:\/\/secure.gravatar.com\/avatar\/92c1decdbf2b01a0b3a758c19f5bf7b7b7c7ad1ebf1b8f407a69813d9948f6d0?s=96&d=mm&r=g","caption":"Redacci\u00f3n"},"url":"https:\/\/noticozumel.mx\/1\/author\/admin\/"}]}},"_links":{"self":[{"href":"https:\/\/noticozumel.mx\/1\/wp-json\/wp\/v2\/posts\/7960","targetHints":{"allow":["GET"]}}],"collection":[{"href":"https:\/\/noticozumel.mx\/1\/wp-json\/wp\/v2\/posts"}],"about":[{"href":"https:\/\/noticozumel.mx\/1\/wp-json\/wp\/v2\/types\/post"}],"author":[{"embeddable":true,"href":"https:\/\/noticozumel.mx\/1\/wp-json\/wp\/v2\/users\/1"}],"replies":[{"embeddable":true,"href":"https:\/\/noticozumel.mx\/1\/wp-json\/wp\/v2\/comments?post=7960"}],"version-history":[{"count":1,"href":"https:\/\/noticozumel.mx\/1\/wp-json\/wp\/v2\/posts\/7960\/revisions"}],"predecessor-version":[{"id":7963,"href":"https:\/\/noticozumel.mx\/1\/wp-json\/wp\/v2\/posts\/7960\/revisions\/7963"}],"wp:featuredmedia":[{"embeddable":true,"href":"https:\/\/noticozumel.mx\/1\/wp-json\/wp\/v2\/media\/7961"}],"wp:attachment":[{"href":"https:\/\/noticozumel.mx\/1\/wp-json\/wp\/v2\/media?parent=7960"}],"wp:term":[{"taxonomy":"category","embeddable":true,"href":"https:\/\/noticozumel.mx\/1\/wp-json\/wp\/v2\/categories?post=7960"},{"taxonomy":"post_tag","embeddable":true,"href":"https:\/\/noticozumel.mx\/1\/wp-json\/wp\/v2\/tags?post=7960"}],"curies":[{"name":"wp","href":"https:\/\/api.w.org\/{rel}","templated":true}]}}