{"id":7971,"date":"2026-03-12T09:13:17","date_gmt":"2026-03-12T14:13:17","guid":{"rendered":"https:\/\/noticozumel.mx\/1\/?p=7971"},"modified":"2026-03-12T09:42:01","modified_gmt":"2026-03-12T14:42:01","slug":"en-petit-comite-cozumel-en-la-vanguardia-de-la-gestion-insular","status":"publish","type":"post","link":"https:\/\/noticozumel.mx\/1\/en-petit-comite-cozumel-en-la-vanguardia-de-la-gestion-insular\/","title":{"rendered":"En Petit Comit\u00e9 | Cozumel en la vanguardia de la gesti\u00f3n insular"},"content":{"rendered":"\n<p>Por: V\u00edctor Hern\u00e1ndez<\/p>\n\n\n\n<p>La participaci\u00f3n de Cozumel como destino tur\u00edstico invitado en la segunda edici\u00f3n del iBlue Congress en Lanzarote, Espa\u00f1a, este 12 y 13 de marzo de 2026, marca un momento clave en la estrategia internacional de nuestra \u00edsla. No es un viaje de cortes\u00eda ni una visita protocolaria, sino la oportunidad de entrar de lleno en un espacio donde ciencia y gobernanza se cruzan para pensar el futuro de las islas frente al reto de la sostenibilidad.<\/p>\n\n\n\n<p>El escenario no pudo ser m\u00e1s simb\u00f3lico: los Jameos del Agua, un lugar que refleja la manera en que Lanzarote ha sabido convertir su paisaje volc\u00e1nico en un modelo de gesti\u00f3n. Y ah\u00ed, frente a expertos de Madeira, Gal\u00e1pagos y otras regiones insulares, Cozumel presentar\u00e1 su propio ejemplo: el Fideicomiso de Cruceros, que ha cambiado la manera en que la isla se relaciona con la industria.<\/p>\n\n\n\n<p>Ser\u00e1 El\u00edas Farah Ceh, director de Turismo municipal, en la representaci\u00f3n del edil Jos\u00e9 Luis Chac\u00f3n M\u00e9ndez, quien exponga c\u00f3mo este fideicomiso, impulsado bajo la gesti\u00f3n de la gobernadora Mara Lezama, que ha permitido que Cozumel deje de ser solo un receptor de barcos y se convierta en un verdadero gestor de los beneficios que genera esa industria, cuya recaudaci\u00f3n estuvo centralizada durante d\u00e9cadas y que la isla solo ve\u00eda pasar los n\u00fameros sin que se transformara en mejoras palpables. Hoy, esa din\u00e1mica cambi\u00f3.<\/p>\n\n\n\n<p>Los resultados se ven en las cifras y en las calles, donde se han invertido 33 millones de pesos en la rehabilitaci\u00f3n del centro de Cozumel, con concreto hidr\u00e1ulico que soporta tanto el clima como el flujo tur\u00edstico. La bolsa acumulada de proyectos aprobados alcanza los 250 millones de pesos, destinados a infraestructura b\u00e1sica, imagen urbana y seguridad p\u00fablica, y para este 2026, el presupuesto proyectado es de 129 millones, con una primera asignaci\u00f3n de 89 millones, enfocada exclusivamente en obra social y mejoramiento comunitario.<\/p>\n\n\n\n<p>La presencia en el iBlue Congress tambi\u00e9n es una oportunidad para mirar de cerca el modelo de Lanzarote, pionero en limitar la capacidad de carga y apostar por un turismo de alto valor, mientras que para Cozumel, el mensaje es claro: el desarrollo insular solo ser\u00e1 sostenible si se construye en cooperaci\u00f3n global y con instrumentos financieros que garanticen que la riqueza generada se quede en casa.<\/p>\n\n\n\n<p>Farah Ceh llevar\u00e1 al foro el c\u00f3mo los cruceros dejaron de ser solo estad\u00edsticas de arribos y se convirtieron en una fuente de financiamiento para la obra p\u00fablica que la isla necesitaba desde hace a\u00f1os. Es el ejemplo perfecto del paso de una econom\u00eda extractiva a una econom\u00eda regenerativa, donde el turismo no solo consume, sino que devuelve.<\/p>\n\n\n\n<p>Cozumel llega a Espa\u00f1a no solo para aprender, sino para proponer. El objetivo es construir alianzas t\u00e9cnicas y humanas, demostrar que la prosperidad tur\u00edstica puede ir de la mano con la justicia social y que las islas, cuando trabajan juntas, pueden marcar el rumbo hacia un modelo de desarrollo m\u00e1s justo y sostenible.<\/p>\n","protected":false},"excerpt":{"rendered":"<p>Por: V\u00edctor Hern\u00e1ndez La participaci\u00f3n de Cozumel como destino tur\u00edstico invitado en la segunda edici\u00f3n del iBlue Congress en Lanzarote, Espa\u00f1a, este 12 y 13 de marzo de 2026, marca un momento clave en la estrategia internacional de nuestra \u00edsla. No es un viaje de cortes\u00eda ni una visita protocolaria, sino la oportunidad de entrar [&hellip;]<\/p>\n","protected":false},"author":2,"featured_media":6427,"comment_status":"open","ping_status":"closed","sticky":false,"template":"","format":"standard","meta":{"tdm_status":"","tdm_grid_status":"","footnotes":""},"categories":[45,46],"tags":[158,59,446,63,61,27,93,60,128,23,62,90,159],"class_list":{"0":"post-7971","1":"post","2":"type-post","3":"status-publish","4":"format-standard","5":"has-post-thumbnail","7":"category-columnas","8":"category-en-petit-comite","9":"tag-columna","10":"tag-cozumel","11":"tag-en-petit-comite","12":"tag-isla-cozumel","13":"tag-noticias-de-cozumel","14":"tag-noticias-de-quintana-roo","15":"tag-noticias-de-turismo","16":"tag-noticozumel","17":"tag-opinion","18":"tag-quintana-roo","19":"tag-san-miguel-de-cozumel","20":"tag-turismo","21":"tag-victor-hernandez-luna"},"yoast_head":"<!-- This site is optimized with the Yoast SEO Premium plugin v26.2 (Yoast SEO v26.2) - https:\/\/yoast.com\/wordpress\/plugins\/seo\/ -->\n<title>En Petit Comit\u00e9 | Cozumel en la vanguardia de la gesti\u00f3n insular - NotiCozumel<\/title>\n<meta name=\"robots\" content=\"index, follow, max-snippet:-1, max-image-preview:large, max-video-preview:-1\" \/>\n<link rel=\"canonical\" href=\"https:\/\/noticozumel.mx\/1\/en-petit-comite-cozumel-en-la-vanguardia-de-la-gestion-insular\/\" \/>\n<meta property=\"og:locale\" content=\"es_ES\" \/>\n<meta property=\"og:type\" content=\"article\" \/>\n<meta property=\"og:title\" content=\"En Petit Comit\u00e9 | Cozumel en la vanguardia de la gesti\u00f3n insular\" \/>\n<meta property=\"og:description\" content=\"Por: V\u00edctor Hern\u00e1ndez La participaci\u00f3n de Cozumel como destino tur\u00edstico invitado en la segunda edici\u00f3n del iBlue Congress en Lanzarote, Espa\u00f1a, este 12 y 13 de marzo de 2026, marca un momento clave en la estrategia internacional de nuestra \u00edsla. No es un viaje de cortes\u00eda ni una visita protocolaria, sino la oportunidad de entrar [&hellip;]\" \/>\n<meta property=\"og:url\" content=\"https:\/\/noticozumel.mx\/1\/en-petit-comite-cozumel-en-la-vanguardia-de-la-gestion-insular\/\" \/>\n<meta property=\"og:site_name\" content=\"NotiCozumel\" \/>\n<meta property=\"article:published_time\" content=\"2026-03-12T14:13:17+00:00\" \/>\n<meta property=\"article:modified_time\" content=\"2026-03-12T14:42:01+00:00\" \/>\n<meta property=\"og:image\" content=\"https:\/\/noticozumel.mx\/1\/wp-content\/uploads\/2026\/02\/En-Petit.jpg\" \/>\n\t<meta property=\"og:image:width\" content=\"500\" \/>\n\t<meta property=\"og:image:height\" content=\"500\" \/>\n\t<meta property=\"og:image:type\" content=\"image\/jpeg\" \/>\n<meta name=\"author\" content=\"Victor Hernandez Luna\" \/>\n<meta name=\"twitter:card\" content=\"summary_large_image\" \/>\n<meta name=\"twitter:label1\" content=\"Escrito por\" \/>\n\t<meta name=\"twitter:data1\" content=\"Victor Hernandez Luna\" \/>\n\t<meta name=\"twitter:label2\" content=\"Tiempo de lectura\" \/>\n\t<meta name=\"twitter:data2\" content=\"3 minutos\" \/>\n<script type=\"application\/ld+json\" class=\"yoast-schema-graph\">{\"@context\":\"https:\/\/schema.org\",\"@graph\":[{\"@type\":\"WebPage\",\"@id\":\"https:\/\/noticozumel.mx\/1\/en-petit-comite-cozumel-en-la-vanguardia-de-la-gestion-insular\/\",\"url\":\"https:\/\/noticozumel.mx\/1\/en-petit-comite-cozumel-en-la-vanguardia-de-la-gestion-insular\/\",\"name\":\"En Petit Comit\u00e9 | Cozumel en la vanguardia de la gesti\u00f3n insular - NotiCozumel\",\"isPartOf\":{\"@id\":\"https:\/\/noticozumel.mx\/1\/#website\"},\"primaryImageOfPage\":{\"@id\":\"https:\/\/noticozumel.mx\/1\/en-petit-comite-cozumel-en-la-vanguardia-de-la-gestion-insular\/#primaryimage\"},\"image\":{\"@id\":\"https:\/\/noticozumel.mx\/1\/en-petit-comite-cozumel-en-la-vanguardia-de-la-gestion-insular\/#primaryimage\"},\"thumbnailUrl\":\"https:\/\/noticozumel.mx\/1\/wp-content\/uploads\/2026\/02\/En-Petit.jpg\",\"datePublished\":\"2026-03-12T14:13:17+00:00\",\"dateModified\":\"2026-03-12T14:42:01+00:00\",\"author\":{\"@id\":\"https:\/\/noticozumel.mx\/1\/#\/schema\/person\/8d7a7295b0e332037217d900d085410f\"},\"breadcrumb\":{\"@id\":\"https:\/\/noticozumel.mx\/1\/en-petit-comite-cozumel-en-la-vanguardia-de-la-gestion-insular\/#breadcrumb\"},\"inLanguage\":\"es\",\"potentialAction\":[{\"@type\":\"ReadAction\",\"target\":[\"https:\/\/noticozumel.mx\/1\/en-petit-comite-cozumel-en-la-vanguardia-de-la-gestion-insular\/\"]}]},{\"@type\":\"ImageObject\",\"inLanguage\":\"es\",\"@id\":\"https:\/\/noticozumel.mx\/1\/en-petit-comite-cozumel-en-la-vanguardia-de-la-gestion-insular\/#primaryimage\",\"url\":\"https:\/\/noticozumel.mx\/1\/wp-content\/uploads\/2026\/02\/En-Petit.jpg\",\"contentUrl\":\"https:\/\/noticozumel.mx\/1\/wp-content\/uploads\/2026\/02\/En-Petit.jpg\",\"width\":500,\"height\":500,\"caption\":\"xr:d:DAF2D3bvIW4:7,j:8502086551910742375,t:24012304\"},{\"@type\":\"BreadcrumbList\",\"@id\":\"https:\/\/noticozumel.mx\/1\/en-petit-comite-cozumel-en-la-vanguardia-de-la-gestion-insular\/#breadcrumb\",\"itemListElement\":[{\"@type\":\"ListItem\",\"position\":1,\"name\":\"Portada\",\"item\":\"https:\/\/noticozumel.mx\/1\/\"},{\"@type\":\"ListItem\",\"position\":2,\"name\":\"En Petit Comit\u00e9 | Cozumel en la vanguardia de la gesti\u00f3n insular\"}]},{\"@type\":\"WebSite\",\"@id\":\"https:\/\/noticozumel.mx\/1\/#website\",\"url\":\"https:\/\/noticozumel.mx\/1\/\",\"name\":\"NotiCozumel\",\"description\":\"Las noticias al alcance de todos\",\"potentialAction\":[{\"@type\":\"SearchAction\",\"target\":{\"@type\":\"EntryPoint\",\"urlTemplate\":\"https:\/\/noticozumel.mx\/1\/?s={search_term_string}\"},\"query-input\":{\"@type\":\"PropertyValueSpecification\",\"valueRequired\":true,\"valueName\":\"search_term_string\"}}],\"inLanguage\":\"es\"},{\"@type\":\"Person\",\"@id\":\"https:\/\/noticozumel.mx\/1\/#\/schema\/person\/8d7a7295b0e332037217d900d085410f\",\"name\":\"Victor Hernandez Luna\",\"image\":{\"@type\":\"ImageObject\",\"inLanguage\":\"es\",\"@id\":\"https:\/\/noticozumel.mx\/1\/#\/schema\/person\/image\/\",\"url\":\"https:\/\/secure.gravatar.com\/avatar\/903e5352abe273aed23196d02d4ae378ebfc322b1ba34a99ce80218a04ec9af0?s=96&d=mm&r=g\",\"contentUrl\":\"https:\/\/secure.gravatar.com\/avatar\/903e5352abe273aed23196d02d4ae378ebfc322b1ba34a99ce80218a04ec9af0?s=96&d=mm&r=g\",\"caption\":\"Victor Hernandez Luna\"},\"url\":\"https:\/\/noticozumel.mx\/1\/author\/victor-hernandez-luna\/\"}]}<\/script>\n<!-- \/ Yoast SEO Premium plugin. -->","yoast_head_json":{"title":"En Petit Comit\u00e9 | Cozumel en la vanguardia de la gesti\u00f3n insular - NotiCozumel","robots":{"index":"index","follow":"follow","max-snippet":"max-snippet:-1","max-image-preview":"max-image-preview:large","max-video-preview":"max-video-preview:-1"},"canonical":"https:\/\/noticozumel.mx\/1\/en-petit-comite-cozumel-en-la-vanguardia-de-la-gestion-insular\/","og_locale":"es_ES","og_type":"article","og_title":"En Petit Comit\u00e9 | Cozumel en la vanguardia de la gesti\u00f3n insular","og_description":"Por: V\u00edctor Hern\u00e1ndez La participaci\u00f3n de Cozumel como destino tur\u00edstico invitado en la segunda edici\u00f3n del iBlue Congress en Lanzarote, Espa\u00f1a, este 12 y 13 de marzo de 2026, marca un momento clave en la estrategia internacional de nuestra \u00edsla. No es un viaje de cortes\u00eda ni una visita protocolaria, sino la oportunidad de entrar [&hellip;]","og_url":"https:\/\/noticozumel.mx\/1\/en-petit-comite-cozumel-en-la-vanguardia-de-la-gestion-insular\/","og_site_name":"NotiCozumel","article_published_time":"2026-03-12T14:13:17+00:00","article_modified_time":"2026-03-12T14:42:01+00:00","og_image":[{"width":500,"height":500,"url":"https:\/\/noticozumel.mx\/1\/wp-content\/uploads\/2026\/02\/En-Petit.jpg","type":"image\/jpeg"}],"author":"Victor Hernandez Luna","twitter_card":"summary_large_image","twitter_misc":{"Escrito por":"Victor Hernandez Luna","Tiempo de lectura":"3 minutos"},"schema":{"@context":"https:\/\/schema.org","@graph":[{"@type":"WebPage","@id":"https:\/\/noticozumel.mx\/1\/en-petit-comite-cozumel-en-la-vanguardia-de-la-gestion-insular\/","url":"https:\/\/noticozumel.mx\/1\/en-petit-comite-cozumel-en-la-vanguardia-de-la-gestion-insular\/","name":"En Petit Comit\u00e9 | Cozumel en la vanguardia de la gesti\u00f3n insular - NotiCozumel","isPartOf":{"@id":"https:\/\/noticozumel.mx\/1\/#website"},"primaryImageOfPage":{"@id":"https:\/\/noticozumel.mx\/1\/en-petit-comite-cozumel-en-la-vanguardia-de-la-gestion-insular\/#primaryimage"},"image":{"@id":"https:\/\/noticozumel.mx\/1\/en-petit-comite-cozumel-en-la-vanguardia-de-la-gestion-insular\/#primaryimage"},"thumbnailUrl":"https:\/\/noticozumel.mx\/1\/wp-content\/uploads\/2026\/02\/En-Petit.jpg","datePublished":"2026-03-12T14:13:17+00:00","dateModified":"2026-03-12T14:42:01+00:00","author":{"@id":"https:\/\/noticozumel.mx\/1\/#\/schema\/person\/8d7a7295b0e332037217d900d085410f"},"breadcrumb":{"@id":"https:\/\/noticozumel.mx\/1\/en-petit-comite-cozumel-en-la-vanguardia-de-la-gestion-insular\/#breadcrumb"},"inLanguage":"es","potentialAction":[{"@type":"ReadAction","target":["https:\/\/noticozumel.mx\/1\/en-petit-comite-cozumel-en-la-vanguardia-de-la-gestion-insular\/"]}]},{"@type":"ImageObject","inLanguage":"es","@id":"https:\/\/noticozumel.mx\/1\/en-petit-comite-cozumel-en-la-vanguardia-de-la-gestion-insular\/#primaryimage","url":"https:\/\/noticozumel.mx\/1\/wp-content\/uploads\/2026\/02\/En-Petit.jpg","contentUrl":"https:\/\/noticozumel.mx\/1\/wp-content\/uploads\/2026\/02\/En-Petit.jpg","width":500,"height":500,"caption":"xr:d:DAF2D3bvIW4:7,j:8502086551910742375,t:24012304"},{"@type":"BreadcrumbList","@id":"https:\/\/noticozumel.mx\/1\/en-petit-comite-cozumel-en-la-vanguardia-de-la-gestion-insular\/#breadcrumb","itemListElement":[{"@type":"ListItem","position":1,"name":"Portada","item":"https:\/\/noticozumel.mx\/1\/"},{"@type":"ListItem","position":2,"name":"En Petit Comit\u00e9 | Cozumel en la vanguardia de la gesti\u00f3n insular"}]},{"@type":"WebSite","@id":"https:\/\/noticozumel.mx\/1\/#website","url":"https:\/\/noticozumel.mx\/1\/","name":"NotiCozumel","description":"Las noticias al alcance de todos","potentialAction":[{"@type":"SearchAction","target":{"@type":"EntryPoint","urlTemplate":"https:\/\/noticozumel.mx\/1\/?s={search_term_string}"},"query-input":{"@type":"PropertyValueSpecification","valueRequired":true,"valueName":"search_term_string"}}],"inLanguage":"es"},{"@type":"Person","@id":"https:\/\/noticozumel.mx\/1\/#\/schema\/person\/8d7a7295b0e332037217d900d085410f","name":"Victor Hernandez Luna","image":{"@type":"ImageObject","inLanguage":"es","@id":"https:\/\/noticozumel.mx\/1\/#\/schema\/person\/image\/","url":"https:\/\/secure.gravatar.com\/avatar\/903e5352abe273aed23196d02d4ae378ebfc322b1ba34a99ce80218a04ec9af0?s=96&d=mm&r=g","contentUrl":"https:\/\/secure.gravatar.com\/avatar\/903e5352abe273aed23196d02d4ae378ebfc322b1ba34a99ce80218a04ec9af0?s=96&d=mm&r=g","caption":"Victor Hernandez Luna"},"url":"https:\/\/noticozumel.mx\/1\/author\/victor-hernandez-luna\/"}]}},"_links":{"self":[{"href":"https:\/\/noticozumel.mx\/1\/wp-json\/wp\/v2\/posts\/7971","targetHints":{"allow":["GET"]}}],"collection":[{"href":"https:\/\/noticozumel.mx\/1\/wp-json\/wp\/v2\/posts"}],"about":[{"href":"https:\/\/noticozumel.mx\/1\/wp-json\/wp\/v2\/types\/post"}],"author":[{"embeddable":true,"href":"https:\/\/noticozumel.mx\/1\/wp-json\/wp\/v2\/users\/2"}],"replies":[{"embeddable":true,"href":"https:\/\/noticozumel.mx\/1\/wp-json\/wp\/v2\/comments?post=7971"}],"version-history":[{"count":1,"href":"https:\/\/noticozumel.mx\/1\/wp-json\/wp\/v2\/posts\/7971\/revisions"}],"predecessor-version":[{"id":7972,"href":"https:\/\/noticozumel.mx\/1\/wp-json\/wp\/v2\/posts\/7971\/revisions\/7972"}],"wp:featuredmedia":[{"embeddable":true,"href":"https:\/\/noticozumel.mx\/1\/wp-json\/wp\/v2\/media\/6427"}],"wp:attachment":[{"href":"https:\/\/noticozumel.mx\/1\/wp-json\/wp\/v2\/media?parent=7971"}],"wp:term":[{"taxonomy":"category","embeddable":true,"href":"https:\/\/noticozumel.mx\/1\/wp-json\/wp\/v2\/categories?post=7971"},{"taxonomy":"post_tag","embeddable":true,"href":"https:\/\/noticozumel.mx\/1\/wp-json\/wp\/v2\/tags?post=7971"}],"curies":[{"name":"wp","href":"https:\/\/api.w.org\/{rel}","templated":true}]}}