{"id":7973,"date":"2026-03-11T19:15:00","date_gmt":"2026-03-12T00:15:00","guid":{"rendered":"https:\/\/noticozumel.mx\/1\/?p=7973"},"modified":"2026-03-12T09:20:19","modified_gmt":"2026-03-12T14:20:19","slug":"vox-populi-cuando-el-llamado-respetuoso-suena-mas-a-jalon-de-orejas-que-a-politica","status":"publish","type":"post","link":"https:\/\/noticozumel.mx\/1\/vox-populi-cuando-el-llamado-respetuoso-suena-mas-a-jalon-de-orejas-que-a-politica\/","title":{"rendered":"Vox Populi &#8211; Cuando el llamado \u201crespetuoso\u201d suena m\u00e1s a jal\u00f3n de orejas que a pol\u00edtica"},"content":{"rendered":"\n<p>Por Irving Canul Carri\u00f3n<\/p>\n\n\n\n<p>En pol\u00edtica hay mensajes que parecen invitaciones\u2026 pero en realidad se sienten m\u00e1s como recordatorios de qui\u00e9n lleva el micr\u00f3fono y qui\u00e9n solo est\u00e1 sosteniendo el cable. Y justo en esa categor\u00eda entra el reciente pronunciamiento del senador Eugenio \u201cGino\u201d Segura V\u00e1zquez.<\/p>\n\n\n\n<figure class=\"wp-block-image size-large\"><img loading=\"lazy\" decoding=\"async\" width=\"1024\" height=\"1003\" src=\"https:\/\/noticozumel.mx\/1\/wp-content\/uploads\/2026\/03\/Gino-Screen-Vox-Populi-1024x1003.jpeg\" alt=\"\" class=\"wp-image-7974\" srcset=\"https:\/\/noticozumel.mx\/1\/wp-content\/uploads\/2026\/03\/Gino-Screen-Vox-Populi-1024x1003.jpeg 1024w, https:\/\/noticozumel.mx\/1\/wp-content\/uploads\/2026\/03\/Gino-Screen-Vox-Populi-300x294.jpeg 300w, https:\/\/noticozumel.mx\/1\/wp-content\/uploads\/2026\/03\/Gino-Screen-Vox-Populi-768x753.jpeg 768w, https:\/\/noticozumel.mx\/1\/wp-content\/uploads\/2026\/03\/Gino-Screen-Vox-Populi-429x420.jpeg 429w, https:\/\/noticozumel.mx\/1\/wp-content\/uploads\/2026\/03\/Gino-Screen-Vox-Populi-150x147.jpeg 150w, https:\/\/noticozumel.mx\/1\/wp-content\/uploads\/2026\/03\/Gino-Screen-Vox-Populi-696x682.jpeg 696w, https:\/\/noticozumel.mx\/1\/wp-content\/uploads\/2026\/03\/Gino-Screen-Vox-Populi-1068x1046.jpeg 1068w, https:\/\/noticozumel.mx\/1\/wp-content\/uploads\/2026\/03\/Gino-Screen-Vox-Populi.jpeg 1290w\" sizes=\"auto, (max-width: 1024px) 100vw, 1024px\" \/><figcaption class=\"wp-element-caption\">Screenshot<\/figcaption><\/figure>\n\n\n\n<p>Lo anterior luego de que anoche el legislador quintanarroense lanz\u00f3 en redes sociales un \u201cllamado respetuoso\u201d al Partido Verde Ecologista de M\u00e9xico y al Partido del Trabajo para que acompa\u00f1en la reforma electoral impulsada por la presidenta Claudia Sheinbaum Pardo.<\/p>\n\n\n\n<p>Un mensaje breve, elegante en apariencia y cargado de palabras pol\u00edticamente correctas:&nbsp;<em>justicia, representaci\u00f3n y bienestar<\/em>. El discurso que en la grilla funciona igual que el cilantro en la cocina: se le pone a todo para que parezca m\u00e1s sabroso.<\/p>\n\n\n\n<p>Seg\u00fan palabras del senador, \u201choy es momento de dar un paso firme hacia una democracia m\u00e1s justa, eficiente y cercana al pueblo\u201d. Una frase que, hay que admitirlo, suena bien. Muy bien. Tan bien que perfectamente podr\u00eda caber en un spot de campa\u00f1a, en una manta de mitin o en la biograf\u00eda de cualquier aspirante rumbo a 2027.<\/p>\n\n\n\n<p>El mensaje de \u201cGino\u201d tiene un peque\u00f1o detalle digno de an\u00e1lisis, pues el llamado no es a la oposici\u00f3n tradicional, sino a los propios aliados de la llamada Cuarta Transformaci\u00f3n. Los de casa pues. Es decir, el joven senador pr\u00e1cticamente tom\u00f3 anoche el micr\u00f3fono digital para decirle al Verde y al PT algo as\u00ed como: \u201cCompa\u00f1eros\u2026 ser\u00eda muy bonito que tambi\u00e9n votaran con nosotros.\u201d<\/p>\n\n\n\n<p>Nada fuera de lo com\u00fan en la pol\u00edtica de coaliciones, donde la unidad suele ser tan s\u00f3lida como el WiFi de cierto malec\u00f3n: funciona\u2026 pero a veces se desconecta justo cuando m\u00e1s se necesita.<\/p>\n\n\n\n<p>Y ah\u00ed aparece la verdadera lectura entre l\u00edneas. Cuando un senador de MORENA hace un llamado p\u00fablico a los aliados, normalmente significa que la negociaci\u00f3n pol\u00edtica a\u00fan no est\u00e1 completamente planchada, o qu\u00e9 alguien quiere dejar constancia p\u00fablica de qui\u00e9n s\u00ed se aline\u00f3\u2026 y qui\u00e9n no. \u00a1Wuay mi nene! \u00bfSer\u00e1 mel\u00f3n, ser\u00e1 sand\u00eda?<\/p>\n\n\n\n<p>Y por supuesto, como ocurre casi siempre en el pueblito de \u201cSan Facebook\u201d, las reacciones llegaron de inmediato. Y, curiosamente, en su mayor\u00eda positivas.<\/p>\n\n\n\n<p>No faltaron los mensajes de apoyo celebrando el \u201cliderazgo joven\u201d, los comentarios aplaudiendo el respaldo a la presidenta y los cl\u00e1sicos \u201c\u00a1as\u00ed se habla, senador!\u201d que brotan en redes con la misma rapidez con la que aparecen los bots y nuevas cuentas informativas \u201cserias y objetivas\u201d en temporada electoral. Gui\u00f1o, gui\u00f1o.<\/p>\n\n\n\n<p>Para los simpatizantes del proyecto de la llamada 4ta Transformaci\u00f3n, el mensaje fue interpretado como una defensa firme de la reforma electoral promovida desde Palacio Nacional. Para otros, simplemente fue un recordatorio de disciplina pol\u00edtica dentro de la alianza oficialista.<\/p>\n\n\n\n<p>Porque en la pol\u00edtica nacional, cuando alguien dice que lo hace&nbsp;<em>\u201cpor el pueblo\u201d<\/em>, casi siempre hay una traducci\u00f3n simult\u00e1nea: \u201cpor la l\u00ednea pol\u00edtica del momento\u201d. Ya veremos, dijo el ciego. Solo hay que darle tiempo al tiempo.<\/p>\n\n\n\n<p>El concepto de una democracia m\u00e1s justa, m\u00e1s eficiente y m\u00e1s cercana al pueblo es, sin duda, una aspiraci\u00f3n noble, ut\u00f3pica pero noble. Nadie podr\u00eda oponerse p\u00fablicamente a algo que suena tan bien. Ser\u00eda incluso pol\u00edticamente suicida. El problema es que en nuestro pa\u00eds casi todas las reformas electorales se anuncian y enfocan con el mismo discurso de \u201cmejorar la democracia\u201d.<\/p>\n\n\n\n<p>Y sin embargo, curiosamente, cada reforma termina generando exactamente la misma pregunta de siempre, \u00bffortalece al sistema\u2026 o fortalece al partido que la impulsa? Emm emm<\/p>\n\n\n\n<p>Pero mientras ese debate se cocinaba en el Congreso (anoche), en redes sociales la narrativa parec\u00eda clara: cerrar filas con la presidenta. Y ah\u00ed \u201cGino\u201d jug\u00f3 su papel con precisi\u00f3n quir\u00fargica.<\/p>\n\n\n\n<p>Lo interesante del episodio no es solo el mensaje, sino el momento pol\u00edtico en el que aparece. Porque en el ajedrez pol\u00edtico cada declaraci\u00f3n p\u00fablica, cada \u201ctuitazo\u201d y cada llamado \u201crespetuoso\u201d tiene destinatarios visibles\u2026 y otros no tanto. Aunque casi siempre se entiende y sabe para qui\u00e9n o qui\u00e9nes va derecha la flecha.<\/p>\n\n\n\n<p>Quiz\u00e1 fue un simple gesto de respaldo institucional. Quiz\u00e1 un recordatorio amistoso a los aliados. O quiz\u00e1, simplemente, una forma de ir tomando posici\u00f3n en el tablero pol\u00edtico que ya empieza a mirar hacia el 2027. Es solo un \u201csupositorio\u201d,&nbsp;&nbsp;aqui nadie est\u00e1 llevando agua a su molino \u00bfO si?<\/p>\n\n\n\n<p>Peeeero, si algo ha demostrado la grilla es que las reformas electorales siempre hablan del presente\u2026 pero casi siempre se dise\u00f1an pensando en la pr\u00f3xima elecci\u00f3n. Y en ese juego, nadie quiere quedarse fuera de la fotograf\u00eda. Al final, como dir\u00eda la VOX POPULI, \u201cLos llamados respetuosos son como los abrazos entre pol\u00edticos\u2026todos saben que tarde o temprano pueden terminar en llave de lucha libre.\u201d \u00bfO c\u00f3mo la b\u00e9isbol estimad@ lector(a)?<\/p>\n\n\n\n<p>Por cierto \u00a1Se salvan l@s Plurinominales!&nbsp;<\/p>\n\n\n\n<p>En informaci\u00f3n actualizada: Con 259 votos a favor, 234 en contra y 1 abstenci\u00f3n, \u00abSe desecha el proyecto de decreto enviado por la Presidenta de la Rep\u00fablica\u00bb, anunci\u00f3 hace poco la presidenta de la c\u00e1mara de diputados, la panista y plurinominal Kenia L\u00f3pez Rabad\u00e1n. \u00a1Gulp! Que comiencen los juegos del hambre\u2026o no. Por aqu\u00ed nos leemos en la siguiente entrega. Comente, de la like y comparte. Hasta la pr\u00f3xima.<\/p>\n","protected":false},"excerpt":{"rendered":"<p>Por Irving Canul Carri\u00f3n En pol\u00edtica hay mensajes que parecen invitaciones\u2026 pero en realidad se sienten m\u00e1s como recordatorios de qui\u00e9n lleva el micr\u00f3fono y qui\u00e9n solo est\u00e1 sosteniendo el cable. Y justo en esa categor\u00eda entra el reciente pronunciamiento del senador Eugenio \u201cGino\u201d Segura V\u00e1zquez. Lo anterior luego de que anoche el legislador quintanarroense [&hellip;]<\/p>\n","protected":false},"author":1,"featured_media":7853,"comment_status":"open","ping_status":"closed","sticky":false,"template":"","format":"standard","meta":{"tdm_status":"","tdm_grid_status":"","footnotes":""},"categories":[45,503],"tags":[158,59,447,27,128,65,23,504],"class_list":{"0":"post-7973","1":"post","2":"type-post","3":"status-publish","4":"format-standard","5":"has-post-thumbnail","7":"category-columnas","8":"category-vox-populi","9":"tag-columna","10":"tag-cozumel","11":"tag-eugenio-segura","12":"tag-noticias-de-quintana-roo","13":"tag-opinion","14":"tag-politica","15":"tag-quintana-roo","16":"tag-vox-populi"},"yoast_head":"<!-- This site is optimized with the Yoast SEO Premium plugin v26.2 (Yoast SEO v26.2) - https:\/\/yoast.com\/wordpress\/plugins\/seo\/ -->\n<title>Vox Populi - Cuando el llamado \u201crespetuoso\u201d suena m\u00e1s a jal\u00f3n de orejas que a pol\u00edtica - NotiCozumel<\/title>\n<meta name=\"robots\" content=\"index, follow, max-snippet:-1, max-image-preview:large, max-video-preview:-1\" \/>\n<link rel=\"canonical\" href=\"https:\/\/noticozumel.mx\/1\/vox-populi-cuando-el-llamado-respetuoso-suena-mas-a-jalon-de-orejas-que-a-politica\/\" \/>\n<meta property=\"og:locale\" content=\"es_ES\" \/>\n<meta property=\"og:type\" content=\"article\" \/>\n<meta property=\"og:title\" content=\"Vox Populi - Cuando el llamado \u201crespetuoso\u201d suena m\u00e1s a jal\u00f3n de orejas que a pol\u00edtica\" \/>\n<meta property=\"og:description\" content=\"Por Irving Canul Carri\u00f3n En pol\u00edtica hay mensajes que parecen invitaciones\u2026 pero en realidad se sienten m\u00e1s como recordatorios de qui\u00e9n lleva el micr\u00f3fono y qui\u00e9n solo est\u00e1 sosteniendo el cable. Y justo en esa categor\u00eda entra el reciente pronunciamiento del senador Eugenio \u201cGino\u201d Segura V\u00e1zquez. Lo anterior luego de que anoche el legislador quintanarroense [&hellip;]\" \/>\n<meta property=\"og:url\" content=\"https:\/\/noticozumel.mx\/1\/vox-populi-cuando-el-llamado-respetuoso-suena-mas-a-jalon-de-orejas-que-a-politica\/\" \/>\n<meta property=\"og:site_name\" content=\"NotiCozumel\" \/>\n<meta property=\"article:published_time\" content=\"2026-03-12T00:15:00+00:00\" \/>\n<meta property=\"article:modified_time\" content=\"2026-03-12T14:20:19+00:00\" \/>\n<meta property=\"og:image\" content=\"https:\/\/noticozumel.mx\/1\/wp-content\/uploads\/2026\/03\/Vox-Populi.jpeg\" \/>\n\t<meta property=\"og:image:width\" content=\"1400\" \/>\n\t<meta property=\"og:image:height\" content=\"1010\" \/>\n\t<meta property=\"og:image:type\" content=\"image\/jpeg\" \/>\n<meta name=\"author\" content=\"Redacci\u00f3n\" \/>\n<meta name=\"twitter:card\" content=\"summary_large_image\" \/>\n<meta name=\"twitter:label1\" content=\"Escrito por\" \/>\n\t<meta name=\"twitter:data1\" content=\"Redacci\u00f3n\" \/>\n\t<meta name=\"twitter:label2\" content=\"Tiempo de lectura\" \/>\n\t<meta name=\"twitter:data2\" content=\"5 minutos\" \/>\n<script type=\"application\/ld+json\" class=\"yoast-schema-graph\">{\"@context\":\"https:\/\/schema.org\",\"@graph\":[{\"@type\":\"WebPage\",\"@id\":\"https:\/\/noticozumel.mx\/1\/vox-populi-cuando-el-llamado-respetuoso-suena-mas-a-jalon-de-orejas-que-a-politica\/\",\"url\":\"https:\/\/noticozumel.mx\/1\/vox-populi-cuando-el-llamado-respetuoso-suena-mas-a-jalon-de-orejas-que-a-politica\/\",\"name\":\"Vox Populi - Cuando el llamado \u201crespetuoso\u201d suena m\u00e1s a jal\u00f3n de orejas que a pol\u00edtica - NotiCozumel\",\"isPartOf\":{\"@id\":\"https:\/\/noticozumel.mx\/1\/#website\"},\"primaryImageOfPage\":{\"@id\":\"https:\/\/noticozumel.mx\/1\/vox-populi-cuando-el-llamado-respetuoso-suena-mas-a-jalon-de-orejas-que-a-politica\/#primaryimage\"},\"image\":{\"@id\":\"https:\/\/noticozumel.mx\/1\/vox-populi-cuando-el-llamado-respetuoso-suena-mas-a-jalon-de-orejas-que-a-politica\/#primaryimage\"},\"thumbnailUrl\":\"https:\/\/noticozumel.mx\/1\/wp-content\/uploads\/2026\/03\/Vox-Populi.jpeg\",\"datePublished\":\"2026-03-12T00:15:00+00:00\",\"dateModified\":\"2026-03-12T14:20:19+00:00\",\"author\":{\"@id\":\"https:\/\/noticozumel.mx\/1\/#\/schema\/person\/a3353279fd7f37e86677893e0510943b\"},\"breadcrumb\":{\"@id\":\"https:\/\/noticozumel.mx\/1\/vox-populi-cuando-el-llamado-respetuoso-suena-mas-a-jalon-de-orejas-que-a-politica\/#breadcrumb\"},\"inLanguage\":\"es\",\"potentialAction\":[{\"@type\":\"ReadAction\",\"target\":[\"https:\/\/noticozumel.mx\/1\/vox-populi-cuando-el-llamado-respetuoso-suena-mas-a-jalon-de-orejas-que-a-politica\/\"]}]},{\"@type\":\"ImageObject\",\"inLanguage\":\"es\",\"@id\":\"https:\/\/noticozumel.mx\/1\/vox-populi-cuando-el-llamado-respetuoso-suena-mas-a-jalon-de-orejas-que-a-politica\/#primaryimage\",\"url\":\"https:\/\/noticozumel.mx\/1\/wp-content\/uploads\/2026\/03\/Vox-Populi.jpeg\",\"contentUrl\":\"https:\/\/noticozumel.mx\/1\/wp-content\/uploads\/2026\/03\/Vox-Populi.jpeg\",\"width\":1400,\"height\":1010},{\"@type\":\"BreadcrumbList\",\"@id\":\"https:\/\/noticozumel.mx\/1\/vox-populi-cuando-el-llamado-respetuoso-suena-mas-a-jalon-de-orejas-que-a-politica\/#breadcrumb\",\"itemListElement\":[{\"@type\":\"ListItem\",\"position\":1,\"name\":\"Portada\",\"item\":\"https:\/\/noticozumel.mx\/1\/\"},{\"@type\":\"ListItem\",\"position\":2,\"name\":\"Vox Populi &#8211; Cuando el llamado \u201crespetuoso\u201d suena m\u00e1s a jal\u00f3n de orejas que a pol\u00edtica\"}]},{\"@type\":\"WebSite\",\"@id\":\"https:\/\/noticozumel.mx\/1\/#website\",\"url\":\"https:\/\/noticozumel.mx\/1\/\",\"name\":\"NotiCozumel\",\"description\":\"Las noticias al alcance de todos\",\"potentialAction\":[{\"@type\":\"SearchAction\",\"target\":{\"@type\":\"EntryPoint\",\"urlTemplate\":\"https:\/\/noticozumel.mx\/1\/?s={search_term_string}\"},\"query-input\":{\"@type\":\"PropertyValueSpecification\",\"valueRequired\":true,\"valueName\":\"search_term_string\"}}],\"inLanguage\":\"es\"},{\"@type\":\"Person\",\"@id\":\"https:\/\/noticozumel.mx\/1\/#\/schema\/person\/a3353279fd7f37e86677893e0510943b\",\"name\":\"Redacci\u00f3n\",\"image\":{\"@type\":\"ImageObject\",\"inLanguage\":\"es\",\"@id\":\"https:\/\/noticozumel.mx\/1\/#\/schema\/person\/image\/\",\"url\":\"https:\/\/secure.gravatar.com\/avatar\/92c1decdbf2b01a0b3a758c19f5bf7b7b7c7ad1ebf1b8f407a69813d9948f6d0?s=96&d=mm&r=g\",\"contentUrl\":\"https:\/\/secure.gravatar.com\/avatar\/92c1decdbf2b01a0b3a758c19f5bf7b7b7c7ad1ebf1b8f407a69813d9948f6d0?s=96&d=mm&r=g\",\"caption\":\"Redacci\u00f3n\"},\"url\":\"https:\/\/noticozumel.mx\/1\/author\/admin\/\"}]}<\/script>\n<!-- \/ Yoast SEO Premium plugin. -->","yoast_head_json":{"title":"Vox Populi - Cuando el llamado \u201crespetuoso\u201d suena m\u00e1s a jal\u00f3n de orejas que a pol\u00edtica - NotiCozumel","robots":{"index":"index","follow":"follow","max-snippet":"max-snippet:-1","max-image-preview":"max-image-preview:large","max-video-preview":"max-video-preview:-1"},"canonical":"https:\/\/noticozumel.mx\/1\/vox-populi-cuando-el-llamado-respetuoso-suena-mas-a-jalon-de-orejas-que-a-politica\/","og_locale":"es_ES","og_type":"article","og_title":"Vox Populi - Cuando el llamado \u201crespetuoso\u201d suena m\u00e1s a jal\u00f3n de orejas que a pol\u00edtica","og_description":"Por Irving Canul Carri\u00f3n En pol\u00edtica hay mensajes que parecen invitaciones\u2026 pero en realidad se sienten m\u00e1s como recordatorios de qui\u00e9n lleva el micr\u00f3fono y qui\u00e9n solo est\u00e1 sosteniendo el cable. Y justo en esa categor\u00eda entra el reciente pronunciamiento del senador Eugenio \u201cGino\u201d Segura V\u00e1zquez. Lo anterior luego de que anoche el legislador quintanarroense [&hellip;]","og_url":"https:\/\/noticozumel.mx\/1\/vox-populi-cuando-el-llamado-respetuoso-suena-mas-a-jalon-de-orejas-que-a-politica\/","og_site_name":"NotiCozumel","article_published_time":"2026-03-12T00:15:00+00:00","article_modified_time":"2026-03-12T14:20:19+00:00","og_image":[{"width":1400,"height":1010,"url":"https:\/\/noticozumel.mx\/1\/wp-content\/uploads\/2026\/03\/Vox-Populi.jpeg","type":"image\/jpeg"}],"author":"Redacci\u00f3n","twitter_card":"summary_large_image","twitter_misc":{"Escrito por":"Redacci\u00f3n","Tiempo de lectura":"5 minutos"},"schema":{"@context":"https:\/\/schema.org","@graph":[{"@type":"WebPage","@id":"https:\/\/noticozumel.mx\/1\/vox-populi-cuando-el-llamado-respetuoso-suena-mas-a-jalon-de-orejas-que-a-politica\/","url":"https:\/\/noticozumel.mx\/1\/vox-populi-cuando-el-llamado-respetuoso-suena-mas-a-jalon-de-orejas-que-a-politica\/","name":"Vox Populi - Cuando el llamado \u201crespetuoso\u201d suena m\u00e1s a jal\u00f3n de orejas que a pol\u00edtica - NotiCozumel","isPartOf":{"@id":"https:\/\/noticozumel.mx\/1\/#website"},"primaryImageOfPage":{"@id":"https:\/\/noticozumel.mx\/1\/vox-populi-cuando-el-llamado-respetuoso-suena-mas-a-jalon-de-orejas-que-a-politica\/#primaryimage"},"image":{"@id":"https:\/\/noticozumel.mx\/1\/vox-populi-cuando-el-llamado-respetuoso-suena-mas-a-jalon-de-orejas-que-a-politica\/#primaryimage"},"thumbnailUrl":"https:\/\/noticozumel.mx\/1\/wp-content\/uploads\/2026\/03\/Vox-Populi.jpeg","datePublished":"2026-03-12T00:15:00+00:00","dateModified":"2026-03-12T14:20:19+00:00","author":{"@id":"https:\/\/noticozumel.mx\/1\/#\/schema\/person\/a3353279fd7f37e86677893e0510943b"},"breadcrumb":{"@id":"https:\/\/noticozumel.mx\/1\/vox-populi-cuando-el-llamado-respetuoso-suena-mas-a-jalon-de-orejas-que-a-politica\/#breadcrumb"},"inLanguage":"es","potentialAction":[{"@type":"ReadAction","target":["https:\/\/noticozumel.mx\/1\/vox-populi-cuando-el-llamado-respetuoso-suena-mas-a-jalon-de-orejas-que-a-politica\/"]}]},{"@type":"ImageObject","inLanguage":"es","@id":"https:\/\/noticozumel.mx\/1\/vox-populi-cuando-el-llamado-respetuoso-suena-mas-a-jalon-de-orejas-que-a-politica\/#primaryimage","url":"https:\/\/noticozumel.mx\/1\/wp-content\/uploads\/2026\/03\/Vox-Populi.jpeg","contentUrl":"https:\/\/noticozumel.mx\/1\/wp-content\/uploads\/2026\/03\/Vox-Populi.jpeg","width":1400,"height":1010},{"@type":"BreadcrumbList","@id":"https:\/\/noticozumel.mx\/1\/vox-populi-cuando-el-llamado-respetuoso-suena-mas-a-jalon-de-orejas-que-a-politica\/#breadcrumb","itemListElement":[{"@type":"ListItem","position":1,"name":"Portada","item":"https:\/\/noticozumel.mx\/1\/"},{"@type":"ListItem","position":2,"name":"Vox Populi &#8211; Cuando el llamado \u201crespetuoso\u201d suena m\u00e1s a jal\u00f3n de orejas que a pol\u00edtica"}]},{"@type":"WebSite","@id":"https:\/\/noticozumel.mx\/1\/#website","url":"https:\/\/noticozumel.mx\/1\/","name":"NotiCozumel","description":"Las noticias al alcance de todos","potentialAction":[{"@type":"SearchAction","target":{"@type":"EntryPoint","urlTemplate":"https:\/\/noticozumel.mx\/1\/?s={search_term_string}"},"query-input":{"@type":"PropertyValueSpecification","valueRequired":true,"valueName":"search_term_string"}}],"inLanguage":"es"},{"@type":"Person","@id":"https:\/\/noticozumel.mx\/1\/#\/schema\/person\/a3353279fd7f37e86677893e0510943b","name":"Redacci\u00f3n","image":{"@type":"ImageObject","inLanguage":"es","@id":"https:\/\/noticozumel.mx\/1\/#\/schema\/person\/image\/","url":"https:\/\/secure.gravatar.com\/avatar\/92c1decdbf2b01a0b3a758c19f5bf7b7b7c7ad1ebf1b8f407a69813d9948f6d0?s=96&d=mm&r=g","contentUrl":"https:\/\/secure.gravatar.com\/avatar\/92c1decdbf2b01a0b3a758c19f5bf7b7b7c7ad1ebf1b8f407a69813d9948f6d0?s=96&d=mm&r=g","caption":"Redacci\u00f3n"},"url":"https:\/\/noticozumel.mx\/1\/author\/admin\/"}]}},"_links":{"self":[{"href":"https:\/\/noticozumel.mx\/1\/wp-json\/wp\/v2\/posts\/7973","targetHints":{"allow":["GET"]}}],"collection":[{"href":"https:\/\/noticozumel.mx\/1\/wp-json\/wp\/v2\/posts"}],"about":[{"href":"https:\/\/noticozumel.mx\/1\/wp-json\/wp\/v2\/types\/post"}],"author":[{"embeddable":true,"href":"https:\/\/noticozumel.mx\/1\/wp-json\/wp\/v2\/users\/1"}],"replies":[{"embeddable":true,"href":"https:\/\/noticozumel.mx\/1\/wp-json\/wp\/v2\/comments?post=7973"}],"version-history":[{"count":1,"href":"https:\/\/noticozumel.mx\/1\/wp-json\/wp\/v2\/posts\/7973\/revisions"}],"predecessor-version":[{"id":7975,"href":"https:\/\/noticozumel.mx\/1\/wp-json\/wp\/v2\/posts\/7973\/revisions\/7975"}],"wp:featuredmedia":[{"embeddable":true,"href":"https:\/\/noticozumel.mx\/1\/wp-json\/wp\/v2\/media\/7853"}],"wp:attachment":[{"href":"https:\/\/noticozumel.mx\/1\/wp-json\/wp\/v2\/media?parent=7973"}],"wp:term":[{"taxonomy":"category","embeddable":true,"href":"https:\/\/noticozumel.mx\/1\/wp-json\/wp\/v2\/categories?post=7973"},{"taxonomy":"post_tag","embeddable":true,"href":"https:\/\/noticozumel.mx\/1\/wp-json\/wp\/v2\/tags?post=7973"}],"curies":[{"name":"wp","href":"https:\/\/api.w.org\/{rel}","templated":true}]}}