{"id":7976,"date":"2026-03-11T17:23:00","date_gmt":"2026-03-11T22:23:00","guid":{"rendered":"https:\/\/noticozumel.mx\/1\/?p=7976"},"modified":"2026-03-12T09:35:37","modified_gmt":"2026-03-12T14:35:37","slug":"en-orbita-fue-retirada-la-iniciativa-de-reforma-denominada-derecho-a-la-propia-imagen","status":"publish","type":"post","link":"https:\/\/noticozumel.mx\/1\/en-orbita-fue-retirada-la-iniciativa-de-reforma-denominada-derecho-a-la-propia-imagen\/","title":{"rendered":"En \u00f3rbita:\u00a0Fue\u00a0retirada la iniciativa de reforma denominada \u201cderecho a la propia imagen\u201d"},"content":{"rendered":"\n<p>Por Marcelo Salinas<\/p>\n\n\n\n<p><strong>En \u00f3rbita:\u00a0<\/strong>Fue\u00a0<strong>retirada la iniciativa de reforma denominada \u201cderecho a la propia imagen\u201d en el Congreso del estado<\/strong>. Tambi\u00e9n llamada \u00ab<em>Ley Mordaza<\/em>\u00bb o \u00ab<em>Ley Censura<\/em>\u00ab, hab\u00eda sido impulsada por\u00a0<strong>Mar\u00eda Jos\u00e9 Osorio<\/strong>\u00a0(Verde),\u00a0<strong>Hugo Alday<\/strong>\u00a0(PT) y\u00a0<strong>Ricardo Velazco\u00a0<\/strong>(Morena). La diputada, promotora principal.<\/p>\n\n\n\n<p><br>La propuesta\u00a0<strong>pretend\u00eda modificar el C\u00f3digo Civil para regular el uso de la imagen de las personas, particularmente frente a los abusos de internet, la manipulaci\u00f3n digital y las herramientas de inteligencia artificial<\/strong>. En teor\u00eda, una causa leg\u00edtima; en la pr\u00e1ctica, una iniciativa mal explicada o mal entendida.<\/p>\n\n\n\n<p><br><strong>El problema no era el objetivo, sino el riesgo<\/strong>.<\/p>\n\n\n\n<p><br>La redacci\u00f3n -imprecisa y confusa para una mayor\u00eda-\u00a0<strong>abr\u00eda la puerta para que la difusi\u00f3n de im\u00e1genes pudiera haber sido objeto de duras demandas, incluso cuando se tratara de hechos de inter\u00e9s p\u00fablico<\/strong>. Ello encendi\u00f3 las alarmas entre periodistas, abogados y organizaciones defensoras de la libertad de expresi\u00f3n.<\/p>\n\n\n\n<p><br>No tardaron en aparecer los motes que nadie quiere cargar, ya referidos: \u201cLey Mordaza\u201d y \u00abLey Censura\u00bb.\u00a0<strong>Entonces ocurri\u00f3 algo que tambi\u00e9n merece contarse: el Congreso escuch\u00f3<\/strong>. Tras el di\u00e1logo con el gremio period\u00edstico, sus promoventes decidieron retirar la iniciativa.<\/p>\n\n\n\n<p><br>Pero en medio de la turbulencia\u00a0<strong>hubo un detalle pol\u00edtico que vale la pena subrayar: quien dio la cara fue Mar\u00eda Jos\u00e9 Osorio.<\/strong><\/p>\n\n\n\n<p><br>La diputada compareci\u00f3 ante los medios, explic\u00f3 la decisi\u00f3n y\u00a0<strong>asumi\u00f3 la responsabilidad pol\u00edtica de la iniciativa<\/strong>. Hugo Alday no pudo, por un asunto de salud. Ricardo Velazco, por la raz\u00f3n que haya sido, tampoco apareci\u00f3.<\/p>\n\n\n\n<p><br>As\u00ed es que la escena fue clara:\u00a0<strong>una sola legisladora frente al tema que provoc\u00f3 el esc\u00e1ndalo. En pol\u00edtica, eso tambi\u00e9n cuenta<\/strong>. Porque cuando una iniciativa genera pol\u00e9mica,\u00a0<strong>la salida f\u00e1cil es guardar silencio o evadir.<\/strong><\/p>\n\n\n\n<p><br>Eso no cambia el fondo del debate.\u00a0<strong>El derecho a la propia imagen es importante, pero la libertad de expresi\u00f3n es fundamental<\/strong>. No significa renunciar a legislar sobre abusos digitales; de hecho,\u00a0<strong>\u00ab<em>Majo<\/em>\u00bb Osorio anunci\u00f3 que la trabajar\u00e1 de otra forma.<\/strong><\/p>\n\n\n\n<p><br>Es un desaf\u00edo real y debe atenderse.\u00a0<strong>Pero cuidado con pretender regular con excesos.<\/strong>\u00a0Ante todo, dicha labor exige t\u00e9cnica jur\u00eddica, di\u00e1logo y claridad.\u00a0<strong>Con elecciones a la vista en 2027, no conviene una confusi\u00f3n entre \u00abprotecci\u00f3n de derechos\u00bb y \u00abblindaje pol\u00edtico\u00bb<\/strong>.<\/p>\n\n\n\n<p><br>Si se quiere retomar el tema,\u00a0<strong>tendr\u00e1n que hacerlo con foros, otros especialistas y hasta con la prensa<\/strong>. Cuando se trata de libertad de expresi\u00f3n, un punto mal puesto podr\u00eda rayar en la censura.<\/p>\n\n\n\n<p><br><strong>Hizo bien la prensa en reclamar. Hizo bien la diputada en rectificar.<\/strong><\/p>\n","protected":false},"excerpt":{"rendered":"<p>Por Marcelo Salinas En \u00f3rbita:\u00a0Fue\u00a0retirada la iniciativa de reforma denominada \u201cderecho a la propia imagen\u201d en el Congreso del estado. Tambi\u00e9n llamada \u00abLey Mordaza\u00bb o \u00abLey Censura\u00ab, hab\u00eda sido impulsada por\u00a0Mar\u00eda Jos\u00e9 Osorio\u00a0(Verde),\u00a0Hugo Alday\u00a0(PT) y\u00a0Ricardo Velazco\u00a0(Morena). La diputada, promotora principal. La propuesta\u00a0pretend\u00eda modificar el C\u00f3digo Civil para regular el uso de la imagen de las [&hellip;]<\/p>\n","protected":false},"author":1,"featured_media":5613,"comment_status":"open","ping_status":"closed","sticky":false,"template":"","format":"standard","meta":{"tdm_status":"","tdm_grid_status":"","footnotes":""},"categories":[45,57],"tags":[158,393,394,27,60,128,65,23],"class_list":{"0":"post-7976","1":"post","2":"type-post","3":"status-publish","4":"format-standard","5":"has-post-thumbnail","7":"category-columnas","8":"category-en-orbita","9":"tag-columna","10":"tag-en-orbita","11":"tag-marcelo-salinas","12":"tag-noticias-de-quintana-roo","13":"tag-noticozumel","14":"tag-opinion","15":"tag-politica","16":"tag-quintana-roo"},"yoast_head":"<!-- This site is optimized with the Yoast SEO Premium plugin v26.2 (Yoast SEO v26.2) - https:\/\/yoast.com\/wordpress\/plugins\/seo\/ -->\n<title>En \u00f3rbita:\u00a0Fue\u00a0retirada la iniciativa de reforma denominada \u201cderecho a la propia imagen\u201d - NotiCozumel<\/title>\n<meta name=\"robots\" content=\"index, follow, max-snippet:-1, max-image-preview:large, max-video-preview:-1\" \/>\n<link rel=\"canonical\" href=\"https:\/\/noticozumel.mx\/1\/en-orbita-fue-retirada-la-iniciativa-de-reforma-denominada-derecho-a-la-propia-imagen\/\" \/>\n<meta property=\"og:locale\" content=\"es_ES\" \/>\n<meta property=\"og:type\" content=\"article\" \/>\n<meta property=\"og:title\" content=\"En \u00f3rbita:\u00a0Fue\u00a0retirada la iniciativa de reforma denominada \u201cderecho a la propia imagen\u201d\" \/>\n<meta property=\"og:description\" content=\"Por Marcelo Salinas En \u00f3rbita:\u00a0Fue\u00a0retirada la iniciativa de reforma denominada \u201cderecho a la propia imagen\u201d en el Congreso del estado. Tambi\u00e9n llamada \u00abLey Mordaza\u00bb o \u00abLey Censura\u00ab, hab\u00eda sido impulsada por\u00a0Mar\u00eda Jos\u00e9 Osorio\u00a0(Verde),\u00a0Hugo Alday\u00a0(PT) y\u00a0Ricardo Velazco\u00a0(Morena). La diputada, promotora principal. La propuesta\u00a0pretend\u00eda modificar el C\u00f3digo Civil para regular el uso de la imagen de las [&hellip;]\" \/>\n<meta property=\"og:url\" content=\"https:\/\/noticozumel.mx\/1\/en-orbita-fue-retirada-la-iniciativa-de-reforma-denominada-derecho-a-la-propia-imagen\/\" \/>\n<meta property=\"og:site_name\" content=\"NotiCozumel\" \/>\n<meta property=\"article:published_time\" content=\"2026-03-11T22:23:00+00:00\" \/>\n<meta property=\"article:modified_time\" content=\"2026-03-12T14:35:37+00:00\" \/>\n<meta property=\"og:image\" content=\"https:\/\/noticozumel.mx\/1\/wp-content\/uploads\/2026\/01\/enorbita-2.webp\" \/>\n\t<meta property=\"og:image:width\" content=\"678\" \/>\n\t<meta property=\"og:image:height\" content=\"381\" \/>\n\t<meta property=\"og:image:type\" content=\"image\/webp\" \/>\n<meta name=\"author\" content=\"Redacci\u00f3n\" \/>\n<meta name=\"twitter:card\" content=\"summary_large_image\" \/>\n<meta name=\"twitter:label1\" content=\"Escrito por\" \/>\n\t<meta name=\"twitter:data1\" content=\"Redacci\u00f3n\" \/>\n\t<meta name=\"twitter:label2\" content=\"Tiempo de lectura\" \/>\n\t<meta name=\"twitter:data2\" content=\"3 minutos\" \/>\n<script type=\"application\/ld+json\" class=\"yoast-schema-graph\">{\"@context\":\"https:\/\/schema.org\",\"@graph\":[{\"@type\":\"WebPage\",\"@id\":\"https:\/\/noticozumel.mx\/1\/en-orbita-fue-retirada-la-iniciativa-de-reforma-denominada-derecho-a-la-propia-imagen\/\",\"url\":\"https:\/\/noticozumel.mx\/1\/en-orbita-fue-retirada-la-iniciativa-de-reforma-denominada-derecho-a-la-propia-imagen\/\",\"name\":\"En \u00f3rbita:\u00a0Fue\u00a0retirada la iniciativa de reforma denominada \u201cderecho a la propia imagen\u201d - NotiCozumel\",\"isPartOf\":{\"@id\":\"https:\/\/noticozumel.mx\/1\/#website\"},\"primaryImageOfPage\":{\"@id\":\"https:\/\/noticozumel.mx\/1\/en-orbita-fue-retirada-la-iniciativa-de-reforma-denominada-derecho-a-la-propia-imagen\/#primaryimage\"},\"image\":{\"@id\":\"https:\/\/noticozumel.mx\/1\/en-orbita-fue-retirada-la-iniciativa-de-reforma-denominada-derecho-a-la-propia-imagen\/#primaryimage\"},\"thumbnailUrl\":\"https:\/\/noticozumel.mx\/1\/wp-content\/uploads\/2026\/01\/enorbita-2.webp\",\"datePublished\":\"2026-03-11T22:23:00+00:00\",\"dateModified\":\"2026-03-12T14:35:37+00:00\",\"author\":{\"@id\":\"https:\/\/noticozumel.mx\/1\/#\/schema\/person\/a3353279fd7f37e86677893e0510943b\"},\"breadcrumb\":{\"@id\":\"https:\/\/noticozumel.mx\/1\/en-orbita-fue-retirada-la-iniciativa-de-reforma-denominada-derecho-a-la-propia-imagen\/#breadcrumb\"},\"inLanguage\":\"es\",\"potentialAction\":[{\"@type\":\"ReadAction\",\"target\":[\"https:\/\/noticozumel.mx\/1\/en-orbita-fue-retirada-la-iniciativa-de-reforma-denominada-derecho-a-la-propia-imagen\/\"]}]},{\"@type\":\"ImageObject\",\"inLanguage\":\"es\",\"@id\":\"https:\/\/noticozumel.mx\/1\/en-orbita-fue-retirada-la-iniciativa-de-reforma-denominada-derecho-a-la-propia-imagen\/#primaryimage\",\"url\":\"https:\/\/noticozumel.mx\/1\/wp-content\/uploads\/2026\/01\/enorbita-2.webp\",\"contentUrl\":\"https:\/\/noticozumel.mx\/1\/wp-content\/uploads\/2026\/01\/enorbita-2.webp\",\"width\":678,\"height\":381},{\"@type\":\"BreadcrumbList\",\"@id\":\"https:\/\/noticozumel.mx\/1\/en-orbita-fue-retirada-la-iniciativa-de-reforma-denominada-derecho-a-la-propia-imagen\/#breadcrumb\",\"itemListElement\":[{\"@type\":\"ListItem\",\"position\":1,\"name\":\"Portada\",\"item\":\"https:\/\/noticozumel.mx\/1\/\"},{\"@type\":\"ListItem\",\"position\":2,\"name\":\"En \u00f3rbita:\u00a0Fue\u00a0retirada la iniciativa de reforma denominada \u201cderecho a la propia imagen\u201d\"}]},{\"@type\":\"WebSite\",\"@id\":\"https:\/\/noticozumel.mx\/1\/#website\",\"url\":\"https:\/\/noticozumel.mx\/1\/\",\"name\":\"NotiCozumel\",\"description\":\"Las noticias al alcance de todos\",\"potentialAction\":[{\"@type\":\"SearchAction\",\"target\":{\"@type\":\"EntryPoint\",\"urlTemplate\":\"https:\/\/noticozumel.mx\/1\/?s={search_term_string}\"},\"query-input\":{\"@type\":\"PropertyValueSpecification\",\"valueRequired\":true,\"valueName\":\"search_term_string\"}}],\"inLanguage\":\"es\"},{\"@type\":\"Person\",\"@id\":\"https:\/\/noticozumel.mx\/1\/#\/schema\/person\/a3353279fd7f37e86677893e0510943b\",\"name\":\"Redacci\u00f3n\",\"image\":{\"@type\":\"ImageObject\",\"inLanguage\":\"es\",\"@id\":\"https:\/\/noticozumel.mx\/1\/#\/schema\/person\/image\/\",\"url\":\"https:\/\/secure.gravatar.com\/avatar\/92c1decdbf2b01a0b3a758c19f5bf7b7b7c7ad1ebf1b8f407a69813d9948f6d0?s=96&d=mm&r=g\",\"contentUrl\":\"https:\/\/secure.gravatar.com\/avatar\/92c1decdbf2b01a0b3a758c19f5bf7b7b7c7ad1ebf1b8f407a69813d9948f6d0?s=96&d=mm&r=g\",\"caption\":\"Redacci\u00f3n\"},\"url\":\"https:\/\/noticozumel.mx\/1\/author\/admin\/\"}]}<\/script>\n<!-- \/ Yoast SEO Premium plugin. -->","yoast_head_json":{"title":"En \u00f3rbita:\u00a0Fue\u00a0retirada la iniciativa de reforma denominada \u201cderecho a la propia imagen\u201d - NotiCozumel","robots":{"index":"index","follow":"follow","max-snippet":"max-snippet:-1","max-image-preview":"max-image-preview:large","max-video-preview":"max-video-preview:-1"},"canonical":"https:\/\/noticozumel.mx\/1\/en-orbita-fue-retirada-la-iniciativa-de-reforma-denominada-derecho-a-la-propia-imagen\/","og_locale":"es_ES","og_type":"article","og_title":"En \u00f3rbita:\u00a0Fue\u00a0retirada la iniciativa de reforma denominada \u201cderecho a la propia imagen\u201d","og_description":"Por Marcelo Salinas En \u00f3rbita:\u00a0Fue\u00a0retirada la iniciativa de reforma denominada \u201cderecho a la propia imagen\u201d en el Congreso del estado. Tambi\u00e9n llamada \u00abLey Mordaza\u00bb o \u00abLey Censura\u00ab, hab\u00eda sido impulsada por\u00a0Mar\u00eda Jos\u00e9 Osorio\u00a0(Verde),\u00a0Hugo Alday\u00a0(PT) y\u00a0Ricardo Velazco\u00a0(Morena). La diputada, promotora principal. La propuesta\u00a0pretend\u00eda modificar el C\u00f3digo Civil para regular el uso de la imagen de las [&hellip;]","og_url":"https:\/\/noticozumel.mx\/1\/en-orbita-fue-retirada-la-iniciativa-de-reforma-denominada-derecho-a-la-propia-imagen\/","og_site_name":"NotiCozumel","article_published_time":"2026-03-11T22:23:00+00:00","article_modified_time":"2026-03-12T14:35:37+00:00","og_image":[{"width":678,"height":381,"url":"https:\/\/noticozumel.mx\/1\/wp-content\/uploads\/2026\/01\/enorbita-2.webp","type":"image\/webp"}],"author":"Redacci\u00f3n","twitter_card":"summary_large_image","twitter_misc":{"Escrito por":"Redacci\u00f3n","Tiempo de lectura":"3 minutos"},"schema":{"@context":"https:\/\/schema.org","@graph":[{"@type":"WebPage","@id":"https:\/\/noticozumel.mx\/1\/en-orbita-fue-retirada-la-iniciativa-de-reforma-denominada-derecho-a-la-propia-imagen\/","url":"https:\/\/noticozumel.mx\/1\/en-orbita-fue-retirada-la-iniciativa-de-reforma-denominada-derecho-a-la-propia-imagen\/","name":"En \u00f3rbita:\u00a0Fue\u00a0retirada la iniciativa de reforma denominada \u201cderecho a la propia imagen\u201d - NotiCozumel","isPartOf":{"@id":"https:\/\/noticozumel.mx\/1\/#website"},"primaryImageOfPage":{"@id":"https:\/\/noticozumel.mx\/1\/en-orbita-fue-retirada-la-iniciativa-de-reforma-denominada-derecho-a-la-propia-imagen\/#primaryimage"},"image":{"@id":"https:\/\/noticozumel.mx\/1\/en-orbita-fue-retirada-la-iniciativa-de-reforma-denominada-derecho-a-la-propia-imagen\/#primaryimage"},"thumbnailUrl":"https:\/\/noticozumel.mx\/1\/wp-content\/uploads\/2026\/01\/enorbita-2.webp","datePublished":"2026-03-11T22:23:00+00:00","dateModified":"2026-03-12T14:35:37+00:00","author":{"@id":"https:\/\/noticozumel.mx\/1\/#\/schema\/person\/a3353279fd7f37e86677893e0510943b"},"breadcrumb":{"@id":"https:\/\/noticozumel.mx\/1\/en-orbita-fue-retirada-la-iniciativa-de-reforma-denominada-derecho-a-la-propia-imagen\/#breadcrumb"},"inLanguage":"es","potentialAction":[{"@type":"ReadAction","target":["https:\/\/noticozumel.mx\/1\/en-orbita-fue-retirada-la-iniciativa-de-reforma-denominada-derecho-a-la-propia-imagen\/"]}]},{"@type":"ImageObject","inLanguage":"es","@id":"https:\/\/noticozumel.mx\/1\/en-orbita-fue-retirada-la-iniciativa-de-reforma-denominada-derecho-a-la-propia-imagen\/#primaryimage","url":"https:\/\/noticozumel.mx\/1\/wp-content\/uploads\/2026\/01\/enorbita-2.webp","contentUrl":"https:\/\/noticozumel.mx\/1\/wp-content\/uploads\/2026\/01\/enorbita-2.webp","width":678,"height":381},{"@type":"BreadcrumbList","@id":"https:\/\/noticozumel.mx\/1\/en-orbita-fue-retirada-la-iniciativa-de-reforma-denominada-derecho-a-la-propia-imagen\/#breadcrumb","itemListElement":[{"@type":"ListItem","position":1,"name":"Portada","item":"https:\/\/noticozumel.mx\/1\/"},{"@type":"ListItem","position":2,"name":"En \u00f3rbita:\u00a0Fue\u00a0retirada la iniciativa de reforma denominada \u201cderecho a la propia imagen\u201d"}]},{"@type":"WebSite","@id":"https:\/\/noticozumel.mx\/1\/#website","url":"https:\/\/noticozumel.mx\/1\/","name":"NotiCozumel","description":"Las noticias al alcance de todos","potentialAction":[{"@type":"SearchAction","target":{"@type":"EntryPoint","urlTemplate":"https:\/\/noticozumel.mx\/1\/?s={search_term_string}"},"query-input":{"@type":"PropertyValueSpecification","valueRequired":true,"valueName":"search_term_string"}}],"inLanguage":"es"},{"@type":"Person","@id":"https:\/\/noticozumel.mx\/1\/#\/schema\/person\/a3353279fd7f37e86677893e0510943b","name":"Redacci\u00f3n","image":{"@type":"ImageObject","inLanguage":"es","@id":"https:\/\/noticozumel.mx\/1\/#\/schema\/person\/image\/","url":"https:\/\/secure.gravatar.com\/avatar\/92c1decdbf2b01a0b3a758c19f5bf7b7b7c7ad1ebf1b8f407a69813d9948f6d0?s=96&d=mm&r=g","contentUrl":"https:\/\/secure.gravatar.com\/avatar\/92c1decdbf2b01a0b3a758c19f5bf7b7b7c7ad1ebf1b8f407a69813d9948f6d0?s=96&d=mm&r=g","caption":"Redacci\u00f3n"},"url":"https:\/\/noticozumel.mx\/1\/author\/admin\/"}]}},"_links":{"self":[{"href":"https:\/\/noticozumel.mx\/1\/wp-json\/wp\/v2\/posts\/7976","targetHints":{"allow":["GET"]}}],"collection":[{"href":"https:\/\/noticozumel.mx\/1\/wp-json\/wp\/v2\/posts"}],"about":[{"href":"https:\/\/noticozumel.mx\/1\/wp-json\/wp\/v2\/types\/post"}],"author":[{"embeddable":true,"href":"https:\/\/noticozumel.mx\/1\/wp-json\/wp\/v2\/users\/1"}],"replies":[{"embeddable":true,"href":"https:\/\/noticozumel.mx\/1\/wp-json\/wp\/v2\/comments?post=7976"}],"version-history":[{"count":1,"href":"https:\/\/noticozumel.mx\/1\/wp-json\/wp\/v2\/posts\/7976\/revisions"}],"predecessor-version":[{"id":7977,"href":"https:\/\/noticozumel.mx\/1\/wp-json\/wp\/v2\/posts\/7976\/revisions\/7977"}],"wp:featuredmedia":[{"embeddable":true,"href":"https:\/\/noticozumel.mx\/1\/wp-json\/wp\/v2\/media\/5613"}],"wp:attachment":[{"href":"https:\/\/noticozumel.mx\/1\/wp-json\/wp\/v2\/media?parent=7976"}],"wp:term":[{"taxonomy":"category","embeddable":true,"href":"https:\/\/noticozumel.mx\/1\/wp-json\/wp\/v2\/categories?post=7976"},{"taxonomy":"post_tag","embeddable":true,"href":"https:\/\/noticozumel.mx\/1\/wp-json\/wp\/v2\/tags?post=7976"}],"curies":[{"name":"wp","href":"https:\/\/api.w.org\/{rel}","templated":true}]}}