{"id":7982,"date":"2026-03-12T20:39:00","date_gmt":"2026-03-13T01:39:00","guid":{"rendered":"https:\/\/noticozumel.mx\/1\/?p=7982"},"modified":"2026-03-13T01:16:37","modified_gmt":"2026-03-13T06:16:37","slug":"cozumel-presente-en-la-iblue-summit-lanzarote-2026","status":"publish","type":"post","link":"https:\/\/noticozumel.mx\/1\/cozumel-presente-en-la-iblue-summit-lanzarote-2026\/","title":{"rendered":"Cozumel presente en la iBlue Summit Lanzarote 2026"},"content":{"rendered":"\n<p>Lanzarote, Canarias, Espa\u00f1a, 12 de marzo de 2026. &#8211; Cozumel, la perla del Caribe Mexicano, est\u00e1 presente en la segunda edici\u00f3n del iBlue Congress by Lanzarote Islands Innovation Summit 2026, representando a M\u00e9xico como pa\u00eds invitado, que se celebra el 12 y 13 de marzo y re\u00fane a l\u00edderes globales en Los Jameos del Agua (Lanzarote) para debatir sobre el futuro de los territorios insulares bajo el lema \u201cDesde las Islas para el Planeta\u201d, explic\u00f3 Elias Farah Ceh, director de Turismo y Desarrollo Econ\u00f3mico del Ayuntamiento de Cozumel que encabeza Jos\u00e9 Luis Chac\u00f3n M\u00e9ndez.<\/p>\n\n\n\n<figure class=\"wp-block-image size-large\"><img loading=\"lazy\" decoding=\"async\" width=\"819\" height=\"1024\" src=\"https:\/\/noticozumel.mx\/1\/wp-content\/uploads\/2026\/03\/iBlue-Islands-Lanzarote-2-819x1024.jpg\" alt=\"\" class=\"wp-image-7987\" srcset=\"https:\/\/noticozumel.mx\/1\/wp-content\/uploads\/2026\/03\/iBlue-Islands-Lanzarote-2-819x1024.jpg 819w, https:\/\/noticozumel.mx\/1\/wp-content\/uploads\/2026\/03\/iBlue-Islands-Lanzarote-2-240x300.jpg 240w, https:\/\/noticozumel.mx\/1\/wp-content\/uploads\/2026\/03\/iBlue-Islands-Lanzarote-2-768x960.jpg 768w, https:\/\/noticozumel.mx\/1\/wp-content\/uploads\/2026\/03\/iBlue-Islands-Lanzarote-2-336x420.jpg 336w, https:\/\/noticozumel.mx\/1\/wp-content\/uploads\/2026\/03\/iBlue-Islands-Lanzarote-2-150x188.jpg 150w, https:\/\/noticozumel.mx\/1\/wp-content\/uploads\/2026\/03\/iBlue-Islands-Lanzarote-2-300x375.jpg 300w, https:\/\/noticozumel.mx\/1\/wp-content\/uploads\/2026\/03\/iBlue-Islands-Lanzarote-2-696x870.jpg 696w, https:\/\/noticozumel.mx\/1\/wp-content\/uploads\/2026\/03\/iBlue-Islands-Lanzarote-2.jpg 960w\" sizes=\"auto, (max-width: 819px) 100vw, 819px\" \/><\/figure>\n\n\n\n<p>Farah Ceh expres\u00f3 su agradecimiento al alcalde por la oportunidad de representar a Cozumel en este evento de talla internacional, en el que se re\u00fanen l\u00edderes, especialistas y visionarios que comparten la visi\u00f3n de que el futuro de las islas depende del cuidado de nuestros mares, territorios y comunidades. \u201cPorque Lanzarote, para nosotros en Cozumel, se siente como lo que es; un destino hermano insular\u201d, afirm\u00f3.<\/p>\n\n\n\n<p>Durante su participaci\u00f3n en el congreso hizo una rese\u00f1a de la isla Cozumel en la que mencion\u00f3 las bellezas naturales, sus ecosistemas marinos y como pas\u00f3 de una peque\u00f1a poblaci\u00f3n a convertirse en un destino tur\u00edstico hoy l\u00edder en el continente americano en turismo de cruceros.<\/p>\n\n\n\n<figure class=\"wp-block-image size-large\"><img loading=\"lazy\" decoding=\"async\" width=\"1024\" height=\"1021\" src=\"https:\/\/noticozumel.mx\/1\/wp-content\/uploads\/2026\/03\/iBlue-Islands-Lanzarote-3-1024x1021.jpg\" alt=\"\" class=\"wp-image-7986\" srcset=\"https:\/\/noticozumel.mx\/1\/wp-content\/uploads\/2026\/03\/iBlue-Islands-Lanzarote-3-1024x1021.jpg 1024w, https:\/\/noticozumel.mx\/1\/wp-content\/uploads\/2026\/03\/iBlue-Islands-Lanzarote-3-300x299.jpg 300w, https:\/\/noticozumel.mx\/1\/wp-content\/uploads\/2026\/03\/iBlue-Islands-Lanzarote-3-150x150.jpg 150w, https:\/\/noticozumel.mx\/1\/wp-content\/uploads\/2026\/03\/iBlue-Islands-Lanzarote-3-768x766.jpg 768w, https:\/\/noticozumel.mx\/1\/wp-content\/uploads\/2026\/03\/iBlue-Islands-Lanzarote-3-1536x1531.jpg 1536w, https:\/\/noticozumel.mx\/1\/wp-content\/uploads\/2026\/03\/iBlue-Islands-Lanzarote-3-421x420.jpg 421w, https:\/\/noticozumel.mx\/1\/wp-content\/uploads\/2026\/03\/iBlue-Islands-Lanzarote-3-696x694.jpg 696w, https:\/\/noticozumel.mx\/1\/wp-content\/uploads\/2026\/03\/iBlue-Islands-Lanzarote-3-1068x1065.jpg 1068w, https:\/\/noticozumel.mx\/1\/wp-content\/uploads\/2026\/03\/iBlue-Islands-Lanzarote-3.jpg 1600w\" sizes=\"auto, (max-width: 1024px) 100vw, 1024px\" \/><\/figure>\n\n\n\n<p>Los asistentes en el primer d\u00eda de actividades conocieron que esta actividad tur\u00edstica genera un impacto y estr\u00e9s a la isla, pero que se trabaja para mitigarlo mediante con diferentes estrategias, una de ellas el Fideicomiso para el Bienestar del Turismo de Cruceros, impulsado e ideado por Mara Lezama Espinoza, la primera mujer gobernadora del Estado de Quintana Roo, a quien tambi\u00e9n agradeci\u00f3 por la oportunidad de abanderar al estado y a todo el pa\u00eds.<\/p>\n\n\n\n<p>Alcanzar un desarrollo sustentable, no solo para Cozumel, sino para todos los municipios que Quintana Roo, es preocupaci\u00f3n de la primera gobernadora, idea respaldada por el presidente municipal Jos\u00e9 Luis Chac\u00f3n, puntualiz\u00f3.<\/p>\n\n\n\n<figure class=\"wp-block-image size-large\"><img loading=\"lazy\" decoding=\"async\" width=\"819\" height=\"1024\" src=\"https:\/\/noticozumel.mx\/1\/wp-content\/uploads\/2026\/03\/iBlue-Islands-Lanzarote-4-819x1024.jpg\" alt=\"\" class=\"wp-image-7985\" srcset=\"https:\/\/noticozumel.mx\/1\/wp-content\/uploads\/2026\/03\/iBlue-Islands-Lanzarote-4-819x1024.jpg 819w, https:\/\/noticozumel.mx\/1\/wp-content\/uploads\/2026\/03\/iBlue-Islands-Lanzarote-4-240x300.jpg 240w, https:\/\/noticozumel.mx\/1\/wp-content\/uploads\/2026\/03\/iBlue-Islands-Lanzarote-4-768x960.jpg 768w, https:\/\/noticozumel.mx\/1\/wp-content\/uploads\/2026\/03\/iBlue-Islands-Lanzarote-4-336x420.jpg 336w, https:\/\/noticozumel.mx\/1\/wp-content\/uploads\/2026\/03\/iBlue-Islands-Lanzarote-4-150x188.jpg 150w, https:\/\/noticozumel.mx\/1\/wp-content\/uploads\/2026\/03\/iBlue-Islands-Lanzarote-4-300x375.jpg 300w, https:\/\/noticozumel.mx\/1\/wp-content\/uploads\/2026\/03\/iBlue-Islands-Lanzarote-4-696x870.jpg 696w, https:\/\/noticozumel.mx\/1\/wp-content\/uploads\/2026\/03\/iBlue-Islands-Lanzarote-4.jpg 960w\" sizes=\"auto, (max-width: 819px) 100vw, 819px\" \/><\/figure>\n\n\n\n<p>\u201cEste es un instrumento para obras y acciones en pro de la ciudadan\u00eda y para compensar un poco el impacto de esta industria sobre la isla\u201d, explic\u00f3 a los congresistas para luego agregar que Lanzarote y Cozumel tiene muchas similitudes como su condici\u00f3n insular, la dependencia de cadenas log\u00edsticas complejas, los esfuerzos de protecci\u00f3n de ecosistemas, sostener la econom\u00eda que dependen en su totalidad del turismo, as\u00ed como el gestionar el crecimiento poblacional e infraestructura, la movilidad, gesti\u00f3n de flujos y todo esto en el marco de la sostenibilidad.<\/p>\n\n\n\n<p>Foros como el iBlue Summit son invaluables porque permiten intercambiar experiencias si queremos que el turismo tenga futuro en nuestras islas, debemos asegurarnos de que ese futuro tambi\u00e9n sea sostenible para quienes viven en ellas, concluy\u00f3 el director de Turismo y Desarrollo Econ\u00f3mico.<\/p>\n\n\n\n<figure class=\"wp-block-image size-large\"><img loading=\"lazy\" decoding=\"async\" width=\"819\" height=\"1024\" src=\"https:\/\/noticozumel.mx\/1\/wp-content\/uploads\/2026\/03\/iBlue-Islands-Lanzarote-5-819x1024.jpg\" alt=\"\" class=\"wp-image-7984\" srcset=\"https:\/\/noticozumel.mx\/1\/wp-content\/uploads\/2026\/03\/iBlue-Islands-Lanzarote-5-819x1024.jpg 819w, https:\/\/noticozumel.mx\/1\/wp-content\/uploads\/2026\/03\/iBlue-Islands-Lanzarote-5-240x300.jpg 240w, https:\/\/noticozumel.mx\/1\/wp-content\/uploads\/2026\/03\/iBlue-Islands-Lanzarote-5-768x960.jpg 768w, https:\/\/noticozumel.mx\/1\/wp-content\/uploads\/2026\/03\/iBlue-Islands-Lanzarote-5-336x420.jpg 336w, https:\/\/noticozumel.mx\/1\/wp-content\/uploads\/2026\/03\/iBlue-Islands-Lanzarote-5-150x188.jpg 150w, https:\/\/noticozumel.mx\/1\/wp-content\/uploads\/2026\/03\/iBlue-Islands-Lanzarote-5-300x375.jpg 300w, https:\/\/noticozumel.mx\/1\/wp-content\/uploads\/2026\/03\/iBlue-Islands-Lanzarote-5-696x870.jpg 696w, https:\/\/noticozumel.mx\/1\/wp-content\/uploads\/2026\/03\/iBlue-Islands-Lanzarote-5-1068x1335.jpg 1068w, https:\/\/noticozumel.mx\/1\/wp-content\/uploads\/2026\/03\/iBlue-Islands-Lanzarote-5.jpg 1200w\" sizes=\"auto, (max-width: 819px) 100vw, 819px\" \/><\/figure>\n\n\n\n<p>El iBlue Congress es una cumbre internacional donde confluyen gobernanza, ciencia, empresa, cultura y ciudadan\u00eda para trazar el futuro de las islas, desde el conocimiento, la tecnolog\u00eda y la cooperaci\u00f3n global.<\/p>\n\n\n\n<p>El Congreso contar\u00e1 con la participaci\u00f3n de referentes internacionales como Gal\u00e1pagos (Ecuador), Cozumel (M\u00e9xico), Madeira (Macaronesia), entre otras Islas; conectando experiencias del Pac\u00edfico, el Caribe, el Atl\u00e1ntico y el Mediterr\u00e1neo en torno a un mismo horizonte com\u00fan.<\/p>\n\n\n\n<figure class=\"wp-block-image size-large\"><img loading=\"lazy\" decoding=\"async\" width=\"1024\" height=\"768\" src=\"https:\/\/noticozumel.mx\/1\/wp-content\/uploads\/2026\/03\/iBlue-Islands-Lanzarote-6-1024x768.jpg\" alt=\"\" class=\"wp-image-7983\" srcset=\"https:\/\/noticozumel.mx\/1\/wp-content\/uploads\/2026\/03\/iBlue-Islands-Lanzarote-6-1024x768.jpg 1024w, https:\/\/noticozumel.mx\/1\/wp-content\/uploads\/2026\/03\/iBlue-Islands-Lanzarote-6-300x225.jpg 300w, https:\/\/noticozumel.mx\/1\/wp-content\/uploads\/2026\/03\/iBlue-Islands-Lanzarote-6-768x576.jpg 768w, https:\/\/noticozumel.mx\/1\/wp-content\/uploads\/2026\/03\/iBlue-Islands-Lanzarote-6-560x420.jpg 560w, https:\/\/noticozumel.mx\/1\/wp-content\/uploads\/2026\/03\/iBlue-Islands-Lanzarote-6-80x60.jpg 80w, https:\/\/noticozumel.mx\/1\/wp-content\/uploads\/2026\/03\/iBlue-Islands-Lanzarote-6-150x113.jpg 150w, https:\/\/noticozumel.mx\/1\/wp-content\/uploads\/2026\/03\/iBlue-Islands-Lanzarote-6-696x522.jpg 696w, https:\/\/noticozumel.mx\/1\/wp-content\/uploads\/2026\/03\/iBlue-Islands-Lanzarote-6-1068x801.jpg 1068w, https:\/\/noticozumel.mx\/1\/wp-content\/uploads\/2026\/03\/iBlue-Islands-Lanzarote-6-265x198.jpg 265w, https:\/\/noticozumel.mx\/1\/wp-content\/uploads\/2026\/03\/iBlue-Islands-Lanzarote-6.jpg 1280w\" sizes=\"auto, (max-width: 1024px) 100vw, 1024px\" \/><\/figure>\n","protected":false},"excerpt":{"rendered":"<p>Lanzarote, Canarias, Espa\u00f1a, 12 de marzo de 2026. &#8211; Cozumel, la perla del Caribe Mexicano, est\u00e1 presente en la segunda edici\u00f3n del iBlue Congress by Lanzarote Islands Innovation Summit 2026, representando a M\u00e9xico como pa\u00eds invitado, que se celebra el 12 y 13 de marzo y re\u00fane a l\u00edderes globales en Los Jameos del Agua [&hellip;]<\/p>\n","protected":false},"author":1,"featured_media":7988,"comment_status":"open","ping_status":"closed","sticky":false,"template":"","format":"standard","meta":{"tdm_status":"","tdm_grid_status":"","footnotes":""},"categories":[1,2],"tags":[59,94,399,507,63,64,61,27,93,60,23,62,90],"class_list":{"0":"post-7982","1":"post","2":"type-post","3":"status-publish","4":"format-standard","5":"has-post-thumbnail","7":"category-cozumel","8":"category-featured","9":"tag-cozumel","11":"tag-espana","12":"tag-iblue-congress","13":"tag-isla-cozumel","14":"tag-jose-luis-chacon-mendez","15":"tag-noticias-de-cozumel","16":"tag-noticias-de-quintana-roo","17":"tag-noticias-de-turismo","18":"tag-noticozumel","19":"tag-quintana-roo","20":"tag-san-miguel-de-cozumel","21":"tag-turismo"},"yoast_head":"<!-- This site is optimized with the Yoast SEO Premium plugin v26.2 (Yoast SEO v26.2) - https:\/\/yoast.com\/wordpress\/plugins\/seo\/ -->\n<title>Cozumel presente en la iBlue Summit Lanzarote 2026 - NotiCozumel<\/title>\n<meta name=\"robots\" content=\"index, follow, max-snippet:-1, max-image-preview:large, max-video-preview:-1\" \/>\n<link rel=\"canonical\" href=\"https:\/\/noticozumel.mx\/1\/cozumel-presente-en-la-iblue-summit-lanzarote-2026\/\" \/>\n<meta property=\"og:locale\" content=\"es_ES\" \/>\n<meta property=\"og:type\" content=\"article\" \/>\n<meta property=\"og:title\" content=\"Cozumel presente en la iBlue Summit Lanzarote 2026\" \/>\n<meta property=\"og:description\" content=\"Lanzarote, Canarias, Espa\u00f1a, 12 de marzo de 2026. &#8211; Cozumel, la perla del Caribe Mexicano, est\u00e1 presente en la segunda edici\u00f3n del iBlue Congress by Lanzarote Islands Innovation Summit 2026, representando a M\u00e9xico como pa\u00eds invitado, que se celebra el 12 y 13 de marzo y re\u00fane a l\u00edderes globales en Los Jameos del Agua [&hellip;]\" \/>\n<meta property=\"og:url\" content=\"https:\/\/noticozumel.mx\/1\/cozumel-presente-en-la-iblue-summit-lanzarote-2026\/\" \/>\n<meta property=\"og:site_name\" content=\"NotiCozumel\" \/>\n<meta property=\"article:published_time\" content=\"2026-03-13T01:39:00+00:00\" \/>\n<meta property=\"article:modified_time\" content=\"2026-03-13T06:16:37+00:00\" \/>\n<meta property=\"og:image\" content=\"https:\/\/noticozumel.mx\/1\/wp-content\/uploads\/2026\/03\/iBlue-Islands-Lanzarote-1.jpg\" \/>\n\t<meta property=\"og:image:width\" content=\"960\" \/>\n\t<meta property=\"og:image:height\" content=\"1200\" \/>\n\t<meta property=\"og:image:type\" content=\"image\/jpeg\" \/>\n<meta name=\"author\" content=\"Redacci\u00f3n\" \/>\n<meta name=\"twitter:card\" content=\"summary_large_image\" \/>\n<meta name=\"twitter:label1\" content=\"Escrito por\" \/>\n\t<meta name=\"twitter:data1\" content=\"Redacci\u00f3n\" \/>\n\t<meta name=\"twitter:label2\" content=\"Tiempo de lectura\" \/>\n\t<meta name=\"twitter:data2\" content=\"4 minutos\" \/>\n<script type=\"application\/ld+json\" class=\"yoast-schema-graph\">{\"@context\":\"https:\/\/schema.org\",\"@graph\":[{\"@type\":\"WebPage\",\"@id\":\"https:\/\/noticozumel.mx\/1\/cozumel-presente-en-la-iblue-summit-lanzarote-2026\/\",\"url\":\"https:\/\/noticozumel.mx\/1\/cozumel-presente-en-la-iblue-summit-lanzarote-2026\/\",\"name\":\"Cozumel presente en la iBlue Summit Lanzarote 2026 - NotiCozumel\",\"isPartOf\":{\"@id\":\"https:\/\/noticozumel.mx\/1\/#website\"},\"primaryImageOfPage\":{\"@id\":\"https:\/\/noticozumel.mx\/1\/cozumel-presente-en-la-iblue-summit-lanzarote-2026\/#primaryimage\"},\"image\":{\"@id\":\"https:\/\/noticozumel.mx\/1\/cozumel-presente-en-la-iblue-summit-lanzarote-2026\/#primaryimage\"},\"thumbnailUrl\":\"https:\/\/noticozumel.mx\/1\/wp-content\/uploads\/2026\/03\/iBlue-Islands-Lanzarote-1.jpg\",\"datePublished\":\"2026-03-13T01:39:00+00:00\",\"dateModified\":\"2026-03-13T06:16:37+00:00\",\"author\":{\"@id\":\"https:\/\/noticozumel.mx\/1\/#\/schema\/person\/a3353279fd7f37e86677893e0510943b\"},\"breadcrumb\":{\"@id\":\"https:\/\/noticozumel.mx\/1\/cozumel-presente-en-la-iblue-summit-lanzarote-2026\/#breadcrumb\"},\"inLanguage\":\"es\",\"potentialAction\":[{\"@type\":\"ReadAction\",\"target\":[\"https:\/\/noticozumel.mx\/1\/cozumel-presente-en-la-iblue-summit-lanzarote-2026\/\"]}]},{\"@type\":\"ImageObject\",\"inLanguage\":\"es\",\"@id\":\"https:\/\/noticozumel.mx\/1\/cozumel-presente-en-la-iblue-summit-lanzarote-2026\/#primaryimage\",\"url\":\"https:\/\/noticozumel.mx\/1\/wp-content\/uploads\/2026\/03\/iBlue-Islands-Lanzarote-1.jpg\",\"contentUrl\":\"https:\/\/noticozumel.mx\/1\/wp-content\/uploads\/2026\/03\/iBlue-Islands-Lanzarote-1.jpg\",\"width\":960,\"height\":1200},{\"@type\":\"BreadcrumbList\",\"@id\":\"https:\/\/noticozumel.mx\/1\/cozumel-presente-en-la-iblue-summit-lanzarote-2026\/#breadcrumb\",\"itemListElement\":[{\"@type\":\"ListItem\",\"position\":1,\"name\":\"Portada\",\"item\":\"https:\/\/noticozumel.mx\/1\/\"},{\"@type\":\"ListItem\",\"position\":2,\"name\":\"Cozumel presente en la iBlue Summit Lanzarote 2026\"}]},{\"@type\":\"WebSite\",\"@id\":\"https:\/\/noticozumel.mx\/1\/#website\",\"url\":\"https:\/\/noticozumel.mx\/1\/\",\"name\":\"NotiCozumel\",\"description\":\"Las noticias al alcance de todos\",\"potentialAction\":[{\"@type\":\"SearchAction\",\"target\":{\"@type\":\"EntryPoint\",\"urlTemplate\":\"https:\/\/noticozumel.mx\/1\/?s={search_term_string}\"},\"query-input\":{\"@type\":\"PropertyValueSpecification\",\"valueRequired\":true,\"valueName\":\"search_term_string\"}}],\"inLanguage\":\"es\"},{\"@type\":\"Person\",\"@id\":\"https:\/\/noticozumel.mx\/1\/#\/schema\/person\/a3353279fd7f37e86677893e0510943b\",\"name\":\"Redacci\u00f3n\",\"image\":{\"@type\":\"ImageObject\",\"inLanguage\":\"es\",\"@id\":\"https:\/\/noticozumel.mx\/1\/#\/schema\/person\/image\/\",\"url\":\"https:\/\/secure.gravatar.com\/avatar\/92c1decdbf2b01a0b3a758c19f5bf7b7b7c7ad1ebf1b8f407a69813d9948f6d0?s=96&d=mm&r=g\",\"contentUrl\":\"https:\/\/secure.gravatar.com\/avatar\/92c1decdbf2b01a0b3a758c19f5bf7b7b7c7ad1ebf1b8f407a69813d9948f6d0?s=96&d=mm&r=g\",\"caption\":\"Redacci\u00f3n\"},\"url\":\"https:\/\/noticozumel.mx\/1\/author\/admin\/\"}]}<\/script>\n<!-- \/ Yoast SEO Premium plugin. -->","yoast_head_json":{"title":"Cozumel presente en la iBlue Summit Lanzarote 2026 - NotiCozumel","robots":{"index":"index","follow":"follow","max-snippet":"max-snippet:-1","max-image-preview":"max-image-preview:large","max-video-preview":"max-video-preview:-1"},"canonical":"https:\/\/noticozumel.mx\/1\/cozumel-presente-en-la-iblue-summit-lanzarote-2026\/","og_locale":"es_ES","og_type":"article","og_title":"Cozumel presente en la iBlue Summit Lanzarote 2026","og_description":"Lanzarote, Canarias, Espa\u00f1a, 12 de marzo de 2026. &#8211; Cozumel, la perla del Caribe Mexicano, est\u00e1 presente en la segunda edici\u00f3n del iBlue Congress by Lanzarote Islands Innovation Summit 2026, representando a M\u00e9xico como pa\u00eds invitado, que se celebra el 12 y 13 de marzo y re\u00fane a l\u00edderes globales en Los Jameos del Agua [&hellip;]","og_url":"https:\/\/noticozumel.mx\/1\/cozumel-presente-en-la-iblue-summit-lanzarote-2026\/","og_site_name":"NotiCozumel","article_published_time":"2026-03-13T01:39:00+00:00","article_modified_time":"2026-03-13T06:16:37+00:00","og_image":[{"width":960,"height":1200,"url":"https:\/\/noticozumel.mx\/1\/wp-content\/uploads\/2026\/03\/iBlue-Islands-Lanzarote-1.jpg","type":"image\/jpeg"}],"author":"Redacci\u00f3n","twitter_card":"summary_large_image","twitter_misc":{"Escrito por":"Redacci\u00f3n","Tiempo de lectura":"4 minutos"},"schema":{"@context":"https:\/\/schema.org","@graph":[{"@type":"WebPage","@id":"https:\/\/noticozumel.mx\/1\/cozumel-presente-en-la-iblue-summit-lanzarote-2026\/","url":"https:\/\/noticozumel.mx\/1\/cozumel-presente-en-la-iblue-summit-lanzarote-2026\/","name":"Cozumel presente en la iBlue Summit Lanzarote 2026 - NotiCozumel","isPartOf":{"@id":"https:\/\/noticozumel.mx\/1\/#website"},"primaryImageOfPage":{"@id":"https:\/\/noticozumel.mx\/1\/cozumel-presente-en-la-iblue-summit-lanzarote-2026\/#primaryimage"},"image":{"@id":"https:\/\/noticozumel.mx\/1\/cozumel-presente-en-la-iblue-summit-lanzarote-2026\/#primaryimage"},"thumbnailUrl":"https:\/\/noticozumel.mx\/1\/wp-content\/uploads\/2026\/03\/iBlue-Islands-Lanzarote-1.jpg","datePublished":"2026-03-13T01:39:00+00:00","dateModified":"2026-03-13T06:16:37+00:00","author":{"@id":"https:\/\/noticozumel.mx\/1\/#\/schema\/person\/a3353279fd7f37e86677893e0510943b"},"breadcrumb":{"@id":"https:\/\/noticozumel.mx\/1\/cozumel-presente-en-la-iblue-summit-lanzarote-2026\/#breadcrumb"},"inLanguage":"es","potentialAction":[{"@type":"ReadAction","target":["https:\/\/noticozumel.mx\/1\/cozumel-presente-en-la-iblue-summit-lanzarote-2026\/"]}]},{"@type":"ImageObject","inLanguage":"es","@id":"https:\/\/noticozumel.mx\/1\/cozumel-presente-en-la-iblue-summit-lanzarote-2026\/#primaryimage","url":"https:\/\/noticozumel.mx\/1\/wp-content\/uploads\/2026\/03\/iBlue-Islands-Lanzarote-1.jpg","contentUrl":"https:\/\/noticozumel.mx\/1\/wp-content\/uploads\/2026\/03\/iBlue-Islands-Lanzarote-1.jpg","width":960,"height":1200},{"@type":"BreadcrumbList","@id":"https:\/\/noticozumel.mx\/1\/cozumel-presente-en-la-iblue-summit-lanzarote-2026\/#breadcrumb","itemListElement":[{"@type":"ListItem","position":1,"name":"Portada","item":"https:\/\/noticozumel.mx\/1\/"},{"@type":"ListItem","position":2,"name":"Cozumel presente en la iBlue Summit Lanzarote 2026"}]},{"@type":"WebSite","@id":"https:\/\/noticozumel.mx\/1\/#website","url":"https:\/\/noticozumel.mx\/1\/","name":"NotiCozumel","description":"Las noticias al alcance de todos","potentialAction":[{"@type":"SearchAction","target":{"@type":"EntryPoint","urlTemplate":"https:\/\/noticozumel.mx\/1\/?s={search_term_string}"},"query-input":{"@type":"PropertyValueSpecification","valueRequired":true,"valueName":"search_term_string"}}],"inLanguage":"es"},{"@type":"Person","@id":"https:\/\/noticozumel.mx\/1\/#\/schema\/person\/a3353279fd7f37e86677893e0510943b","name":"Redacci\u00f3n","image":{"@type":"ImageObject","inLanguage":"es","@id":"https:\/\/noticozumel.mx\/1\/#\/schema\/person\/image\/","url":"https:\/\/secure.gravatar.com\/avatar\/92c1decdbf2b01a0b3a758c19f5bf7b7b7c7ad1ebf1b8f407a69813d9948f6d0?s=96&d=mm&r=g","contentUrl":"https:\/\/secure.gravatar.com\/avatar\/92c1decdbf2b01a0b3a758c19f5bf7b7b7c7ad1ebf1b8f407a69813d9948f6d0?s=96&d=mm&r=g","caption":"Redacci\u00f3n"},"url":"https:\/\/noticozumel.mx\/1\/author\/admin\/"}]}},"_links":{"self":[{"href":"https:\/\/noticozumel.mx\/1\/wp-json\/wp\/v2\/posts\/7982","targetHints":{"allow":["GET"]}}],"collection":[{"href":"https:\/\/noticozumel.mx\/1\/wp-json\/wp\/v2\/posts"}],"about":[{"href":"https:\/\/noticozumel.mx\/1\/wp-json\/wp\/v2\/types\/post"}],"author":[{"embeddable":true,"href":"https:\/\/noticozumel.mx\/1\/wp-json\/wp\/v2\/users\/1"}],"replies":[{"embeddable":true,"href":"https:\/\/noticozumel.mx\/1\/wp-json\/wp\/v2\/comments?post=7982"}],"version-history":[{"count":1,"href":"https:\/\/noticozumel.mx\/1\/wp-json\/wp\/v2\/posts\/7982\/revisions"}],"predecessor-version":[{"id":7989,"href":"https:\/\/noticozumel.mx\/1\/wp-json\/wp\/v2\/posts\/7982\/revisions\/7989"}],"wp:featuredmedia":[{"embeddable":true,"href":"https:\/\/noticozumel.mx\/1\/wp-json\/wp\/v2\/media\/7988"}],"wp:attachment":[{"href":"https:\/\/noticozumel.mx\/1\/wp-json\/wp\/v2\/media?parent=7982"}],"wp:term":[{"taxonomy":"category","embeddable":true,"href":"https:\/\/noticozumel.mx\/1\/wp-json\/wp\/v2\/categories?post=7982"},{"taxonomy":"post_tag","embeddable":true,"href":"https:\/\/noticozumel.mx\/1\/wp-json\/wp\/v2\/tags?post=7982"}],"curies":[{"name":"wp","href":"https:\/\/api.w.org\/{rel}","templated":true}]}}