{"id":8002,"date":"2026-03-12T18:20:00","date_gmt":"2026-03-12T23:20:00","guid":{"rendered":"https:\/\/noticozumel.mx\/1\/?p=8002"},"modified":"2026-03-13T08:23:56","modified_gmt":"2026-03-13T13:23:56","slug":"presentan-en-playa-del-carmen-el-segundo-festival-del-taco-con-yucatan-como-estado-invitado","status":"publish","type":"post","link":"https:\/\/noticozumel.mx\/1\/presentan-en-playa-del-carmen-el-segundo-festival-del-taco-con-yucatan-como-estado-invitado\/","title":{"rendered":"Presentan en Playa del Carmen el Segundo Festival del Taco, con Yucat\u00e1n como estado invitado"},"content":{"rendered":"\n<p>Playa del Carmen, Quintana Roo, 12 de marzo de 2026.- El gobierno municipal que encabeza la presidenta Estefan\u00eda Mercado present\u00f3 la convocatoria para participar en el Segundo Festival del Taco Playa del Carmen 2026, que se llevar\u00e1 a cabo los pr\u00f3ximos 30 y 31 de marzo en la Plaza 28 de Julio, con el estado de Yucat\u00e1n como invitado especial.<\/p>\n\n\n\n<figure class=\"wp-block-image size-large\"><img loading=\"lazy\" decoding=\"async\" width=\"1024\" height=\"682\" src=\"https:\/\/noticozumel.mx\/1\/wp-content\/uploads\/2026\/03\/Festival-taco-Playa-del-Carmen-6-1024x682.jpg\" alt=\"\" class=\"wp-image-8007\" srcset=\"https:\/\/noticozumel.mx\/1\/wp-content\/uploads\/2026\/03\/Festival-taco-Playa-del-Carmen-6-1024x682.jpg 1024w, https:\/\/noticozumel.mx\/1\/wp-content\/uploads\/2026\/03\/Festival-taco-Playa-del-Carmen-6-300x200.jpg 300w, https:\/\/noticozumel.mx\/1\/wp-content\/uploads\/2026\/03\/Festival-taco-Playa-del-Carmen-6-768x512.jpg 768w, https:\/\/noticozumel.mx\/1\/wp-content\/uploads\/2026\/03\/Festival-taco-Playa-del-Carmen-6-630x420.jpg 630w, https:\/\/noticozumel.mx\/1\/wp-content\/uploads\/2026\/03\/Festival-taco-Playa-del-Carmen-6-150x100.jpg 150w, https:\/\/noticozumel.mx\/1\/wp-content\/uploads\/2026\/03\/Festival-taco-Playa-del-Carmen-6-696x464.jpg 696w, https:\/\/noticozumel.mx\/1\/wp-content\/uploads\/2026\/03\/Festival-taco-Playa-del-Carmen-6-1068x712.jpg 1068w, https:\/\/noticozumel.mx\/1\/wp-content\/uploads\/2026\/03\/Festival-taco-Playa-del-Carmen-6.jpg 1280w\" sizes=\"auto, (max-width: 1024px) 100vw, 1024px\" \/><\/figure>\n\n\n\n<p>Durante la presentaci\u00f3n, autoridades municipales y el comit\u00e9 organizador destacaron que este evento tiene como objetivo fortalecer la econom\u00eda local, promover la riqueza gastron\u00f3mica del destino y generar espacios de convivencia familiar.<\/p>\n\n\n\n<p>En la conferencia de prensa participaron Estefan\u00eda Hern\u00e1ndez, secretaria de Desarrollo Econ\u00f3mico y de Atracci\u00f3n de Inversiones; David Hern\u00e1ndez, integrante del comit\u00e9 organizador; Fabiana Brise\u00f1o, secretaria de Turismo; y Ernesto Mart\u00ednez Cu\u00e9llar, director del Instituto Municipal de la Cultura y las Artes, as\u00ed como representantes de diversos negocios dedicados a la venta de tacos.<\/p>\n\n\n\n<figure class=\"wp-block-image size-large\"><img loading=\"lazy\" decoding=\"async\" width=\"1024\" height=\"682\" src=\"https:\/\/noticozumel.mx\/1\/wp-content\/uploads\/2026\/03\/Festival-taco-Playa-del-Carmen-5-1024x682.jpg\" alt=\"\" class=\"wp-image-8006\" srcset=\"https:\/\/noticozumel.mx\/1\/wp-content\/uploads\/2026\/03\/Festival-taco-Playa-del-Carmen-5-1024x682.jpg 1024w, https:\/\/noticozumel.mx\/1\/wp-content\/uploads\/2026\/03\/Festival-taco-Playa-del-Carmen-5-300x200.jpg 300w, https:\/\/noticozumel.mx\/1\/wp-content\/uploads\/2026\/03\/Festival-taco-Playa-del-Carmen-5-768x512.jpg 768w, https:\/\/noticozumel.mx\/1\/wp-content\/uploads\/2026\/03\/Festival-taco-Playa-del-Carmen-5-630x420.jpg 630w, https:\/\/noticozumel.mx\/1\/wp-content\/uploads\/2026\/03\/Festival-taco-Playa-del-Carmen-5-150x100.jpg 150w, https:\/\/noticozumel.mx\/1\/wp-content\/uploads\/2026\/03\/Festival-taco-Playa-del-Carmen-5-696x464.jpg 696w, https:\/\/noticozumel.mx\/1\/wp-content\/uploads\/2026\/03\/Festival-taco-Playa-del-Carmen-5-1068x712.jpg 1068w, https:\/\/noticozumel.mx\/1\/wp-content\/uploads\/2026\/03\/Festival-taco-Playa-del-Carmen-5.jpg 1280w\" sizes=\"auto, (max-width: 1024px) 100vw, 1024px\" \/><\/figure>\n\n\n\n<p>\u201cLa convocatoria queda abierta a partir de hoy para todas y todos los interesados en participar. Tendremos 50 espacios disponibles, por lo que invitamos a restaurantes, taquer\u00edas, cocineros tradicionales y a cualquier persona que prepare tacos y quiera compartir su saz\u00f3n con la comunidad\u201d, se\u00f1al\u00f3 Estefan\u00eda Hern\u00e1ndez.<\/p>\n\n\n\n<p>La funcionaria destac\u00f3 que la primera edici\u00f3n del festival reuni\u00f3 a m\u00e1s de 15 mil asistentes y gener\u00f3 una derrama econ\u00f3mica superior a un mill\u00f3n y medio de pesos, beneficiando directamente a negocios del sector gastron\u00f3mico local.<\/p>\n\n\n\n<figure class=\"wp-block-image size-large\"><img loading=\"lazy\" decoding=\"async\" width=\"1024\" height=\"682\" src=\"https:\/\/noticozumel.mx\/1\/wp-content\/uploads\/2026\/03\/Festival-taco-Playa-del-Carmen-4-1024x682.jpg\" alt=\"\" class=\"wp-image-8005\" srcset=\"https:\/\/noticozumel.mx\/1\/wp-content\/uploads\/2026\/03\/Festival-taco-Playa-del-Carmen-4-1024x682.jpg 1024w, https:\/\/noticozumel.mx\/1\/wp-content\/uploads\/2026\/03\/Festival-taco-Playa-del-Carmen-4-300x200.jpg 300w, https:\/\/noticozumel.mx\/1\/wp-content\/uploads\/2026\/03\/Festival-taco-Playa-del-Carmen-4-768x512.jpg 768w, https:\/\/noticozumel.mx\/1\/wp-content\/uploads\/2026\/03\/Festival-taco-Playa-del-Carmen-4-630x420.jpg 630w, https:\/\/noticozumel.mx\/1\/wp-content\/uploads\/2026\/03\/Festival-taco-Playa-del-Carmen-4-150x100.jpg 150w, https:\/\/noticozumel.mx\/1\/wp-content\/uploads\/2026\/03\/Festival-taco-Playa-del-Carmen-4-696x464.jpg 696w, https:\/\/noticozumel.mx\/1\/wp-content\/uploads\/2026\/03\/Festival-taco-Playa-del-Carmen-4-1068x712.jpg 1068w, https:\/\/noticozumel.mx\/1\/wp-content\/uploads\/2026\/03\/Festival-taco-Playa-del-Carmen-4.jpg 1280w\" sizes=\"auto, (max-width: 1024px) 100vw, 1024px\" \/><\/figure>\n\n\n\n<p>\u201cEso es lo que buscamos en el gobierno de nuestra presidenta municipal: que a la gente le vaya bien, que sus hogares tengan bienestar y que existan espacios donde puedan crecer y compartir su talento\u201d, expres\u00f3.<\/p>\n\n\n\n<p>La convocatoria contempla la participaci\u00f3n de 50 expositores, quienes podr\u00e1n competir en un concurso gastron\u00f3mico en el que un jurado especializado evaluar\u00e1 aspectos como sabor, textura, presentaci\u00f3n, creatividad, calidad de ingredientes y salsas. Los tres primeros lugares recibir\u00e1n premios econ\u00f3micos.<\/p>\n\n\n\n<figure class=\"wp-block-image size-large\"><img loading=\"lazy\" decoding=\"async\" width=\"1024\" height=\"682\" src=\"https:\/\/noticozumel.mx\/1\/wp-content\/uploads\/2026\/03\/Festival-taco-Playa-del-Carmen-3-1024x682.jpg\" alt=\"\" class=\"wp-image-8004\" srcset=\"https:\/\/noticozumel.mx\/1\/wp-content\/uploads\/2026\/03\/Festival-taco-Playa-del-Carmen-3-1024x682.jpg 1024w, https:\/\/noticozumel.mx\/1\/wp-content\/uploads\/2026\/03\/Festival-taco-Playa-del-Carmen-3-300x200.jpg 300w, https:\/\/noticozumel.mx\/1\/wp-content\/uploads\/2026\/03\/Festival-taco-Playa-del-Carmen-3-768x512.jpg 768w, https:\/\/noticozumel.mx\/1\/wp-content\/uploads\/2026\/03\/Festival-taco-Playa-del-Carmen-3-630x420.jpg 630w, https:\/\/noticozumel.mx\/1\/wp-content\/uploads\/2026\/03\/Festival-taco-Playa-del-Carmen-3-150x100.jpg 150w, https:\/\/noticozumel.mx\/1\/wp-content\/uploads\/2026\/03\/Festival-taco-Playa-del-Carmen-3-696x464.jpg 696w, https:\/\/noticozumel.mx\/1\/wp-content\/uploads\/2026\/03\/Festival-taco-Playa-del-Carmen-3-1068x712.jpg 1068w, https:\/\/noticozumel.mx\/1\/wp-content\/uploads\/2026\/03\/Festival-taco-Playa-del-Carmen-3.jpg 1280w\" sizes=\"auto, (max-width: 1024px) 100vw, 1024px\" \/><\/figure>\n\n\n\n<p>Como parte de las novedades de esta edici\u00f3n, se instalar\u00e1 un pabell\u00f3n especial dedicado al estado de Yucat\u00e1n, adem\u00e1s de un espacio para tacos de cocina internacional, donde residentes extranjeros podr\u00e1n presentar propuestas inspiradas en su gastronom\u00eda, adaptadas al tradicional platillo mexicano.<\/p>\n\n\n\n<p>El festival se realizar\u00e1 en la Plaza 28 de Julio, en el coraz\u00f3n de Playa del Carmen, y busca consolidarse como un proyecto gastron\u00f3mico permanente que fortalezca la identidad culinaria del destino.<\/p>\n\n\n\n<figure class=\"wp-block-image size-large\"><img loading=\"lazy\" decoding=\"async\" width=\"1024\" height=\"670\" src=\"https:\/\/noticozumel.mx\/1\/wp-content\/uploads\/2026\/03\/Festival-taco-Playa-del-Carmen-2-1024x670.jpg\" alt=\"\" class=\"wp-image-8003\" srcset=\"https:\/\/noticozumel.mx\/1\/wp-content\/uploads\/2026\/03\/Festival-taco-Playa-del-Carmen-2-1024x670.jpg 1024w, https:\/\/noticozumel.mx\/1\/wp-content\/uploads\/2026\/03\/Festival-taco-Playa-del-Carmen-2-300x196.jpg 300w, https:\/\/noticozumel.mx\/1\/wp-content\/uploads\/2026\/03\/Festival-taco-Playa-del-Carmen-2-768x503.jpg 768w, https:\/\/noticozumel.mx\/1\/wp-content\/uploads\/2026\/03\/Festival-taco-Playa-del-Carmen-2-642x420.jpg 642w, https:\/\/noticozumel.mx\/1\/wp-content\/uploads\/2026\/03\/Festival-taco-Playa-del-Carmen-2-150x98.jpg 150w, https:\/\/noticozumel.mx\/1\/wp-content\/uploads\/2026\/03\/Festival-taco-Playa-del-Carmen-2-696x456.jpg 696w, https:\/\/noticozumel.mx\/1\/wp-content\/uploads\/2026\/03\/Festival-taco-Playa-del-Carmen-2-1068x699.jpg 1068w, https:\/\/noticozumel.mx\/1\/wp-content\/uploads\/2026\/03\/Festival-taco-Playa-del-Carmen-2-741x486.jpg 741w, https:\/\/noticozumel.mx\/1\/wp-content\/uploads\/2026\/03\/Festival-taco-Playa-del-Carmen-2.jpg 1280w\" sizes=\"auto, (max-width: 1024px) 100vw, 1024px\" \/><\/figure>\n\n\n\n<p>Las personas interesadas en participar podr\u00e1n registrarse de manera gratuita en las oficinas de la Secretar\u00eda de Desarrollo Econ\u00f3mico y de Atracci\u00f3n de Inversiones, a partir de este 12 de marzo y hasta completar el cupo disponible.<\/p>\n\n\n\n<p>Por su parte, la secretaria de Turismo Municipal, Fabiana Brise\u00f1o, resalt\u00f3 la importancia de este tipo de eventos para impulsar la promoci\u00f3n del destino y fortalecer la colaboraci\u00f3n entre los sectores econ\u00f3mico, cultural y tur\u00edstico.<\/p>\n\n\n\n<p>\u201cEs un orgullo participar en iniciativas que respaldan a las cocineras tradicionales, a los emprendedores y a todas las personas que forman parte de la riqueza gastron\u00f3mica de nuestra ciudad\u201d, coment\u00f3.<\/p>\n\n\n\n<p>En tanto, el director del Instituto Municipal de la Cultura y las Artes, Ernesto Mart\u00ednez Cu\u00e9llar, inform\u00f3 que el festival contar\u00e1 con presentaciones art\u00edsticas, espect\u00e1culos de danza y m\u00fasica, con el prop\u00f3sito de ofrecer un ambiente familiar para habitantes y visitantes.<\/p>\n\n\n\n<p>Finalmente, los organizadores invitaron a la ciudadan\u00eda, visitantes y medios de comunicaci\u00f3n a sumarse y difundir este evento que celebra la gastronom\u00eda mexicana, promueve la cultura y contribuye a la reactivaci\u00f3n econ\u00f3mica local.<\/p>\n","protected":false},"excerpt":{"rendered":"<p>Playa del Carmen, Quintana Roo, 12 de marzo de 2026.- El gobierno municipal que encabeza la presidenta Estefan\u00eda Mercado present\u00f3 la convocatoria para participar en el Segundo Festival del Taco Playa del Carmen 2026, que se llevar\u00e1 a cabo los pr\u00f3ximos 30 y 31 de marzo en la Plaza 28 de Julio, con el estado [&hellip;]<\/p>\n","protected":false},"author":1,"featured_media":8008,"comment_status":"open","ping_status":"closed","sticky":false,"template":"","format":"standard","meta":{"tdm_status":"","tdm_grid_status":"","footnotes":""},"categories":[40,34],"tags":[124,123,27,93,60,122,23,90],"class_list":{"0":"post-8002","1":"post","2":"type-post","3":"status-publish","4":"format-standard","5":"has-post-thumbnail","7":"category-playa-del-carmen","8":"category-turismo","9":"tag-estefania-mercado","10":"tag-noticias-de-playa-del-carmen","11":"tag-noticias-de-quintana-roo","12":"tag-noticias-de-turismo","13":"tag-noticozumel","14":"tag-playa-del-carmen","15":"tag-quintana-roo","16":"tag-turismo"},"yoast_head":"<!-- This site is optimized with the Yoast SEO Premium plugin v26.2 (Yoast SEO v26.2) - https:\/\/yoast.com\/wordpress\/plugins\/seo\/ -->\n<title>Presentan en Playa del Carmen el Segundo Festival del Taco, con Yucat\u00e1n como estado invitado - NotiCozumel<\/title>\n<meta name=\"robots\" content=\"index, follow, max-snippet:-1, max-image-preview:large, max-video-preview:-1\" \/>\n<link rel=\"canonical\" href=\"https:\/\/noticozumel.mx\/1\/presentan-en-playa-del-carmen-el-segundo-festival-del-taco-con-yucatan-como-estado-invitado\/\" \/>\n<meta property=\"og:locale\" content=\"es_ES\" \/>\n<meta property=\"og:type\" content=\"article\" \/>\n<meta property=\"og:title\" content=\"Presentan en Playa del Carmen el Segundo Festival del Taco, con Yucat\u00e1n como estado invitado\" \/>\n<meta property=\"og:description\" content=\"Playa del Carmen, Quintana Roo, 12 de marzo de 2026.- El gobierno municipal que encabeza la presidenta Estefan\u00eda Mercado present\u00f3 la convocatoria para participar en el Segundo Festival del Taco Playa del Carmen 2026, que se llevar\u00e1 a cabo los pr\u00f3ximos 30 y 31 de marzo en la Plaza 28 de Julio, con el estado [&hellip;]\" \/>\n<meta property=\"og:url\" content=\"https:\/\/noticozumel.mx\/1\/presentan-en-playa-del-carmen-el-segundo-festival-del-taco-con-yucatan-como-estado-invitado\/\" \/>\n<meta property=\"og:site_name\" content=\"NotiCozumel\" \/>\n<meta property=\"article:published_time\" content=\"2026-03-12T23:20:00+00:00\" \/>\n<meta property=\"article:modified_time\" content=\"2026-03-13T13:23:56+00:00\" \/>\n<meta property=\"og:image\" content=\"https:\/\/noticozumel.mx\/1\/wp-content\/uploads\/2026\/03\/Festival-taco-Playa-del-Carmen-1.jpg\" \/>\n\t<meta property=\"og:image:width\" content=\"1280\" \/>\n\t<meta property=\"og:image:height\" content=\"853\" \/>\n\t<meta property=\"og:image:type\" content=\"image\/jpeg\" \/>\n<meta name=\"author\" content=\"Redacci\u00f3n\" \/>\n<meta name=\"twitter:card\" content=\"summary_large_image\" \/>\n<meta name=\"twitter:label1\" content=\"Escrito por\" \/>\n\t<meta name=\"twitter:data1\" content=\"Redacci\u00f3n\" \/>\n\t<meta name=\"twitter:label2\" content=\"Tiempo de lectura\" \/>\n\t<meta name=\"twitter:data2\" content=\"4 minutos\" \/>\n<script type=\"application\/ld+json\" class=\"yoast-schema-graph\">{\"@context\":\"https:\/\/schema.org\",\"@graph\":[{\"@type\":\"WebPage\",\"@id\":\"https:\/\/noticozumel.mx\/1\/presentan-en-playa-del-carmen-el-segundo-festival-del-taco-con-yucatan-como-estado-invitado\/\",\"url\":\"https:\/\/noticozumel.mx\/1\/presentan-en-playa-del-carmen-el-segundo-festival-del-taco-con-yucatan-como-estado-invitado\/\",\"name\":\"Presentan en Playa del Carmen el Segundo Festival del Taco, con Yucat\u00e1n como estado invitado - NotiCozumel\",\"isPartOf\":{\"@id\":\"https:\/\/noticozumel.mx\/1\/#website\"},\"primaryImageOfPage\":{\"@id\":\"https:\/\/noticozumel.mx\/1\/presentan-en-playa-del-carmen-el-segundo-festival-del-taco-con-yucatan-como-estado-invitado\/#primaryimage\"},\"image\":{\"@id\":\"https:\/\/noticozumel.mx\/1\/presentan-en-playa-del-carmen-el-segundo-festival-del-taco-con-yucatan-como-estado-invitado\/#primaryimage\"},\"thumbnailUrl\":\"https:\/\/noticozumel.mx\/1\/wp-content\/uploads\/2026\/03\/Festival-taco-Playa-del-Carmen-1.jpg\",\"datePublished\":\"2026-03-12T23:20:00+00:00\",\"dateModified\":\"2026-03-13T13:23:56+00:00\",\"author\":{\"@id\":\"https:\/\/noticozumel.mx\/1\/#\/schema\/person\/a3353279fd7f37e86677893e0510943b\"},\"breadcrumb\":{\"@id\":\"https:\/\/noticozumel.mx\/1\/presentan-en-playa-del-carmen-el-segundo-festival-del-taco-con-yucatan-como-estado-invitado\/#breadcrumb\"},\"inLanguage\":\"es\",\"potentialAction\":[{\"@type\":\"ReadAction\",\"target\":[\"https:\/\/noticozumel.mx\/1\/presentan-en-playa-del-carmen-el-segundo-festival-del-taco-con-yucatan-como-estado-invitado\/\"]}]},{\"@type\":\"ImageObject\",\"inLanguage\":\"es\",\"@id\":\"https:\/\/noticozumel.mx\/1\/presentan-en-playa-del-carmen-el-segundo-festival-del-taco-con-yucatan-como-estado-invitado\/#primaryimage\",\"url\":\"https:\/\/noticozumel.mx\/1\/wp-content\/uploads\/2026\/03\/Festival-taco-Playa-del-Carmen-1.jpg\",\"contentUrl\":\"https:\/\/noticozumel.mx\/1\/wp-content\/uploads\/2026\/03\/Festival-taco-Playa-del-Carmen-1.jpg\",\"width\":1280,\"height\":853},{\"@type\":\"BreadcrumbList\",\"@id\":\"https:\/\/noticozumel.mx\/1\/presentan-en-playa-del-carmen-el-segundo-festival-del-taco-con-yucatan-como-estado-invitado\/#breadcrumb\",\"itemListElement\":[{\"@type\":\"ListItem\",\"position\":1,\"name\":\"Portada\",\"item\":\"https:\/\/noticozumel.mx\/1\/\"},{\"@type\":\"ListItem\",\"position\":2,\"name\":\"Presentan en Playa del Carmen el Segundo Festival del Taco, con Yucat\u00e1n como estado invitado\"}]},{\"@type\":\"WebSite\",\"@id\":\"https:\/\/noticozumel.mx\/1\/#website\",\"url\":\"https:\/\/noticozumel.mx\/1\/\",\"name\":\"NotiCozumel\",\"description\":\"Las noticias al alcance de todos\",\"potentialAction\":[{\"@type\":\"SearchAction\",\"target\":{\"@type\":\"EntryPoint\",\"urlTemplate\":\"https:\/\/noticozumel.mx\/1\/?s={search_term_string}\"},\"query-input\":{\"@type\":\"PropertyValueSpecification\",\"valueRequired\":true,\"valueName\":\"search_term_string\"}}],\"inLanguage\":\"es\"},{\"@type\":\"Person\",\"@id\":\"https:\/\/noticozumel.mx\/1\/#\/schema\/person\/a3353279fd7f37e86677893e0510943b\",\"name\":\"Redacci\u00f3n\",\"image\":{\"@type\":\"ImageObject\",\"inLanguage\":\"es\",\"@id\":\"https:\/\/noticozumel.mx\/1\/#\/schema\/person\/image\/\",\"url\":\"https:\/\/secure.gravatar.com\/avatar\/92c1decdbf2b01a0b3a758c19f5bf7b7b7c7ad1ebf1b8f407a69813d9948f6d0?s=96&d=mm&r=g\",\"contentUrl\":\"https:\/\/secure.gravatar.com\/avatar\/92c1decdbf2b01a0b3a758c19f5bf7b7b7c7ad1ebf1b8f407a69813d9948f6d0?s=96&d=mm&r=g\",\"caption\":\"Redacci\u00f3n\"},\"url\":\"https:\/\/noticozumel.mx\/1\/author\/admin\/\"}]}<\/script>\n<!-- \/ Yoast SEO Premium plugin. -->","yoast_head_json":{"title":"Presentan en Playa del Carmen el Segundo Festival del Taco, con Yucat\u00e1n como estado invitado - NotiCozumel","robots":{"index":"index","follow":"follow","max-snippet":"max-snippet:-1","max-image-preview":"max-image-preview:large","max-video-preview":"max-video-preview:-1"},"canonical":"https:\/\/noticozumel.mx\/1\/presentan-en-playa-del-carmen-el-segundo-festival-del-taco-con-yucatan-como-estado-invitado\/","og_locale":"es_ES","og_type":"article","og_title":"Presentan en Playa del Carmen el Segundo Festival del Taco, con Yucat\u00e1n como estado invitado","og_description":"Playa del Carmen, Quintana Roo, 12 de marzo de 2026.- El gobierno municipal que encabeza la presidenta Estefan\u00eda Mercado present\u00f3 la convocatoria para participar en el Segundo Festival del Taco Playa del Carmen 2026, que se llevar\u00e1 a cabo los pr\u00f3ximos 30 y 31 de marzo en la Plaza 28 de Julio, con el estado [&hellip;]","og_url":"https:\/\/noticozumel.mx\/1\/presentan-en-playa-del-carmen-el-segundo-festival-del-taco-con-yucatan-como-estado-invitado\/","og_site_name":"NotiCozumel","article_published_time":"2026-03-12T23:20:00+00:00","article_modified_time":"2026-03-13T13:23:56+00:00","og_image":[{"width":1280,"height":853,"url":"https:\/\/noticozumel.mx\/1\/wp-content\/uploads\/2026\/03\/Festival-taco-Playa-del-Carmen-1.jpg","type":"image\/jpeg"}],"author":"Redacci\u00f3n","twitter_card":"summary_large_image","twitter_misc":{"Escrito por":"Redacci\u00f3n","Tiempo de lectura":"4 minutos"},"schema":{"@context":"https:\/\/schema.org","@graph":[{"@type":"WebPage","@id":"https:\/\/noticozumel.mx\/1\/presentan-en-playa-del-carmen-el-segundo-festival-del-taco-con-yucatan-como-estado-invitado\/","url":"https:\/\/noticozumel.mx\/1\/presentan-en-playa-del-carmen-el-segundo-festival-del-taco-con-yucatan-como-estado-invitado\/","name":"Presentan en Playa del Carmen el Segundo Festival del Taco, con Yucat\u00e1n como estado invitado - NotiCozumel","isPartOf":{"@id":"https:\/\/noticozumel.mx\/1\/#website"},"primaryImageOfPage":{"@id":"https:\/\/noticozumel.mx\/1\/presentan-en-playa-del-carmen-el-segundo-festival-del-taco-con-yucatan-como-estado-invitado\/#primaryimage"},"image":{"@id":"https:\/\/noticozumel.mx\/1\/presentan-en-playa-del-carmen-el-segundo-festival-del-taco-con-yucatan-como-estado-invitado\/#primaryimage"},"thumbnailUrl":"https:\/\/noticozumel.mx\/1\/wp-content\/uploads\/2026\/03\/Festival-taco-Playa-del-Carmen-1.jpg","datePublished":"2026-03-12T23:20:00+00:00","dateModified":"2026-03-13T13:23:56+00:00","author":{"@id":"https:\/\/noticozumel.mx\/1\/#\/schema\/person\/a3353279fd7f37e86677893e0510943b"},"breadcrumb":{"@id":"https:\/\/noticozumel.mx\/1\/presentan-en-playa-del-carmen-el-segundo-festival-del-taco-con-yucatan-como-estado-invitado\/#breadcrumb"},"inLanguage":"es","potentialAction":[{"@type":"ReadAction","target":["https:\/\/noticozumel.mx\/1\/presentan-en-playa-del-carmen-el-segundo-festival-del-taco-con-yucatan-como-estado-invitado\/"]}]},{"@type":"ImageObject","inLanguage":"es","@id":"https:\/\/noticozumel.mx\/1\/presentan-en-playa-del-carmen-el-segundo-festival-del-taco-con-yucatan-como-estado-invitado\/#primaryimage","url":"https:\/\/noticozumel.mx\/1\/wp-content\/uploads\/2026\/03\/Festival-taco-Playa-del-Carmen-1.jpg","contentUrl":"https:\/\/noticozumel.mx\/1\/wp-content\/uploads\/2026\/03\/Festival-taco-Playa-del-Carmen-1.jpg","width":1280,"height":853},{"@type":"BreadcrumbList","@id":"https:\/\/noticozumel.mx\/1\/presentan-en-playa-del-carmen-el-segundo-festival-del-taco-con-yucatan-como-estado-invitado\/#breadcrumb","itemListElement":[{"@type":"ListItem","position":1,"name":"Portada","item":"https:\/\/noticozumel.mx\/1\/"},{"@type":"ListItem","position":2,"name":"Presentan en Playa del Carmen el Segundo Festival del Taco, con Yucat\u00e1n como estado invitado"}]},{"@type":"WebSite","@id":"https:\/\/noticozumel.mx\/1\/#website","url":"https:\/\/noticozumel.mx\/1\/","name":"NotiCozumel","description":"Las noticias al alcance de todos","potentialAction":[{"@type":"SearchAction","target":{"@type":"EntryPoint","urlTemplate":"https:\/\/noticozumel.mx\/1\/?s={search_term_string}"},"query-input":{"@type":"PropertyValueSpecification","valueRequired":true,"valueName":"search_term_string"}}],"inLanguage":"es"},{"@type":"Person","@id":"https:\/\/noticozumel.mx\/1\/#\/schema\/person\/a3353279fd7f37e86677893e0510943b","name":"Redacci\u00f3n","image":{"@type":"ImageObject","inLanguage":"es","@id":"https:\/\/noticozumel.mx\/1\/#\/schema\/person\/image\/","url":"https:\/\/secure.gravatar.com\/avatar\/92c1decdbf2b01a0b3a758c19f5bf7b7b7c7ad1ebf1b8f407a69813d9948f6d0?s=96&d=mm&r=g","contentUrl":"https:\/\/secure.gravatar.com\/avatar\/92c1decdbf2b01a0b3a758c19f5bf7b7b7c7ad1ebf1b8f407a69813d9948f6d0?s=96&d=mm&r=g","caption":"Redacci\u00f3n"},"url":"https:\/\/noticozumel.mx\/1\/author\/admin\/"}]}},"_links":{"self":[{"href":"https:\/\/noticozumel.mx\/1\/wp-json\/wp\/v2\/posts\/8002","targetHints":{"allow":["GET"]}}],"collection":[{"href":"https:\/\/noticozumel.mx\/1\/wp-json\/wp\/v2\/posts"}],"about":[{"href":"https:\/\/noticozumel.mx\/1\/wp-json\/wp\/v2\/types\/post"}],"author":[{"embeddable":true,"href":"https:\/\/noticozumel.mx\/1\/wp-json\/wp\/v2\/users\/1"}],"replies":[{"embeddable":true,"href":"https:\/\/noticozumel.mx\/1\/wp-json\/wp\/v2\/comments?post=8002"}],"version-history":[{"count":1,"href":"https:\/\/noticozumel.mx\/1\/wp-json\/wp\/v2\/posts\/8002\/revisions"}],"predecessor-version":[{"id":8009,"href":"https:\/\/noticozumel.mx\/1\/wp-json\/wp\/v2\/posts\/8002\/revisions\/8009"}],"wp:featuredmedia":[{"embeddable":true,"href":"https:\/\/noticozumel.mx\/1\/wp-json\/wp\/v2\/media\/8008"}],"wp:attachment":[{"href":"https:\/\/noticozumel.mx\/1\/wp-json\/wp\/v2\/media?parent=8002"}],"wp:term":[{"taxonomy":"category","embeddable":true,"href":"https:\/\/noticozumel.mx\/1\/wp-json\/wp\/v2\/categories?post=8002"},{"taxonomy":"post_tag","embeddable":true,"href":"https:\/\/noticozumel.mx\/1\/wp-json\/wp\/v2\/tags?post=8002"}],"curies":[{"name":"wp","href":"https:\/\/api.w.org\/{rel}","templated":true}]}}