{"id":8045,"date":"2026-03-12T19:04:00","date_gmt":"2026-03-13T00:04:00","guid":{"rendered":"https:\/\/noticozumel.mx\/1\/?p=8045"},"modified":"2026-03-13T09:08:03","modified_gmt":"2026-03-13T14:08:03","slug":"inauguran-la-47-edicion-de-la-feria-de-la-primavera-expomor-2026-en-jose-maria-morelos","status":"publish","type":"post","link":"https:\/\/noticozumel.mx\/1\/inauguran-la-47-edicion-de-la-feria-de-la-primavera-expomor-2026-en-jose-maria-morelos\/","title":{"rendered":"Inauguran la 47 Edici\u00f3n de la Feria de la Primavera Expomor 2026 en Jos\u00e9 Mar\u00eda Morelos"},"content":{"rendered":"\n<p>Jos\u00e9 Mar\u00eda Morelos, Quintana Roo, 12 de marzo de 2026.- En un ambiente de celebraci\u00f3n y tradici\u00f3n, se llev\u00f3 a cabo la inauguraci\u00f3n oficial de la Feria de la Primavera EXPOMOR 2026 en su edici\u00f3n 47 en la que el titular de la Secretar\u00eda de Desarrollo Agropecuario, Rural y Pesca (SEDARPE), Jorge Aguilar Osorio, asisti\u00f3 en representaci\u00f3n de la gobernadora Mara Lezama Espinosa para dar inicio a este evento en la cabecera municipal de Jos\u00e9 Mar\u00eda Morelos, el cual se desarrollar\u00e1 del 12 al 22 de marzo como un pilar de la identidad regional.<\/p>\n\n\n\n<figure class=\"wp-block-image size-large\"><img loading=\"lazy\" decoding=\"async\" width=\"1024\" height=\"683\" src=\"https:\/\/noticozumel.mx\/1\/wp-content\/uploads\/2026\/03\/Inauguran-ExpoMor-47-3-1024x683.jpg\" alt=\"\" class=\"wp-image-8047\" srcset=\"https:\/\/noticozumel.mx\/1\/wp-content\/uploads\/2026\/03\/Inauguran-ExpoMor-47-3-1024x683.jpg 1024w, https:\/\/noticozumel.mx\/1\/wp-content\/uploads\/2026\/03\/Inauguran-ExpoMor-47-3-300x200.jpg 300w, https:\/\/noticozumel.mx\/1\/wp-content\/uploads\/2026\/03\/Inauguran-ExpoMor-47-3-768x512.jpg 768w, https:\/\/noticozumel.mx\/1\/wp-content\/uploads\/2026\/03\/Inauguran-ExpoMor-47-3-629x420.jpg 629w, https:\/\/noticozumel.mx\/1\/wp-content\/uploads\/2026\/03\/Inauguran-ExpoMor-47-3-150x100.jpg 150w, https:\/\/noticozumel.mx\/1\/wp-content\/uploads\/2026\/03\/Inauguran-ExpoMor-47-3-696x464.jpg 696w, https:\/\/noticozumel.mx\/1\/wp-content\/uploads\/2026\/03\/Inauguran-ExpoMor-47-3.jpg 1040w\" sizes=\"auto, (max-width: 1024px) 100vw, 1024px\" \/><\/figure>\n\n\n\n<p>Durante el protocolo inicial, Aguilar Osorio transmiti\u00f3 un cordial saludo de parte de la gobernadora Mara Lezama Espinosa, expresando un reconocimiento especial a las y los morelenses.<\/p>\n\n\n\n<p>Destac\u00f3 que esta feria se distingue a\u00f1o con a\u00f1o en la zona por su calidez y su capacidad de convocar a las familias en torno a una celebraci\u00f3n que, desde su fundaci\u00f3n en 1978, naci\u00f3 para demostrar que el municipio no solo produce alimento, sino tambi\u00e9n cultura y dignidad.<\/p>\n\n\n\n<p>M\u00e1s que un festejo popular, la Expomor se consolida como la plataforma comercial m\u00e1s relevante para las y los productores del sur de Quintana Roo. En este espacio convergen las tradiciones religiosas y la gastronom\u00eda t\u00edpica, funcionando como un punto estrat\u00e9gico para reafirmar la soberan\u00eda alimentaria y fortalecer la econom\u00eda local a trav\u00e9s del intercambio directo entre el campo y los visitantes.<\/p>\n\n\n\n<p>En su mensaje, el titular de la SEDARPE resalt\u00f3 la importancia de la uni\u00f3n familiar y la conservaci\u00f3n de nuestras ra\u00edces.<\/p>\n\n\n\n<p>Subray\u00f3 que, bajo la visi\u00f3n del Nuevo Acuerdo por el Bienestar y Desarrollo de Quintana Roo que promueve la gobernadora Mara Lezama, se trabaja de la mano con las y los productores para transformar el estado, logrando una sinergia entre sociedad y autoridades que permite potenciar el desarrollo de las comunidades rurales.<\/p>\n\n\n\n<figure class=\"wp-block-image size-large\"><img loading=\"lazy\" decoding=\"async\" width=\"1024\" height=\"683\" src=\"https:\/\/noticozumel.mx\/1\/wp-content\/uploads\/2026\/03\/Inauguran-ExpoMor-47-1-1024x683.jpg\" alt=\"\" class=\"wp-image-8048\" srcset=\"https:\/\/noticozumel.mx\/1\/wp-content\/uploads\/2026\/03\/Inauguran-ExpoMor-47-1-1024x683.jpg 1024w, https:\/\/noticozumel.mx\/1\/wp-content\/uploads\/2026\/03\/Inauguran-ExpoMor-47-1-300x200.jpg 300w, https:\/\/noticozumel.mx\/1\/wp-content\/uploads\/2026\/03\/Inauguran-ExpoMor-47-1-768x512.jpg 768w, https:\/\/noticozumel.mx\/1\/wp-content\/uploads\/2026\/03\/Inauguran-ExpoMor-47-1-629x420.jpg 629w, https:\/\/noticozumel.mx\/1\/wp-content\/uploads\/2026\/03\/Inauguran-ExpoMor-47-1-150x100.jpg 150w, https:\/\/noticozumel.mx\/1\/wp-content\/uploads\/2026\/03\/Inauguran-ExpoMor-47-1-696x464.jpg 696w, https:\/\/noticozumel.mx\/1\/wp-content\/uploads\/2026\/03\/Inauguran-ExpoMor-47-1.jpg 1040w\" sizes=\"auto, (max-width: 1024px) 100vw, 1024px\" \/><\/figure>\n\n\n\n<p>Un punto clave mencionado fue la necesidad de transmitir el amor por el campo a las nuevas generaciones, integrando la innovaci\u00f3n como una herramienta para el futuro.<\/p>\n\n\n\n<p>El nombre \u00abFeria de la Primavera\u00bb rinde homenaje al ciclo de la vida y al esfuerzo constante de quienes, con sus propias manos, obtienen el sustento del campo, manteniendo viva la herencia productiva de la regi\u00f3n.<\/p>\n\n\n\n<p>Tras el tradicional corte de list\u00f3n inaugural, las autoridades, entre ellas el Presidente Municipal, C. Erik No\u00e9 Borges Yam, realizaron un recorrido por los diversos stands y la exposici\u00f3n ganadera de la feria. Durante la visita, se pudo constatar la diversidad de productos agr\u00edcolas y artesanales que caracterizan la riqueza del municipio de Jos\u00e9 Mar\u00eda Morelos.<\/p>\n\n\n\n<p>Finalmente, inform\u00f3 que la SEDARPE ha instalado un M\u00f3dulo de Atenci\u00f3n Itinerante para brindar asesor\u00eda y acompa\u00f1amiento en el registro al sistema SUAPQROO. Este sistema permite agilizar tr\u00e1mites para los trabajadores del campo mediante el portal <a href=\"https:\/\/suap.qroo.gob.mx\/\" target=\"_blank\" rel=\"noreferrer noopener\">https:\/\/suap.qroo.gob.mx<\/a> , requiriendo \u00fanicamente la CURP, un correo electr\u00f3nico y el documento que acredite su actividad como persona productora.<\/p>\n","protected":false},"excerpt":{"rendered":"<p>Jos\u00e9 Mar\u00eda Morelos, Quintana Roo, 12 de marzo de 2026.- En un ambiente de celebraci\u00f3n y tradici\u00f3n, se llev\u00f3 a cabo la inauguraci\u00f3n oficial de la Feria de la Primavera EXPOMOR 2026 en su edici\u00f3n 47 en la que el titular de la Secretar\u00eda de Desarrollo Agropecuario, Rural y Pesca (SEDARPE), Jorge Aguilar Osorio, asisti\u00f3 [&hellip;]<\/p>\n","protected":false},"author":1,"featured_media":8046,"comment_status":"open","ping_status":"closed","sticky":false,"template":"","format":"standard","meta":{"tdm_status":"","tdm_grid_status":"","footnotes":""},"categories":[35],"tags":[508,303,304,27,60,23],"class_list":{"0":"post-8045","1":"post","2":"type-post","3":"status-publish","4":"format-standard","5":"has-post-thumbnail","7":"category-jose-maria-morelos","8":"tag-expomor","9":"tag-jose-maria-morelos","10":"tag-noticias-de-jose-maria-morelos","11":"tag-noticias-de-quintana-roo","12":"tag-noticozumel","13":"tag-quintana-roo"},"yoast_head":"<!-- This site is optimized with the Yoast SEO Premium plugin v26.2 (Yoast SEO v26.2) - https:\/\/yoast.com\/wordpress\/plugins\/seo\/ -->\n<title>Inauguran la 47 Edici\u00f3n de la Feria de la Primavera Expomor 2026 en Jos\u00e9 Mar\u00eda Morelos - NotiCozumel<\/title>\n<meta name=\"robots\" content=\"index, follow, max-snippet:-1, max-image-preview:large, max-video-preview:-1\" \/>\n<link rel=\"canonical\" href=\"https:\/\/noticozumel.mx\/1\/inauguran-la-47-edicion-de-la-feria-de-la-primavera-expomor-2026-en-jose-maria-morelos\/\" \/>\n<meta property=\"og:locale\" content=\"es_ES\" \/>\n<meta property=\"og:type\" content=\"article\" \/>\n<meta property=\"og:title\" content=\"Inauguran la 47 Edici\u00f3n de la Feria de la Primavera Expomor 2026 en Jos\u00e9 Mar\u00eda Morelos\" \/>\n<meta property=\"og:description\" content=\"Jos\u00e9 Mar\u00eda Morelos, Quintana Roo, 12 de marzo de 2026.- En un ambiente de celebraci\u00f3n y tradici\u00f3n, se llev\u00f3 a cabo la inauguraci\u00f3n oficial de la Feria de la Primavera EXPOMOR 2026 en su edici\u00f3n 47 en la que el titular de la Secretar\u00eda de Desarrollo Agropecuario, Rural y Pesca (SEDARPE), Jorge Aguilar Osorio, asisti\u00f3 [&hellip;]\" \/>\n<meta property=\"og:url\" content=\"https:\/\/noticozumel.mx\/1\/inauguran-la-47-edicion-de-la-feria-de-la-primavera-expomor-2026-en-jose-maria-morelos\/\" \/>\n<meta property=\"og:site_name\" content=\"NotiCozumel\" \/>\n<meta property=\"article:published_time\" content=\"2026-03-13T00:04:00+00:00\" \/>\n<meta property=\"article:modified_time\" content=\"2026-03-13T14:08:03+00:00\" \/>\n<meta property=\"og:image\" content=\"https:\/\/noticozumel.mx\/1\/wp-content\/uploads\/2026\/03\/Inauguran-ExpoMor-47-2.jpg\" \/>\n\t<meta property=\"og:image:width\" content=\"1040\" \/>\n\t<meta property=\"og:image:height\" content=\"694\" \/>\n\t<meta property=\"og:image:type\" content=\"image\/jpeg\" \/>\n<meta name=\"author\" content=\"Redacci\u00f3n\" \/>\n<meta name=\"twitter:card\" content=\"summary_large_image\" \/>\n<meta name=\"twitter:label1\" content=\"Escrito por\" \/>\n\t<meta name=\"twitter:data1\" content=\"Redacci\u00f3n\" \/>\n\t<meta name=\"twitter:label2\" content=\"Tiempo de lectura\" \/>\n\t<meta name=\"twitter:data2\" content=\"3 minutos\" \/>\n<script type=\"application\/ld+json\" class=\"yoast-schema-graph\">{\"@context\":\"https:\/\/schema.org\",\"@graph\":[{\"@type\":\"WebPage\",\"@id\":\"https:\/\/noticozumel.mx\/1\/inauguran-la-47-edicion-de-la-feria-de-la-primavera-expomor-2026-en-jose-maria-morelos\/\",\"url\":\"https:\/\/noticozumel.mx\/1\/inauguran-la-47-edicion-de-la-feria-de-la-primavera-expomor-2026-en-jose-maria-morelos\/\",\"name\":\"Inauguran la 47 Edici\u00f3n de la Feria de la Primavera Expomor 2026 en Jos\u00e9 Mar\u00eda Morelos - NotiCozumel\",\"isPartOf\":{\"@id\":\"https:\/\/noticozumel.mx\/1\/#website\"},\"primaryImageOfPage\":{\"@id\":\"https:\/\/noticozumel.mx\/1\/inauguran-la-47-edicion-de-la-feria-de-la-primavera-expomor-2026-en-jose-maria-morelos\/#primaryimage\"},\"image\":{\"@id\":\"https:\/\/noticozumel.mx\/1\/inauguran-la-47-edicion-de-la-feria-de-la-primavera-expomor-2026-en-jose-maria-morelos\/#primaryimage\"},\"thumbnailUrl\":\"https:\/\/noticozumel.mx\/1\/wp-content\/uploads\/2026\/03\/Inauguran-ExpoMor-47-2.jpg\",\"datePublished\":\"2026-03-13T00:04:00+00:00\",\"dateModified\":\"2026-03-13T14:08:03+00:00\",\"author\":{\"@id\":\"https:\/\/noticozumel.mx\/1\/#\/schema\/person\/a3353279fd7f37e86677893e0510943b\"},\"breadcrumb\":{\"@id\":\"https:\/\/noticozumel.mx\/1\/inauguran-la-47-edicion-de-la-feria-de-la-primavera-expomor-2026-en-jose-maria-morelos\/#breadcrumb\"},\"inLanguage\":\"es\",\"potentialAction\":[{\"@type\":\"ReadAction\",\"target\":[\"https:\/\/noticozumel.mx\/1\/inauguran-la-47-edicion-de-la-feria-de-la-primavera-expomor-2026-en-jose-maria-morelos\/\"]}]},{\"@type\":\"ImageObject\",\"inLanguage\":\"es\",\"@id\":\"https:\/\/noticozumel.mx\/1\/inauguran-la-47-edicion-de-la-feria-de-la-primavera-expomor-2026-en-jose-maria-morelos\/#primaryimage\",\"url\":\"https:\/\/noticozumel.mx\/1\/wp-content\/uploads\/2026\/03\/Inauguran-ExpoMor-47-2.jpg\",\"contentUrl\":\"https:\/\/noticozumel.mx\/1\/wp-content\/uploads\/2026\/03\/Inauguran-ExpoMor-47-2.jpg\",\"width\":1040,\"height\":694},{\"@type\":\"BreadcrumbList\",\"@id\":\"https:\/\/noticozumel.mx\/1\/inauguran-la-47-edicion-de-la-feria-de-la-primavera-expomor-2026-en-jose-maria-morelos\/#breadcrumb\",\"itemListElement\":[{\"@type\":\"ListItem\",\"position\":1,\"name\":\"Portada\",\"item\":\"https:\/\/noticozumel.mx\/1\/\"},{\"@type\":\"ListItem\",\"position\":2,\"name\":\"Inauguran la 47 Edici\u00f3n de la Feria de la Primavera Expomor 2026 en Jos\u00e9 Mar\u00eda Morelos\"}]},{\"@type\":\"WebSite\",\"@id\":\"https:\/\/noticozumel.mx\/1\/#website\",\"url\":\"https:\/\/noticozumel.mx\/1\/\",\"name\":\"NotiCozumel\",\"description\":\"Las noticias al alcance de todos\",\"potentialAction\":[{\"@type\":\"SearchAction\",\"target\":{\"@type\":\"EntryPoint\",\"urlTemplate\":\"https:\/\/noticozumel.mx\/1\/?s={search_term_string}\"},\"query-input\":{\"@type\":\"PropertyValueSpecification\",\"valueRequired\":true,\"valueName\":\"search_term_string\"}}],\"inLanguage\":\"es\"},{\"@type\":\"Person\",\"@id\":\"https:\/\/noticozumel.mx\/1\/#\/schema\/person\/a3353279fd7f37e86677893e0510943b\",\"name\":\"Redacci\u00f3n\",\"image\":{\"@type\":\"ImageObject\",\"inLanguage\":\"es\",\"@id\":\"https:\/\/noticozumel.mx\/1\/#\/schema\/person\/image\/\",\"url\":\"https:\/\/secure.gravatar.com\/avatar\/92c1decdbf2b01a0b3a758c19f5bf7b7b7c7ad1ebf1b8f407a69813d9948f6d0?s=96&d=mm&r=g\",\"contentUrl\":\"https:\/\/secure.gravatar.com\/avatar\/92c1decdbf2b01a0b3a758c19f5bf7b7b7c7ad1ebf1b8f407a69813d9948f6d0?s=96&d=mm&r=g\",\"caption\":\"Redacci\u00f3n\"},\"url\":\"https:\/\/noticozumel.mx\/1\/author\/admin\/\"}]}<\/script>\n<!-- \/ Yoast SEO Premium plugin. -->","yoast_head_json":{"title":"Inauguran la 47 Edici\u00f3n de la Feria de la Primavera Expomor 2026 en Jos\u00e9 Mar\u00eda Morelos - NotiCozumel","robots":{"index":"index","follow":"follow","max-snippet":"max-snippet:-1","max-image-preview":"max-image-preview:large","max-video-preview":"max-video-preview:-1"},"canonical":"https:\/\/noticozumel.mx\/1\/inauguran-la-47-edicion-de-la-feria-de-la-primavera-expomor-2026-en-jose-maria-morelos\/","og_locale":"es_ES","og_type":"article","og_title":"Inauguran la 47 Edici\u00f3n de la Feria de la Primavera Expomor 2026 en Jos\u00e9 Mar\u00eda Morelos","og_description":"Jos\u00e9 Mar\u00eda Morelos, Quintana Roo, 12 de marzo de 2026.- En un ambiente de celebraci\u00f3n y tradici\u00f3n, se llev\u00f3 a cabo la inauguraci\u00f3n oficial de la Feria de la Primavera EXPOMOR 2026 en su edici\u00f3n 47 en la que el titular de la Secretar\u00eda de Desarrollo Agropecuario, Rural y Pesca (SEDARPE), Jorge Aguilar Osorio, asisti\u00f3 [&hellip;]","og_url":"https:\/\/noticozumel.mx\/1\/inauguran-la-47-edicion-de-la-feria-de-la-primavera-expomor-2026-en-jose-maria-morelos\/","og_site_name":"NotiCozumel","article_published_time":"2026-03-13T00:04:00+00:00","article_modified_time":"2026-03-13T14:08:03+00:00","og_image":[{"width":1040,"height":694,"url":"https:\/\/noticozumel.mx\/1\/wp-content\/uploads\/2026\/03\/Inauguran-ExpoMor-47-2.jpg","type":"image\/jpeg"}],"author":"Redacci\u00f3n","twitter_card":"summary_large_image","twitter_misc":{"Escrito por":"Redacci\u00f3n","Tiempo de lectura":"3 minutos"},"schema":{"@context":"https:\/\/schema.org","@graph":[{"@type":"WebPage","@id":"https:\/\/noticozumel.mx\/1\/inauguran-la-47-edicion-de-la-feria-de-la-primavera-expomor-2026-en-jose-maria-morelos\/","url":"https:\/\/noticozumel.mx\/1\/inauguran-la-47-edicion-de-la-feria-de-la-primavera-expomor-2026-en-jose-maria-morelos\/","name":"Inauguran la 47 Edici\u00f3n de la Feria de la Primavera Expomor 2026 en Jos\u00e9 Mar\u00eda Morelos - NotiCozumel","isPartOf":{"@id":"https:\/\/noticozumel.mx\/1\/#website"},"primaryImageOfPage":{"@id":"https:\/\/noticozumel.mx\/1\/inauguran-la-47-edicion-de-la-feria-de-la-primavera-expomor-2026-en-jose-maria-morelos\/#primaryimage"},"image":{"@id":"https:\/\/noticozumel.mx\/1\/inauguran-la-47-edicion-de-la-feria-de-la-primavera-expomor-2026-en-jose-maria-morelos\/#primaryimage"},"thumbnailUrl":"https:\/\/noticozumel.mx\/1\/wp-content\/uploads\/2026\/03\/Inauguran-ExpoMor-47-2.jpg","datePublished":"2026-03-13T00:04:00+00:00","dateModified":"2026-03-13T14:08:03+00:00","author":{"@id":"https:\/\/noticozumel.mx\/1\/#\/schema\/person\/a3353279fd7f37e86677893e0510943b"},"breadcrumb":{"@id":"https:\/\/noticozumel.mx\/1\/inauguran-la-47-edicion-de-la-feria-de-la-primavera-expomor-2026-en-jose-maria-morelos\/#breadcrumb"},"inLanguage":"es","potentialAction":[{"@type":"ReadAction","target":["https:\/\/noticozumel.mx\/1\/inauguran-la-47-edicion-de-la-feria-de-la-primavera-expomor-2026-en-jose-maria-morelos\/"]}]},{"@type":"ImageObject","inLanguage":"es","@id":"https:\/\/noticozumel.mx\/1\/inauguran-la-47-edicion-de-la-feria-de-la-primavera-expomor-2026-en-jose-maria-morelos\/#primaryimage","url":"https:\/\/noticozumel.mx\/1\/wp-content\/uploads\/2026\/03\/Inauguran-ExpoMor-47-2.jpg","contentUrl":"https:\/\/noticozumel.mx\/1\/wp-content\/uploads\/2026\/03\/Inauguran-ExpoMor-47-2.jpg","width":1040,"height":694},{"@type":"BreadcrumbList","@id":"https:\/\/noticozumel.mx\/1\/inauguran-la-47-edicion-de-la-feria-de-la-primavera-expomor-2026-en-jose-maria-morelos\/#breadcrumb","itemListElement":[{"@type":"ListItem","position":1,"name":"Portada","item":"https:\/\/noticozumel.mx\/1\/"},{"@type":"ListItem","position":2,"name":"Inauguran la 47 Edici\u00f3n de la Feria de la Primavera Expomor 2026 en Jos\u00e9 Mar\u00eda Morelos"}]},{"@type":"WebSite","@id":"https:\/\/noticozumel.mx\/1\/#website","url":"https:\/\/noticozumel.mx\/1\/","name":"NotiCozumel","description":"Las noticias al alcance de todos","potentialAction":[{"@type":"SearchAction","target":{"@type":"EntryPoint","urlTemplate":"https:\/\/noticozumel.mx\/1\/?s={search_term_string}"},"query-input":{"@type":"PropertyValueSpecification","valueRequired":true,"valueName":"search_term_string"}}],"inLanguage":"es"},{"@type":"Person","@id":"https:\/\/noticozumel.mx\/1\/#\/schema\/person\/a3353279fd7f37e86677893e0510943b","name":"Redacci\u00f3n","image":{"@type":"ImageObject","inLanguage":"es","@id":"https:\/\/noticozumel.mx\/1\/#\/schema\/person\/image\/","url":"https:\/\/secure.gravatar.com\/avatar\/92c1decdbf2b01a0b3a758c19f5bf7b7b7c7ad1ebf1b8f407a69813d9948f6d0?s=96&d=mm&r=g","contentUrl":"https:\/\/secure.gravatar.com\/avatar\/92c1decdbf2b01a0b3a758c19f5bf7b7b7c7ad1ebf1b8f407a69813d9948f6d0?s=96&d=mm&r=g","caption":"Redacci\u00f3n"},"url":"https:\/\/noticozumel.mx\/1\/author\/admin\/"}]}},"_links":{"self":[{"href":"https:\/\/noticozumel.mx\/1\/wp-json\/wp\/v2\/posts\/8045","targetHints":{"allow":["GET"]}}],"collection":[{"href":"https:\/\/noticozumel.mx\/1\/wp-json\/wp\/v2\/posts"}],"about":[{"href":"https:\/\/noticozumel.mx\/1\/wp-json\/wp\/v2\/types\/post"}],"author":[{"embeddable":true,"href":"https:\/\/noticozumel.mx\/1\/wp-json\/wp\/v2\/users\/1"}],"replies":[{"embeddable":true,"href":"https:\/\/noticozumel.mx\/1\/wp-json\/wp\/v2\/comments?post=8045"}],"version-history":[{"count":1,"href":"https:\/\/noticozumel.mx\/1\/wp-json\/wp\/v2\/posts\/8045\/revisions"}],"predecessor-version":[{"id":8049,"href":"https:\/\/noticozumel.mx\/1\/wp-json\/wp\/v2\/posts\/8045\/revisions\/8049"}],"wp:featuredmedia":[{"embeddable":true,"href":"https:\/\/noticozumel.mx\/1\/wp-json\/wp\/v2\/media\/8046"}],"wp:attachment":[{"href":"https:\/\/noticozumel.mx\/1\/wp-json\/wp\/v2\/media?parent=8045"}],"wp:term":[{"taxonomy":"category","embeddable":true,"href":"https:\/\/noticozumel.mx\/1\/wp-json\/wp\/v2\/categories?post=8045"},{"taxonomy":"post_tag","embeddable":true,"href":"https:\/\/noticozumel.mx\/1\/wp-json\/wp\/v2\/tags?post=8045"}],"curies":[{"name":"wp","href":"https:\/\/api.w.org\/{rel}","templated":true}]}}