{"id":8051,"date":"2026-03-12T19:08:00","date_gmt":"2026-03-13T00:08:00","guid":{"rendered":"https:\/\/noticozumel.mx\/1\/?p=8051"},"modified":"2026-03-13T09:14:08","modified_gmt":"2026-03-13T14:14:08","slug":"sostiene-imoveqroo-dialogo-con-coparmex-quintana-roo-para-presentar-el-sistema-mobi","status":"publish","type":"post","link":"https:\/\/noticozumel.mx\/1\/sostiene-imoveqroo-dialogo-con-coparmex-quintana-roo-para-presentar-el-sistema-mobi\/","title":{"rendered":"Sostiene IMOVEQROO di\u00e1logo con COPARMEX Quintana Roo para presentar el sistema MOBI"},"content":{"rendered":"\n<p>Canc\u00fan, Quintana Roo, 12 de marzo de 2026.- El titular del Instituto de Movilidad del Estado de Quintana Roo (IMOVEQROO), Rafael Hern\u00e1ndez Kotasek, sostuvo una reuni\u00f3n de trabajo con integrantes de la Confederaci\u00f3n Patronal de la Rep\u00fablica Mexicana (COPARMEX) Canc\u00fan, en la que se presentaron los alcances del Sistema de Movilidad del Bienestar Quintanarroense (MOBI) y los pormenores de su implementaci\u00f3n gradual en las ciudades del estado.<\/p>\n\n\n\n<figure class=\"wp-block-image size-large\"><img loading=\"lazy\" decoding=\"async\" width=\"1024\" height=\"682\" src=\"https:\/\/noticozumel.mx\/1\/wp-content\/uploads\/2026\/03\/IMOVEQROO-COPARMEX-MOBI-8-1024x682.jpg\" alt=\"\" class=\"wp-image-8058\" srcset=\"https:\/\/noticozumel.mx\/1\/wp-content\/uploads\/2026\/03\/IMOVEQROO-COPARMEX-MOBI-8-1024x682.jpg 1024w, https:\/\/noticozumel.mx\/1\/wp-content\/uploads\/2026\/03\/IMOVEQROO-COPARMEX-MOBI-8-300x200.jpg 300w, https:\/\/noticozumel.mx\/1\/wp-content\/uploads\/2026\/03\/IMOVEQROO-COPARMEX-MOBI-8-768x512.jpg 768w, https:\/\/noticozumel.mx\/1\/wp-content\/uploads\/2026\/03\/IMOVEQROO-COPARMEX-MOBI-8-630x420.jpg 630w, https:\/\/noticozumel.mx\/1\/wp-content\/uploads\/2026\/03\/IMOVEQROO-COPARMEX-MOBI-8-150x100.jpg 150w, https:\/\/noticozumel.mx\/1\/wp-content\/uploads\/2026\/03\/IMOVEQROO-COPARMEX-MOBI-8-696x464.jpg 696w, https:\/\/noticozumel.mx\/1\/wp-content\/uploads\/2026\/03\/IMOVEQROO-COPARMEX-MOBI-8-1068x712.jpg 1068w, https:\/\/noticozumel.mx\/1\/wp-content\/uploads\/2026\/03\/IMOVEQROO-COPARMEX-MOBI-8.jpg 1280w\" sizes=\"auto, (max-width: 1024px) 100vw, 1024px\" \/><\/figure>\n\n\n\n<p>Con la asistencia empresarios y concesionarios del transporte p\u00fablico, durante el encuentro, Hern\u00e1ndez Kotasek resalt\u00f3 que la modernizaci\u00f3n de la movilidad implica un proceso profundo que requiere inversi\u00f3n, tecnolog\u00eda, innovaci\u00f3n, renovaci\u00f3n de unidades e infraestructura, por lo que resulta fundamental garantizar un modelo financiero sostenible.<\/p>\n\n\n\n<p>El titular de IMOVEQROO explic\u00f3 que MOBI representa una transformaci\u00f3n estructural del transporte p\u00fablico masivo en el estado como se establece en el Nuevo Acuerdo por el Bienestar y Desarrollo de Quintana Roo, al incorporar en un proceso que se realizar\u00e1 de manera progresiva, nuevas tecnolog\u00edas, esquemas de pago electr\u00f3nico, integraci\u00f3n de rutas y mejores condiciones para operadores y concesionarios, siempre colocando a las personas en el centro de la pol\u00edtica p\u00fablica.<\/p>\n\n\n\n<figure class=\"wp-block-image size-large\"><img loading=\"lazy\" decoding=\"async\" width=\"1024\" height=\"536\" src=\"https:\/\/noticozumel.mx\/1\/wp-content\/uploads\/2026\/03\/IMOVEQROO-COPARMEX-MOBI-7-1024x536.jpg\" alt=\"\" class=\"wp-image-8057\" srcset=\"https:\/\/noticozumel.mx\/1\/wp-content\/uploads\/2026\/03\/IMOVEQROO-COPARMEX-MOBI-7-1024x536.jpg 1024w, https:\/\/noticozumel.mx\/1\/wp-content\/uploads\/2026\/03\/IMOVEQROO-COPARMEX-MOBI-7-300x157.jpg 300w, https:\/\/noticozumel.mx\/1\/wp-content\/uploads\/2026\/03\/IMOVEQROO-COPARMEX-MOBI-7-768x402.jpg 768w, https:\/\/noticozumel.mx\/1\/wp-content\/uploads\/2026\/03\/IMOVEQROO-COPARMEX-MOBI-7-802x420.jpg 802w, https:\/\/noticozumel.mx\/1\/wp-content\/uploads\/2026\/03\/IMOVEQROO-COPARMEX-MOBI-7-150x79.jpg 150w, https:\/\/noticozumel.mx\/1\/wp-content\/uploads\/2026\/03\/IMOVEQROO-COPARMEX-MOBI-7-696x364.jpg 696w, https:\/\/noticozumel.mx\/1\/wp-content\/uploads\/2026\/03\/IMOVEQROO-COPARMEX-MOBI-7-1068x559.jpg 1068w, https:\/\/noticozumel.mx\/1\/wp-content\/uploads\/2026\/03\/IMOVEQROO-COPARMEX-MOBI-7.jpg 1171w\" sizes=\"auto, (max-width: 1024px) 100vw, 1024px\" \/><\/figure>\n\n\n\n<p>Asimismo, se destac\u00f3 que este proceso se construye con la participaci\u00f3n de distintos sectores de la sociedad, incluyendo al sector empresarial, cuya visi\u00f3n resulta fundamental para fortalecer la competitividad de las ciudades y mejorar la conectividad para trabajadores, visitantes y actividades productivas.<\/p>\n\n\n\n<p>Agradeci\u00f3 a trav\u00e9s del diputado de la XVIII Legislatura del Congreso del Estado, Jorge Arturo Sanen Cervantes, a todas y todos los legisladores que hicieron posible esta reforma propuesta por la gobernadora Mara Lezama, la cual cambiar\u00e1 el transporte p\u00fablico, el tiempo que las personas pasan en traslados y la sostenibilidad de las ciudades.<\/p>\n\n\n\n<figure class=\"wp-block-image size-large\"><img loading=\"lazy\" decoding=\"async\" width=\"1024\" height=\"682\" src=\"https:\/\/noticozumel.mx\/1\/wp-content\/uploads\/2026\/03\/IMOVEQROO-COPARMEX-MOBI-6-1024x682.jpg\" alt=\"\" class=\"wp-image-8056\" srcset=\"https:\/\/noticozumel.mx\/1\/wp-content\/uploads\/2026\/03\/IMOVEQROO-COPARMEX-MOBI-6-1024x682.jpg 1024w, https:\/\/noticozumel.mx\/1\/wp-content\/uploads\/2026\/03\/IMOVEQROO-COPARMEX-MOBI-6-300x200.jpg 300w, https:\/\/noticozumel.mx\/1\/wp-content\/uploads\/2026\/03\/IMOVEQROO-COPARMEX-MOBI-6-768x512.jpg 768w, https:\/\/noticozumel.mx\/1\/wp-content\/uploads\/2026\/03\/IMOVEQROO-COPARMEX-MOBI-6-630x420.jpg 630w, https:\/\/noticozumel.mx\/1\/wp-content\/uploads\/2026\/03\/IMOVEQROO-COPARMEX-MOBI-6-150x100.jpg 150w, https:\/\/noticozumel.mx\/1\/wp-content\/uploads\/2026\/03\/IMOVEQROO-COPARMEX-MOBI-6-696x464.jpg 696w, https:\/\/noticozumel.mx\/1\/wp-content\/uploads\/2026\/03\/IMOVEQROO-COPARMEX-MOBI-6-1068x712.jpg 1068w, https:\/\/noticozumel.mx\/1\/wp-content\/uploads\/2026\/03\/IMOVEQROO-COPARMEX-MOBI-6.jpg 1280w\" sizes=\"auto, (max-width: 1024px) 100vw, 1024px\" \/><\/figure>\n\n\n\n<p>Al dar la bienvenida la presidenta de COPARMEX Quintana Roo, Mar\u00eda Jovita Portillo Navarro, destac\u00f3 que, desde la visi\u00f3n empresarial, esta nueva etapa del transporte p\u00fablico podr\u00e1 fortalecerse si se construye sobre tres pilares: certeza en la implementaci\u00f3n, coordinaci\u00f3n institucional y resultados medibles, recordando que la verdadera eficiencia de un sistema de movilidad se refleja en algo concreto para la ciudadan\u00eda: el tiempo que las personas tardan en llegar a su trabajo y el funcionamiento eficiente de la ciudad.<\/p>\n\n\n\n<p>Asimismo, expres\u00f3 el inter\u00e9s del sector empresarial por conocer c\u00f3mo se llevar\u00e1 a cabo la transici\u00f3n hacia un modelo de transporte integrado, con planeaci\u00f3n de rutas, centros de control, pago electr\u00f3nico y sistemas de supervisi\u00f3n, que permita responder al acelerado crecimiento urbano, la presi\u00f3n tur\u00edstica y las necesidades de movilidad de una zona metropolitana en constante expansi\u00f3n.<\/p>\n\n\n\n<figure class=\"wp-block-image size-large\"><img loading=\"lazy\" decoding=\"async\" width=\"1024\" height=\"646\" src=\"https:\/\/noticozumel.mx\/1\/wp-content\/uploads\/2026\/03\/IMOVEQROO-COPARMEX-MOBI-5-1024x646.jpg\" alt=\"\" class=\"wp-image-8055\" srcset=\"https:\/\/noticozumel.mx\/1\/wp-content\/uploads\/2026\/03\/IMOVEQROO-COPARMEX-MOBI-5-1024x646.jpg 1024w, https:\/\/noticozumel.mx\/1\/wp-content\/uploads\/2026\/03\/IMOVEQROO-COPARMEX-MOBI-5-300x189.jpg 300w, https:\/\/noticozumel.mx\/1\/wp-content\/uploads\/2026\/03\/IMOVEQROO-COPARMEX-MOBI-5-768x485.jpg 768w, https:\/\/noticozumel.mx\/1\/wp-content\/uploads\/2026\/03\/IMOVEQROO-COPARMEX-MOBI-5-665x420.jpg 665w, https:\/\/noticozumel.mx\/1\/wp-content\/uploads\/2026\/03\/IMOVEQROO-COPARMEX-MOBI-5-150x95.jpg 150w, https:\/\/noticozumel.mx\/1\/wp-content\/uploads\/2026\/03\/IMOVEQROO-COPARMEX-MOBI-5-696x439.jpg 696w, https:\/\/noticozumel.mx\/1\/wp-content\/uploads\/2026\/03\/IMOVEQROO-COPARMEX-MOBI-5-1068x674.jpg 1068w, https:\/\/noticozumel.mx\/1\/wp-content\/uploads\/2026\/03\/IMOVEQROO-COPARMEX-MOBI-5.jpg 1280w\" sizes=\"auto, (max-width: 1024px) 100vw, 1024px\" \/><\/figure>\n\n\n\n<p>Para dar seguimiento, ser voceros y garantes de este proyecto, propuso una mesa de di\u00e1logo permanente, con sesiones cada dos meses, para evaluar retos operativos, construir soluciones en conjunto y ver avances.<\/p>\n\n\n\n<p>Antes se realizar\u00e1n tres reuniones t\u00e9cnicas: una para analizar la normativa jur\u00eddica, la segunda el orden financiero y la tercera los aspectos tecnol\u00f3gicos del proyecto.<\/p>\n\n\n\n<figure class=\"wp-block-image size-large\"><img loading=\"lazy\" decoding=\"async\" width=\"1024\" height=\"814\" src=\"https:\/\/noticozumel.mx\/1\/wp-content\/uploads\/2026\/03\/IMOVEQROO-COPARMEX-MOBI-4-1024x814.jpg\" alt=\"\" class=\"wp-image-8054\" srcset=\"https:\/\/noticozumel.mx\/1\/wp-content\/uploads\/2026\/03\/IMOVEQROO-COPARMEX-MOBI-4-1024x814.jpg 1024w, https:\/\/noticozumel.mx\/1\/wp-content\/uploads\/2026\/03\/IMOVEQROO-COPARMEX-MOBI-4-300x239.jpg 300w, https:\/\/noticozumel.mx\/1\/wp-content\/uploads\/2026\/03\/IMOVEQROO-COPARMEX-MOBI-4-768x611.jpg 768w, https:\/\/noticozumel.mx\/1\/wp-content\/uploads\/2026\/03\/IMOVEQROO-COPARMEX-MOBI-4-528x420.jpg 528w, https:\/\/noticozumel.mx\/1\/wp-content\/uploads\/2026\/03\/IMOVEQROO-COPARMEX-MOBI-4-150x119.jpg 150w, https:\/\/noticozumel.mx\/1\/wp-content\/uploads\/2026\/03\/IMOVEQROO-COPARMEX-MOBI-4-696x554.jpg 696w, https:\/\/noticozumel.mx\/1\/wp-content\/uploads\/2026\/03\/IMOVEQROO-COPARMEX-MOBI-4-1068x849.jpg 1068w, https:\/\/noticozumel.mx\/1\/wp-content\/uploads\/2026\/03\/IMOVEQROO-COPARMEX-MOBI-4.jpg 1280w\" sizes=\"auto, (max-width: 1024px) 100vw, 1024px\" \/><\/figure>\n\n\n\n<p>\u201cQueremos que esto funcione por la ciudadan\u00eda\u201d expres\u00f3. Por su parte, integrantes de COPARMEX Canc\u00fan manifestaron su inter\u00e9s en conocer los avances y alcances del nuevo modelo de movilidad, y coincidieron en la importancia de impulsar soluciones que contribuyan a contar con un transporte p\u00fablico m\u00e1s ordenado, moderno y acorde con el crecimiento econ\u00f3mico y urbano de la regi\u00f3n.<\/p>\n\n\n\n<figure class=\"wp-block-image size-large\"><img loading=\"lazy\" decoding=\"async\" width=\"1024\" height=\"682\" src=\"https:\/\/noticozumel.mx\/1\/wp-content\/uploads\/2026\/03\/IMOVEQROO-COPARMEX-MOBI-3-1024x682.jpg\" alt=\"\" class=\"wp-image-8053\" srcset=\"https:\/\/noticozumel.mx\/1\/wp-content\/uploads\/2026\/03\/IMOVEQROO-COPARMEX-MOBI-3-1024x682.jpg 1024w, https:\/\/noticozumel.mx\/1\/wp-content\/uploads\/2026\/03\/IMOVEQROO-COPARMEX-MOBI-3-300x200.jpg 300w, https:\/\/noticozumel.mx\/1\/wp-content\/uploads\/2026\/03\/IMOVEQROO-COPARMEX-MOBI-3-768x512.jpg 768w, https:\/\/noticozumel.mx\/1\/wp-content\/uploads\/2026\/03\/IMOVEQROO-COPARMEX-MOBI-3-630x420.jpg 630w, https:\/\/noticozumel.mx\/1\/wp-content\/uploads\/2026\/03\/IMOVEQROO-COPARMEX-MOBI-3-150x100.jpg 150w, https:\/\/noticozumel.mx\/1\/wp-content\/uploads\/2026\/03\/IMOVEQROO-COPARMEX-MOBI-3-696x464.jpg 696w, https:\/\/noticozumel.mx\/1\/wp-content\/uploads\/2026\/03\/IMOVEQROO-COPARMEX-MOBI-3-1068x712.jpg 1068w, https:\/\/noticozumel.mx\/1\/wp-content\/uploads\/2026\/03\/IMOVEQROO-COPARMEX-MOBI-3.jpg 1280w\" sizes=\"auto, (max-width: 1024px) 100vw, 1024px\" \/><\/figure>\n","protected":false},"excerpt":{"rendered":"<p>Canc\u00fan, Quintana Roo, 12 de marzo de 2026.- El titular del Instituto de Movilidad del Estado de Quintana Roo (IMOVEQROO), Rafael Hern\u00e1ndez Kotasek, sostuvo una reuni\u00f3n de trabajo con integrantes de la Confederaci\u00f3n Patronal de la Rep\u00fablica Mexicana (COPARMEX) Canc\u00fan, en la que se presentaron los alcances del Sistema de Movilidad del Bienestar Quintanarroense (MOBI) [&hellip;]<\/p>\n","protected":false},"author":1,"featured_media":8059,"comment_status":"open","ping_status":"closed","sticky":false,"template":"","format":"standard","meta":{"tdm_status":"","tdm_grid_status":"","footnotes":""},"categories":[47],"tags":[22,21,509,201,510,26,27,60,23],"class_list":{"0":"post-8051","1":"post","2":"type-post","3":"status-publish","4":"format-standard","5":"has-post-thumbnail","7":"category-benito-juarez","8":"tag-benito-juarez","9":"tag-cancun","10":"tag-coparmex","11":"tag-imoveqroo","12":"tag-mobi","13":"tag-noticias-de-cancun","14":"tag-noticias-de-quintana-roo","15":"tag-noticozumel","16":"tag-quintana-roo"},"yoast_head":"<!-- This site is optimized with the Yoast SEO Premium plugin v26.2 (Yoast SEO v26.2) - https:\/\/yoast.com\/wordpress\/plugins\/seo\/ -->\n<title>Sostiene IMOVEQROO di\u00e1logo con COPARMEX Quintana Roo para presentar el sistema MOBI - NotiCozumel<\/title>\n<meta name=\"robots\" content=\"index, follow, max-snippet:-1, max-image-preview:large, max-video-preview:-1\" \/>\n<link rel=\"canonical\" href=\"https:\/\/noticozumel.mx\/1\/sostiene-imoveqroo-dialogo-con-coparmex-quintana-roo-para-presentar-el-sistema-mobi\/\" \/>\n<meta property=\"og:locale\" content=\"es_ES\" \/>\n<meta property=\"og:type\" content=\"article\" \/>\n<meta property=\"og:title\" content=\"Sostiene IMOVEQROO di\u00e1logo con COPARMEX Quintana Roo para presentar el sistema MOBI\" \/>\n<meta property=\"og:description\" content=\"Canc\u00fan, Quintana Roo, 12 de marzo de 2026.- El titular del Instituto de Movilidad del Estado de Quintana Roo (IMOVEQROO), Rafael Hern\u00e1ndez Kotasek, sostuvo una reuni\u00f3n de trabajo con integrantes de la Confederaci\u00f3n Patronal de la Rep\u00fablica Mexicana (COPARMEX) Canc\u00fan, en la que se presentaron los alcances del Sistema de Movilidad del Bienestar Quintanarroense (MOBI) [&hellip;]\" \/>\n<meta property=\"og:url\" content=\"https:\/\/noticozumel.mx\/1\/sostiene-imoveqroo-dialogo-con-coparmex-quintana-roo-para-presentar-el-sistema-mobi\/\" \/>\n<meta property=\"og:site_name\" content=\"NotiCozumel\" \/>\n<meta property=\"article:published_time\" content=\"2026-03-13T00:08:00+00:00\" \/>\n<meta property=\"article:modified_time\" content=\"2026-03-13T14:14:08+00:00\" \/>\n<meta property=\"og:image\" content=\"https:\/\/noticozumel.mx\/1\/wp-content\/uploads\/2026\/03\/IMOVEQROO-COPARMEX-MOBI-1.jpg\" \/>\n\t<meta property=\"og:image:width\" content=\"1280\" \/>\n\t<meta property=\"og:image:height\" content=\"853\" \/>\n\t<meta property=\"og:image:type\" content=\"image\/jpeg\" \/>\n<meta name=\"author\" content=\"Redacci\u00f3n\" \/>\n<meta name=\"twitter:card\" content=\"summary_large_image\" \/>\n<meta name=\"twitter:label1\" content=\"Escrito por\" \/>\n\t<meta name=\"twitter:data1\" content=\"Redacci\u00f3n\" \/>\n\t<meta name=\"twitter:label2\" content=\"Tiempo de lectura\" \/>\n\t<meta name=\"twitter:data2\" content=\"4 minutos\" \/>\n<script type=\"application\/ld+json\" class=\"yoast-schema-graph\">{\"@context\":\"https:\/\/schema.org\",\"@graph\":[{\"@type\":\"WebPage\",\"@id\":\"https:\/\/noticozumel.mx\/1\/sostiene-imoveqroo-dialogo-con-coparmex-quintana-roo-para-presentar-el-sistema-mobi\/\",\"url\":\"https:\/\/noticozumel.mx\/1\/sostiene-imoveqroo-dialogo-con-coparmex-quintana-roo-para-presentar-el-sistema-mobi\/\",\"name\":\"Sostiene IMOVEQROO di\u00e1logo con COPARMEX Quintana Roo para presentar el sistema MOBI - NotiCozumel\",\"isPartOf\":{\"@id\":\"https:\/\/noticozumel.mx\/1\/#website\"},\"primaryImageOfPage\":{\"@id\":\"https:\/\/noticozumel.mx\/1\/sostiene-imoveqroo-dialogo-con-coparmex-quintana-roo-para-presentar-el-sistema-mobi\/#primaryimage\"},\"image\":{\"@id\":\"https:\/\/noticozumel.mx\/1\/sostiene-imoveqroo-dialogo-con-coparmex-quintana-roo-para-presentar-el-sistema-mobi\/#primaryimage\"},\"thumbnailUrl\":\"https:\/\/noticozumel.mx\/1\/wp-content\/uploads\/2026\/03\/IMOVEQROO-COPARMEX-MOBI-1.jpg\",\"datePublished\":\"2026-03-13T00:08:00+00:00\",\"dateModified\":\"2026-03-13T14:14:08+00:00\",\"author\":{\"@id\":\"https:\/\/noticozumel.mx\/1\/#\/schema\/person\/a3353279fd7f37e86677893e0510943b\"},\"breadcrumb\":{\"@id\":\"https:\/\/noticozumel.mx\/1\/sostiene-imoveqroo-dialogo-con-coparmex-quintana-roo-para-presentar-el-sistema-mobi\/#breadcrumb\"},\"inLanguage\":\"es\",\"potentialAction\":[{\"@type\":\"ReadAction\",\"target\":[\"https:\/\/noticozumel.mx\/1\/sostiene-imoveqroo-dialogo-con-coparmex-quintana-roo-para-presentar-el-sistema-mobi\/\"]}]},{\"@type\":\"ImageObject\",\"inLanguage\":\"es\",\"@id\":\"https:\/\/noticozumel.mx\/1\/sostiene-imoveqroo-dialogo-con-coparmex-quintana-roo-para-presentar-el-sistema-mobi\/#primaryimage\",\"url\":\"https:\/\/noticozumel.mx\/1\/wp-content\/uploads\/2026\/03\/IMOVEQROO-COPARMEX-MOBI-1.jpg\",\"contentUrl\":\"https:\/\/noticozumel.mx\/1\/wp-content\/uploads\/2026\/03\/IMOVEQROO-COPARMEX-MOBI-1.jpg\",\"width\":1280,\"height\":853},{\"@type\":\"BreadcrumbList\",\"@id\":\"https:\/\/noticozumel.mx\/1\/sostiene-imoveqroo-dialogo-con-coparmex-quintana-roo-para-presentar-el-sistema-mobi\/#breadcrumb\",\"itemListElement\":[{\"@type\":\"ListItem\",\"position\":1,\"name\":\"Portada\",\"item\":\"https:\/\/noticozumel.mx\/1\/\"},{\"@type\":\"ListItem\",\"position\":2,\"name\":\"Sostiene IMOVEQROO di\u00e1logo con COPARMEX Quintana Roo para presentar el sistema MOBI\"}]},{\"@type\":\"WebSite\",\"@id\":\"https:\/\/noticozumel.mx\/1\/#website\",\"url\":\"https:\/\/noticozumel.mx\/1\/\",\"name\":\"NotiCozumel\",\"description\":\"Las noticias al alcance de todos\",\"potentialAction\":[{\"@type\":\"SearchAction\",\"target\":{\"@type\":\"EntryPoint\",\"urlTemplate\":\"https:\/\/noticozumel.mx\/1\/?s={search_term_string}\"},\"query-input\":{\"@type\":\"PropertyValueSpecification\",\"valueRequired\":true,\"valueName\":\"search_term_string\"}}],\"inLanguage\":\"es\"},{\"@type\":\"Person\",\"@id\":\"https:\/\/noticozumel.mx\/1\/#\/schema\/person\/a3353279fd7f37e86677893e0510943b\",\"name\":\"Redacci\u00f3n\",\"image\":{\"@type\":\"ImageObject\",\"inLanguage\":\"es\",\"@id\":\"https:\/\/noticozumel.mx\/1\/#\/schema\/person\/image\/\",\"url\":\"https:\/\/secure.gravatar.com\/avatar\/92c1decdbf2b01a0b3a758c19f5bf7b7b7c7ad1ebf1b8f407a69813d9948f6d0?s=96&d=mm&r=g\",\"contentUrl\":\"https:\/\/secure.gravatar.com\/avatar\/92c1decdbf2b01a0b3a758c19f5bf7b7b7c7ad1ebf1b8f407a69813d9948f6d0?s=96&d=mm&r=g\",\"caption\":\"Redacci\u00f3n\"},\"url\":\"https:\/\/noticozumel.mx\/1\/author\/admin\/\"}]}<\/script>\n<!-- \/ Yoast SEO Premium plugin. -->","yoast_head_json":{"title":"Sostiene IMOVEQROO di\u00e1logo con COPARMEX Quintana Roo para presentar el sistema MOBI - NotiCozumel","robots":{"index":"index","follow":"follow","max-snippet":"max-snippet:-1","max-image-preview":"max-image-preview:large","max-video-preview":"max-video-preview:-1"},"canonical":"https:\/\/noticozumel.mx\/1\/sostiene-imoveqroo-dialogo-con-coparmex-quintana-roo-para-presentar-el-sistema-mobi\/","og_locale":"es_ES","og_type":"article","og_title":"Sostiene IMOVEQROO di\u00e1logo con COPARMEX Quintana Roo para presentar el sistema MOBI","og_description":"Canc\u00fan, Quintana Roo, 12 de marzo de 2026.- El titular del Instituto de Movilidad del Estado de Quintana Roo (IMOVEQROO), Rafael Hern\u00e1ndez Kotasek, sostuvo una reuni\u00f3n de trabajo con integrantes de la Confederaci\u00f3n Patronal de la Rep\u00fablica Mexicana (COPARMEX) Canc\u00fan, en la que se presentaron los alcances del Sistema de Movilidad del Bienestar Quintanarroense (MOBI) [&hellip;]","og_url":"https:\/\/noticozumel.mx\/1\/sostiene-imoveqroo-dialogo-con-coparmex-quintana-roo-para-presentar-el-sistema-mobi\/","og_site_name":"NotiCozumel","article_published_time":"2026-03-13T00:08:00+00:00","article_modified_time":"2026-03-13T14:14:08+00:00","og_image":[{"width":1280,"height":853,"url":"https:\/\/noticozumel.mx\/1\/wp-content\/uploads\/2026\/03\/IMOVEQROO-COPARMEX-MOBI-1.jpg","type":"image\/jpeg"}],"author":"Redacci\u00f3n","twitter_card":"summary_large_image","twitter_misc":{"Escrito por":"Redacci\u00f3n","Tiempo de lectura":"4 minutos"},"schema":{"@context":"https:\/\/schema.org","@graph":[{"@type":"WebPage","@id":"https:\/\/noticozumel.mx\/1\/sostiene-imoveqroo-dialogo-con-coparmex-quintana-roo-para-presentar-el-sistema-mobi\/","url":"https:\/\/noticozumel.mx\/1\/sostiene-imoveqroo-dialogo-con-coparmex-quintana-roo-para-presentar-el-sistema-mobi\/","name":"Sostiene IMOVEQROO di\u00e1logo con COPARMEX Quintana Roo para presentar el sistema MOBI - NotiCozumel","isPartOf":{"@id":"https:\/\/noticozumel.mx\/1\/#website"},"primaryImageOfPage":{"@id":"https:\/\/noticozumel.mx\/1\/sostiene-imoveqroo-dialogo-con-coparmex-quintana-roo-para-presentar-el-sistema-mobi\/#primaryimage"},"image":{"@id":"https:\/\/noticozumel.mx\/1\/sostiene-imoveqroo-dialogo-con-coparmex-quintana-roo-para-presentar-el-sistema-mobi\/#primaryimage"},"thumbnailUrl":"https:\/\/noticozumel.mx\/1\/wp-content\/uploads\/2026\/03\/IMOVEQROO-COPARMEX-MOBI-1.jpg","datePublished":"2026-03-13T00:08:00+00:00","dateModified":"2026-03-13T14:14:08+00:00","author":{"@id":"https:\/\/noticozumel.mx\/1\/#\/schema\/person\/a3353279fd7f37e86677893e0510943b"},"breadcrumb":{"@id":"https:\/\/noticozumel.mx\/1\/sostiene-imoveqroo-dialogo-con-coparmex-quintana-roo-para-presentar-el-sistema-mobi\/#breadcrumb"},"inLanguage":"es","potentialAction":[{"@type":"ReadAction","target":["https:\/\/noticozumel.mx\/1\/sostiene-imoveqroo-dialogo-con-coparmex-quintana-roo-para-presentar-el-sistema-mobi\/"]}]},{"@type":"ImageObject","inLanguage":"es","@id":"https:\/\/noticozumel.mx\/1\/sostiene-imoveqroo-dialogo-con-coparmex-quintana-roo-para-presentar-el-sistema-mobi\/#primaryimage","url":"https:\/\/noticozumel.mx\/1\/wp-content\/uploads\/2026\/03\/IMOVEQROO-COPARMEX-MOBI-1.jpg","contentUrl":"https:\/\/noticozumel.mx\/1\/wp-content\/uploads\/2026\/03\/IMOVEQROO-COPARMEX-MOBI-1.jpg","width":1280,"height":853},{"@type":"BreadcrumbList","@id":"https:\/\/noticozumel.mx\/1\/sostiene-imoveqroo-dialogo-con-coparmex-quintana-roo-para-presentar-el-sistema-mobi\/#breadcrumb","itemListElement":[{"@type":"ListItem","position":1,"name":"Portada","item":"https:\/\/noticozumel.mx\/1\/"},{"@type":"ListItem","position":2,"name":"Sostiene IMOVEQROO di\u00e1logo con COPARMEX Quintana Roo para presentar el sistema MOBI"}]},{"@type":"WebSite","@id":"https:\/\/noticozumel.mx\/1\/#website","url":"https:\/\/noticozumel.mx\/1\/","name":"NotiCozumel","description":"Las noticias al alcance de todos","potentialAction":[{"@type":"SearchAction","target":{"@type":"EntryPoint","urlTemplate":"https:\/\/noticozumel.mx\/1\/?s={search_term_string}"},"query-input":{"@type":"PropertyValueSpecification","valueRequired":true,"valueName":"search_term_string"}}],"inLanguage":"es"},{"@type":"Person","@id":"https:\/\/noticozumel.mx\/1\/#\/schema\/person\/a3353279fd7f37e86677893e0510943b","name":"Redacci\u00f3n","image":{"@type":"ImageObject","inLanguage":"es","@id":"https:\/\/noticozumel.mx\/1\/#\/schema\/person\/image\/","url":"https:\/\/secure.gravatar.com\/avatar\/92c1decdbf2b01a0b3a758c19f5bf7b7b7c7ad1ebf1b8f407a69813d9948f6d0?s=96&d=mm&r=g","contentUrl":"https:\/\/secure.gravatar.com\/avatar\/92c1decdbf2b01a0b3a758c19f5bf7b7b7c7ad1ebf1b8f407a69813d9948f6d0?s=96&d=mm&r=g","caption":"Redacci\u00f3n"},"url":"https:\/\/noticozumel.mx\/1\/author\/admin\/"}]}},"_links":{"self":[{"href":"https:\/\/noticozumel.mx\/1\/wp-json\/wp\/v2\/posts\/8051","targetHints":{"allow":["GET"]}}],"collection":[{"href":"https:\/\/noticozumel.mx\/1\/wp-json\/wp\/v2\/posts"}],"about":[{"href":"https:\/\/noticozumel.mx\/1\/wp-json\/wp\/v2\/types\/post"}],"author":[{"embeddable":true,"href":"https:\/\/noticozumel.mx\/1\/wp-json\/wp\/v2\/users\/1"}],"replies":[{"embeddable":true,"href":"https:\/\/noticozumel.mx\/1\/wp-json\/wp\/v2\/comments?post=8051"}],"version-history":[{"count":1,"href":"https:\/\/noticozumel.mx\/1\/wp-json\/wp\/v2\/posts\/8051\/revisions"}],"predecessor-version":[{"id":8060,"href":"https:\/\/noticozumel.mx\/1\/wp-json\/wp\/v2\/posts\/8051\/revisions\/8060"}],"wp:featuredmedia":[{"embeddable":true,"href":"https:\/\/noticozumel.mx\/1\/wp-json\/wp\/v2\/media\/8059"}],"wp:attachment":[{"href":"https:\/\/noticozumel.mx\/1\/wp-json\/wp\/v2\/media?parent=8051"}],"wp:term":[{"taxonomy":"category","embeddable":true,"href":"https:\/\/noticozumel.mx\/1\/wp-json\/wp\/v2\/categories?post=8051"},{"taxonomy":"post_tag","embeddable":true,"href":"https:\/\/noticozumel.mx\/1\/wp-json\/wp\/v2\/tags?post=8051"}],"curies":[{"name":"wp","href":"https:\/\/api.w.org\/{rel}","templated":true}]}}