{"id":8061,"date":"2026-03-12T19:14:00","date_gmt":"2026-03-13T00:14:00","guid":{"rendered":"https:\/\/noticozumel.mx\/1\/?p=8061"},"modified":"2026-03-13T09:42:53","modified_gmt":"2026-03-13T14:42:53","slug":"entrega-vero-lezama-670-lentes-graduados-a-ninas-y-ninos-de-escuelas-primarias-de-quintana-roo","status":"publish","type":"post","link":"https:\/\/noticozumel.mx\/1\/entrega-vero-lezama-670-lentes-graduados-a-ninas-y-ninos-de-escuelas-primarias-de-quintana-roo\/","title":{"rendered":"Entrega Vero Lezama 670 lentes graduados a ni\u00f1as y ni\u00f1os de escuelas primarias de Quintana Roo"},"content":{"rendered":"\n<p>Chetumal, Quintana Roo, 12 de marzo de 2026.- Con el objetivo de mejorar la salud visual y el bienestar de las y los quintanarroenses, la presidenta honoraria del DIF Quintana Roo, Ver\u00f3nica Lezama Espinosa, en conjunto con la Fundaci\u00f3n CIMA realizaron la entrega de 670 lentes graduados a ni\u00f1as y ni\u00f1os de educaci\u00f3n primaria de diversos municipios del estado.<\/p>\n\n\n\n<figure class=\"wp-block-image size-large\"><img loading=\"lazy\" decoding=\"async\" width=\"1024\" height=\"682\" src=\"https:\/\/noticozumel.mx\/1\/wp-content\/uploads\/2026\/03\/Entrega-lentes-DIF-QRoo-Chetumal-8-1024x682.jpg\" alt=\"\" class=\"wp-image-8068\" srcset=\"https:\/\/noticozumel.mx\/1\/wp-content\/uploads\/2026\/03\/Entrega-lentes-DIF-QRoo-Chetumal-8-1024x682.jpg 1024w, https:\/\/noticozumel.mx\/1\/wp-content\/uploads\/2026\/03\/Entrega-lentes-DIF-QRoo-Chetumal-8-300x200.jpg 300w, https:\/\/noticozumel.mx\/1\/wp-content\/uploads\/2026\/03\/Entrega-lentes-DIF-QRoo-Chetumal-8-768x511.jpg 768w, https:\/\/noticozumel.mx\/1\/wp-content\/uploads\/2026\/03\/Entrega-lentes-DIF-QRoo-Chetumal-8-631x420.jpg 631w, https:\/\/noticozumel.mx\/1\/wp-content\/uploads\/2026\/03\/Entrega-lentes-DIF-QRoo-Chetumal-8-150x100.jpg 150w, https:\/\/noticozumel.mx\/1\/wp-content\/uploads\/2026\/03\/Entrega-lentes-DIF-QRoo-Chetumal-8-696x463.jpg 696w, https:\/\/noticozumel.mx\/1\/wp-content\/uploads\/2026\/03\/Entrega-lentes-DIF-QRoo-Chetumal-8-1068x711.jpg 1068w, https:\/\/noticozumel.mx\/1\/wp-content\/uploads\/2026\/03\/Entrega-lentes-DIF-QRoo-Chetumal-8.jpg 1280w\" sizes=\"auto, (max-width: 1024px) 100vw, 1024px\" \/><\/figure>\n\n\n\n<p>Esta entrega forma parte de las acciones realizadas durante las brigadas de salud de la estrategia nacional \u201cVida Saludable\u201d, que promueve la presidenta de M\u00e9xico, Claudia Sheinbaum y con el respaldo de la gobernadora Mara Lezama Espinosa, se llevaron a cabo valoraciones de agudeza visual a estudiantes de escuelas primarias de los municipios de Felipe Carrillo Puerto, Bacalar, Benito Ju\u00e1rez y Oth\u00f3n P. Blanco, con el objetivo de que las ni\u00f1as y los ni\u00f1os cuenten con una mejor salud visual y, con ello, fortalecer su aprendizaje.<\/p>\n\n\n\n<p>Durante estas jornadas se identificaron diversas deficiencias visuales que afectan la calidad de vida de las y los estudiantes, as\u00ed como su desempe\u00f1o acad\u00e9mico.<\/p>\n\n\n\n<figure class=\"wp-block-image size-large\"><img loading=\"lazy\" decoding=\"async\" width=\"1024\" height=\"851\" src=\"https:\/\/noticozumel.mx\/1\/wp-content\/uploads\/2026\/03\/Entrega-lentes-DIF-QRoo-Chetumal-7-1024x851.jpg\" alt=\"\" class=\"wp-image-8067\" srcset=\"https:\/\/noticozumel.mx\/1\/wp-content\/uploads\/2026\/03\/Entrega-lentes-DIF-QRoo-Chetumal-7-1024x851.jpg 1024w, https:\/\/noticozumel.mx\/1\/wp-content\/uploads\/2026\/03\/Entrega-lentes-DIF-QRoo-Chetumal-7-300x249.jpg 300w, https:\/\/noticozumel.mx\/1\/wp-content\/uploads\/2026\/03\/Entrega-lentes-DIF-QRoo-Chetumal-7-768x638.jpg 768w, https:\/\/noticozumel.mx\/1\/wp-content\/uploads\/2026\/03\/Entrega-lentes-DIF-QRoo-Chetumal-7-505x420.jpg 505w, https:\/\/noticozumel.mx\/1\/wp-content\/uploads\/2026\/03\/Entrega-lentes-DIF-QRoo-Chetumal-7-150x125.jpg 150w, https:\/\/noticozumel.mx\/1\/wp-content\/uploads\/2026\/03\/Entrega-lentes-DIF-QRoo-Chetumal-7-696x579.jpg 696w, https:\/\/noticozumel.mx\/1\/wp-content\/uploads\/2026\/03\/Entrega-lentes-DIF-QRoo-Chetumal-7-1068x888.jpg 1068w, https:\/\/noticozumel.mx\/1\/wp-content\/uploads\/2026\/03\/Entrega-lentes-DIF-QRoo-Chetumal-7.jpg 1280w\" sizes=\"auto, (max-width: 1024px) 100vw, 1024px\" \/><\/figure>\n\n\n\n<p>La primera entrega se realiz\u00f3 en el municipio de Felipe Carrillo Puerto, a 8 escuelas que recibieron 182 lentes graduados para ni\u00f1as y ni\u00f1os de educaci\u00f3n b\u00e1sica; en el municipio de Oth\u00f3n P. Blanco se entregaron 216 lentes graduados para estudiantes de 11 escuelas; en Bacalar a 102 estudiantes de 5 escuelas y en Benito Ju\u00e1rez se otorgaron 170 lentes a ni\u00f1as y ni\u00f1os, siendo un total de 670.<\/p>\n\n\n\n<p>En su mensaje, la presidenta del DIF Estatal, Ver\u00f3nica Lezama destac\u00f3 que una proporci\u00f3n importante de ni\u00f1as y ni\u00f1os en edad escolar presenta dificultades visuales no diagnosticadas, lo que puede afectar su capacidad para leer, escribir y observar su entorno escolar.<\/p>\n\n\n\n<figure class=\"wp-block-image size-large\"><img loading=\"lazy\" decoding=\"async\" width=\"1024\" height=\"745\" src=\"https:\/\/noticozumel.mx\/1\/wp-content\/uploads\/2026\/03\/Entrega-lentes-DIF-QRoo-Chetumal-6-1024x745.jpg\" alt=\"\" class=\"wp-image-8066\" srcset=\"https:\/\/noticozumel.mx\/1\/wp-content\/uploads\/2026\/03\/Entrega-lentes-DIF-QRoo-Chetumal-6-1024x745.jpg 1024w, https:\/\/noticozumel.mx\/1\/wp-content\/uploads\/2026\/03\/Entrega-lentes-DIF-QRoo-Chetumal-6-300x218.jpg 300w, https:\/\/noticozumel.mx\/1\/wp-content\/uploads\/2026\/03\/Entrega-lentes-DIF-QRoo-Chetumal-6-768x559.jpg 768w, https:\/\/noticozumel.mx\/1\/wp-content\/uploads\/2026\/03\/Entrega-lentes-DIF-QRoo-Chetumal-6-577x420.jpg 577w, https:\/\/noticozumel.mx\/1\/wp-content\/uploads\/2026\/03\/Entrega-lentes-DIF-QRoo-Chetumal-6-150x109.jpg 150w, https:\/\/noticozumel.mx\/1\/wp-content\/uploads\/2026\/03\/Entrega-lentes-DIF-QRoo-Chetumal-6-696x506.jpg 696w, https:\/\/noticozumel.mx\/1\/wp-content\/uploads\/2026\/03\/Entrega-lentes-DIF-QRoo-Chetumal-6-1068x777.jpg 1068w, https:\/\/noticozumel.mx\/1\/wp-content\/uploads\/2026\/03\/Entrega-lentes-DIF-QRoo-Chetumal-6-324x235.jpg 324w, https:\/\/noticozumel.mx\/1\/wp-content\/uploads\/2026\/03\/Entrega-lentes-DIF-QRoo-Chetumal-6.jpg 1280w\" sizes=\"auto, (max-width: 1024px) 100vw, 1024px\" \/><\/figure>\n\n\n\n<p>\u201cPor ello, hay que priorizar y atender la salud visual de las ni\u00f1as y los ni\u00f1os, para garantizar su bienestar e igualdad de oportunidades en la educaci\u00f3n. Desde el DIF Quintana Roo trabajamos con el coraz\u00f3n para que tengan las herramientas necesarias para aprender, crecer y cumplir sus sue\u00f1os, porque un par de lentes puede cambiar la forma en que ven el mundo y tambi\u00e9n la forma en que el mundo se abre para ellos. Seguiremos impulsando acciones que mejoren su futuro\u201d, expres\u00f3.<\/p>\n\n\n\n<p>Con la suma de voluntades, el DIF Quintana Roo reafirma su compromiso de seguir impulsando programas que promuevan el bienestar, la salud y el desarrollo integral de la ni\u00f1ez quintanarroense, en coordinaci\u00f3n con instituciones, fundaciones y la sociedad civil.<\/p>\n\n\n\n<figure class=\"wp-block-image size-large\"><img loading=\"lazy\" decoding=\"async\" width=\"1024\" height=\"895\" src=\"https:\/\/noticozumel.mx\/1\/wp-content\/uploads\/2026\/03\/Entrega-lentes-DIF-QRoo-Chetumal-5-1024x895.jpg\" alt=\"\" class=\"wp-image-8065\" srcset=\"https:\/\/noticozumel.mx\/1\/wp-content\/uploads\/2026\/03\/Entrega-lentes-DIF-QRoo-Chetumal-5-1024x895.jpg 1024w, https:\/\/noticozumel.mx\/1\/wp-content\/uploads\/2026\/03\/Entrega-lentes-DIF-QRoo-Chetumal-5-300x262.jpg 300w, https:\/\/noticozumel.mx\/1\/wp-content\/uploads\/2026\/03\/Entrega-lentes-DIF-QRoo-Chetumal-5-768x671.jpg 768w, https:\/\/noticozumel.mx\/1\/wp-content\/uploads\/2026\/03\/Entrega-lentes-DIF-QRoo-Chetumal-5-481x420.jpg 481w, https:\/\/noticozumel.mx\/1\/wp-content\/uploads\/2026\/03\/Entrega-lentes-DIF-QRoo-Chetumal-5-150x131.jpg 150w, https:\/\/noticozumel.mx\/1\/wp-content\/uploads\/2026\/03\/Entrega-lentes-DIF-QRoo-Chetumal-5-696x608.jpg 696w, https:\/\/noticozumel.mx\/1\/wp-content\/uploads\/2026\/03\/Entrega-lentes-DIF-QRoo-Chetumal-5-1068x933.jpg 1068w, https:\/\/noticozumel.mx\/1\/wp-content\/uploads\/2026\/03\/Entrega-lentes-DIF-QRoo-Chetumal-5.jpg 1102w\" sizes=\"auto, (max-width: 1024px) 100vw, 1024px\" \/><\/figure>\n\n\n\n<p>En estas entregas asisti\u00f3 la directora general del DIF, Abril Sabido Alc\u00e9rreca; la directora de la Fundaci\u00f3n y Sostenibilidad de Grupo CIMA, Tania Silvina Loya Fierro; la directora de Salud y Atenci\u00f3n Integral y Visual, Lourdes Aime\u00e9 Zapata Oliva, y autoridades de la Secretar\u00eda de Educaci\u00f3n de Quintana Roo.<\/p>\n\n\n\n<figure class=\"wp-block-gallery has-nested-images columns-default is-cropped wp-block-gallery-1 is-layout-flex wp-block-gallery-is-layout-flex\">\n<figure class=\"wp-block-image size-large\"><img loading=\"lazy\" decoding=\"async\" width=\"1024\" height=\"811\" data-id=\"8064\" src=\"https:\/\/noticozumel.mx\/1\/wp-content\/uploads\/2026\/03\/Entrega-lentes-DIF-QRoo-Chetumal-4-1024x811.jpg\" alt=\"\" class=\"wp-image-8064\" srcset=\"https:\/\/noticozumel.mx\/1\/wp-content\/uploads\/2026\/03\/Entrega-lentes-DIF-QRoo-Chetumal-4-1024x811.jpg 1024w, https:\/\/noticozumel.mx\/1\/wp-content\/uploads\/2026\/03\/Entrega-lentes-DIF-QRoo-Chetumal-4-300x238.jpg 300w, https:\/\/noticozumel.mx\/1\/wp-content\/uploads\/2026\/03\/Entrega-lentes-DIF-QRoo-Chetumal-4-768x608.jpg 768w, https:\/\/noticozumel.mx\/1\/wp-content\/uploads\/2026\/03\/Entrega-lentes-DIF-QRoo-Chetumal-4-530x420.jpg 530w, https:\/\/noticozumel.mx\/1\/wp-content\/uploads\/2026\/03\/Entrega-lentes-DIF-QRoo-Chetumal-4-150x119.jpg 150w, https:\/\/noticozumel.mx\/1\/wp-content\/uploads\/2026\/03\/Entrega-lentes-DIF-QRoo-Chetumal-4-696x551.jpg 696w, https:\/\/noticozumel.mx\/1\/wp-content\/uploads\/2026\/03\/Entrega-lentes-DIF-QRoo-Chetumal-4-1068x846.jpg 1068w, https:\/\/noticozumel.mx\/1\/wp-content\/uploads\/2026\/03\/Entrega-lentes-DIF-QRoo-Chetumal-4.jpg 1280w\" sizes=\"auto, (max-width: 1024px) 100vw, 1024px\" \/><\/figure>\n\n\n\n<figure class=\"wp-block-image size-large\"><img loading=\"lazy\" decoding=\"async\" width=\"1024\" height=\"682\" data-id=\"8063\" src=\"https:\/\/noticozumel.mx\/1\/wp-content\/uploads\/2026\/03\/Entrega-lentes-DIF-QRoo-Chetumal-3-1024x682.jpg\" alt=\"\" class=\"wp-image-8063\" srcset=\"https:\/\/noticozumel.mx\/1\/wp-content\/uploads\/2026\/03\/Entrega-lentes-DIF-QRoo-Chetumal-3-1024x682.jpg 1024w, https:\/\/noticozumel.mx\/1\/wp-content\/uploads\/2026\/03\/Entrega-lentes-DIF-QRoo-Chetumal-3-300x200.jpg 300w, https:\/\/noticozumel.mx\/1\/wp-content\/uploads\/2026\/03\/Entrega-lentes-DIF-QRoo-Chetumal-3-768x512.jpg 768w, https:\/\/noticozumel.mx\/1\/wp-content\/uploads\/2026\/03\/Entrega-lentes-DIF-QRoo-Chetumal-3-630x420.jpg 630w, https:\/\/noticozumel.mx\/1\/wp-content\/uploads\/2026\/03\/Entrega-lentes-DIF-QRoo-Chetumal-3-150x100.jpg 150w, https:\/\/noticozumel.mx\/1\/wp-content\/uploads\/2026\/03\/Entrega-lentes-DIF-QRoo-Chetumal-3-696x464.jpg 696w, https:\/\/noticozumel.mx\/1\/wp-content\/uploads\/2026\/03\/Entrega-lentes-DIF-QRoo-Chetumal-3-1068x712.jpg 1068w, https:\/\/noticozumel.mx\/1\/wp-content\/uploads\/2026\/03\/Entrega-lentes-DIF-QRoo-Chetumal-3.jpg 1280w\" sizes=\"auto, (max-width: 1024px) 100vw, 1024px\" \/><\/figure>\n\n\n\n<figure class=\"wp-block-image size-large\"><img loading=\"lazy\" decoding=\"async\" width=\"1024\" height=\"966\" data-id=\"8062\" src=\"https:\/\/noticozumel.mx\/1\/wp-content\/uploads\/2026\/03\/Entrega-lentes-DIF-QRoo-Chetumal-2-1024x966.jpg\" alt=\"\" class=\"wp-image-8062\" srcset=\"https:\/\/noticozumel.mx\/1\/wp-content\/uploads\/2026\/03\/Entrega-lentes-DIF-QRoo-Chetumal-2-1024x966.jpg 1024w, https:\/\/noticozumel.mx\/1\/wp-content\/uploads\/2026\/03\/Entrega-lentes-DIF-QRoo-Chetumal-2-300x283.jpg 300w, https:\/\/noticozumel.mx\/1\/wp-content\/uploads\/2026\/03\/Entrega-lentes-DIF-QRoo-Chetumal-2-768x724.jpg 768w, https:\/\/noticozumel.mx\/1\/wp-content\/uploads\/2026\/03\/Entrega-lentes-DIF-QRoo-Chetumal-2-445x420.jpg 445w, https:\/\/noticozumel.mx\/1\/wp-content\/uploads\/2026\/03\/Entrega-lentes-DIF-QRoo-Chetumal-2-150x141.jpg 150w, https:\/\/noticozumel.mx\/1\/wp-content\/uploads\/2026\/03\/Entrega-lentes-DIF-QRoo-Chetumal-2-696x656.jpg 696w, https:\/\/noticozumel.mx\/1\/wp-content\/uploads\/2026\/03\/Entrega-lentes-DIF-QRoo-Chetumal-2-1068x1007.jpg 1068w, https:\/\/noticozumel.mx\/1\/wp-content\/uploads\/2026\/03\/Entrega-lentes-DIF-QRoo-Chetumal-2.jpg 1280w\" sizes=\"auto, (max-width: 1024px) 100vw, 1024px\" \/><\/figure>\n<\/figure>\n\n\n\n<p><\/p>\n","protected":false},"excerpt":{"rendered":"<p>Chetumal, Quintana Roo, 12 de marzo de 2026.- Con el objetivo de mejorar la salud visual y el bienestar de las y los quintanarroenses, la presidenta honoraria del DIF Quintana Roo, Ver\u00f3nica Lezama Espinosa, en conjunto con la Fundaci\u00f3n CIMA realizaron la entrega de 670 lentes graduados a ni\u00f1as y ni\u00f1os de educaci\u00f3n primaria de [&hellip;]<\/p>\n","protected":false},"author":1,"featured_media":8069,"comment_status":"open","ping_status":"closed","sticky":false,"template":"","format":"standard","meta":{"tdm_status":"","tdm_grid_status":"","footnotes":""},"categories":[39],"tags":[96,190,25,24,97,98,27,60,95,23,308],"class_list":{"0":"post-8061","1":"post","2":"type-post","3":"status-publish","4":"format-standard","5":"has-post-thumbnail","7":"category-othon-pompeyo-blanco","8":"tag-chetumal","9":"tag-dif-quintana-roo","10":"tag-mara-gobernadora","11":"tag-mara-lezama-espinosa","12":"tag-noticias-de-chetumal","13":"tag-noticias-de-othon-pompeyo-blanco","14":"tag-noticias-de-quintana-roo","15":"tag-noticozumel","16":"tag-othon-pompeyo-blanco","17":"tag-quintana-roo","18":"tag-veronica-lezama"},"yoast_head":"<!-- This site is optimized with the Yoast SEO Premium plugin v26.2 (Yoast SEO v26.2) - https:\/\/yoast.com\/wordpress\/plugins\/seo\/ -->\n<title>Entrega Vero Lezama 670 lentes graduados a ni\u00f1as y ni\u00f1os de escuelas primarias de Quintana Roo - NotiCozumel<\/title>\n<meta name=\"robots\" content=\"index, follow, max-snippet:-1, max-image-preview:large, max-video-preview:-1\" \/>\n<link rel=\"canonical\" href=\"https:\/\/noticozumel.mx\/1\/entrega-vero-lezama-670-lentes-graduados-a-ninas-y-ninos-de-escuelas-primarias-de-quintana-roo\/\" \/>\n<meta property=\"og:locale\" content=\"es_ES\" \/>\n<meta property=\"og:type\" content=\"article\" \/>\n<meta property=\"og:title\" content=\"Entrega Vero Lezama 670 lentes graduados a ni\u00f1as y ni\u00f1os de escuelas primarias de Quintana Roo\" \/>\n<meta property=\"og:description\" content=\"Chetumal, Quintana Roo, 12 de marzo de 2026.- Con el objetivo de mejorar la salud visual y el bienestar de las y los quintanarroenses, la presidenta honoraria del DIF Quintana Roo, Ver\u00f3nica Lezama Espinosa, en conjunto con la Fundaci\u00f3n CIMA realizaron la entrega de 670 lentes graduados a ni\u00f1as y ni\u00f1os de educaci\u00f3n primaria de [&hellip;]\" \/>\n<meta property=\"og:url\" content=\"https:\/\/noticozumel.mx\/1\/entrega-vero-lezama-670-lentes-graduados-a-ninas-y-ninos-de-escuelas-primarias-de-quintana-roo\/\" \/>\n<meta property=\"og:site_name\" content=\"NotiCozumel\" \/>\n<meta property=\"article:published_time\" content=\"2026-03-13T00:14:00+00:00\" \/>\n<meta property=\"article:modified_time\" content=\"2026-03-13T14:42:53+00:00\" \/>\n<meta property=\"og:image\" content=\"https:\/\/noticozumel.mx\/1\/wp-content\/uploads\/2026\/03\/Entrega-lentes-DIF-QRoo-Chetumal-1.jpg\" \/>\n\t<meta property=\"og:image:width\" content=\"1256\" \/>\n\t<meta property=\"og:image:height\" content=\"837\" \/>\n\t<meta property=\"og:image:type\" content=\"image\/jpeg\" \/>\n<meta name=\"author\" content=\"Redacci\u00f3n\" \/>\n<meta name=\"twitter:card\" content=\"summary_large_image\" \/>\n<meta name=\"twitter:label1\" content=\"Escrito por\" \/>\n\t<meta name=\"twitter:data1\" content=\"Redacci\u00f3n\" \/>\n\t<meta name=\"twitter:label2\" content=\"Tiempo de lectura\" \/>\n\t<meta name=\"twitter:data2\" content=\"4 minutos\" \/>\n<script type=\"application\/ld+json\" class=\"yoast-schema-graph\">{\"@context\":\"https:\/\/schema.org\",\"@graph\":[{\"@type\":\"WebPage\",\"@id\":\"https:\/\/noticozumel.mx\/1\/entrega-vero-lezama-670-lentes-graduados-a-ninas-y-ninos-de-escuelas-primarias-de-quintana-roo\/\",\"url\":\"https:\/\/noticozumel.mx\/1\/entrega-vero-lezama-670-lentes-graduados-a-ninas-y-ninos-de-escuelas-primarias-de-quintana-roo\/\",\"name\":\"Entrega Vero Lezama 670 lentes graduados a ni\u00f1as y ni\u00f1os de escuelas primarias de Quintana Roo - NotiCozumel\",\"isPartOf\":{\"@id\":\"https:\/\/noticozumel.mx\/1\/#website\"},\"primaryImageOfPage\":{\"@id\":\"https:\/\/noticozumel.mx\/1\/entrega-vero-lezama-670-lentes-graduados-a-ninas-y-ninos-de-escuelas-primarias-de-quintana-roo\/#primaryimage\"},\"image\":{\"@id\":\"https:\/\/noticozumel.mx\/1\/entrega-vero-lezama-670-lentes-graduados-a-ninas-y-ninos-de-escuelas-primarias-de-quintana-roo\/#primaryimage\"},\"thumbnailUrl\":\"https:\/\/noticozumel.mx\/1\/wp-content\/uploads\/2026\/03\/Entrega-lentes-DIF-QRoo-Chetumal-1.jpg\",\"datePublished\":\"2026-03-13T00:14:00+00:00\",\"dateModified\":\"2026-03-13T14:42:53+00:00\",\"author\":{\"@id\":\"https:\/\/noticozumel.mx\/1\/#\/schema\/person\/a3353279fd7f37e86677893e0510943b\"},\"breadcrumb\":{\"@id\":\"https:\/\/noticozumel.mx\/1\/entrega-vero-lezama-670-lentes-graduados-a-ninas-y-ninos-de-escuelas-primarias-de-quintana-roo\/#breadcrumb\"},\"inLanguage\":\"es\",\"potentialAction\":[{\"@type\":\"ReadAction\",\"target\":[\"https:\/\/noticozumel.mx\/1\/entrega-vero-lezama-670-lentes-graduados-a-ninas-y-ninos-de-escuelas-primarias-de-quintana-roo\/\"]}]},{\"@type\":\"ImageObject\",\"inLanguage\":\"es\",\"@id\":\"https:\/\/noticozumel.mx\/1\/entrega-vero-lezama-670-lentes-graduados-a-ninas-y-ninos-de-escuelas-primarias-de-quintana-roo\/#primaryimage\",\"url\":\"https:\/\/noticozumel.mx\/1\/wp-content\/uploads\/2026\/03\/Entrega-lentes-DIF-QRoo-Chetumal-1.jpg\",\"contentUrl\":\"https:\/\/noticozumel.mx\/1\/wp-content\/uploads\/2026\/03\/Entrega-lentes-DIF-QRoo-Chetumal-1.jpg\",\"width\":1256,\"height\":837},{\"@type\":\"BreadcrumbList\",\"@id\":\"https:\/\/noticozumel.mx\/1\/entrega-vero-lezama-670-lentes-graduados-a-ninas-y-ninos-de-escuelas-primarias-de-quintana-roo\/#breadcrumb\",\"itemListElement\":[{\"@type\":\"ListItem\",\"position\":1,\"name\":\"Portada\",\"item\":\"https:\/\/noticozumel.mx\/1\/\"},{\"@type\":\"ListItem\",\"position\":2,\"name\":\"Entrega Vero Lezama 670 lentes graduados a ni\u00f1as y ni\u00f1os de escuelas primarias de Quintana Roo\"}]},{\"@type\":\"WebSite\",\"@id\":\"https:\/\/noticozumel.mx\/1\/#website\",\"url\":\"https:\/\/noticozumel.mx\/1\/\",\"name\":\"NotiCozumel\",\"description\":\"Las noticias al alcance de todos\",\"potentialAction\":[{\"@type\":\"SearchAction\",\"target\":{\"@type\":\"EntryPoint\",\"urlTemplate\":\"https:\/\/noticozumel.mx\/1\/?s={search_term_string}\"},\"query-input\":{\"@type\":\"PropertyValueSpecification\",\"valueRequired\":true,\"valueName\":\"search_term_string\"}}],\"inLanguage\":\"es\"},{\"@type\":\"Person\",\"@id\":\"https:\/\/noticozumel.mx\/1\/#\/schema\/person\/a3353279fd7f37e86677893e0510943b\",\"name\":\"Redacci\u00f3n\",\"image\":{\"@type\":\"ImageObject\",\"inLanguage\":\"es\",\"@id\":\"https:\/\/noticozumel.mx\/1\/#\/schema\/person\/image\/\",\"url\":\"https:\/\/secure.gravatar.com\/avatar\/92c1decdbf2b01a0b3a758c19f5bf7b7b7c7ad1ebf1b8f407a69813d9948f6d0?s=96&d=mm&r=g\",\"contentUrl\":\"https:\/\/secure.gravatar.com\/avatar\/92c1decdbf2b01a0b3a758c19f5bf7b7b7c7ad1ebf1b8f407a69813d9948f6d0?s=96&d=mm&r=g\",\"caption\":\"Redacci\u00f3n\"},\"url\":\"https:\/\/noticozumel.mx\/1\/author\/admin\/\"}]}<\/script>\n<!-- \/ Yoast SEO Premium plugin. -->","yoast_head_json":{"title":"Entrega Vero Lezama 670 lentes graduados a ni\u00f1as y ni\u00f1os de escuelas primarias de Quintana Roo - NotiCozumel","robots":{"index":"index","follow":"follow","max-snippet":"max-snippet:-1","max-image-preview":"max-image-preview:large","max-video-preview":"max-video-preview:-1"},"canonical":"https:\/\/noticozumel.mx\/1\/entrega-vero-lezama-670-lentes-graduados-a-ninas-y-ninos-de-escuelas-primarias-de-quintana-roo\/","og_locale":"es_ES","og_type":"article","og_title":"Entrega Vero Lezama 670 lentes graduados a ni\u00f1as y ni\u00f1os de escuelas primarias de Quintana Roo","og_description":"Chetumal, Quintana Roo, 12 de marzo de 2026.- Con el objetivo de mejorar la salud visual y el bienestar de las y los quintanarroenses, la presidenta honoraria del DIF Quintana Roo, Ver\u00f3nica Lezama Espinosa, en conjunto con la Fundaci\u00f3n CIMA realizaron la entrega de 670 lentes graduados a ni\u00f1as y ni\u00f1os de educaci\u00f3n primaria de [&hellip;]","og_url":"https:\/\/noticozumel.mx\/1\/entrega-vero-lezama-670-lentes-graduados-a-ninas-y-ninos-de-escuelas-primarias-de-quintana-roo\/","og_site_name":"NotiCozumel","article_published_time":"2026-03-13T00:14:00+00:00","article_modified_time":"2026-03-13T14:42:53+00:00","og_image":[{"width":1256,"height":837,"url":"https:\/\/noticozumel.mx\/1\/wp-content\/uploads\/2026\/03\/Entrega-lentes-DIF-QRoo-Chetumal-1.jpg","type":"image\/jpeg"}],"author":"Redacci\u00f3n","twitter_card":"summary_large_image","twitter_misc":{"Escrito por":"Redacci\u00f3n","Tiempo de lectura":"4 minutos"},"schema":{"@context":"https:\/\/schema.org","@graph":[{"@type":"WebPage","@id":"https:\/\/noticozumel.mx\/1\/entrega-vero-lezama-670-lentes-graduados-a-ninas-y-ninos-de-escuelas-primarias-de-quintana-roo\/","url":"https:\/\/noticozumel.mx\/1\/entrega-vero-lezama-670-lentes-graduados-a-ninas-y-ninos-de-escuelas-primarias-de-quintana-roo\/","name":"Entrega Vero Lezama 670 lentes graduados a ni\u00f1as y ni\u00f1os de escuelas primarias de Quintana Roo - NotiCozumel","isPartOf":{"@id":"https:\/\/noticozumel.mx\/1\/#website"},"primaryImageOfPage":{"@id":"https:\/\/noticozumel.mx\/1\/entrega-vero-lezama-670-lentes-graduados-a-ninas-y-ninos-de-escuelas-primarias-de-quintana-roo\/#primaryimage"},"image":{"@id":"https:\/\/noticozumel.mx\/1\/entrega-vero-lezama-670-lentes-graduados-a-ninas-y-ninos-de-escuelas-primarias-de-quintana-roo\/#primaryimage"},"thumbnailUrl":"https:\/\/noticozumel.mx\/1\/wp-content\/uploads\/2026\/03\/Entrega-lentes-DIF-QRoo-Chetumal-1.jpg","datePublished":"2026-03-13T00:14:00+00:00","dateModified":"2026-03-13T14:42:53+00:00","author":{"@id":"https:\/\/noticozumel.mx\/1\/#\/schema\/person\/a3353279fd7f37e86677893e0510943b"},"breadcrumb":{"@id":"https:\/\/noticozumel.mx\/1\/entrega-vero-lezama-670-lentes-graduados-a-ninas-y-ninos-de-escuelas-primarias-de-quintana-roo\/#breadcrumb"},"inLanguage":"es","potentialAction":[{"@type":"ReadAction","target":["https:\/\/noticozumel.mx\/1\/entrega-vero-lezama-670-lentes-graduados-a-ninas-y-ninos-de-escuelas-primarias-de-quintana-roo\/"]}]},{"@type":"ImageObject","inLanguage":"es","@id":"https:\/\/noticozumel.mx\/1\/entrega-vero-lezama-670-lentes-graduados-a-ninas-y-ninos-de-escuelas-primarias-de-quintana-roo\/#primaryimage","url":"https:\/\/noticozumel.mx\/1\/wp-content\/uploads\/2026\/03\/Entrega-lentes-DIF-QRoo-Chetumal-1.jpg","contentUrl":"https:\/\/noticozumel.mx\/1\/wp-content\/uploads\/2026\/03\/Entrega-lentes-DIF-QRoo-Chetumal-1.jpg","width":1256,"height":837},{"@type":"BreadcrumbList","@id":"https:\/\/noticozumel.mx\/1\/entrega-vero-lezama-670-lentes-graduados-a-ninas-y-ninos-de-escuelas-primarias-de-quintana-roo\/#breadcrumb","itemListElement":[{"@type":"ListItem","position":1,"name":"Portada","item":"https:\/\/noticozumel.mx\/1\/"},{"@type":"ListItem","position":2,"name":"Entrega Vero Lezama 670 lentes graduados a ni\u00f1as y ni\u00f1os de escuelas primarias de Quintana Roo"}]},{"@type":"WebSite","@id":"https:\/\/noticozumel.mx\/1\/#website","url":"https:\/\/noticozumel.mx\/1\/","name":"NotiCozumel","description":"Las noticias al alcance de todos","potentialAction":[{"@type":"SearchAction","target":{"@type":"EntryPoint","urlTemplate":"https:\/\/noticozumel.mx\/1\/?s={search_term_string}"},"query-input":{"@type":"PropertyValueSpecification","valueRequired":true,"valueName":"search_term_string"}}],"inLanguage":"es"},{"@type":"Person","@id":"https:\/\/noticozumel.mx\/1\/#\/schema\/person\/a3353279fd7f37e86677893e0510943b","name":"Redacci\u00f3n","image":{"@type":"ImageObject","inLanguage":"es","@id":"https:\/\/noticozumel.mx\/1\/#\/schema\/person\/image\/","url":"https:\/\/secure.gravatar.com\/avatar\/92c1decdbf2b01a0b3a758c19f5bf7b7b7c7ad1ebf1b8f407a69813d9948f6d0?s=96&d=mm&r=g","contentUrl":"https:\/\/secure.gravatar.com\/avatar\/92c1decdbf2b01a0b3a758c19f5bf7b7b7c7ad1ebf1b8f407a69813d9948f6d0?s=96&d=mm&r=g","caption":"Redacci\u00f3n"},"url":"https:\/\/noticozumel.mx\/1\/author\/admin\/"}]}},"_links":{"self":[{"href":"https:\/\/noticozumel.mx\/1\/wp-json\/wp\/v2\/posts\/8061","targetHints":{"allow":["GET"]}}],"collection":[{"href":"https:\/\/noticozumel.mx\/1\/wp-json\/wp\/v2\/posts"}],"about":[{"href":"https:\/\/noticozumel.mx\/1\/wp-json\/wp\/v2\/types\/post"}],"author":[{"embeddable":true,"href":"https:\/\/noticozumel.mx\/1\/wp-json\/wp\/v2\/users\/1"}],"replies":[{"embeddable":true,"href":"https:\/\/noticozumel.mx\/1\/wp-json\/wp\/v2\/comments?post=8061"}],"version-history":[{"count":1,"href":"https:\/\/noticozumel.mx\/1\/wp-json\/wp\/v2\/posts\/8061\/revisions"}],"predecessor-version":[{"id":8070,"href":"https:\/\/noticozumel.mx\/1\/wp-json\/wp\/v2\/posts\/8061\/revisions\/8070"}],"wp:featuredmedia":[{"embeddable":true,"href":"https:\/\/noticozumel.mx\/1\/wp-json\/wp\/v2\/media\/8069"}],"wp:attachment":[{"href":"https:\/\/noticozumel.mx\/1\/wp-json\/wp\/v2\/media?parent=8061"}],"wp:term":[{"taxonomy":"category","embeddable":true,"href":"https:\/\/noticozumel.mx\/1\/wp-json\/wp\/v2\/categories?post=8061"},{"taxonomy":"post_tag","embeddable":true,"href":"https:\/\/noticozumel.mx\/1\/wp-json\/wp\/v2\/tags?post=8061"}],"curies":[{"name":"wp","href":"https:\/\/api.w.org\/{rel}","templated":true}]}}