{"id":8083,"date":"2026-03-12T19:56:00","date_gmt":"2026-03-13T00:56:00","guid":{"rendered":"https:\/\/noticozumel.mx\/1\/?p=8083"},"modified":"2026-03-13T09:59:14","modified_gmt":"2026-03-13T14:59:14","slug":"invertiremos-mas-de-321-mdp-en-obras-de-justicia-social-ana-paty-peralta","status":"publish","type":"post","link":"https:\/\/noticozumel.mx\/1\/invertiremos-mas-de-321-mdp-en-obras-de-justicia-social-ana-paty-peralta\/","title":{"rendered":"Invertiremos m\u00e1s de 321 MDP en obras de justicia social: Ana Paty Peralta"},"content":{"rendered":"\n<p>Canc\u00fan, Quintana Roo , 12 de marzo de 2026.- \u201cEn nuestro gobierno vamos a priorizar a los que menos tienen, a las colonias que durante muchos a\u00f1os estuvieron completamente olvidadas; este es el primer gobierno que realmente le cumple a la gente con obras totalmente integrales\u201d, subray\u00f3 la Presidenta Municipal, Ana Paty Peralta, tras la aprobaci\u00f3n del Programa de Inversi\u00f3n Anual (PIA) 2026 durante la Trig\u00e9sima Sexta Sesi\u00f3n Ordinaria de Cabildo.<\/p>\n\n\n\n<figure class=\"wp-block-image size-large\"><img loading=\"lazy\" decoding=\"async\" width=\"1024\" height=\"792\" src=\"https:\/\/noticozumel.mx\/1\/wp-content\/uploads\/2026\/03\/Inversion-Cancun-321-MDP-Ana-Paty-1-1024x792.jpg\" alt=\"\" class=\"wp-image-8087\" srcset=\"https:\/\/noticozumel.mx\/1\/wp-content\/uploads\/2026\/03\/Inversion-Cancun-321-MDP-Ana-Paty-1-1024x792.jpg 1024w, https:\/\/noticozumel.mx\/1\/wp-content\/uploads\/2026\/03\/Inversion-Cancun-321-MDP-Ana-Paty-1-300x232.jpg 300w, https:\/\/noticozumel.mx\/1\/wp-content\/uploads\/2026\/03\/Inversion-Cancun-321-MDP-Ana-Paty-1-768x594.jpg 768w, https:\/\/noticozumel.mx\/1\/wp-content\/uploads\/2026\/03\/Inversion-Cancun-321-MDP-Ana-Paty-1-1536x1188.jpg 1536w, https:\/\/noticozumel.mx\/1\/wp-content\/uploads\/2026\/03\/Inversion-Cancun-321-MDP-Ana-Paty-1-543x420.jpg 543w, https:\/\/noticozumel.mx\/1\/wp-content\/uploads\/2026\/03\/Inversion-Cancun-321-MDP-Ana-Paty-1-150x116.jpg 150w, https:\/\/noticozumel.mx\/1\/wp-content\/uploads\/2026\/03\/Inversion-Cancun-321-MDP-Ana-Paty-1-696x539.jpg 696w, https:\/\/noticozumel.mx\/1\/wp-content\/uploads\/2026\/03\/Inversion-Cancun-321-MDP-Ana-Paty-1-1068x826.jpg 1068w, https:\/\/noticozumel.mx\/1\/wp-content\/uploads\/2026\/03\/Inversion-Cancun-321-MDP-Ana-Paty-1.jpg 1600w\" sizes=\"auto, (max-width: 1024px) 100vw, 1024px\" \/><\/figure>\n\n\n\n<p>La Primera Autoridad Municipal detall\u00f3 que el PIA contempla m\u00e1s de 190 millones de pesos en proyectos nuevos, a lo que se suman m\u00e1s de 130 millones de pesos en obras bianuales refrendadas, para sumar m\u00e1s de 321 millones para seguir construyendo el bienestar de la ciudad.<\/p>\n\n\n\n<p>En el recinto oficial \u201cSala 20 de abril\u201d, indic\u00f3 que una parte importante ser\u00e1 para trabajos integrales que van de 0 a 100, en colonias como \u201cEl Diamante\u201d y \u201cSan Alfredo\u201d, donde se dotar\u00e1 de pavimentaci\u00f3n, guarniciones, alumbrado p\u00fablico, se\u00f1al\u00e9tica y sistema de captaci\u00f3n de agua pluvial.<\/p>\n\n\n\n<figure class=\"wp-block-image size-large\"><img loading=\"lazy\" decoding=\"async\" width=\"1024\" height=\"584\" src=\"https:\/\/noticozumel.mx\/1\/wp-content\/uploads\/2026\/03\/Inversion-Cancun-321-MDP-Ana-Paty-5-1024x584.jpg\" alt=\"\" class=\"wp-image-8086\" srcset=\"https:\/\/noticozumel.mx\/1\/wp-content\/uploads\/2026\/03\/Inversion-Cancun-321-MDP-Ana-Paty-5-1024x584.jpg 1024w, https:\/\/noticozumel.mx\/1\/wp-content\/uploads\/2026\/03\/Inversion-Cancun-321-MDP-Ana-Paty-5-300x171.jpg 300w, https:\/\/noticozumel.mx\/1\/wp-content\/uploads\/2026\/03\/Inversion-Cancun-321-MDP-Ana-Paty-5-768x438.jpg 768w, https:\/\/noticozumel.mx\/1\/wp-content\/uploads\/2026\/03\/Inversion-Cancun-321-MDP-Ana-Paty-5-736x420.jpg 736w, https:\/\/noticozumel.mx\/1\/wp-content\/uploads\/2026\/03\/Inversion-Cancun-321-MDP-Ana-Paty-5-150x86.jpg 150w, https:\/\/noticozumel.mx\/1\/wp-content\/uploads\/2026\/03\/Inversion-Cancun-321-MDP-Ana-Paty-5-696x397.jpg 696w, https:\/\/noticozumel.mx\/1\/wp-content\/uploads\/2026\/03\/Inversion-Cancun-321-MDP-Ana-Paty-5-1068x609.jpg 1068w, https:\/\/noticozumel.mx\/1\/wp-content\/uploads\/2026\/03\/Inversion-Cancun-321-MDP-Ana-Paty-5.jpg 1280w\" sizes=\"auto, (max-width: 1024px) 100vw, 1024px\" \/><\/figure>\n\n\n\n<p>Agreg\u00f3 que, en inversi\u00f3n para movilidad, se contempla la siguiente etapa de rehabilitaci\u00f3n de la Avenida Kabah, en su \u00faltimo tramo entre Ni\u00f1os H\u00e9roes y Tules, adem\u00e1s de la Avenida Nazareth, entre Colosio y Huayac\u00e1n; acciones complementarias de conectividad para el Puente Nichupt\u00e9 y la restauraci\u00f3n del Monumento a la Historia de M\u00e9xico, entre otras acciones.<\/p>\n\n\n\n<p>Por otro lado, el cuerpo cabildar autoriz\u00f3 por unanimidad de votos una pr\u00f3rroga para presentar los tr\u00e1mites de refrendo declarativo anual de licencias de funcionamiento para el presente ejercicio fiscal 2026, que ser\u00e1 del 16 de marzo al 15 de abril, para apoyar a los comercios y sectores productivos, as\u00ed como facilitar la regularizaci\u00f3n de negocios.<\/p>\n\n\n\n<figure class=\"wp-block-image size-large\"><img loading=\"lazy\" decoding=\"async\" width=\"1024\" height=\"678\" src=\"https:\/\/noticozumel.mx\/1\/wp-content\/uploads\/2026\/03\/Inversion-Cancun-321-MDP-Ana-Paty-4-1024x678.jpg\" alt=\"\" class=\"wp-image-8085\" srcset=\"https:\/\/noticozumel.mx\/1\/wp-content\/uploads\/2026\/03\/Inversion-Cancun-321-MDP-Ana-Paty-4-1024x678.jpg 1024w, https:\/\/noticozumel.mx\/1\/wp-content\/uploads\/2026\/03\/Inversion-Cancun-321-MDP-Ana-Paty-4-300x199.jpg 300w, https:\/\/noticozumel.mx\/1\/wp-content\/uploads\/2026\/03\/Inversion-Cancun-321-MDP-Ana-Paty-4-768x509.jpg 768w, https:\/\/noticozumel.mx\/1\/wp-content\/uploads\/2026\/03\/Inversion-Cancun-321-MDP-Ana-Paty-4-634x420.jpg 634w, https:\/\/noticozumel.mx\/1\/wp-content\/uploads\/2026\/03\/Inversion-Cancun-321-MDP-Ana-Paty-4-150x99.jpg 150w, https:\/\/noticozumel.mx\/1\/wp-content\/uploads\/2026\/03\/Inversion-Cancun-321-MDP-Ana-Paty-4-696x461.jpg 696w, https:\/\/noticozumel.mx\/1\/wp-content\/uploads\/2026\/03\/Inversion-Cancun-321-MDP-Ana-Paty-4-1068x708.jpg 1068w, https:\/\/noticozumel.mx\/1\/wp-content\/uploads\/2026\/03\/Inversion-Cancun-321-MDP-Ana-Paty-4.jpg 1280w\" sizes=\"auto, (max-width: 1024px) 100vw, 1024px\" \/><\/figure>\n\n\n\n<p>En \u00faltima instancia, se aval\u00f3 por unanimidad turnar a comisiones diversas disposiciones al Bando de Gobierno y Polic\u00eda del Municipio, para fortalecer el marco jur\u00eddico para regular y atender inmuebles en estado de abandono en la ciudad.<\/p>\n\n\n\n<figure class=\"wp-block-image size-large\"><img loading=\"lazy\" decoding=\"async\" width=\"1024\" height=\"683\" src=\"https:\/\/noticozumel.mx\/1\/wp-content\/uploads\/2026\/03\/Inversion-Cancun-321-MDP-Ana-Paty-3-1024x683.jpg\" alt=\"\" class=\"wp-image-8084\" srcset=\"https:\/\/noticozumel.mx\/1\/wp-content\/uploads\/2026\/03\/Inversion-Cancun-321-MDP-Ana-Paty-3-1024x683.jpg 1024w, https:\/\/noticozumel.mx\/1\/wp-content\/uploads\/2026\/03\/Inversion-Cancun-321-MDP-Ana-Paty-3-300x200.jpg 300w, https:\/\/noticozumel.mx\/1\/wp-content\/uploads\/2026\/03\/Inversion-Cancun-321-MDP-Ana-Paty-3-768x512.jpg 768w, https:\/\/noticozumel.mx\/1\/wp-content\/uploads\/2026\/03\/Inversion-Cancun-321-MDP-Ana-Paty-3-630x420.jpg 630w, https:\/\/noticozumel.mx\/1\/wp-content\/uploads\/2026\/03\/Inversion-Cancun-321-MDP-Ana-Paty-3-150x100.jpg 150w, https:\/\/noticozumel.mx\/1\/wp-content\/uploads\/2026\/03\/Inversion-Cancun-321-MDP-Ana-Paty-3-696x464.jpg 696w, https:\/\/noticozumel.mx\/1\/wp-content\/uploads\/2026\/03\/Inversion-Cancun-321-MDP-Ana-Paty-3-1068x713.jpg 1068w, https:\/\/noticozumel.mx\/1\/wp-content\/uploads\/2026\/03\/Inversion-Cancun-321-MDP-Ana-Paty-3.jpg 1280w\" sizes=\"auto, (max-width: 1024px) 100vw, 1024px\" \/><\/figure>\n","protected":false},"excerpt":{"rendered":"<p>Canc\u00fan, Quintana Roo , 12 de marzo de 2026.- \u201cEn nuestro gobierno vamos a priorizar a los que menos tienen, a las colonias que durante muchos a\u00f1os estuvieron completamente olvidadas; este es el primer gobierno que realmente le cumple a la gente con obras totalmente integrales\u201d, subray\u00f3 la Presidenta Municipal, Ana Paty Peralta, tras la [&hellip;]<\/p>\n","protected":false},"author":1,"featured_media":8088,"comment_status":"open","ping_status":"closed","sticky":false,"template":"","format":"standard","meta":{"tdm_status":"","tdm_grid_status":"","footnotes":""},"categories":[47],"tags":[89,88,22,21,26,27,60,23],"class_list":{"0":"post-8083","1":"post","2":"type-post","3":"status-publish","4":"format-standard","5":"has-post-thumbnail","7":"category-benito-juarez","8":"tag-ana-patricia-peralta","9":"tag-ana-paty-peralta","10":"tag-benito-juarez","11":"tag-cancun","12":"tag-noticias-de-cancun","13":"tag-noticias-de-quintana-roo","14":"tag-noticozumel","15":"tag-quintana-roo"},"yoast_head":"<!-- This site is optimized with the Yoast SEO Premium plugin v26.2 (Yoast SEO v26.2) - https:\/\/yoast.com\/wordpress\/plugins\/seo\/ -->\n<title>Invertiremos m\u00e1s de 321 MDP en obras de justicia social: Ana Paty Peralta - NotiCozumel<\/title>\n<meta name=\"robots\" content=\"index, follow, max-snippet:-1, max-image-preview:large, max-video-preview:-1\" \/>\n<link rel=\"canonical\" href=\"https:\/\/noticozumel.mx\/1\/invertiremos-mas-de-321-mdp-en-obras-de-justicia-social-ana-paty-peralta\/\" \/>\n<meta property=\"og:locale\" content=\"es_ES\" \/>\n<meta property=\"og:type\" content=\"article\" \/>\n<meta property=\"og:title\" content=\"Invertiremos m\u00e1s de 321 MDP en obras de justicia social: Ana Paty Peralta\" \/>\n<meta property=\"og:description\" content=\"Canc\u00fan, Quintana Roo , 12 de marzo de 2026.- \u201cEn nuestro gobierno vamos a priorizar a los que menos tienen, a las colonias que durante muchos a\u00f1os estuvieron completamente olvidadas; este es el primer gobierno que realmente le cumple a la gente con obras totalmente integrales\u201d, subray\u00f3 la Presidenta Municipal, Ana Paty Peralta, tras la [&hellip;]\" \/>\n<meta property=\"og:url\" content=\"https:\/\/noticozumel.mx\/1\/invertiremos-mas-de-321-mdp-en-obras-de-justicia-social-ana-paty-peralta\/\" \/>\n<meta property=\"og:site_name\" content=\"NotiCozumel\" \/>\n<meta property=\"article:published_time\" content=\"2026-03-13T00:56:00+00:00\" \/>\n<meta property=\"article:modified_time\" content=\"2026-03-13T14:59:14+00:00\" \/>\n<meta property=\"og:image\" content=\"https:\/\/noticozumel.mx\/1\/wp-content\/uploads\/2026\/03\/Inversion-Cancun-321-MDP-Ana-Paty-2.jpg\" \/>\n\t<meta property=\"og:image:width\" content=\"1280\" \/>\n\t<meta property=\"og:image:height\" content=\"944\" \/>\n\t<meta property=\"og:image:type\" content=\"image\/jpeg\" \/>\n<meta name=\"author\" content=\"Redacci\u00f3n\" \/>\n<meta name=\"twitter:card\" content=\"summary_large_image\" \/>\n<meta name=\"twitter:label1\" content=\"Escrito por\" \/>\n\t<meta name=\"twitter:data1\" content=\"Redacci\u00f3n\" \/>\n\t<meta name=\"twitter:label2\" content=\"Tiempo de lectura\" \/>\n\t<meta name=\"twitter:data2\" content=\"3 minutos\" \/>\n<script type=\"application\/ld+json\" class=\"yoast-schema-graph\">{\"@context\":\"https:\/\/schema.org\",\"@graph\":[{\"@type\":\"WebPage\",\"@id\":\"https:\/\/noticozumel.mx\/1\/invertiremos-mas-de-321-mdp-en-obras-de-justicia-social-ana-paty-peralta\/\",\"url\":\"https:\/\/noticozumel.mx\/1\/invertiremos-mas-de-321-mdp-en-obras-de-justicia-social-ana-paty-peralta\/\",\"name\":\"Invertiremos m\u00e1s de 321 MDP en obras de justicia social: Ana Paty Peralta - NotiCozumel\",\"isPartOf\":{\"@id\":\"https:\/\/noticozumel.mx\/1\/#website\"},\"primaryImageOfPage\":{\"@id\":\"https:\/\/noticozumel.mx\/1\/invertiremos-mas-de-321-mdp-en-obras-de-justicia-social-ana-paty-peralta\/#primaryimage\"},\"image\":{\"@id\":\"https:\/\/noticozumel.mx\/1\/invertiremos-mas-de-321-mdp-en-obras-de-justicia-social-ana-paty-peralta\/#primaryimage\"},\"thumbnailUrl\":\"https:\/\/noticozumel.mx\/1\/wp-content\/uploads\/2026\/03\/Inversion-Cancun-321-MDP-Ana-Paty-2.jpg\",\"datePublished\":\"2026-03-13T00:56:00+00:00\",\"dateModified\":\"2026-03-13T14:59:14+00:00\",\"author\":{\"@id\":\"https:\/\/noticozumel.mx\/1\/#\/schema\/person\/a3353279fd7f37e86677893e0510943b\"},\"breadcrumb\":{\"@id\":\"https:\/\/noticozumel.mx\/1\/invertiremos-mas-de-321-mdp-en-obras-de-justicia-social-ana-paty-peralta\/#breadcrumb\"},\"inLanguage\":\"es\",\"potentialAction\":[{\"@type\":\"ReadAction\",\"target\":[\"https:\/\/noticozumel.mx\/1\/invertiremos-mas-de-321-mdp-en-obras-de-justicia-social-ana-paty-peralta\/\"]}]},{\"@type\":\"ImageObject\",\"inLanguage\":\"es\",\"@id\":\"https:\/\/noticozumel.mx\/1\/invertiremos-mas-de-321-mdp-en-obras-de-justicia-social-ana-paty-peralta\/#primaryimage\",\"url\":\"https:\/\/noticozumel.mx\/1\/wp-content\/uploads\/2026\/03\/Inversion-Cancun-321-MDP-Ana-Paty-2.jpg\",\"contentUrl\":\"https:\/\/noticozumel.mx\/1\/wp-content\/uploads\/2026\/03\/Inversion-Cancun-321-MDP-Ana-Paty-2.jpg\",\"width\":1280,\"height\":944},{\"@type\":\"BreadcrumbList\",\"@id\":\"https:\/\/noticozumel.mx\/1\/invertiremos-mas-de-321-mdp-en-obras-de-justicia-social-ana-paty-peralta\/#breadcrumb\",\"itemListElement\":[{\"@type\":\"ListItem\",\"position\":1,\"name\":\"Portada\",\"item\":\"https:\/\/noticozumel.mx\/1\/\"},{\"@type\":\"ListItem\",\"position\":2,\"name\":\"Invertiremos m\u00e1s de 321 MDP en obras de justicia social: Ana Paty Peralta\"}]},{\"@type\":\"WebSite\",\"@id\":\"https:\/\/noticozumel.mx\/1\/#website\",\"url\":\"https:\/\/noticozumel.mx\/1\/\",\"name\":\"NotiCozumel\",\"description\":\"Las noticias al alcance de todos\",\"potentialAction\":[{\"@type\":\"SearchAction\",\"target\":{\"@type\":\"EntryPoint\",\"urlTemplate\":\"https:\/\/noticozumel.mx\/1\/?s={search_term_string}\"},\"query-input\":{\"@type\":\"PropertyValueSpecification\",\"valueRequired\":true,\"valueName\":\"search_term_string\"}}],\"inLanguage\":\"es\"},{\"@type\":\"Person\",\"@id\":\"https:\/\/noticozumel.mx\/1\/#\/schema\/person\/a3353279fd7f37e86677893e0510943b\",\"name\":\"Redacci\u00f3n\",\"image\":{\"@type\":\"ImageObject\",\"inLanguage\":\"es\",\"@id\":\"https:\/\/noticozumel.mx\/1\/#\/schema\/person\/image\/\",\"url\":\"https:\/\/secure.gravatar.com\/avatar\/92c1decdbf2b01a0b3a758c19f5bf7b7b7c7ad1ebf1b8f407a69813d9948f6d0?s=96&d=mm&r=g\",\"contentUrl\":\"https:\/\/secure.gravatar.com\/avatar\/92c1decdbf2b01a0b3a758c19f5bf7b7b7c7ad1ebf1b8f407a69813d9948f6d0?s=96&d=mm&r=g\",\"caption\":\"Redacci\u00f3n\"},\"url\":\"https:\/\/noticozumel.mx\/1\/author\/admin\/\"}]}<\/script>\n<!-- \/ Yoast SEO Premium plugin. -->","yoast_head_json":{"title":"Invertiremos m\u00e1s de 321 MDP en obras de justicia social: Ana Paty Peralta - NotiCozumel","robots":{"index":"index","follow":"follow","max-snippet":"max-snippet:-1","max-image-preview":"max-image-preview:large","max-video-preview":"max-video-preview:-1"},"canonical":"https:\/\/noticozumel.mx\/1\/invertiremos-mas-de-321-mdp-en-obras-de-justicia-social-ana-paty-peralta\/","og_locale":"es_ES","og_type":"article","og_title":"Invertiremos m\u00e1s de 321 MDP en obras de justicia social: Ana Paty Peralta","og_description":"Canc\u00fan, Quintana Roo , 12 de marzo de 2026.- \u201cEn nuestro gobierno vamos a priorizar a los que menos tienen, a las colonias que durante muchos a\u00f1os estuvieron completamente olvidadas; este es el primer gobierno que realmente le cumple a la gente con obras totalmente integrales\u201d, subray\u00f3 la Presidenta Municipal, Ana Paty Peralta, tras la [&hellip;]","og_url":"https:\/\/noticozumel.mx\/1\/invertiremos-mas-de-321-mdp-en-obras-de-justicia-social-ana-paty-peralta\/","og_site_name":"NotiCozumel","article_published_time":"2026-03-13T00:56:00+00:00","article_modified_time":"2026-03-13T14:59:14+00:00","og_image":[{"width":1280,"height":944,"url":"https:\/\/noticozumel.mx\/1\/wp-content\/uploads\/2026\/03\/Inversion-Cancun-321-MDP-Ana-Paty-2.jpg","type":"image\/jpeg"}],"author":"Redacci\u00f3n","twitter_card":"summary_large_image","twitter_misc":{"Escrito por":"Redacci\u00f3n","Tiempo de lectura":"3 minutos"},"schema":{"@context":"https:\/\/schema.org","@graph":[{"@type":"WebPage","@id":"https:\/\/noticozumel.mx\/1\/invertiremos-mas-de-321-mdp-en-obras-de-justicia-social-ana-paty-peralta\/","url":"https:\/\/noticozumel.mx\/1\/invertiremos-mas-de-321-mdp-en-obras-de-justicia-social-ana-paty-peralta\/","name":"Invertiremos m\u00e1s de 321 MDP en obras de justicia social: Ana Paty Peralta - NotiCozumel","isPartOf":{"@id":"https:\/\/noticozumel.mx\/1\/#website"},"primaryImageOfPage":{"@id":"https:\/\/noticozumel.mx\/1\/invertiremos-mas-de-321-mdp-en-obras-de-justicia-social-ana-paty-peralta\/#primaryimage"},"image":{"@id":"https:\/\/noticozumel.mx\/1\/invertiremos-mas-de-321-mdp-en-obras-de-justicia-social-ana-paty-peralta\/#primaryimage"},"thumbnailUrl":"https:\/\/noticozumel.mx\/1\/wp-content\/uploads\/2026\/03\/Inversion-Cancun-321-MDP-Ana-Paty-2.jpg","datePublished":"2026-03-13T00:56:00+00:00","dateModified":"2026-03-13T14:59:14+00:00","author":{"@id":"https:\/\/noticozumel.mx\/1\/#\/schema\/person\/a3353279fd7f37e86677893e0510943b"},"breadcrumb":{"@id":"https:\/\/noticozumel.mx\/1\/invertiremos-mas-de-321-mdp-en-obras-de-justicia-social-ana-paty-peralta\/#breadcrumb"},"inLanguage":"es","potentialAction":[{"@type":"ReadAction","target":["https:\/\/noticozumel.mx\/1\/invertiremos-mas-de-321-mdp-en-obras-de-justicia-social-ana-paty-peralta\/"]}]},{"@type":"ImageObject","inLanguage":"es","@id":"https:\/\/noticozumel.mx\/1\/invertiremos-mas-de-321-mdp-en-obras-de-justicia-social-ana-paty-peralta\/#primaryimage","url":"https:\/\/noticozumel.mx\/1\/wp-content\/uploads\/2026\/03\/Inversion-Cancun-321-MDP-Ana-Paty-2.jpg","contentUrl":"https:\/\/noticozumel.mx\/1\/wp-content\/uploads\/2026\/03\/Inversion-Cancun-321-MDP-Ana-Paty-2.jpg","width":1280,"height":944},{"@type":"BreadcrumbList","@id":"https:\/\/noticozumel.mx\/1\/invertiremos-mas-de-321-mdp-en-obras-de-justicia-social-ana-paty-peralta\/#breadcrumb","itemListElement":[{"@type":"ListItem","position":1,"name":"Portada","item":"https:\/\/noticozumel.mx\/1\/"},{"@type":"ListItem","position":2,"name":"Invertiremos m\u00e1s de 321 MDP en obras de justicia social: Ana Paty Peralta"}]},{"@type":"WebSite","@id":"https:\/\/noticozumel.mx\/1\/#website","url":"https:\/\/noticozumel.mx\/1\/","name":"NotiCozumel","description":"Las noticias al alcance de todos","potentialAction":[{"@type":"SearchAction","target":{"@type":"EntryPoint","urlTemplate":"https:\/\/noticozumel.mx\/1\/?s={search_term_string}"},"query-input":{"@type":"PropertyValueSpecification","valueRequired":true,"valueName":"search_term_string"}}],"inLanguage":"es"},{"@type":"Person","@id":"https:\/\/noticozumel.mx\/1\/#\/schema\/person\/a3353279fd7f37e86677893e0510943b","name":"Redacci\u00f3n","image":{"@type":"ImageObject","inLanguage":"es","@id":"https:\/\/noticozumel.mx\/1\/#\/schema\/person\/image\/","url":"https:\/\/secure.gravatar.com\/avatar\/92c1decdbf2b01a0b3a758c19f5bf7b7b7c7ad1ebf1b8f407a69813d9948f6d0?s=96&d=mm&r=g","contentUrl":"https:\/\/secure.gravatar.com\/avatar\/92c1decdbf2b01a0b3a758c19f5bf7b7b7c7ad1ebf1b8f407a69813d9948f6d0?s=96&d=mm&r=g","caption":"Redacci\u00f3n"},"url":"https:\/\/noticozumel.mx\/1\/author\/admin\/"}]}},"_links":{"self":[{"href":"https:\/\/noticozumel.mx\/1\/wp-json\/wp\/v2\/posts\/8083","targetHints":{"allow":["GET"]}}],"collection":[{"href":"https:\/\/noticozumel.mx\/1\/wp-json\/wp\/v2\/posts"}],"about":[{"href":"https:\/\/noticozumel.mx\/1\/wp-json\/wp\/v2\/types\/post"}],"author":[{"embeddable":true,"href":"https:\/\/noticozumel.mx\/1\/wp-json\/wp\/v2\/users\/1"}],"replies":[{"embeddable":true,"href":"https:\/\/noticozumel.mx\/1\/wp-json\/wp\/v2\/comments?post=8083"}],"version-history":[{"count":1,"href":"https:\/\/noticozumel.mx\/1\/wp-json\/wp\/v2\/posts\/8083\/revisions"}],"predecessor-version":[{"id":8089,"href":"https:\/\/noticozumel.mx\/1\/wp-json\/wp\/v2\/posts\/8083\/revisions\/8089"}],"wp:featuredmedia":[{"embeddable":true,"href":"https:\/\/noticozumel.mx\/1\/wp-json\/wp\/v2\/media\/8088"}],"wp:attachment":[{"href":"https:\/\/noticozumel.mx\/1\/wp-json\/wp\/v2\/media?parent=8083"}],"wp:term":[{"taxonomy":"category","embeddable":true,"href":"https:\/\/noticozumel.mx\/1\/wp-json\/wp\/v2\/categories?post=8083"},{"taxonomy":"post_tag","embeddable":true,"href":"https:\/\/noticozumel.mx\/1\/wp-json\/wp\/v2\/tags?post=8083"}],"curies":[{"name":"wp","href":"https:\/\/api.w.org\/{rel}","templated":true}]}}