{"id":8090,"date":"2026-03-12T19:59:00","date_gmt":"2026-03-13T00:59:00","guid":{"rendered":"https:\/\/noticozumel.mx\/1\/?p=8090"},"modified":"2026-03-13T10:02:29","modified_gmt":"2026-03-13T15:02:29","slug":"chacon-supervisa-rehabilitacion-del-alumbrado-publico-en-la-avenida-rafael-e-melgar","status":"publish","type":"post","link":"https:\/\/noticozumel.mx\/1\/chacon-supervisa-rehabilitacion-del-alumbrado-publico-en-la-avenida-rafael-e-melgar\/","title":{"rendered":"Chac\u00f3n supervisa rehabilitaci\u00f3n del alumbrado p\u00fablico en la avenida Rafael E. Melgar"},"content":{"rendered":"\n<p>Cozumel, Quintana Roo, 12 de marzo de 2026. &#8211; El presidente municipal, Jos\u00e9 Luis Chac\u00f3n M\u00e9ndez, supervis\u00f3 el trabajo finalizado de la rehabilitaci\u00f3n del alumbrado p\u00fablico realizado sobre la avenida Rafael E. Melgar, una de las principales arterias viales del destino tur\u00edstico.<\/p>\n\n\n<p><iframe loading=\"lazy\" src=\"https:\/\/www.facebook.com\/plugins\/video.php?height=476&#038;href=https%3A%2F%2Fwww.facebook.com%2Freel%2F924530956992347%2F&#038;show_text=false&#038;width=375&#038;t=0\" width=\"375\" height=\"476\" style=\"border:none;overflow:hidden\" scrolling=\"no\" frameborder=\"0\" allowfullscreen=\"true\" allow=\"autoplay; clipboard-write; encrypted-media; picture-in-picture; web-share\" allowFullScreen=\"true\"><\/iframe><\/p>\n\n\n\n<p>Como parte de estas acciones, se llev\u00f3 a cabo la sustituci\u00f3n de 17 postes de concreto por postes de metal, as\u00ed como la rehabilitaci\u00f3n de las lamparas en mal estado, con el objetivo de mejorar la imagen urbana y fortalecer la seguridad para automovilistas, peatones y visitantes que transitan diariamente por esta importante v\u00eda.<\/p>\n\n\n\n<p>Los trabajos abarcaron el tramo comprendido desde la 11 Avenida hasta la avenida Claudio Canto, donde ahora todos los postes de alumbrado p\u00fablico son de metal, garantizando mayor durabilidad y mejores condiciones de iluminaci\u00f3n.<\/p>\n\n\n\n<figure class=\"wp-block-image size-large\"><img loading=\"lazy\" decoding=\"async\" width=\"819\" height=\"1024\" src=\"https:\/\/noticozumel.mx\/1\/wp-content\/uploads\/2026\/03\/Luminarias-Melgar-Hotelera-3-819x1024.jpg\" alt=\"\" class=\"wp-image-8092\" srcset=\"https:\/\/noticozumel.mx\/1\/wp-content\/uploads\/2026\/03\/Luminarias-Melgar-Hotelera-3-819x1024.jpg 819w, https:\/\/noticozumel.mx\/1\/wp-content\/uploads\/2026\/03\/Luminarias-Melgar-Hotelera-3-240x300.jpg 240w, https:\/\/noticozumel.mx\/1\/wp-content\/uploads\/2026\/03\/Luminarias-Melgar-Hotelera-3-768x961.jpg 768w, https:\/\/noticozumel.mx\/1\/wp-content\/uploads\/2026\/03\/Luminarias-Melgar-Hotelera-3-336x420.jpg 336w, https:\/\/noticozumel.mx\/1\/wp-content\/uploads\/2026\/03\/Luminarias-Melgar-Hotelera-3-150x188.jpg 150w, https:\/\/noticozumel.mx\/1\/wp-content\/uploads\/2026\/03\/Luminarias-Melgar-Hotelera-3-300x375.jpg 300w, https:\/\/noticozumel.mx\/1\/wp-content\/uploads\/2026\/03\/Luminarias-Melgar-Hotelera-3-696x871.jpg 696w, https:\/\/noticozumel.mx\/1\/wp-content\/uploads\/2026\/03\/Luminarias-Melgar-Hotelera-3.jpg 853w\" sizes=\"auto, (max-width: 819px) 100vw, 819px\" \/><\/figure>\n\n\n\n<p>\u201cAqu\u00ed sobre la Rafael E. Melgar, desde la 11 avenida hasta la avenida Claudio Canto, todos los postes de alumbrado ya son de metal, no hay ninguno de concreto en mal estado, demostrando as\u00ed con hechos que el dinero del pueblo regresa al pueblo\u201d, expres\u00f3 el presidente municipal, Jos\u00e9 Luis Chac\u00f3n.<\/p>\n\n\n\n<p>Con estas acciones, el Gobierno Municipal reafirma su compromiso de seguir trabajando en el mejoramiento de la infraestructura urbana, priorizando la seguridad, la movilidad y la buena imagen de Cozumel como uno de los destinos tur\u00edsticos m\u00e1s importantes del Caribe mexicano.<\/p>\n\n\n\n<figure class=\"wp-block-image size-large\"><img loading=\"lazy\" decoding=\"async\" width=\"819\" height=\"1024\" src=\"https:\/\/noticozumel.mx\/1\/wp-content\/uploads\/2026\/03\/Luminarias-Melgar-Hotelera-2-819x1024.jpg\" alt=\"\" class=\"wp-image-8091\" srcset=\"https:\/\/noticozumel.mx\/1\/wp-content\/uploads\/2026\/03\/Luminarias-Melgar-Hotelera-2-819x1024.jpg 819w, https:\/\/noticozumel.mx\/1\/wp-content\/uploads\/2026\/03\/Luminarias-Melgar-Hotelera-2-240x300.jpg 240w, https:\/\/noticozumel.mx\/1\/wp-content\/uploads\/2026\/03\/Luminarias-Melgar-Hotelera-2-768x961.jpg 768w, https:\/\/noticozumel.mx\/1\/wp-content\/uploads\/2026\/03\/Luminarias-Melgar-Hotelera-2-336x420.jpg 336w, https:\/\/noticozumel.mx\/1\/wp-content\/uploads\/2026\/03\/Luminarias-Melgar-Hotelera-2-150x188.jpg 150w, https:\/\/noticozumel.mx\/1\/wp-content\/uploads\/2026\/03\/Luminarias-Melgar-Hotelera-2-300x375.jpg 300w, https:\/\/noticozumel.mx\/1\/wp-content\/uploads\/2026\/03\/Luminarias-Melgar-Hotelera-2-696x871.jpg 696w, https:\/\/noticozumel.mx\/1\/wp-content\/uploads\/2026\/03\/Luminarias-Melgar-Hotelera-2.jpg 853w\" sizes=\"auto, (max-width: 819px) 100vw, 819px\" \/><\/figure>\n","protected":false},"excerpt":{"rendered":"<p>Cozumel, Quintana Roo, 12 de marzo de 2026. &#8211; El presidente municipal, Jos\u00e9 Luis Chac\u00f3n M\u00e9ndez, supervis\u00f3 el trabajo finalizado de la rehabilitaci\u00f3n del alumbrado p\u00fablico realizado sobre la avenida Rafael E. Melgar, una de las principales arterias viales del destino tur\u00edstico. Como parte de estas acciones, se llev\u00f3 a cabo la sustituci\u00f3n de 17 [&hellip;]<\/p>\n","protected":false},"author":1,"featured_media":8093,"comment_status":"open","ping_status":"closed","sticky":false,"template":"","format":"standard","meta":{"tdm_status":"","tdm_grid_status":"","footnotes":""},"categories":[1,2],"tags":[59,63,64,61,27,60,23,62],"class_list":{"0":"post-8090","1":"post","2":"type-post","3":"status-publish","4":"format-standard","5":"has-post-thumbnail","7":"category-cozumel","8":"category-featured","9":"tag-cozumel","10":"tag-isla-cozumel","11":"tag-jose-luis-chacon-mendez","12":"tag-noticias-de-cozumel","13":"tag-noticias-de-quintana-roo","14":"tag-noticozumel","15":"tag-quintana-roo","16":"tag-san-miguel-de-cozumel"},"yoast_head":"<!-- This site is optimized with the Yoast SEO Premium plugin v26.2 (Yoast SEO v26.2) - https:\/\/yoast.com\/wordpress\/plugins\/seo\/ -->\n<title>Chac\u00f3n supervisa rehabilitaci\u00f3n del alumbrado p\u00fablico en la avenida Rafael E. Melgar - NotiCozumel<\/title>\n<meta name=\"robots\" content=\"index, follow, max-snippet:-1, max-image-preview:large, max-video-preview:-1\" \/>\n<link rel=\"canonical\" href=\"https:\/\/noticozumel.mx\/1\/chacon-supervisa-rehabilitacion-del-alumbrado-publico-en-la-avenida-rafael-e-melgar\/\" \/>\n<meta property=\"og:locale\" content=\"es_ES\" \/>\n<meta property=\"og:type\" content=\"article\" \/>\n<meta property=\"og:title\" content=\"Chac\u00f3n supervisa rehabilitaci\u00f3n del alumbrado p\u00fablico en la avenida Rafael E. Melgar\" \/>\n<meta property=\"og:description\" content=\"Cozumel, Quintana Roo, 12 de marzo de 2026. &#8211; El presidente municipal, Jos\u00e9 Luis Chac\u00f3n M\u00e9ndez, supervis\u00f3 el trabajo finalizado de la rehabilitaci\u00f3n del alumbrado p\u00fablico realizado sobre la avenida Rafael E. Melgar, una de las principales arterias viales del destino tur\u00edstico. Como parte de estas acciones, se llev\u00f3 a cabo la sustituci\u00f3n de 17 [&hellip;]\" \/>\n<meta property=\"og:url\" content=\"https:\/\/noticozumel.mx\/1\/chacon-supervisa-rehabilitacion-del-alumbrado-publico-en-la-avenida-rafael-e-melgar\/\" \/>\n<meta property=\"og:site_name\" content=\"NotiCozumel\" \/>\n<meta property=\"article:published_time\" content=\"2026-03-13T00:59:00+00:00\" \/>\n<meta property=\"article:modified_time\" content=\"2026-03-13T15:02:29+00:00\" \/>\n<meta property=\"og:image\" content=\"https:\/\/noticozumel.mx\/1\/wp-content\/uploads\/2026\/03\/Luminarias-Melgar-Hotelera-1.jpg\" \/>\n\t<meta property=\"og:image:width\" content=\"1280\" \/>\n\t<meta property=\"og:image:height\" content=\"946\" \/>\n\t<meta property=\"og:image:type\" content=\"image\/jpeg\" \/>\n<meta name=\"author\" content=\"Redacci\u00f3n\" \/>\n<meta name=\"twitter:card\" content=\"summary_large_image\" \/>\n<meta name=\"twitter:label1\" content=\"Escrito por\" \/>\n\t<meta name=\"twitter:data1\" content=\"Redacci\u00f3n\" \/>\n\t<meta name=\"twitter:label2\" content=\"Tiempo de lectura\" \/>\n\t<meta name=\"twitter:data2\" content=\"2 minutos\" \/>\n<script type=\"application\/ld+json\" class=\"yoast-schema-graph\">{\"@context\":\"https:\/\/schema.org\",\"@graph\":[{\"@type\":\"WebPage\",\"@id\":\"https:\/\/noticozumel.mx\/1\/chacon-supervisa-rehabilitacion-del-alumbrado-publico-en-la-avenida-rafael-e-melgar\/\",\"url\":\"https:\/\/noticozumel.mx\/1\/chacon-supervisa-rehabilitacion-del-alumbrado-publico-en-la-avenida-rafael-e-melgar\/\",\"name\":\"Chac\u00f3n supervisa rehabilitaci\u00f3n del alumbrado p\u00fablico en la avenida Rafael E. Melgar - NotiCozumel\",\"isPartOf\":{\"@id\":\"https:\/\/noticozumel.mx\/1\/#website\"},\"primaryImageOfPage\":{\"@id\":\"https:\/\/noticozumel.mx\/1\/chacon-supervisa-rehabilitacion-del-alumbrado-publico-en-la-avenida-rafael-e-melgar\/#primaryimage\"},\"image\":{\"@id\":\"https:\/\/noticozumel.mx\/1\/chacon-supervisa-rehabilitacion-del-alumbrado-publico-en-la-avenida-rafael-e-melgar\/#primaryimage\"},\"thumbnailUrl\":\"https:\/\/noticozumel.mx\/1\/wp-content\/uploads\/2026\/03\/Luminarias-Melgar-Hotelera-1.jpg\",\"datePublished\":\"2026-03-13T00:59:00+00:00\",\"dateModified\":\"2026-03-13T15:02:29+00:00\",\"author\":{\"@id\":\"https:\/\/noticozumel.mx\/1\/#\/schema\/person\/a3353279fd7f37e86677893e0510943b\"},\"breadcrumb\":{\"@id\":\"https:\/\/noticozumel.mx\/1\/chacon-supervisa-rehabilitacion-del-alumbrado-publico-en-la-avenida-rafael-e-melgar\/#breadcrumb\"},\"inLanguage\":\"es\",\"potentialAction\":[{\"@type\":\"ReadAction\",\"target\":[\"https:\/\/noticozumel.mx\/1\/chacon-supervisa-rehabilitacion-del-alumbrado-publico-en-la-avenida-rafael-e-melgar\/\"]}]},{\"@type\":\"ImageObject\",\"inLanguage\":\"es\",\"@id\":\"https:\/\/noticozumel.mx\/1\/chacon-supervisa-rehabilitacion-del-alumbrado-publico-en-la-avenida-rafael-e-melgar\/#primaryimage\",\"url\":\"https:\/\/noticozumel.mx\/1\/wp-content\/uploads\/2026\/03\/Luminarias-Melgar-Hotelera-1.jpg\",\"contentUrl\":\"https:\/\/noticozumel.mx\/1\/wp-content\/uploads\/2026\/03\/Luminarias-Melgar-Hotelera-1.jpg\",\"width\":1280,\"height\":946},{\"@type\":\"BreadcrumbList\",\"@id\":\"https:\/\/noticozumel.mx\/1\/chacon-supervisa-rehabilitacion-del-alumbrado-publico-en-la-avenida-rafael-e-melgar\/#breadcrumb\",\"itemListElement\":[{\"@type\":\"ListItem\",\"position\":1,\"name\":\"Portada\",\"item\":\"https:\/\/noticozumel.mx\/1\/\"},{\"@type\":\"ListItem\",\"position\":2,\"name\":\"Chac\u00f3n supervisa rehabilitaci\u00f3n del alumbrado p\u00fablico en la avenida Rafael E. Melgar\"}]},{\"@type\":\"WebSite\",\"@id\":\"https:\/\/noticozumel.mx\/1\/#website\",\"url\":\"https:\/\/noticozumel.mx\/1\/\",\"name\":\"NotiCozumel\",\"description\":\"Las noticias al alcance de todos\",\"potentialAction\":[{\"@type\":\"SearchAction\",\"target\":{\"@type\":\"EntryPoint\",\"urlTemplate\":\"https:\/\/noticozumel.mx\/1\/?s={search_term_string}\"},\"query-input\":{\"@type\":\"PropertyValueSpecification\",\"valueRequired\":true,\"valueName\":\"search_term_string\"}}],\"inLanguage\":\"es\"},{\"@type\":\"Person\",\"@id\":\"https:\/\/noticozumel.mx\/1\/#\/schema\/person\/a3353279fd7f37e86677893e0510943b\",\"name\":\"Redacci\u00f3n\",\"image\":{\"@type\":\"ImageObject\",\"inLanguage\":\"es\",\"@id\":\"https:\/\/noticozumel.mx\/1\/#\/schema\/person\/image\/\",\"url\":\"https:\/\/secure.gravatar.com\/avatar\/92c1decdbf2b01a0b3a758c19f5bf7b7b7c7ad1ebf1b8f407a69813d9948f6d0?s=96&d=mm&r=g\",\"contentUrl\":\"https:\/\/secure.gravatar.com\/avatar\/92c1decdbf2b01a0b3a758c19f5bf7b7b7c7ad1ebf1b8f407a69813d9948f6d0?s=96&d=mm&r=g\",\"caption\":\"Redacci\u00f3n\"},\"url\":\"https:\/\/noticozumel.mx\/1\/author\/admin\/\"}]}<\/script>\n<!-- \/ Yoast SEO Premium plugin. -->","yoast_head_json":{"title":"Chac\u00f3n supervisa rehabilitaci\u00f3n del alumbrado p\u00fablico en la avenida Rafael E. Melgar - NotiCozumel","robots":{"index":"index","follow":"follow","max-snippet":"max-snippet:-1","max-image-preview":"max-image-preview:large","max-video-preview":"max-video-preview:-1"},"canonical":"https:\/\/noticozumel.mx\/1\/chacon-supervisa-rehabilitacion-del-alumbrado-publico-en-la-avenida-rafael-e-melgar\/","og_locale":"es_ES","og_type":"article","og_title":"Chac\u00f3n supervisa rehabilitaci\u00f3n del alumbrado p\u00fablico en la avenida Rafael E. Melgar","og_description":"Cozumel, Quintana Roo, 12 de marzo de 2026. &#8211; El presidente municipal, Jos\u00e9 Luis Chac\u00f3n M\u00e9ndez, supervis\u00f3 el trabajo finalizado de la rehabilitaci\u00f3n del alumbrado p\u00fablico realizado sobre la avenida Rafael E. Melgar, una de las principales arterias viales del destino tur\u00edstico. Como parte de estas acciones, se llev\u00f3 a cabo la sustituci\u00f3n de 17 [&hellip;]","og_url":"https:\/\/noticozumel.mx\/1\/chacon-supervisa-rehabilitacion-del-alumbrado-publico-en-la-avenida-rafael-e-melgar\/","og_site_name":"NotiCozumel","article_published_time":"2026-03-13T00:59:00+00:00","article_modified_time":"2026-03-13T15:02:29+00:00","og_image":[{"width":1280,"height":946,"url":"https:\/\/noticozumel.mx\/1\/wp-content\/uploads\/2026\/03\/Luminarias-Melgar-Hotelera-1.jpg","type":"image\/jpeg"}],"author":"Redacci\u00f3n","twitter_card":"summary_large_image","twitter_misc":{"Escrito por":"Redacci\u00f3n","Tiempo de lectura":"2 minutos"},"schema":{"@context":"https:\/\/schema.org","@graph":[{"@type":"WebPage","@id":"https:\/\/noticozumel.mx\/1\/chacon-supervisa-rehabilitacion-del-alumbrado-publico-en-la-avenida-rafael-e-melgar\/","url":"https:\/\/noticozumel.mx\/1\/chacon-supervisa-rehabilitacion-del-alumbrado-publico-en-la-avenida-rafael-e-melgar\/","name":"Chac\u00f3n supervisa rehabilitaci\u00f3n del alumbrado p\u00fablico en la avenida Rafael E. Melgar - NotiCozumel","isPartOf":{"@id":"https:\/\/noticozumel.mx\/1\/#website"},"primaryImageOfPage":{"@id":"https:\/\/noticozumel.mx\/1\/chacon-supervisa-rehabilitacion-del-alumbrado-publico-en-la-avenida-rafael-e-melgar\/#primaryimage"},"image":{"@id":"https:\/\/noticozumel.mx\/1\/chacon-supervisa-rehabilitacion-del-alumbrado-publico-en-la-avenida-rafael-e-melgar\/#primaryimage"},"thumbnailUrl":"https:\/\/noticozumel.mx\/1\/wp-content\/uploads\/2026\/03\/Luminarias-Melgar-Hotelera-1.jpg","datePublished":"2026-03-13T00:59:00+00:00","dateModified":"2026-03-13T15:02:29+00:00","author":{"@id":"https:\/\/noticozumel.mx\/1\/#\/schema\/person\/a3353279fd7f37e86677893e0510943b"},"breadcrumb":{"@id":"https:\/\/noticozumel.mx\/1\/chacon-supervisa-rehabilitacion-del-alumbrado-publico-en-la-avenida-rafael-e-melgar\/#breadcrumb"},"inLanguage":"es","potentialAction":[{"@type":"ReadAction","target":["https:\/\/noticozumel.mx\/1\/chacon-supervisa-rehabilitacion-del-alumbrado-publico-en-la-avenida-rafael-e-melgar\/"]}]},{"@type":"ImageObject","inLanguage":"es","@id":"https:\/\/noticozumel.mx\/1\/chacon-supervisa-rehabilitacion-del-alumbrado-publico-en-la-avenida-rafael-e-melgar\/#primaryimage","url":"https:\/\/noticozumel.mx\/1\/wp-content\/uploads\/2026\/03\/Luminarias-Melgar-Hotelera-1.jpg","contentUrl":"https:\/\/noticozumel.mx\/1\/wp-content\/uploads\/2026\/03\/Luminarias-Melgar-Hotelera-1.jpg","width":1280,"height":946},{"@type":"BreadcrumbList","@id":"https:\/\/noticozumel.mx\/1\/chacon-supervisa-rehabilitacion-del-alumbrado-publico-en-la-avenida-rafael-e-melgar\/#breadcrumb","itemListElement":[{"@type":"ListItem","position":1,"name":"Portada","item":"https:\/\/noticozumel.mx\/1\/"},{"@type":"ListItem","position":2,"name":"Chac\u00f3n supervisa rehabilitaci\u00f3n del alumbrado p\u00fablico en la avenida Rafael E. Melgar"}]},{"@type":"WebSite","@id":"https:\/\/noticozumel.mx\/1\/#website","url":"https:\/\/noticozumel.mx\/1\/","name":"NotiCozumel","description":"Las noticias al alcance de todos","potentialAction":[{"@type":"SearchAction","target":{"@type":"EntryPoint","urlTemplate":"https:\/\/noticozumel.mx\/1\/?s={search_term_string}"},"query-input":{"@type":"PropertyValueSpecification","valueRequired":true,"valueName":"search_term_string"}}],"inLanguage":"es"},{"@type":"Person","@id":"https:\/\/noticozumel.mx\/1\/#\/schema\/person\/a3353279fd7f37e86677893e0510943b","name":"Redacci\u00f3n","image":{"@type":"ImageObject","inLanguage":"es","@id":"https:\/\/noticozumel.mx\/1\/#\/schema\/person\/image\/","url":"https:\/\/secure.gravatar.com\/avatar\/92c1decdbf2b01a0b3a758c19f5bf7b7b7c7ad1ebf1b8f407a69813d9948f6d0?s=96&d=mm&r=g","contentUrl":"https:\/\/secure.gravatar.com\/avatar\/92c1decdbf2b01a0b3a758c19f5bf7b7b7c7ad1ebf1b8f407a69813d9948f6d0?s=96&d=mm&r=g","caption":"Redacci\u00f3n"},"url":"https:\/\/noticozumel.mx\/1\/author\/admin\/"}]}},"_links":{"self":[{"href":"https:\/\/noticozumel.mx\/1\/wp-json\/wp\/v2\/posts\/8090","targetHints":{"allow":["GET"]}}],"collection":[{"href":"https:\/\/noticozumel.mx\/1\/wp-json\/wp\/v2\/posts"}],"about":[{"href":"https:\/\/noticozumel.mx\/1\/wp-json\/wp\/v2\/types\/post"}],"author":[{"embeddable":true,"href":"https:\/\/noticozumel.mx\/1\/wp-json\/wp\/v2\/users\/1"}],"replies":[{"embeddable":true,"href":"https:\/\/noticozumel.mx\/1\/wp-json\/wp\/v2\/comments?post=8090"}],"version-history":[{"count":1,"href":"https:\/\/noticozumel.mx\/1\/wp-json\/wp\/v2\/posts\/8090\/revisions"}],"predecessor-version":[{"id":8094,"href":"https:\/\/noticozumel.mx\/1\/wp-json\/wp\/v2\/posts\/8090\/revisions\/8094"}],"wp:featuredmedia":[{"embeddable":true,"href":"https:\/\/noticozumel.mx\/1\/wp-json\/wp\/v2\/media\/8093"}],"wp:attachment":[{"href":"https:\/\/noticozumel.mx\/1\/wp-json\/wp\/v2\/media?parent=8090"}],"wp:term":[{"taxonomy":"category","embeddable":true,"href":"https:\/\/noticozumel.mx\/1\/wp-json\/wp\/v2\/categories?post=8090"},{"taxonomy":"post_tag","embeddable":true,"href":"https:\/\/noticozumel.mx\/1\/wp-json\/wp\/v2\/tags?post=8090"}],"curies":[{"name":"wp","href":"https:\/\/api.w.org\/{rel}","templated":true}]}}