{"id":8212,"date":"2026-03-17T09:00:00","date_gmt":"2026-03-17T14:00:00","guid":{"rendered":"https:\/\/noticozumel.mx\/1\/?p=8212"},"modified":"2026-03-17T03:32:53","modified_gmt":"2026-03-17T08:32:53","slug":"expresso-el-retorno-de-la-cooperacha-y-el-vicio-del-protagonismo","status":"publish","type":"post","link":"https:\/\/noticozumel.mx\/1\/expresso-el-retorno-de-la-cooperacha-y-el-vicio-del-protagonismo\/","title":{"rendered":"Expresso: El retorno de la cooperacha y el vicio del protagonismo"},"content":{"rendered":"\n<p><strong>Por: V\u00edctor Hern\u00e1ndez <\/strong><strong>Luna<\/strong><\/p>\n\n\n\n<p>Se toma uno el caf\u00e9 por la ma\u00f1ana, y lo primero que salta al abrir el celular no es el reporte del clima o el arribo de los cruceros, sino un tuit que rompi\u00f3 el retiro m\u00e1s anunciado de la historia moderna de M\u00e9xico. Resulta que el ex presidente Andr\u00e9s Manuel L\u00f3pez Obrador, quien seg\u00fan sus propias palabras ya se hab\u00eda ido a La Chingada (el rancho que posee en Chiapas, no piense mal usted, querido lector uno), decidi\u00f3 que el silencio no es lo suyo y activ\u00f3 el avispero nacional con un simple mensaje en la red social X.<\/p>\n\n\n\n<p>El pretexto es una cooperacha. Una solicitud al pueblo mexicano para depositar en una cuenta bancaria dinero destinado a adquirir, supuestamente, ayuda humanitaria para Cuba. Y claro, las reacciones no se hicieron esperar, brotando como la humedad en tiempo de nortes. Las cr\u00edticas han sido frontales y, hay que decirlo, cargadas de una l\u00f3gica que duele: \u00bfpor qu\u00e9 convocar a una colecta internacional cuando en casa todav\u00eda nos faltan medicinas para los ni\u00f1os con c\u00e1ncer o apoyo real para las madres buscadoras? \u00bfPor qu\u00e9 no se hizo esta gesti\u00f3n con esa misma pasi\u00f3n cuando se ten\u00eda todo el presupuesto de la naci\u00f3n en la mano?<\/p>\n\n\n\n<p>Las preguntas son v\u00e1lidas, eh, y se suman a esas investigaciones period\u00edsticas que (a falta de las gubernamentales por su consabido blindaje) ya est\u00e1n rascando en la superficie de un proceso administrativo que huele a privilegio. Obtener el estatus de donataria autorizada es un camino largo, tedioso y lleno de trabas para cualquier mortal o asociaci\u00f3n civil en M\u00e9xico, pero parece que para el proyecto promovido por el ex mandatario el reloj burocr\u00e1tico corri\u00f3 en c\u00e1mara r\u00e1pida. Un milagro administrativo que pocos pueden presumir.<\/p>\n\n\n\n<p>Pero hagamos una lectura un poco m\u00e1s maliciosa, si quiere, aunque usted sabe que yo no soy as\u00ed, gui\u00f1o, gui\u00f1o. Si rascamos un poco m\u00e1s all\u00e1 de la filantrop\u00eda hacia la isla caribe\u00f1a, lo que asoma es el hambre de protagonismo. El objetivo real del exmandatario parece no haber sido el dinero en s\u00ed, sino una demostraci\u00f3n de fuerza. Una forma de decir: \u00abaqu\u00ed sigo, todav\u00eda muevo el tablero y todav\u00eda tengo el &#8216;pull&#8217; para que todos hablen de m\u00ed\u00bb.<\/p>\n\n\n\n<p>En este an\u00e1lisis de caf\u00e9, muchos guiones son posibles, pero la realidad es una sola: lo logr\u00f3. Con un solo tuit, L\u00f3pez Obrador movi\u00f3 a todo el aparato period\u00edstico y pol\u00edtico del pa\u00eds, record\u00e1ndonos que el retiro en Palenque es, hasta ahora, un mito genial. Al final, no se trata de Cuba, ni de la ayuda, se trata de estar, de ser y de seguir siendo el centro de una conversaci\u00f3n que \u00e9l mismo dise\u00f1\u00f3 para no ser olvidado. El caf\u00e9 de hoy nos deja un sabor agridulce nos confirma que hay vicios, como el del micr\u00f3fono y el poder, que ni el retiro m\u00e1s lejano puede curar.<\/p>\n\n\n\n<p><strong>El otro ex<\/strong><\/p>\n\n\n\n<p>Y ya que andamos en el terreno de los \u00abex\u00bb que se niegan al olvido, bajemos la lupa al terreno quintanarroense. Resulta que en Chetumal, quien fuera gobernador del estado del 2005 al 2011, F\u00e9lix Gonz\u00e1lez Canto, reapareci\u00f3 en el radar medi\u00e1tico ofreciendo una entrevista que dej\u00f3 varias migajas para el an\u00e1lisis. Frente al periodista \u00c1ngel Sol\u00eds, el cozumele\u00f1o se mostr\u00f3 como lo que es: un pol\u00edtico curtido que sabe soltar el anzuelo sin que se vea la cuerda.<\/p>\n\n\n\n<p>Llam\u00f3 la atenci\u00f3n su evaluaci\u00f3n sobre la gesti\u00f3n de Jos\u00e9 Luis Chac\u00f3n M\u00e9ndez. F\u00e9lix, de esos pocos exgobernadores que a\u00fan mantienen vigencia en el tablero de las opiniones, se\u00f1al\u00f3 que el actual presidente municipal de Cozumel \u00abest\u00e1 haciendo un buen trabajo, un gran esfuerzo\u00bb. Lo calific\u00f3 de inclusivo y destac\u00f3 que gobierna \u00absin tintes partidistas\u00bb. Un espaldarazo que, viniendo de un colmillo tan retorcido, obliga a una lectura entre l\u00edneas: \u00bfes un reconocimiento genuino o un posicionamiento de piezas hacia el 2027?<\/p>\n\n\n\n<p>Incluso se dio el lujo de tocar el espinoso tema de la reelecci\u00f3n, ligado a la nueva legislaci\u00f3n y a la reforma electoral, dejando la pelota en la cancha de los partidos y del nuevo marco legal. Y para ponerle m\u00e1s sabor al caldo, sac\u00f3 a relucir el nombre de Juan Carlos Gonz\u00e1lez Hern\u00e1ndez, otro \u00abex\u00bb de la alcald\u00eda (2008-2011) como posible candidato del PRI. Como suele suceder con F\u00e9lix, sali\u00f3 librado de los cuestionamientos con la soltura de quien conoce todos los recovecos del poder, dejando mensajes que no son claros del todo, pero que abren caminos de interpretaci\u00f3n para quienes saben leer la pol\u00edtica con lupa.<\/p>\n","protected":false},"excerpt":{"rendered":"<p>Por: V\u00edctor Hern\u00e1ndez Luna Se toma uno el caf\u00e9 por la ma\u00f1ana, y lo primero que salta al abrir el celular no es el reporte del clima o el arribo de los cruceros, sino un tuit que rompi\u00f3 el retiro m\u00e1s anunciado de la historia moderna de M\u00e9xico. Resulta que el ex presidente Andr\u00e9s Manuel [&hellip;]<\/p>\n","protected":false},"author":1,"featured_media":7234,"comment_status":"open","ping_status":"closed","sticky":false,"template":"","format":"standard","meta":{"tdm_status":"","tdm_grid_status":"","footnotes":""},"categories":[45,58],"tags":[158,59,157,515,63,64,516,164,61,27,60,128,65,160,114,23,62,159],"class_list":{"0":"post-8212","1":"post","2":"type-post","3":"status-publish","4":"format-standard","5":"has-post-thumbnail","7":"category-columnas","8":"category-espresso","9":"tag-columna","10":"tag-cozumel","11":"tag-expresso","12":"tag-felix-gonzalez-canto","13":"tag-isla-cozumel","14":"tag-jose-luis-chacon-mendez","15":"tag-juan-carlos-gonzalez-hernandez","16":"tag-morena","17":"tag-noticias-de-cozumel","18":"tag-noticias-de-quintana-roo","19":"tag-noticozumel","20":"tag-opinion","21":"tag-politica","22":"tag-pri","23":"tag-pvem","24":"tag-quintana-roo","25":"tag-san-miguel-de-cozumel","26":"tag-victor-hernandez-luna"},"yoast_head":"<!-- This site is optimized with the Yoast SEO Premium plugin v26.2 (Yoast SEO v26.2) - https:\/\/yoast.com\/wordpress\/plugins\/seo\/ -->\n<title>Expresso: El retorno de la cooperacha y el vicio del protagonismo - NotiCozumel<\/title>\n<meta name=\"robots\" content=\"index, follow, max-snippet:-1, max-image-preview:large, max-video-preview:-1\" \/>\n<link rel=\"canonical\" href=\"https:\/\/noticozumel.mx\/1\/expresso-el-retorno-de-la-cooperacha-y-el-vicio-del-protagonismo\/\" \/>\n<meta property=\"og:locale\" content=\"es_ES\" \/>\n<meta property=\"og:type\" content=\"article\" \/>\n<meta property=\"og:title\" content=\"Expresso: El retorno de la cooperacha y el vicio del protagonismo\" \/>\n<meta property=\"og:description\" content=\"Por: V\u00edctor Hern\u00e1ndez Luna Se toma uno el caf\u00e9 por la ma\u00f1ana, y lo primero que salta al abrir el celular no es el reporte del clima o el arribo de los cruceros, sino un tuit que rompi\u00f3 el retiro m\u00e1s anunciado de la historia moderna de M\u00e9xico. Resulta que el ex presidente Andr\u00e9s Manuel [&hellip;]\" \/>\n<meta property=\"og:url\" content=\"https:\/\/noticozumel.mx\/1\/expresso-el-retorno-de-la-cooperacha-y-el-vicio-del-protagonismo\/\" \/>\n<meta property=\"og:site_name\" content=\"NotiCozumel\" \/>\n<meta property=\"article:published_time\" content=\"2026-03-17T14:00:00+00:00\" \/>\n<meta property=\"og:image\" content=\"https:\/\/noticozumel.mx\/1\/wp-content\/uploads\/2026\/03\/Expresso-N.jpg\" \/>\n\t<meta property=\"og:image:width\" content=\"1050\" \/>\n\t<meta property=\"og:image:height\" content=\"600\" \/>\n\t<meta property=\"og:image:type\" content=\"image\/jpeg\" \/>\n<meta name=\"author\" content=\"Redacci\u00f3n\" \/>\n<meta name=\"twitter:card\" content=\"summary_large_image\" \/>\n<meta name=\"twitter:label1\" content=\"Escrito por\" \/>\n\t<meta name=\"twitter:data1\" content=\"Redacci\u00f3n\" \/>\n\t<meta name=\"twitter:label2\" content=\"Tiempo de lectura\" \/>\n\t<meta name=\"twitter:data2\" content=\"4 minutos\" \/>\n<script type=\"application\/ld+json\" class=\"yoast-schema-graph\">{\"@context\":\"https:\/\/schema.org\",\"@graph\":[{\"@type\":\"WebPage\",\"@id\":\"https:\/\/noticozumel.mx\/1\/expresso-el-retorno-de-la-cooperacha-y-el-vicio-del-protagonismo\/\",\"url\":\"https:\/\/noticozumel.mx\/1\/expresso-el-retorno-de-la-cooperacha-y-el-vicio-del-protagonismo\/\",\"name\":\"Expresso: El retorno de la cooperacha y el vicio del protagonismo - NotiCozumel\",\"isPartOf\":{\"@id\":\"https:\/\/noticozumel.mx\/1\/#website\"},\"primaryImageOfPage\":{\"@id\":\"https:\/\/noticozumel.mx\/1\/expresso-el-retorno-de-la-cooperacha-y-el-vicio-del-protagonismo\/#primaryimage\"},\"image\":{\"@id\":\"https:\/\/noticozumel.mx\/1\/expresso-el-retorno-de-la-cooperacha-y-el-vicio-del-protagonismo\/#primaryimage\"},\"thumbnailUrl\":\"https:\/\/noticozumel.mx\/1\/wp-content\/uploads\/2026\/03\/Expresso-N.jpg\",\"datePublished\":\"2026-03-17T14:00:00+00:00\",\"author\":{\"@id\":\"https:\/\/noticozumel.mx\/1\/#\/schema\/person\/a3353279fd7f37e86677893e0510943b\"},\"breadcrumb\":{\"@id\":\"https:\/\/noticozumel.mx\/1\/expresso-el-retorno-de-la-cooperacha-y-el-vicio-del-protagonismo\/#breadcrumb\"},\"inLanguage\":\"es\",\"potentialAction\":[{\"@type\":\"ReadAction\",\"target\":[\"https:\/\/noticozumel.mx\/1\/expresso-el-retorno-de-la-cooperacha-y-el-vicio-del-protagonismo\/\"]}]},{\"@type\":\"ImageObject\",\"inLanguage\":\"es\",\"@id\":\"https:\/\/noticozumel.mx\/1\/expresso-el-retorno-de-la-cooperacha-y-el-vicio-del-protagonismo\/#primaryimage\",\"url\":\"https:\/\/noticozumel.mx\/1\/wp-content\/uploads\/2026\/03\/Expresso-N.jpg\",\"contentUrl\":\"https:\/\/noticozumel.mx\/1\/wp-content\/uploads\/2026\/03\/Expresso-N.jpg\",\"width\":1050,\"height\":600},{\"@type\":\"BreadcrumbList\",\"@id\":\"https:\/\/noticozumel.mx\/1\/expresso-el-retorno-de-la-cooperacha-y-el-vicio-del-protagonismo\/#breadcrumb\",\"itemListElement\":[{\"@type\":\"ListItem\",\"position\":1,\"name\":\"Portada\",\"item\":\"https:\/\/noticozumel.mx\/1\/\"},{\"@type\":\"ListItem\",\"position\":2,\"name\":\"Expresso: El retorno de la cooperacha y el vicio del protagonismo\"}]},{\"@type\":\"WebSite\",\"@id\":\"https:\/\/noticozumel.mx\/1\/#website\",\"url\":\"https:\/\/noticozumel.mx\/1\/\",\"name\":\"NotiCozumel\",\"description\":\"Las noticias al alcance de todos\",\"potentialAction\":[{\"@type\":\"SearchAction\",\"target\":{\"@type\":\"EntryPoint\",\"urlTemplate\":\"https:\/\/noticozumel.mx\/1\/?s={search_term_string}\"},\"query-input\":{\"@type\":\"PropertyValueSpecification\",\"valueRequired\":true,\"valueName\":\"search_term_string\"}}],\"inLanguage\":\"es\"},{\"@type\":\"Person\",\"@id\":\"https:\/\/noticozumel.mx\/1\/#\/schema\/person\/a3353279fd7f37e86677893e0510943b\",\"name\":\"Redacci\u00f3n\",\"image\":{\"@type\":\"ImageObject\",\"inLanguage\":\"es\",\"@id\":\"https:\/\/noticozumel.mx\/1\/#\/schema\/person\/image\/\",\"url\":\"https:\/\/secure.gravatar.com\/avatar\/92c1decdbf2b01a0b3a758c19f5bf7b7b7c7ad1ebf1b8f407a69813d9948f6d0?s=96&d=mm&r=g\",\"contentUrl\":\"https:\/\/secure.gravatar.com\/avatar\/92c1decdbf2b01a0b3a758c19f5bf7b7b7c7ad1ebf1b8f407a69813d9948f6d0?s=96&d=mm&r=g\",\"caption\":\"Redacci\u00f3n\"},\"url\":\"https:\/\/noticozumel.mx\/1\/author\/admin\/\"}]}<\/script>\n<!-- \/ Yoast SEO Premium plugin. -->","yoast_head_json":{"title":"Expresso: El retorno de la cooperacha y el vicio del protagonismo - NotiCozumel","robots":{"index":"index","follow":"follow","max-snippet":"max-snippet:-1","max-image-preview":"max-image-preview:large","max-video-preview":"max-video-preview:-1"},"canonical":"https:\/\/noticozumel.mx\/1\/expresso-el-retorno-de-la-cooperacha-y-el-vicio-del-protagonismo\/","og_locale":"es_ES","og_type":"article","og_title":"Expresso: El retorno de la cooperacha y el vicio del protagonismo","og_description":"Por: V\u00edctor Hern\u00e1ndez Luna Se toma uno el caf\u00e9 por la ma\u00f1ana, y lo primero que salta al abrir el celular no es el reporte del clima o el arribo de los cruceros, sino un tuit que rompi\u00f3 el retiro m\u00e1s anunciado de la historia moderna de M\u00e9xico. Resulta que el ex presidente Andr\u00e9s Manuel [&hellip;]","og_url":"https:\/\/noticozumel.mx\/1\/expresso-el-retorno-de-la-cooperacha-y-el-vicio-del-protagonismo\/","og_site_name":"NotiCozumel","article_published_time":"2026-03-17T14:00:00+00:00","og_image":[{"width":1050,"height":600,"url":"https:\/\/noticozumel.mx\/1\/wp-content\/uploads\/2026\/03\/Expresso-N.jpg","type":"image\/jpeg"}],"author":"Redacci\u00f3n","twitter_card":"summary_large_image","twitter_misc":{"Escrito por":"Redacci\u00f3n","Tiempo de lectura":"4 minutos"},"schema":{"@context":"https:\/\/schema.org","@graph":[{"@type":"WebPage","@id":"https:\/\/noticozumel.mx\/1\/expresso-el-retorno-de-la-cooperacha-y-el-vicio-del-protagonismo\/","url":"https:\/\/noticozumel.mx\/1\/expresso-el-retorno-de-la-cooperacha-y-el-vicio-del-protagonismo\/","name":"Expresso: El retorno de la cooperacha y el vicio del protagonismo - NotiCozumel","isPartOf":{"@id":"https:\/\/noticozumel.mx\/1\/#website"},"primaryImageOfPage":{"@id":"https:\/\/noticozumel.mx\/1\/expresso-el-retorno-de-la-cooperacha-y-el-vicio-del-protagonismo\/#primaryimage"},"image":{"@id":"https:\/\/noticozumel.mx\/1\/expresso-el-retorno-de-la-cooperacha-y-el-vicio-del-protagonismo\/#primaryimage"},"thumbnailUrl":"https:\/\/noticozumel.mx\/1\/wp-content\/uploads\/2026\/03\/Expresso-N.jpg","datePublished":"2026-03-17T14:00:00+00:00","author":{"@id":"https:\/\/noticozumel.mx\/1\/#\/schema\/person\/a3353279fd7f37e86677893e0510943b"},"breadcrumb":{"@id":"https:\/\/noticozumel.mx\/1\/expresso-el-retorno-de-la-cooperacha-y-el-vicio-del-protagonismo\/#breadcrumb"},"inLanguage":"es","potentialAction":[{"@type":"ReadAction","target":["https:\/\/noticozumel.mx\/1\/expresso-el-retorno-de-la-cooperacha-y-el-vicio-del-protagonismo\/"]}]},{"@type":"ImageObject","inLanguage":"es","@id":"https:\/\/noticozumel.mx\/1\/expresso-el-retorno-de-la-cooperacha-y-el-vicio-del-protagonismo\/#primaryimage","url":"https:\/\/noticozumel.mx\/1\/wp-content\/uploads\/2026\/03\/Expresso-N.jpg","contentUrl":"https:\/\/noticozumel.mx\/1\/wp-content\/uploads\/2026\/03\/Expresso-N.jpg","width":1050,"height":600},{"@type":"BreadcrumbList","@id":"https:\/\/noticozumel.mx\/1\/expresso-el-retorno-de-la-cooperacha-y-el-vicio-del-protagonismo\/#breadcrumb","itemListElement":[{"@type":"ListItem","position":1,"name":"Portada","item":"https:\/\/noticozumel.mx\/1\/"},{"@type":"ListItem","position":2,"name":"Expresso: El retorno de la cooperacha y el vicio del protagonismo"}]},{"@type":"WebSite","@id":"https:\/\/noticozumel.mx\/1\/#website","url":"https:\/\/noticozumel.mx\/1\/","name":"NotiCozumel","description":"Las noticias al alcance de todos","potentialAction":[{"@type":"SearchAction","target":{"@type":"EntryPoint","urlTemplate":"https:\/\/noticozumel.mx\/1\/?s={search_term_string}"},"query-input":{"@type":"PropertyValueSpecification","valueRequired":true,"valueName":"search_term_string"}}],"inLanguage":"es"},{"@type":"Person","@id":"https:\/\/noticozumel.mx\/1\/#\/schema\/person\/a3353279fd7f37e86677893e0510943b","name":"Redacci\u00f3n","image":{"@type":"ImageObject","inLanguage":"es","@id":"https:\/\/noticozumel.mx\/1\/#\/schema\/person\/image\/","url":"https:\/\/secure.gravatar.com\/avatar\/92c1decdbf2b01a0b3a758c19f5bf7b7b7c7ad1ebf1b8f407a69813d9948f6d0?s=96&d=mm&r=g","contentUrl":"https:\/\/secure.gravatar.com\/avatar\/92c1decdbf2b01a0b3a758c19f5bf7b7b7c7ad1ebf1b8f407a69813d9948f6d0?s=96&d=mm&r=g","caption":"Redacci\u00f3n"},"url":"https:\/\/noticozumel.mx\/1\/author\/admin\/"}]}},"_links":{"self":[{"href":"https:\/\/noticozumel.mx\/1\/wp-json\/wp\/v2\/posts\/8212","targetHints":{"allow":["GET"]}}],"collection":[{"href":"https:\/\/noticozumel.mx\/1\/wp-json\/wp\/v2\/posts"}],"about":[{"href":"https:\/\/noticozumel.mx\/1\/wp-json\/wp\/v2\/types\/post"}],"author":[{"embeddable":true,"href":"https:\/\/noticozumel.mx\/1\/wp-json\/wp\/v2\/users\/1"}],"replies":[{"embeddable":true,"href":"https:\/\/noticozumel.mx\/1\/wp-json\/wp\/v2\/comments?post=8212"}],"version-history":[{"count":1,"href":"https:\/\/noticozumel.mx\/1\/wp-json\/wp\/v2\/posts\/8212\/revisions"}],"predecessor-version":[{"id":8213,"href":"https:\/\/noticozumel.mx\/1\/wp-json\/wp\/v2\/posts\/8212\/revisions\/8213"}],"wp:featuredmedia":[{"embeddable":true,"href":"https:\/\/noticozumel.mx\/1\/wp-json\/wp\/v2\/media\/7234"}],"wp:attachment":[{"href":"https:\/\/noticozumel.mx\/1\/wp-json\/wp\/v2\/media?parent=8212"}],"wp:term":[{"taxonomy":"category","embeddable":true,"href":"https:\/\/noticozumel.mx\/1\/wp-json\/wp\/v2\/categories?post=8212"},{"taxonomy":"post_tag","embeddable":true,"href":"https:\/\/noticozumel.mx\/1\/wp-json\/wp\/v2\/tags?post=8212"}],"curies":[{"name":"wp","href":"https:\/\/api.w.org\/{rel}","templated":true}]}}