{"id":8276,"date":"2026-03-19T09:30:00","date_gmt":"2026-03-19T14:30:00","guid":{"rendered":"https:\/\/noticozumel.mx\/1\/?p=8276"},"modified":"2026-03-19T10:42:48","modified_gmt":"2026-03-19T15:42:48","slug":"expresso-madruguetes-espejismos-y-el-aroma-del-2027","status":"publish","type":"post","link":"https:\/\/noticozumel.mx\/1\/expresso-madruguetes-espejismos-y-el-aroma-del-2027\/","title":{"rendered":"Expresso: Madruguetes, espejismos y el aroma del 2027"},"content":{"rendered":"\n<p>Se toma uno el caf\u00e9 temprano, sintiendo la brisa del frente fr\u00edo 41 y a la espera de un poco m\u00e1s del calor que define a Cozumel en la primavera, y se da cuenta de que en la pol\u00edtica, como en la pesca, hay quienes lanzan el anzuelo antes de tiempo, no s\u00e9 si por hambre o por puro nervio. Y resulta que en este tablero quintanarroense, el despertador son\u00f3 antes de lo previsto y los jugadores han empezado a mover sus piezas con una prisa que levanta m\u00e1s dudas que certezas.<\/p>\n\n\n\n<h3 class=\"wp-block-heading\" id=\"h-el-pri-estrategia-o-nostalgia-en-el-tablero\">El PRI: \u00bfEstrategia o nostalgia en el tablero?<\/h3>\n\n\n\n<p>En el PRI, ese partido que muchos ya daban por dormido en la hamaca, les dio por madrugar. Alito Moreno, desde la comodidad del centro, solt\u00f3 tres nombres para la joya de la corona en el 2027, y uno se pregunta si realmente es un golpe estrat\u00e9gico o si nom\u00e1s le est\u00e1n midiendo el agua a los camotes para ver qu\u00e9 tanto vapor sale de la olla.<\/p>\n\n\n\n<p>La lista la encabeza Cora Amalia Castilla Madrid, una chetumale\u00f1a que ha recorrido todos los pasillos del poder, desde la alcald\u00eda de Oth\u00f3n Pompeyo Blanco hasta secretar\u00edas de gobierno. Le sigue Filiberto Mart\u00ednez, el operador de Playa del Carmen que lo mismo te hace un video que te mueve una estructura, y Leslie Hendricks, que carga con el peso del apellido y la nostalgia de un Quintana Roo que ya no es el mismo. De entrada, el panorama se siente como un reencuentro de la vieja guardia, con cuadros conocidos, s\u00ed, pero que en el tablero actual parecen m\u00e1s un despliegue de nostalgia que una amenaza real frente a lo que ha mostrado la aplanadora de Morena. \u00bfEs una carnada para ver qui\u00e9n muerde o un grito desesperado para decir aqu\u00ed seguimos vivos?<\/p>\n\n\n\n<p>Pero bajemos la lupa a nuestra isla, porque aqu\u00ed el caf\u00e9 se toma de otra forma, o como se dice, la pol\u00edtica se cuece aparte. En Cozumel han empezado a circular fotograf\u00edas que huelen a archivo: ex presidentes, ex gobernadores y personajes que en su momento fueron el eje del poder pri\u00edsta. Y en el centro de ese \u00e1lbum de recuerdos aparece Juan Carlos Gonz\u00e1lez Hern\u00e1ndez. El ex alcalde (2008-2011) anda entre que s\u00ed y que no, movi\u00e9ndose con esa discreci\u00f3n que solo tienen los que saben que en pol\u00edtica el que se mueve no sale en la foto, pero que ya se deja ver en reuniones con l\u00edderes de colonia. Mensajes entre l\u00edneas, como una forma de decir que la vieja guardia no se ha ido del todo y que el 2027 podr\u00eda ser su \u00faltima gran batalla por la silla municipal.<\/p>\n\n\n\n<h3 class=\"wp-block-heading\" id=\"h-el-verde-entre-advertencias-y-el-amago-de-ir-solos\">El Verde: Entre advertencias y el amago de ir solos<\/h3>\n\n\n\n<p>Sin embargo, el PRI no es el \u00fanico que anda con el despertador adelantado. En el b\u00fanker del Verde, la cosa se puso color de hormiga. Mientras Karen Castrej\u00f3n ya suena para Guerrero, el senador Manuel Velasco solt\u00f3 una de esas frases que suenan a advertencia cari\u00f1osa: si en la alianza con Morena y el PT no se respetan las encuestas, podr\u00edan irse solitos.<\/p>\n\n\n\n<p>En Quintana Roo, donde tambi\u00e9n habr\u00e1 relevo en la gubernatura, esto levanta m\u00e1s dudas que certezas. El mensaje de Velasco no parece ser un simple comentario al aire, sino una ficha de negociaci\u00f3n para subirle el precio a su lealtad. \u00bfSe fracturar\u00e1 el bloque oficialista o es simplemente el estira y afloja necesario para asegurar cuotas de poder? La advertencia est\u00e1 en la mesa, y aunque no se mencione un nombre espec\u00edfico para el estado, las declaraciones levantan pocas certidumbres y muchas preguntas sobre c\u00f3mo quedar\u00e1 armada la estructura de la alianza cuando el calor electoral este al rojo.<\/p>\n\n\n\n<h3 class=\"wp-block-heading\" id=\"h-reflexion-de-banquetera\">Reflexi\u00f3n de banquetera<\/h3>\n\n\n\n<p>Al final del d\u00eda, el an\u00e1lisis de banqueta nos dice que adelantarse tanto suele ser un arma de doble filo. El PRI apuesta por la experiencia de rostros ya conocidos, intentando revivir un pasado que para muchos ya es historia, mientras que el Verde lanza amagos de independencia para no quedar diluido en la sombra del gigante.<\/p>\n\n\n\n<p>En este juego anticipado, Cozumel observa, sabe que los madruguetes a veces solo sirven para llegar primero a un lugar vac\u00edo. El caf\u00e9 de hoy nos deja un sabor de incertidumbre, y nos confirma que el 2027 ya empez\u00f3 a jugarse en la mente de unos cuantos, aunque el pueblo todav\u00eda est\u00e9 pensando en el sustento de ma\u00f1ana. Estaremos pendientes, porque en esta isla, las olas pol\u00edticas suelen cambiar cuando menos uno lo espera.<\/p>\n","protected":false},"excerpt":{"rendered":"<p>Se toma uno el caf\u00e9 temprano, sintiendo la brisa del frente fr\u00edo 41 y a la espera de un poco m\u00e1s del calor que define a Cozumel en la primavera, y se da cuenta de que en la pol\u00edtica, como en la pesca, hay quienes lanzan el anzuelo antes de tiempo, no s\u00e9 si por [&hellip;]<\/p>\n","protected":false},"author":2,"featured_media":7234,"comment_status":"open","ping_status":"closed","sticky":false,"template":"","format":"standard","meta":{"tdm_status":"","tdm_grid_status":"","footnotes":""},"categories":[45,58],"tags":[158,59,157,63,164,345,61,27,60,128,161,162,346,65,160,114,23,62,159],"class_list":{"0":"post-8276","1":"post","2":"type-post","3":"status-publish","4":"format-standard","5":"has-post-thumbnail","7":"category-columnas","8":"category-espresso","9":"tag-columna","10":"tag-cozumel","11":"tag-expresso","12":"tag-isla-cozumel","13":"tag-morena","14":"tag-movimiento-ciudadano","15":"tag-noticias-de-cozumel","16":"tag-noticias-de-quintana-roo","17":"tag-noticozumel","18":"tag-opinion","19":"tag-pan","20":"tag-partido-del-trabajo","21":"tag-partivo-verde","22":"tag-politica","23":"tag-pri","24":"tag-pvem","25":"tag-quintana-roo","26":"tag-san-miguel-de-cozumel","27":"tag-victor-hernandez-luna"},"yoast_head":"<!-- This site is optimized with the Yoast SEO Premium plugin v26.2 (Yoast SEO v26.2) - https:\/\/yoast.com\/wordpress\/plugins\/seo\/ -->\n<title>Expresso: Madruguetes, espejismos y el aroma del 2027 - NotiCozumel<\/title>\n<meta name=\"robots\" content=\"index, follow, max-snippet:-1, max-image-preview:large, max-video-preview:-1\" \/>\n<link rel=\"canonical\" href=\"https:\/\/noticozumel.mx\/1\/expresso-madruguetes-espejismos-y-el-aroma-del-2027\/\" \/>\n<meta property=\"og:locale\" content=\"es_ES\" \/>\n<meta property=\"og:type\" content=\"article\" \/>\n<meta property=\"og:title\" content=\"Expresso: Madruguetes, espejismos y el aroma del 2027\" \/>\n<meta property=\"og:description\" content=\"Se toma uno el caf\u00e9 temprano, sintiendo la brisa del frente fr\u00edo 41 y a la espera de un poco m\u00e1s del calor que define a Cozumel en la primavera, y se da cuenta de que en la pol\u00edtica, como en la pesca, hay quienes lanzan el anzuelo antes de tiempo, no s\u00e9 si por [&hellip;]\" \/>\n<meta property=\"og:url\" content=\"https:\/\/noticozumel.mx\/1\/expresso-madruguetes-espejismos-y-el-aroma-del-2027\/\" \/>\n<meta property=\"og:site_name\" content=\"NotiCozumel\" \/>\n<meta property=\"article:published_time\" content=\"2026-03-19T14:30:00+00:00\" \/>\n<meta property=\"article:modified_time\" content=\"2026-03-19T15:42:48+00:00\" \/>\n<meta property=\"og:image\" content=\"https:\/\/noticozumel.mx\/1\/wp-content\/uploads\/2026\/03\/Expresso-N.jpg\" \/>\n\t<meta property=\"og:image:width\" content=\"1050\" \/>\n\t<meta property=\"og:image:height\" content=\"600\" \/>\n\t<meta property=\"og:image:type\" content=\"image\/jpeg\" \/>\n<meta name=\"author\" content=\"Victor Hernandez Luna\" \/>\n<meta name=\"twitter:card\" content=\"summary_large_image\" \/>\n<meta name=\"twitter:label1\" content=\"Escrito por\" \/>\n\t<meta name=\"twitter:data1\" content=\"Victor Hernandez Luna\" \/>\n\t<meta name=\"twitter:label2\" content=\"Tiempo de lectura\" \/>\n\t<meta name=\"twitter:data2\" content=\"4 minutos\" \/>\n<script type=\"application\/ld+json\" class=\"yoast-schema-graph\">{\"@context\":\"https:\/\/schema.org\",\"@graph\":[{\"@type\":\"WebPage\",\"@id\":\"https:\/\/noticozumel.mx\/1\/expresso-madruguetes-espejismos-y-el-aroma-del-2027\/\",\"url\":\"https:\/\/noticozumel.mx\/1\/expresso-madruguetes-espejismos-y-el-aroma-del-2027\/\",\"name\":\"Expresso: Madruguetes, espejismos y el aroma del 2027 - NotiCozumel\",\"isPartOf\":{\"@id\":\"https:\/\/noticozumel.mx\/1\/#website\"},\"primaryImageOfPage\":{\"@id\":\"https:\/\/noticozumel.mx\/1\/expresso-madruguetes-espejismos-y-el-aroma-del-2027\/#primaryimage\"},\"image\":{\"@id\":\"https:\/\/noticozumel.mx\/1\/expresso-madruguetes-espejismos-y-el-aroma-del-2027\/#primaryimage\"},\"thumbnailUrl\":\"https:\/\/noticozumel.mx\/1\/wp-content\/uploads\/2026\/03\/Expresso-N.jpg\",\"datePublished\":\"2026-03-19T14:30:00+00:00\",\"dateModified\":\"2026-03-19T15:42:48+00:00\",\"author\":{\"@id\":\"https:\/\/noticozumel.mx\/1\/#\/schema\/person\/8d7a7295b0e332037217d900d085410f\"},\"breadcrumb\":{\"@id\":\"https:\/\/noticozumel.mx\/1\/expresso-madruguetes-espejismos-y-el-aroma-del-2027\/#breadcrumb\"},\"inLanguage\":\"es\",\"potentialAction\":[{\"@type\":\"ReadAction\",\"target\":[\"https:\/\/noticozumel.mx\/1\/expresso-madruguetes-espejismos-y-el-aroma-del-2027\/\"]}]},{\"@type\":\"ImageObject\",\"inLanguage\":\"es\",\"@id\":\"https:\/\/noticozumel.mx\/1\/expresso-madruguetes-espejismos-y-el-aroma-del-2027\/#primaryimage\",\"url\":\"https:\/\/noticozumel.mx\/1\/wp-content\/uploads\/2026\/03\/Expresso-N.jpg\",\"contentUrl\":\"https:\/\/noticozumel.mx\/1\/wp-content\/uploads\/2026\/03\/Expresso-N.jpg\",\"width\":1050,\"height\":600},{\"@type\":\"BreadcrumbList\",\"@id\":\"https:\/\/noticozumel.mx\/1\/expresso-madruguetes-espejismos-y-el-aroma-del-2027\/#breadcrumb\",\"itemListElement\":[{\"@type\":\"ListItem\",\"position\":1,\"name\":\"Portada\",\"item\":\"https:\/\/noticozumel.mx\/1\/\"},{\"@type\":\"ListItem\",\"position\":2,\"name\":\"Expresso: Madruguetes, espejismos y el aroma del 2027\"}]},{\"@type\":\"WebSite\",\"@id\":\"https:\/\/noticozumel.mx\/1\/#website\",\"url\":\"https:\/\/noticozumel.mx\/1\/\",\"name\":\"NotiCozumel\",\"description\":\"Las noticias al alcance de todos\",\"potentialAction\":[{\"@type\":\"SearchAction\",\"target\":{\"@type\":\"EntryPoint\",\"urlTemplate\":\"https:\/\/noticozumel.mx\/1\/?s={search_term_string}\"},\"query-input\":{\"@type\":\"PropertyValueSpecification\",\"valueRequired\":true,\"valueName\":\"search_term_string\"}}],\"inLanguage\":\"es\"},{\"@type\":\"Person\",\"@id\":\"https:\/\/noticozumel.mx\/1\/#\/schema\/person\/8d7a7295b0e332037217d900d085410f\",\"name\":\"Victor Hernandez Luna\",\"image\":{\"@type\":\"ImageObject\",\"inLanguage\":\"es\",\"@id\":\"https:\/\/noticozumel.mx\/1\/#\/schema\/person\/image\/\",\"url\":\"https:\/\/secure.gravatar.com\/avatar\/903e5352abe273aed23196d02d4ae378ebfc322b1ba34a99ce80218a04ec9af0?s=96&d=mm&r=g\",\"contentUrl\":\"https:\/\/secure.gravatar.com\/avatar\/903e5352abe273aed23196d02d4ae378ebfc322b1ba34a99ce80218a04ec9af0?s=96&d=mm&r=g\",\"caption\":\"Victor Hernandez Luna\"},\"url\":\"https:\/\/noticozumel.mx\/1\/author\/victor-hernandez-luna\/\"}]}<\/script>\n<!-- \/ Yoast SEO Premium plugin. -->","yoast_head_json":{"title":"Expresso: Madruguetes, espejismos y el aroma del 2027 - NotiCozumel","robots":{"index":"index","follow":"follow","max-snippet":"max-snippet:-1","max-image-preview":"max-image-preview:large","max-video-preview":"max-video-preview:-1"},"canonical":"https:\/\/noticozumel.mx\/1\/expresso-madruguetes-espejismos-y-el-aroma-del-2027\/","og_locale":"es_ES","og_type":"article","og_title":"Expresso: Madruguetes, espejismos y el aroma del 2027","og_description":"Se toma uno el caf\u00e9 temprano, sintiendo la brisa del frente fr\u00edo 41 y a la espera de un poco m\u00e1s del calor que define a Cozumel en la primavera, y se da cuenta de que en la pol\u00edtica, como en la pesca, hay quienes lanzan el anzuelo antes de tiempo, no s\u00e9 si por [&hellip;]","og_url":"https:\/\/noticozumel.mx\/1\/expresso-madruguetes-espejismos-y-el-aroma-del-2027\/","og_site_name":"NotiCozumel","article_published_time":"2026-03-19T14:30:00+00:00","article_modified_time":"2026-03-19T15:42:48+00:00","og_image":[{"width":1050,"height":600,"url":"https:\/\/noticozumel.mx\/1\/wp-content\/uploads\/2026\/03\/Expresso-N.jpg","type":"image\/jpeg"}],"author":"Victor Hernandez Luna","twitter_card":"summary_large_image","twitter_misc":{"Escrito por":"Victor Hernandez Luna","Tiempo de lectura":"4 minutos"},"schema":{"@context":"https:\/\/schema.org","@graph":[{"@type":"WebPage","@id":"https:\/\/noticozumel.mx\/1\/expresso-madruguetes-espejismos-y-el-aroma-del-2027\/","url":"https:\/\/noticozumel.mx\/1\/expresso-madruguetes-espejismos-y-el-aroma-del-2027\/","name":"Expresso: Madruguetes, espejismos y el aroma del 2027 - NotiCozumel","isPartOf":{"@id":"https:\/\/noticozumel.mx\/1\/#website"},"primaryImageOfPage":{"@id":"https:\/\/noticozumel.mx\/1\/expresso-madruguetes-espejismos-y-el-aroma-del-2027\/#primaryimage"},"image":{"@id":"https:\/\/noticozumel.mx\/1\/expresso-madruguetes-espejismos-y-el-aroma-del-2027\/#primaryimage"},"thumbnailUrl":"https:\/\/noticozumel.mx\/1\/wp-content\/uploads\/2026\/03\/Expresso-N.jpg","datePublished":"2026-03-19T14:30:00+00:00","dateModified":"2026-03-19T15:42:48+00:00","author":{"@id":"https:\/\/noticozumel.mx\/1\/#\/schema\/person\/8d7a7295b0e332037217d900d085410f"},"breadcrumb":{"@id":"https:\/\/noticozumel.mx\/1\/expresso-madruguetes-espejismos-y-el-aroma-del-2027\/#breadcrumb"},"inLanguage":"es","potentialAction":[{"@type":"ReadAction","target":["https:\/\/noticozumel.mx\/1\/expresso-madruguetes-espejismos-y-el-aroma-del-2027\/"]}]},{"@type":"ImageObject","inLanguage":"es","@id":"https:\/\/noticozumel.mx\/1\/expresso-madruguetes-espejismos-y-el-aroma-del-2027\/#primaryimage","url":"https:\/\/noticozumel.mx\/1\/wp-content\/uploads\/2026\/03\/Expresso-N.jpg","contentUrl":"https:\/\/noticozumel.mx\/1\/wp-content\/uploads\/2026\/03\/Expresso-N.jpg","width":1050,"height":600},{"@type":"BreadcrumbList","@id":"https:\/\/noticozumel.mx\/1\/expresso-madruguetes-espejismos-y-el-aroma-del-2027\/#breadcrumb","itemListElement":[{"@type":"ListItem","position":1,"name":"Portada","item":"https:\/\/noticozumel.mx\/1\/"},{"@type":"ListItem","position":2,"name":"Expresso: Madruguetes, espejismos y el aroma del 2027"}]},{"@type":"WebSite","@id":"https:\/\/noticozumel.mx\/1\/#website","url":"https:\/\/noticozumel.mx\/1\/","name":"NotiCozumel","description":"Las noticias al alcance de todos","potentialAction":[{"@type":"SearchAction","target":{"@type":"EntryPoint","urlTemplate":"https:\/\/noticozumel.mx\/1\/?s={search_term_string}"},"query-input":{"@type":"PropertyValueSpecification","valueRequired":true,"valueName":"search_term_string"}}],"inLanguage":"es"},{"@type":"Person","@id":"https:\/\/noticozumel.mx\/1\/#\/schema\/person\/8d7a7295b0e332037217d900d085410f","name":"Victor Hernandez Luna","image":{"@type":"ImageObject","inLanguage":"es","@id":"https:\/\/noticozumel.mx\/1\/#\/schema\/person\/image\/","url":"https:\/\/secure.gravatar.com\/avatar\/903e5352abe273aed23196d02d4ae378ebfc322b1ba34a99ce80218a04ec9af0?s=96&d=mm&r=g","contentUrl":"https:\/\/secure.gravatar.com\/avatar\/903e5352abe273aed23196d02d4ae378ebfc322b1ba34a99ce80218a04ec9af0?s=96&d=mm&r=g","caption":"Victor Hernandez Luna"},"url":"https:\/\/noticozumel.mx\/1\/author\/victor-hernandez-luna\/"}]}},"_links":{"self":[{"href":"https:\/\/noticozumel.mx\/1\/wp-json\/wp\/v2\/posts\/8276","targetHints":{"allow":["GET"]}}],"collection":[{"href":"https:\/\/noticozumel.mx\/1\/wp-json\/wp\/v2\/posts"}],"about":[{"href":"https:\/\/noticozumel.mx\/1\/wp-json\/wp\/v2\/types\/post"}],"author":[{"embeddable":true,"href":"https:\/\/noticozumel.mx\/1\/wp-json\/wp\/v2\/users\/2"}],"replies":[{"embeddable":true,"href":"https:\/\/noticozumel.mx\/1\/wp-json\/wp\/v2\/comments?post=8276"}],"version-history":[{"count":2,"href":"https:\/\/noticozumel.mx\/1\/wp-json\/wp\/v2\/posts\/8276\/revisions"}],"predecessor-version":[{"id":8279,"href":"https:\/\/noticozumel.mx\/1\/wp-json\/wp\/v2\/posts\/8276\/revisions\/8279"}],"wp:featuredmedia":[{"embeddable":true,"href":"https:\/\/noticozumel.mx\/1\/wp-json\/wp\/v2\/media\/7234"}],"wp:attachment":[{"href":"https:\/\/noticozumel.mx\/1\/wp-json\/wp\/v2\/media?parent=8276"}],"wp:term":[{"taxonomy":"category","embeddable":true,"href":"https:\/\/noticozumel.mx\/1\/wp-json\/wp\/v2\/categories?post=8276"},{"taxonomy":"post_tag","embeddable":true,"href":"https:\/\/noticozumel.mx\/1\/wp-json\/wp\/v2\/tags?post=8276"}],"curies":[{"name":"wp","href":"https:\/\/api.w.org\/{rel}","templated":true}]}}