{"id":8504,"date":"2026-03-25T09:00:00","date_gmt":"2026-03-25T14:00:00","guid":{"rendered":"https:\/\/noticozumel.mx\/1\/?p=8504"},"modified":"2026-03-25T10:06:53","modified_gmt":"2026-03-25T15:06:53","slug":"expresso-la-baraja-de-la-unidad-y-el-susurro-de-las-cupulas","status":"publish","type":"post","link":"https:\/\/noticozumel.mx\/1\/expresso-la-baraja-de-la-unidad-y-el-susurro-de-las-cupulas\/","title":{"rendered":"Expresso: La baraja de la unidad y el susurro de las c\u00fapulas"},"content":{"rendered":"\n<p><strong>Por: V\u00edctor Hern\u00e1ndez<\/strong><\/p>\n\n\n\n<p>Se toma uno el caf\u00e9 con una calma distinta esta ma\u00f1ana, observando c\u00f3mo el oleaje pol\u00edtico en Quintana Roo parece buscar un cauce de serenidad, al menos en las formas. Las noticias que llegan desde la capital del estado no hablan esta vez de choques o madruguetes, sino de una imagen que env\u00eda un mensaje potente hacia el centro del pa\u00eds: el encuentro entre Johana Acosta, presidenta de MORENA, y Ren\u00e1n Eduardo S\u00e1nchez Tajonar, l\u00edder del Partido Verde.<\/p>\n\n\n\n<p>No es una foto cualquiera. En la pol\u00edtica de altos vuelos, los gestos suelen ser tan elocuentes como las leyes. Ver a los dos pilares de la alianza gobernante, es la confirmaci\u00f3n de que la maquinaria de la transformaci\u00f3n en el estado busca aceitar sus piezas de cara a lo que viene. Como bien se\u00f1al\u00f3 S\u00e1nchez Tajonar: \u00abLa unidad no solo es un mensaje pol\u00edtico, es una forma de dar resultados\u00bb. Y tiene raz\u00f3n, en una entidad con alto dinamismo, la descoordinaci\u00f3n es un lujo que nadie se puede permitir.<\/p>\n\n\n\n<p>Lo que uno percibe, m\u00e1s all\u00e1 del discurso oficial de cercan\u00eda con la gente y compromiso con las causas sociales, es una labor de reingenier\u00eda pol\u00edtica. Johana y Ren\u00e1n coinciden en que el camino se traza con resultados tangibles para las familias quintanarroenses. Es una visi\u00f3n que se alinea perfectamente con la directriz que hoy emana desde Palacio Nacional y que en el estado encabeza con mano firme Mara Lezama. Se trata de mostrar que, antes que las ambiciones personales, est\u00e1 la solidez de un proyecto que se niega a fisurarse.<\/p>\n\n\n\n<p>Pero aqu\u00ed es donde el an\u00e1lisis se eleva a las c\u00fapulas nacionales. Porque si bien en lo local se trabaja con intensidad y se construye la unidad calle por calle, la decisi\u00f3n final sobre los nombres y los g\u00e9neros para el futuro tablero de mando reside en los despachos del centro del pa\u00eds. Es un equilibrio delicado: mientras los l\u00edderes estatales como Johana y Ren\u00e1n consolidan el territorio y dan resultados, el dise\u00f1o del 2027 se dibuja en un plano donde influyen factores que van m\u00e1s all\u00e1 de nuestras costas.<\/p>\n\n\n\n<p>Sin embargo, tambi\u00e9n el an\u00e1lisis siempre obliga a mirar un poco m\u00e1s all\u00e1, a recordar los di\u00e1logos que se quedan grabados fuera de los reflectores. Viene a mi memoria una entrevista que sostuve hace unos meses con la propia Johana Acosta, en su visita a la isla. En aquella ocasi\u00f3n, con la franqueza que la caracteriza, me comentaba que, desde su perspectiva, la sucesi\u00f3n de gobierno en Quintana Roo deber\u00eda seguir una l\u00ednea marcadamente feminista, abriendo paso a que otra mujer tome la estafeta. Es una idea que resuena con fuerza en los tiempos de la primera Presidenta de M\u00e9xico.<\/p>\n\n\n\n<p>Al final del d\u00eda, el mensaje que este encuentro deja en la bit\u00e1cora es de certidumbre institucional. MORENA y el Verde parecen haber entendido que, en este tramo del camino, la mejor pol\u00edtica es la que se traduce en bienestar y la mejor estrategia es la que se construye en equipo. El caf\u00e9 de hoy tiene un sabor de madurez pol\u00edtica; nos dice que las piezas se est\u00e1n moviendo con responsabilidad, dejando las definiciones mayores para cuando el reloj nacional marque la hora. Por ahora, Quintana Roo sigue su marcha en bloque, y esa es, quiz\u00e1s, la se\u00f1al m\u00e1s clara de que la transformaci\u00f3n busca echar ra\u00edces profundas.<\/p>\n","protected":false},"excerpt":{"rendered":"<p>Por: V\u00edctor Hern\u00e1ndez Se toma uno el caf\u00e9 con una calma distinta esta ma\u00f1ana, observando c\u00f3mo el oleaje pol\u00edtico en Quintana Roo parece buscar un cauce de serenidad, al menos en las formas. Las noticias que llegan desde la capital del estado no hablan esta vez de choques o madruguetes, sino de una imagen que [&hellip;]<\/p>\n","protected":false},"author":1,"featured_media":4976,"comment_status":"open","ping_status":"closed","sticky":false,"template":"","format":"standard","meta":{"tdm_status":"","tdm_grid_status":"","footnotes":""},"categories":[45,58],"tags":[158,59,157,63,164,345,61,27,60,128,161,162,346,65,160,114,23,62,159],"class_list":{"0":"post-8504","1":"post","2":"type-post","3":"status-publish","4":"format-standard","5":"has-post-thumbnail","7":"category-columnas","8":"category-espresso","9":"tag-columna","10":"tag-cozumel","11":"tag-expresso","12":"tag-isla-cozumel","13":"tag-morena","14":"tag-movimiento-ciudadano","15":"tag-noticias-de-cozumel","16":"tag-noticias-de-quintana-roo","17":"tag-noticozumel","18":"tag-opinion","19":"tag-pan","20":"tag-partido-del-trabajo","21":"tag-partivo-verde","22":"tag-politica","23":"tag-pri","24":"tag-pvem","25":"tag-quintana-roo","26":"tag-san-miguel-de-cozumel","27":"tag-victor-hernandez-luna"},"yoast_head":"<!-- This site is optimized with the Yoast SEO Premium plugin v26.2 (Yoast SEO v26.2) - https:\/\/yoast.com\/wordpress\/plugins\/seo\/ -->\n<title>Expresso: La baraja de la unidad y el susurro de las c\u00fapulas - NotiCozumel<\/title>\n<meta name=\"robots\" content=\"index, follow, max-snippet:-1, max-image-preview:large, max-video-preview:-1\" \/>\n<link rel=\"canonical\" href=\"https:\/\/noticozumel.mx\/1\/expresso-la-baraja-de-la-unidad-y-el-susurro-de-las-cupulas\/\" \/>\n<meta property=\"og:locale\" content=\"es_ES\" \/>\n<meta property=\"og:type\" content=\"article\" \/>\n<meta property=\"og:title\" content=\"Expresso: La baraja de la unidad y el susurro de las c\u00fapulas\" \/>\n<meta property=\"og:description\" content=\"Por: V\u00edctor Hern\u00e1ndez Se toma uno el caf\u00e9 con una calma distinta esta ma\u00f1ana, observando c\u00f3mo el oleaje pol\u00edtico en Quintana Roo parece buscar un cauce de serenidad, al menos en las formas. Las noticias que llegan desde la capital del estado no hablan esta vez de choques o madruguetes, sino de una imagen que [&hellip;]\" \/>\n<meta property=\"og:url\" content=\"https:\/\/noticozumel.mx\/1\/expresso-la-baraja-de-la-unidad-y-el-susurro-de-las-cupulas\/\" \/>\n<meta property=\"og:site_name\" content=\"NotiCozumel\" \/>\n<meta property=\"article:published_time\" content=\"2026-03-25T14:00:00+00:00\" \/>\n<meta property=\"article:modified_time\" content=\"2026-03-25T15:06:53+00:00\" \/>\n<meta property=\"og:image\" content=\"https:\/\/noticozumel.mx\/1\/wp-content\/uploads\/2026\/01\/Expresso-N.jpeg\" \/>\n\t<meta property=\"og:image:width\" content=\"1050\" \/>\n\t<meta property=\"og:image:height\" content=\"600\" \/>\n\t<meta property=\"og:image:type\" content=\"image\/jpeg\" \/>\n<meta name=\"author\" content=\"Redacci\u00f3n\" \/>\n<meta name=\"twitter:card\" content=\"summary_large_image\" \/>\n<meta name=\"twitter:label1\" content=\"Escrito por\" \/>\n\t<meta name=\"twitter:data1\" content=\"Redacci\u00f3n\" \/>\n\t<meta name=\"twitter:label2\" content=\"Tiempo de lectura\" \/>\n\t<meta name=\"twitter:data2\" content=\"3 minutos\" \/>\n<script type=\"application\/ld+json\" class=\"yoast-schema-graph\">{\"@context\":\"https:\/\/schema.org\",\"@graph\":[{\"@type\":\"WebPage\",\"@id\":\"https:\/\/noticozumel.mx\/1\/expresso-la-baraja-de-la-unidad-y-el-susurro-de-las-cupulas\/\",\"url\":\"https:\/\/noticozumel.mx\/1\/expresso-la-baraja-de-la-unidad-y-el-susurro-de-las-cupulas\/\",\"name\":\"Expresso: La baraja de la unidad y el susurro de las c\u00fapulas - NotiCozumel\",\"isPartOf\":{\"@id\":\"https:\/\/noticozumel.mx\/1\/#website\"},\"primaryImageOfPage\":{\"@id\":\"https:\/\/noticozumel.mx\/1\/expresso-la-baraja-de-la-unidad-y-el-susurro-de-las-cupulas\/#primaryimage\"},\"image\":{\"@id\":\"https:\/\/noticozumel.mx\/1\/expresso-la-baraja-de-la-unidad-y-el-susurro-de-las-cupulas\/#primaryimage\"},\"thumbnailUrl\":\"https:\/\/noticozumel.mx\/1\/wp-content\/uploads\/2026\/01\/Expresso-N.jpeg\",\"datePublished\":\"2026-03-25T14:00:00+00:00\",\"dateModified\":\"2026-03-25T15:06:53+00:00\",\"author\":{\"@id\":\"https:\/\/noticozumel.mx\/1\/#\/schema\/person\/a3353279fd7f37e86677893e0510943b\"},\"breadcrumb\":{\"@id\":\"https:\/\/noticozumel.mx\/1\/expresso-la-baraja-de-la-unidad-y-el-susurro-de-las-cupulas\/#breadcrumb\"},\"inLanguage\":\"es\",\"potentialAction\":[{\"@type\":\"ReadAction\",\"target\":[\"https:\/\/noticozumel.mx\/1\/expresso-la-baraja-de-la-unidad-y-el-susurro-de-las-cupulas\/\"]}]},{\"@type\":\"ImageObject\",\"inLanguage\":\"es\",\"@id\":\"https:\/\/noticozumel.mx\/1\/expresso-la-baraja-de-la-unidad-y-el-susurro-de-las-cupulas\/#primaryimage\",\"url\":\"https:\/\/noticozumel.mx\/1\/wp-content\/uploads\/2026\/01\/Expresso-N.jpeg\",\"contentUrl\":\"https:\/\/noticozumel.mx\/1\/wp-content\/uploads\/2026\/01\/Expresso-N.jpeg\",\"width\":1050,\"height\":600},{\"@type\":\"BreadcrumbList\",\"@id\":\"https:\/\/noticozumel.mx\/1\/expresso-la-baraja-de-la-unidad-y-el-susurro-de-las-cupulas\/#breadcrumb\",\"itemListElement\":[{\"@type\":\"ListItem\",\"position\":1,\"name\":\"Portada\",\"item\":\"https:\/\/noticozumel.mx\/1\/\"},{\"@type\":\"ListItem\",\"position\":2,\"name\":\"Expresso: La baraja de la unidad y el susurro de las c\u00fapulas\"}]},{\"@type\":\"WebSite\",\"@id\":\"https:\/\/noticozumel.mx\/1\/#website\",\"url\":\"https:\/\/noticozumel.mx\/1\/\",\"name\":\"NotiCozumel\",\"description\":\"Las noticias al alcance de todos\",\"potentialAction\":[{\"@type\":\"SearchAction\",\"target\":{\"@type\":\"EntryPoint\",\"urlTemplate\":\"https:\/\/noticozumel.mx\/1\/?s={search_term_string}\"},\"query-input\":{\"@type\":\"PropertyValueSpecification\",\"valueRequired\":true,\"valueName\":\"search_term_string\"}}],\"inLanguage\":\"es\"},{\"@type\":\"Person\",\"@id\":\"https:\/\/noticozumel.mx\/1\/#\/schema\/person\/a3353279fd7f37e86677893e0510943b\",\"name\":\"Redacci\u00f3n\",\"image\":{\"@type\":\"ImageObject\",\"inLanguage\":\"es\",\"@id\":\"https:\/\/noticozumel.mx\/1\/#\/schema\/person\/image\/\",\"url\":\"https:\/\/secure.gravatar.com\/avatar\/92c1decdbf2b01a0b3a758c19f5bf7b7b7c7ad1ebf1b8f407a69813d9948f6d0?s=96&d=mm&r=g\",\"contentUrl\":\"https:\/\/secure.gravatar.com\/avatar\/92c1decdbf2b01a0b3a758c19f5bf7b7b7c7ad1ebf1b8f407a69813d9948f6d0?s=96&d=mm&r=g\",\"caption\":\"Redacci\u00f3n\"},\"url\":\"https:\/\/noticozumel.mx\/1\/author\/admin\/\"}]}<\/script>\n<!-- \/ Yoast SEO Premium plugin. -->","yoast_head_json":{"title":"Expresso: La baraja de la unidad y el susurro de las c\u00fapulas - NotiCozumel","robots":{"index":"index","follow":"follow","max-snippet":"max-snippet:-1","max-image-preview":"max-image-preview:large","max-video-preview":"max-video-preview:-1"},"canonical":"https:\/\/noticozumel.mx\/1\/expresso-la-baraja-de-la-unidad-y-el-susurro-de-las-cupulas\/","og_locale":"es_ES","og_type":"article","og_title":"Expresso: La baraja de la unidad y el susurro de las c\u00fapulas","og_description":"Por: V\u00edctor Hern\u00e1ndez Se toma uno el caf\u00e9 con una calma distinta esta ma\u00f1ana, observando c\u00f3mo el oleaje pol\u00edtico en Quintana Roo parece buscar un cauce de serenidad, al menos en las formas. Las noticias que llegan desde la capital del estado no hablan esta vez de choques o madruguetes, sino de una imagen que [&hellip;]","og_url":"https:\/\/noticozumel.mx\/1\/expresso-la-baraja-de-la-unidad-y-el-susurro-de-las-cupulas\/","og_site_name":"NotiCozumel","article_published_time":"2026-03-25T14:00:00+00:00","article_modified_time":"2026-03-25T15:06:53+00:00","og_image":[{"width":1050,"height":600,"url":"https:\/\/noticozumel.mx\/1\/wp-content\/uploads\/2026\/01\/Expresso-N.jpeg","type":"image\/jpeg"}],"author":"Redacci\u00f3n","twitter_card":"summary_large_image","twitter_misc":{"Escrito por":"Redacci\u00f3n","Tiempo de lectura":"3 minutos"},"schema":{"@context":"https:\/\/schema.org","@graph":[{"@type":"WebPage","@id":"https:\/\/noticozumel.mx\/1\/expresso-la-baraja-de-la-unidad-y-el-susurro-de-las-cupulas\/","url":"https:\/\/noticozumel.mx\/1\/expresso-la-baraja-de-la-unidad-y-el-susurro-de-las-cupulas\/","name":"Expresso: La baraja de la unidad y el susurro de las c\u00fapulas - NotiCozumel","isPartOf":{"@id":"https:\/\/noticozumel.mx\/1\/#website"},"primaryImageOfPage":{"@id":"https:\/\/noticozumel.mx\/1\/expresso-la-baraja-de-la-unidad-y-el-susurro-de-las-cupulas\/#primaryimage"},"image":{"@id":"https:\/\/noticozumel.mx\/1\/expresso-la-baraja-de-la-unidad-y-el-susurro-de-las-cupulas\/#primaryimage"},"thumbnailUrl":"https:\/\/noticozumel.mx\/1\/wp-content\/uploads\/2026\/01\/Expresso-N.jpeg","datePublished":"2026-03-25T14:00:00+00:00","dateModified":"2026-03-25T15:06:53+00:00","author":{"@id":"https:\/\/noticozumel.mx\/1\/#\/schema\/person\/a3353279fd7f37e86677893e0510943b"},"breadcrumb":{"@id":"https:\/\/noticozumel.mx\/1\/expresso-la-baraja-de-la-unidad-y-el-susurro-de-las-cupulas\/#breadcrumb"},"inLanguage":"es","potentialAction":[{"@type":"ReadAction","target":["https:\/\/noticozumel.mx\/1\/expresso-la-baraja-de-la-unidad-y-el-susurro-de-las-cupulas\/"]}]},{"@type":"ImageObject","inLanguage":"es","@id":"https:\/\/noticozumel.mx\/1\/expresso-la-baraja-de-la-unidad-y-el-susurro-de-las-cupulas\/#primaryimage","url":"https:\/\/noticozumel.mx\/1\/wp-content\/uploads\/2026\/01\/Expresso-N.jpeg","contentUrl":"https:\/\/noticozumel.mx\/1\/wp-content\/uploads\/2026\/01\/Expresso-N.jpeg","width":1050,"height":600},{"@type":"BreadcrumbList","@id":"https:\/\/noticozumel.mx\/1\/expresso-la-baraja-de-la-unidad-y-el-susurro-de-las-cupulas\/#breadcrumb","itemListElement":[{"@type":"ListItem","position":1,"name":"Portada","item":"https:\/\/noticozumel.mx\/1\/"},{"@type":"ListItem","position":2,"name":"Expresso: La baraja de la unidad y el susurro de las c\u00fapulas"}]},{"@type":"WebSite","@id":"https:\/\/noticozumel.mx\/1\/#website","url":"https:\/\/noticozumel.mx\/1\/","name":"NotiCozumel","description":"Las noticias al alcance de todos","potentialAction":[{"@type":"SearchAction","target":{"@type":"EntryPoint","urlTemplate":"https:\/\/noticozumel.mx\/1\/?s={search_term_string}"},"query-input":{"@type":"PropertyValueSpecification","valueRequired":true,"valueName":"search_term_string"}}],"inLanguage":"es"},{"@type":"Person","@id":"https:\/\/noticozumel.mx\/1\/#\/schema\/person\/a3353279fd7f37e86677893e0510943b","name":"Redacci\u00f3n","image":{"@type":"ImageObject","inLanguage":"es","@id":"https:\/\/noticozumel.mx\/1\/#\/schema\/person\/image\/","url":"https:\/\/secure.gravatar.com\/avatar\/92c1decdbf2b01a0b3a758c19f5bf7b7b7c7ad1ebf1b8f407a69813d9948f6d0?s=96&d=mm&r=g","contentUrl":"https:\/\/secure.gravatar.com\/avatar\/92c1decdbf2b01a0b3a758c19f5bf7b7b7c7ad1ebf1b8f407a69813d9948f6d0?s=96&d=mm&r=g","caption":"Redacci\u00f3n"},"url":"https:\/\/noticozumel.mx\/1\/author\/admin\/"}]}},"_links":{"self":[{"href":"https:\/\/noticozumel.mx\/1\/wp-json\/wp\/v2\/posts\/8504","targetHints":{"allow":["GET"]}}],"collection":[{"href":"https:\/\/noticozumel.mx\/1\/wp-json\/wp\/v2\/posts"}],"about":[{"href":"https:\/\/noticozumel.mx\/1\/wp-json\/wp\/v2\/types\/post"}],"author":[{"embeddable":true,"href":"https:\/\/noticozumel.mx\/1\/wp-json\/wp\/v2\/users\/1"}],"replies":[{"embeddable":true,"href":"https:\/\/noticozumel.mx\/1\/wp-json\/wp\/v2\/comments?post=8504"}],"version-history":[{"count":1,"href":"https:\/\/noticozumel.mx\/1\/wp-json\/wp\/v2\/posts\/8504\/revisions"}],"predecessor-version":[{"id":8505,"href":"https:\/\/noticozumel.mx\/1\/wp-json\/wp\/v2\/posts\/8504\/revisions\/8505"}],"wp:featuredmedia":[{"embeddable":true,"href":"https:\/\/noticozumel.mx\/1\/wp-json\/wp\/v2\/media\/4976"}],"wp:attachment":[{"href":"https:\/\/noticozumel.mx\/1\/wp-json\/wp\/v2\/media?parent=8504"}],"wp:term":[{"taxonomy":"category","embeddable":true,"href":"https:\/\/noticozumel.mx\/1\/wp-json\/wp\/v2\/categories?post=8504"},{"taxonomy":"post_tag","embeddable":true,"href":"https:\/\/noticozumel.mx\/1\/wp-json\/wp\/v2\/tags?post=8504"}],"curies":[{"name":"wp","href":"https:\/\/api.w.org\/{rel}","templated":true}]}}