{"id":8610,"date":"2026-03-29T18:50:00","date_gmt":"2026-03-29T23:50:00","guid":{"rendered":"https:\/\/noticozumel.mx\/1\/?p=8610"},"modified":"2026-03-30T22:55:20","modified_gmt":"2026-03-31T03:55:20","slug":"el-partido-verde-consolida-su-crecimiento-en-quintana-roo-con-mas-de-85-mil-afiliados","status":"publish","type":"post","link":"https:\/\/noticozumel.mx\/1\/el-partido-verde-consolida-su-crecimiento-en-quintana-roo-con-mas-de-85-mil-afiliados\/","title":{"rendered":"El Partido Verde consolida su crecimiento en Quintana Roo con m\u00e1s de 85 mil afiliados"},"content":{"rendered":"\n<p>Cozumel, Quintana Roo, Quintana Roo, 29 de marzo de 2026.- El Partido Verde Ecologista de M\u00e9xico en Quintana Roo contin\u00faa consolid\u00e1ndose al superar los 85 mil afiliados, un crecimiento hist\u00f3rico que refleja la confianza ciudadana en un proyecto cercano, de territorio y comprometido con la gente.<\/p>\n\n\n\n<figure class=\"wp-block-image size-large\"><img loading=\"lazy\" decoding=\"async\" width=\"1024\" height=\"683\" src=\"https:\/\/noticozumel.mx\/1\/wp-content\/uploads\/2026\/03\/Renan-afiliados-Verde-3-1024x683.jpg\" alt=\"\" class=\"wp-image-8612\" srcset=\"https:\/\/noticozumel.mx\/1\/wp-content\/uploads\/2026\/03\/Renan-afiliados-Verde-3-1024x683.jpg 1024w, https:\/\/noticozumel.mx\/1\/wp-content\/uploads\/2026\/03\/Renan-afiliados-Verde-3-300x200.jpg 300w, https:\/\/noticozumel.mx\/1\/wp-content\/uploads\/2026\/03\/Renan-afiliados-Verde-3-768x512.jpg 768w, https:\/\/noticozumel.mx\/1\/wp-content\/uploads\/2026\/03\/Renan-afiliados-Verde-3-1536x1024.jpg 1536w, https:\/\/noticozumel.mx\/1\/wp-content\/uploads\/2026\/03\/Renan-afiliados-Verde-3-630x420.jpg 630w, https:\/\/noticozumel.mx\/1\/wp-content\/uploads\/2026\/03\/Renan-afiliados-Verde-3-150x100.jpg 150w, https:\/\/noticozumel.mx\/1\/wp-content\/uploads\/2026\/03\/Renan-afiliados-Verde-3-696x464.jpg 696w, https:\/\/noticozumel.mx\/1\/wp-content\/uploads\/2026\/03\/Renan-afiliados-Verde-3-1068x712.jpg 1068w, https:\/\/noticozumel.mx\/1\/wp-content\/uploads\/2026\/03\/Renan-afiliados-Verde-3.jpg 1600w\" sizes=\"auto, (max-width: 1024px) 100vw, 1024px\" \/><\/figure>\n\n\n\n<p>Bajo el liderazgo de Ren\u00e1n S\u00e1nchez Tajonar, el Verde ha registrado un avance sin precedentes, pasando de poco m\u00e1s de 11 mil afiliados a m\u00e1s de 85 mil en todo el estado. Este crecimiento es resultado de una agenda permanente de cercan\u00eda, contacto directo y gesti\u00f3n a favor de las familias quintanarroenses.<\/p>\n\n\n\n<p>M\u00e1s all\u00e1 de los n\u00fameros, este logro se sostiene en el trabajo diario en territorio. Cada semana, la dirigencia estatal y las municipales recorren colonias, comunidades y municipios, fortaleciendo los comit\u00e9s de base, escuchando a la ciudadan\u00eda y dando seguimiento puntual a sus necesidades. El Verde es un partido que est\u00e1 presente, que acompa\u00f1a y que gestiona soluciones.<\/p>\n\n\n\n<p>Ren\u00e1n S\u00e1nchez Tajonar ha destacado que el fortalecimiento del partido se construye desde abajo, con organizaci\u00f3n y compromiso social. \u201cHoy m\u00e1s que nunca somos un partido cercano, que escucha y que act\u00faa. Nuestra prioridad es estar en territorio, atender a la gente y dar resultados concretos\u201d, se\u00f1ala el dirigente.<\/p>\n\n\n\n<figure class=\"wp-block-image size-large\"><img loading=\"lazy\" decoding=\"async\" width=\"1024\" height=\"682\" src=\"https:\/\/noticozumel.mx\/1\/wp-content\/uploads\/2026\/03\/Renan-afiliados-Verde-2-1024x682.jpg\" alt=\"\" class=\"wp-image-8611\" srcset=\"https:\/\/noticozumel.mx\/1\/wp-content\/uploads\/2026\/03\/Renan-afiliados-Verde-2-1024x682.jpg 1024w, https:\/\/noticozumel.mx\/1\/wp-content\/uploads\/2026\/03\/Renan-afiliados-Verde-2-300x200.jpg 300w, https:\/\/noticozumel.mx\/1\/wp-content\/uploads\/2026\/03\/Renan-afiliados-Verde-2-768x512.jpg 768w, https:\/\/noticozumel.mx\/1\/wp-content\/uploads\/2026\/03\/Renan-afiliados-Verde-2-1536x1023.jpg 1536w, https:\/\/noticozumel.mx\/1\/wp-content\/uploads\/2026\/03\/Renan-afiliados-Verde-2-630x420.jpg 630w, https:\/\/noticozumel.mx\/1\/wp-content\/uploads\/2026\/03\/Renan-afiliados-Verde-2-150x100.jpg 150w, https:\/\/noticozumel.mx\/1\/wp-content\/uploads\/2026\/03\/Renan-afiliados-Verde-2-696x464.jpg 696w, https:\/\/noticozumel.mx\/1\/wp-content\/uploads\/2026\/03\/Renan-afiliados-Verde-2-1068x712.jpg 1068w, https:\/\/noticozumel.mx\/1\/wp-content\/uploads\/2026\/03\/Renan-afiliados-Verde-2.jpg 1600w\" sizes=\"auto, (max-width: 1024px) 100vw, 1024px\" \/><\/figure>\n\n\n\n<p>Asimismo, el Partido Verde mantiene su respaldo firme al proyecto de transformaci\u00f3n que encabezan la gobernadora Mara Lezama en Quintana Roo y la presidenta Claudia Sheinbaum a nivel nacional, sumando esfuerzos para consolidar un estado con mayor bienestar, justicia social y oportunidades.<\/p>\n\n\n\n<p>Con una estructura s\u00f3lida, una agenda permanente de cercan\u00eda y una militancia en constante crecimiento, el Partido Verde en Quintana Roo reafirma su compromiso de seguir trabajando del lado de la gente, gestionando y construyendo soluciones que mejoren la vida de las familias.<\/p>\n","protected":false},"excerpt":{"rendered":"<p>Cozumel, Quintana Roo, Quintana Roo, 29 de marzo de 2026.- El Partido Verde Ecologista de M\u00e9xico en Quintana Roo contin\u00faa consolid\u00e1ndose al superar los 85 mil afiliados, un crecimiento hist\u00f3rico que refleja la confianza ciudadana en un proyecto cercano, de territorio y comprometido con la gente. Bajo el liderazgo de Ren\u00e1n S\u00e1nchez Tajonar, el Verde [&hellip;]<\/p>\n","protected":false},"author":1,"featured_media":8613,"comment_status":"open","ping_status":"closed","sticky":false,"template":"","format":"standard","meta":{"tdm_status":"","tdm_grid_status":"","footnotes":""},"categories":[2,37],"tags":[59,63,61,27,60,115,65,114,23,66,62],"class_list":{"0":"post-8610","1":"post","2":"type-post","3":"status-publish","4":"format-standard","5":"has-post-thumbnail","7":"category-featured","8":"category-politica","9":"tag-cozumel","10":"tag-isla-cozumel","11":"tag-noticias-de-cozumel","12":"tag-noticias-de-quintana-roo","13":"tag-noticozumel","14":"tag-partido-verde","15":"tag-politica","16":"tag-pvem","17":"tag-quintana-roo","18":"tag-renan-eduardo-sanchez-tajonar","19":"tag-san-miguel-de-cozumel"},"yoast_head":"<!-- This site is optimized with the Yoast SEO Premium plugin v26.2 (Yoast SEO v26.2) - https:\/\/yoast.com\/wordpress\/plugins\/seo\/ -->\n<title>El Partido Verde consolida su crecimiento en Quintana Roo con m\u00e1s de 85 mil afiliados - NotiCozumel<\/title>\n<meta name=\"robots\" content=\"index, follow, max-snippet:-1, max-image-preview:large, max-video-preview:-1\" \/>\n<link rel=\"canonical\" href=\"https:\/\/noticozumel.mx\/1\/el-partido-verde-consolida-su-crecimiento-en-quintana-roo-con-mas-de-85-mil-afiliados\/\" \/>\n<meta property=\"og:locale\" content=\"es_ES\" \/>\n<meta property=\"og:type\" content=\"article\" \/>\n<meta property=\"og:title\" content=\"El Partido Verde consolida su crecimiento en Quintana Roo con m\u00e1s de 85 mil afiliados\" \/>\n<meta property=\"og:description\" content=\"Cozumel, Quintana Roo, Quintana Roo, 29 de marzo de 2026.- El Partido Verde Ecologista de M\u00e9xico en Quintana Roo contin\u00faa consolid\u00e1ndose al superar los 85 mil afiliados, un crecimiento hist\u00f3rico que refleja la confianza ciudadana en un proyecto cercano, de territorio y comprometido con la gente. Bajo el liderazgo de Ren\u00e1n S\u00e1nchez Tajonar, el Verde [&hellip;]\" \/>\n<meta property=\"og:url\" content=\"https:\/\/noticozumel.mx\/1\/el-partido-verde-consolida-su-crecimiento-en-quintana-roo-con-mas-de-85-mil-afiliados\/\" \/>\n<meta property=\"og:site_name\" content=\"NotiCozumel\" \/>\n<meta property=\"article:published_time\" content=\"2026-03-29T23:50:00+00:00\" \/>\n<meta property=\"article:modified_time\" content=\"2026-03-31T03:55:20+00:00\" \/>\n<meta property=\"og:image\" content=\"https:\/\/noticozumel.mx\/1\/wp-content\/uploads\/2026\/03\/Renan-afiliados-Verde-1.jpg\" \/>\n\t<meta property=\"og:image:width\" content=\"1600\" \/>\n\t<meta property=\"og:image:height\" content=\"1066\" \/>\n\t<meta property=\"og:image:type\" content=\"image\/jpeg\" \/>\n<meta name=\"author\" content=\"Redacci\u00f3n\" \/>\n<meta name=\"twitter:card\" content=\"summary_large_image\" \/>\n<meta name=\"twitter:label1\" content=\"Escrito por\" \/>\n\t<meta name=\"twitter:data1\" content=\"Redacci\u00f3n\" \/>\n\t<meta name=\"twitter:label2\" content=\"Tiempo de lectura\" \/>\n\t<meta name=\"twitter:data2\" content=\"2 minutos\" \/>\n<script type=\"application\/ld+json\" class=\"yoast-schema-graph\">{\"@context\":\"https:\/\/schema.org\",\"@graph\":[{\"@type\":\"WebPage\",\"@id\":\"https:\/\/noticozumel.mx\/1\/el-partido-verde-consolida-su-crecimiento-en-quintana-roo-con-mas-de-85-mil-afiliados\/\",\"url\":\"https:\/\/noticozumel.mx\/1\/el-partido-verde-consolida-su-crecimiento-en-quintana-roo-con-mas-de-85-mil-afiliados\/\",\"name\":\"El Partido Verde consolida su crecimiento en Quintana Roo con m\u00e1s de 85 mil afiliados - NotiCozumel\",\"isPartOf\":{\"@id\":\"https:\/\/noticozumel.mx\/1\/#website\"},\"primaryImageOfPage\":{\"@id\":\"https:\/\/noticozumel.mx\/1\/el-partido-verde-consolida-su-crecimiento-en-quintana-roo-con-mas-de-85-mil-afiliados\/#primaryimage\"},\"image\":{\"@id\":\"https:\/\/noticozumel.mx\/1\/el-partido-verde-consolida-su-crecimiento-en-quintana-roo-con-mas-de-85-mil-afiliados\/#primaryimage\"},\"thumbnailUrl\":\"https:\/\/noticozumel.mx\/1\/wp-content\/uploads\/2026\/03\/Renan-afiliados-Verde-1.jpg\",\"datePublished\":\"2026-03-29T23:50:00+00:00\",\"dateModified\":\"2026-03-31T03:55:20+00:00\",\"author\":{\"@id\":\"https:\/\/noticozumel.mx\/1\/#\/schema\/person\/a3353279fd7f37e86677893e0510943b\"},\"breadcrumb\":{\"@id\":\"https:\/\/noticozumel.mx\/1\/el-partido-verde-consolida-su-crecimiento-en-quintana-roo-con-mas-de-85-mil-afiliados\/#breadcrumb\"},\"inLanguage\":\"es\",\"potentialAction\":[{\"@type\":\"ReadAction\",\"target\":[\"https:\/\/noticozumel.mx\/1\/el-partido-verde-consolida-su-crecimiento-en-quintana-roo-con-mas-de-85-mil-afiliados\/\"]}]},{\"@type\":\"ImageObject\",\"inLanguage\":\"es\",\"@id\":\"https:\/\/noticozumel.mx\/1\/el-partido-verde-consolida-su-crecimiento-en-quintana-roo-con-mas-de-85-mil-afiliados\/#primaryimage\",\"url\":\"https:\/\/noticozumel.mx\/1\/wp-content\/uploads\/2026\/03\/Renan-afiliados-Verde-1.jpg\",\"contentUrl\":\"https:\/\/noticozumel.mx\/1\/wp-content\/uploads\/2026\/03\/Renan-afiliados-Verde-1.jpg\",\"width\":1600,\"height\":1066},{\"@type\":\"BreadcrumbList\",\"@id\":\"https:\/\/noticozumel.mx\/1\/el-partido-verde-consolida-su-crecimiento-en-quintana-roo-con-mas-de-85-mil-afiliados\/#breadcrumb\",\"itemListElement\":[{\"@type\":\"ListItem\",\"position\":1,\"name\":\"Portada\",\"item\":\"https:\/\/noticozumel.mx\/1\/\"},{\"@type\":\"ListItem\",\"position\":2,\"name\":\"El Partido Verde consolida su crecimiento en Quintana Roo con m\u00e1s de 85 mil afiliados\"}]},{\"@type\":\"WebSite\",\"@id\":\"https:\/\/noticozumel.mx\/1\/#website\",\"url\":\"https:\/\/noticozumel.mx\/1\/\",\"name\":\"NotiCozumel\",\"description\":\"Las noticias al alcance de todos\",\"potentialAction\":[{\"@type\":\"SearchAction\",\"target\":{\"@type\":\"EntryPoint\",\"urlTemplate\":\"https:\/\/noticozumel.mx\/1\/?s={search_term_string}\"},\"query-input\":{\"@type\":\"PropertyValueSpecification\",\"valueRequired\":true,\"valueName\":\"search_term_string\"}}],\"inLanguage\":\"es\"},{\"@type\":\"Person\",\"@id\":\"https:\/\/noticozumel.mx\/1\/#\/schema\/person\/a3353279fd7f37e86677893e0510943b\",\"name\":\"Redacci\u00f3n\",\"image\":{\"@type\":\"ImageObject\",\"inLanguage\":\"es\",\"@id\":\"https:\/\/noticozumel.mx\/1\/#\/schema\/person\/image\/\",\"url\":\"https:\/\/secure.gravatar.com\/avatar\/92c1decdbf2b01a0b3a758c19f5bf7b7b7c7ad1ebf1b8f407a69813d9948f6d0?s=96&d=mm&r=g\",\"contentUrl\":\"https:\/\/secure.gravatar.com\/avatar\/92c1decdbf2b01a0b3a758c19f5bf7b7b7c7ad1ebf1b8f407a69813d9948f6d0?s=96&d=mm&r=g\",\"caption\":\"Redacci\u00f3n\"},\"url\":\"https:\/\/noticozumel.mx\/1\/author\/admin\/\"}]}<\/script>\n<!-- \/ Yoast SEO Premium plugin. -->","yoast_head_json":{"title":"El Partido Verde consolida su crecimiento en Quintana Roo con m\u00e1s de 85 mil afiliados - NotiCozumel","robots":{"index":"index","follow":"follow","max-snippet":"max-snippet:-1","max-image-preview":"max-image-preview:large","max-video-preview":"max-video-preview:-1"},"canonical":"https:\/\/noticozumel.mx\/1\/el-partido-verde-consolida-su-crecimiento-en-quintana-roo-con-mas-de-85-mil-afiliados\/","og_locale":"es_ES","og_type":"article","og_title":"El Partido Verde consolida su crecimiento en Quintana Roo con m\u00e1s de 85 mil afiliados","og_description":"Cozumel, Quintana Roo, Quintana Roo, 29 de marzo de 2026.- El Partido Verde Ecologista de M\u00e9xico en Quintana Roo contin\u00faa consolid\u00e1ndose al superar los 85 mil afiliados, un crecimiento hist\u00f3rico que refleja la confianza ciudadana en un proyecto cercano, de territorio y comprometido con la gente. Bajo el liderazgo de Ren\u00e1n S\u00e1nchez Tajonar, el Verde [&hellip;]","og_url":"https:\/\/noticozumel.mx\/1\/el-partido-verde-consolida-su-crecimiento-en-quintana-roo-con-mas-de-85-mil-afiliados\/","og_site_name":"NotiCozumel","article_published_time":"2026-03-29T23:50:00+00:00","article_modified_time":"2026-03-31T03:55:20+00:00","og_image":[{"width":1600,"height":1066,"url":"https:\/\/noticozumel.mx\/1\/wp-content\/uploads\/2026\/03\/Renan-afiliados-Verde-1.jpg","type":"image\/jpeg"}],"author":"Redacci\u00f3n","twitter_card":"summary_large_image","twitter_misc":{"Escrito por":"Redacci\u00f3n","Tiempo de lectura":"2 minutos"},"schema":{"@context":"https:\/\/schema.org","@graph":[{"@type":"WebPage","@id":"https:\/\/noticozumel.mx\/1\/el-partido-verde-consolida-su-crecimiento-en-quintana-roo-con-mas-de-85-mil-afiliados\/","url":"https:\/\/noticozumel.mx\/1\/el-partido-verde-consolida-su-crecimiento-en-quintana-roo-con-mas-de-85-mil-afiliados\/","name":"El Partido Verde consolida su crecimiento en Quintana Roo con m\u00e1s de 85 mil afiliados - NotiCozumel","isPartOf":{"@id":"https:\/\/noticozumel.mx\/1\/#website"},"primaryImageOfPage":{"@id":"https:\/\/noticozumel.mx\/1\/el-partido-verde-consolida-su-crecimiento-en-quintana-roo-con-mas-de-85-mil-afiliados\/#primaryimage"},"image":{"@id":"https:\/\/noticozumel.mx\/1\/el-partido-verde-consolida-su-crecimiento-en-quintana-roo-con-mas-de-85-mil-afiliados\/#primaryimage"},"thumbnailUrl":"https:\/\/noticozumel.mx\/1\/wp-content\/uploads\/2026\/03\/Renan-afiliados-Verde-1.jpg","datePublished":"2026-03-29T23:50:00+00:00","dateModified":"2026-03-31T03:55:20+00:00","author":{"@id":"https:\/\/noticozumel.mx\/1\/#\/schema\/person\/a3353279fd7f37e86677893e0510943b"},"breadcrumb":{"@id":"https:\/\/noticozumel.mx\/1\/el-partido-verde-consolida-su-crecimiento-en-quintana-roo-con-mas-de-85-mil-afiliados\/#breadcrumb"},"inLanguage":"es","potentialAction":[{"@type":"ReadAction","target":["https:\/\/noticozumel.mx\/1\/el-partido-verde-consolida-su-crecimiento-en-quintana-roo-con-mas-de-85-mil-afiliados\/"]}]},{"@type":"ImageObject","inLanguage":"es","@id":"https:\/\/noticozumel.mx\/1\/el-partido-verde-consolida-su-crecimiento-en-quintana-roo-con-mas-de-85-mil-afiliados\/#primaryimage","url":"https:\/\/noticozumel.mx\/1\/wp-content\/uploads\/2026\/03\/Renan-afiliados-Verde-1.jpg","contentUrl":"https:\/\/noticozumel.mx\/1\/wp-content\/uploads\/2026\/03\/Renan-afiliados-Verde-1.jpg","width":1600,"height":1066},{"@type":"BreadcrumbList","@id":"https:\/\/noticozumel.mx\/1\/el-partido-verde-consolida-su-crecimiento-en-quintana-roo-con-mas-de-85-mil-afiliados\/#breadcrumb","itemListElement":[{"@type":"ListItem","position":1,"name":"Portada","item":"https:\/\/noticozumel.mx\/1\/"},{"@type":"ListItem","position":2,"name":"El Partido Verde consolida su crecimiento en Quintana Roo con m\u00e1s de 85 mil afiliados"}]},{"@type":"WebSite","@id":"https:\/\/noticozumel.mx\/1\/#website","url":"https:\/\/noticozumel.mx\/1\/","name":"NotiCozumel","description":"Las noticias al alcance de todos","potentialAction":[{"@type":"SearchAction","target":{"@type":"EntryPoint","urlTemplate":"https:\/\/noticozumel.mx\/1\/?s={search_term_string}"},"query-input":{"@type":"PropertyValueSpecification","valueRequired":true,"valueName":"search_term_string"}}],"inLanguage":"es"},{"@type":"Person","@id":"https:\/\/noticozumel.mx\/1\/#\/schema\/person\/a3353279fd7f37e86677893e0510943b","name":"Redacci\u00f3n","image":{"@type":"ImageObject","inLanguage":"es","@id":"https:\/\/noticozumel.mx\/1\/#\/schema\/person\/image\/","url":"https:\/\/secure.gravatar.com\/avatar\/92c1decdbf2b01a0b3a758c19f5bf7b7b7c7ad1ebf1b8f407a69813d9948f6d0?s=96&d=mm&r=g","contentUrl":"https:\/\/secure.gravatar.com\/avatar\/92c1decdbf2b01a0b3a758c19f5bf7b7b7c7ad1ebf1b8f407a69813d9948f6d0?s=96&d=mm&r=g","caption":"Redacci\u00f3n"},"url":"https:\/\/noticozumel.mx\/1\/author\/admin\/"}]}},"_links":{"self":[{"href":"https:\/\/noticozumel.mx\/1\/wp-json\/wp\/v2\/posts\/8610","targetHints":{"allow":["GET"]}}],"collection":[{"href":"https:\/\/noticozumel.mx\/1\/wp-json\/wp\/v2\/posts"}],"about":[{"href":"https:\/\/noticozumel.mx\/1\/wp-json\/wp\/v2\/types\/post"}],"author":[{"embeddable":true,"href":"https:\/\/noticozumel.mx\/1\/wp-json\/wp\/v2\/users\/1"}],"replies":[{"embeddable":true,"href":"https:\/\/noticozumel.mx\/1\/wp-json\/wp\/v2\/comments?post=8610"}],"version-history":[{"count":1,"href":"https:\/\/noticozumel.mx\/1\/wp-json\/wp\/v2\/posts\/8610\/revisions"}],"predecessor-version":[{"id":8614,"href":"https:\/\/noticozumel.mx\/1\/wp-json\/wp\/v2\/posts\/8610\/revisions\/8614"}],"wp:featuredmedia":[{"embeddable":true,"href":"https:\/\/noticozumel.mx\/1\/wp-json\/wp\/v2\/media\/8613"}],"wp:attachment":[{"href":"https:\/\/noticozumel.mx\/1\/wp-json\/wp\/v2\/media?parent=8610"}],"wp:term":[{"taxonomy":"category","embeddable":true,"href":"https:\/\/noticozumel.mx\/1\/wp-json\/wp\/v2\/categories?post=8610"},{"taxonomy":"post_tag","embeddable":true,"href":"https:\/\/noticozumel.mx\/1\/wp-json\/wp\/v2\/tags?post=8610"}],"curies":[{"name":"wp","href":"https:\/\/api.w.org\/{rel}","templated":true}]}}