{"id":9102,"date":"2026-04-04T18:01:00","date_gmt":"2026-04-04T23:01:00","guid":{"rendered":"https:\/\/noticozumel.mx\/1\/?p=9102"},"modified":"2026-04-06T03:06:50","modified_gmt":"2026-04-06T08:06:50","slug":"cozumel-crea-primer-jardin-polinizador-municipal-para-fortalecer-la-conservacion-ambiental","status":"publish","type":"post","link":"https:\/\/noticozumel.mx\/1\/cozumel-crea-primer-jardin-polinizador-municipal-para-fortalecer-la-conservacion-ambiental\/","title":{"rendered":"Cozumel crea Primer Jard\u00edn Polinizador Municipal para fortalecer la conservaci\u00f3n ambiental"},"content":{"rendered":"\n<p>Cozumel, Quintana Roo, 4 de abril de 2026.\u2013 En un esfuerzo por fomentar la cultura de la conservaci\u00f3n del medio ambiente entre las familias de la isla, el Gobierno Municipal de Cozumel, a trav\u00e9s de la Subdirecci\u00f3n de Ecolog\u00eda, llev\u00f3 a cabo la inauguraci\u00f3n del Primer Jard\u00edn Polinizador Municipal, una iniciativa orientada a la preservaci\u00f3n de la mariposa monarca y otras especies fundamentales para el equilibrio ecol\u00f3gico.<\/p>\n\n\n\n<figure class=\"wp-block-image size-large\"><img loading=\"lazy\" decoding=\"async\" width=\"1024\" height=\"682\" src=\"https:\/\/noticozumel.mx\/1\/wp-content\/uploads\/2026\/04\/Jardin-polinizador-Cozumel-4-1024x682.jpg\" alt=\"\" class=\"wp-image-9105\" srcset=\"https:\/\/noticozumel.mx\/1\/wp-content\/uploads\/2026\/04\/Jardin-polinizador-Cozumel-4-1024x682.jpg 1024w, https:\/\/noticozumel.mx\/1\/wp-content\/uploads\/2026\/04\/Jardin-polinizador-Cozumel-4-300x200.jpg 300w, https:\/\/noticozumel.mx\/1\/wp-content\/uploads\/2026\/04\/Jardin-polinizador-Cozumel-4-768x512.jpg 768w, https:\/\/noticozumel.mx\/1\/wp-content\/uploads\/2026\/04\/Jardin-polinizador-Cozumel-4-630x420.jpg 630w, https:\/\/noticozumel.mx\/1\/wp-content\/uploads\/2026\/04\/Jardin-polinizador-Cozumel-4-150x100.jpg 150w, https:\/\/noticozumel.mx\/1\/wp-content\/uploads\/2026\/04\/Jardin-polinizador-Cozumel-4-696x464.jpg 696w, https:\/\/noticozumel.mx\/1\/wp-content\/uploads\/2026\/04\/Jardin-polinizador-Cozumel-4-1068x712.jpg 1068w, https:\/\/noticozumel.mx\/1\/wp-content\/uploads\/2026\/04\/Jardin-polinizador-Cozumel-4.jpg 1280w\" sizes=\"auto, (max-width: 1024px) 100vw, 1024px\" \/><\/figure>\n\n\n\n<p>Durante el evento, la subdirectora de Ecolog\u00eda, Judith Arg\u00fcelles, destac\u00f3 que esta acci\u00f3n responde a la encomienda del presidente municipal, Jos\u00e9 Luis Chac\u00f3n, de impulsar la participaci\u00f3n social en labores de conservaci\u00f3n ambiental y promover espacios que fortalezcan la biodiversidad local.<\/p>\n\n\n\n<p>El jard\u00edn fue establecido sobre la avenida F\u00e9lix Gonz\u00e1lez, entre Ju\u00e1rez y 3 Sur, donde autoridades municipales, familias y voluntarios participaron en la plantaci\u00f3n de aproximadamente 80 arbustos de la especie Curassavica, reconocida por ser un refugio ideal para la reproducci\u00f3n de la mariposa monarca, as\u00ed como de otras especies polinizadoras.<\/p>\n\n\n\n<figure class=\"wp-block-image size-large\"><img loading=\"lazy\" decoding=\"async\" width=\"1024\" height=\"682\" src=\"https:\/\/noticozumel.mx\/1\/wp-content\/uploads\/2026\/04\/Jardin-polinizador-Cozumel-3-1024x682.jpg\" alt=\"\" class=\"wp-image-9104\" srcset=\"https:\/\/noticozumel.mx\/1\/wp-content\/uploads\/2026\/04\/Jardin-polinizador-Cozumel-3-1024x682.jpg 1024w, https:\/\/noticozumel.mx\/1\/wp-content\/uploads\/2026\/04\/Jardin-polinizador-Cozumel-3-300x200.jpg 300w, https:\/\/noticozumel.mx\/1\/wp-content\/uploads\/2026\/04\/Jardin-polinizador-Cozumel-3-768x512.jpg 768w, https:\/\/noticozumel.mx\/1\/wp-content\/uploads\/2026\/04\/Jardin-polinizador-Cozumel-3-630x420.jpg 630w, https:\/\/noticozumel.mx\/1\/wp-content\/uploads\/2026\/04\/Jardin-polinizador-Cozumel-3-150x100.jpg 150w, https:\/\/noticozumel.mx\/1\/wp-content\/uploads\/2026\/04\/Jardin-polinizador-Cozumel-3-696x464.jpg 696w, https:\/\/noticozumel.mx\/1\/wp-content\/uploads\/2026\/04\/Jardin-polinizador-Cozumel-3-1068x712.jpg 1068w, https:\/\/noticozumel.mx\/1\/wp-content\/uploads\/2026\/04\/Jardin-polinizador-Cozumel-3.jpg 1280w\" sizes=\"auto, (max-width: 1024px) 100vw, 1024px\" \/><\/figure>\n\n\n\n<p>Se record\u00f3 que en enero pasado, la organizaci\u00f3n Alas Mayas realiz\u00f3 en esta zona el primer registro documentado de la mariposa monarca en la isla, logrando adem\u00e1s el monitoreo completo de su ciclo de vida, lo que refuerza la importancia de generar espacios adecuados para su conservaci\u00f3n.<\/p>\n\n\n\n<p>La especie Curassavica cumple un papel fundamental como fuente de alimento y h\u00e1bitat para diversas especies como abejas, hormigas, colibr\u00edes y mariposas, contribuyendo as\u00ed al equilibrio de los ecosistemas locales.<\/p>\n\n\n\n<figure class=\"wp-block-image size-large\"><img loading=\"lazy\" decoding=\"async\" width=\"1024\" height=\"653\" src=\"https:\/\/noticozumel.mx\/1\/wp-content\/uploads\/2026\/04\/Jardin-polinizador-Cozumel-2-1024x653.jpg\" alt=\"\" class=\"wp-image-9103\" srcset=\"https:\/\/noticozumel.mx\/1\/wp-content\/uploads\/2026\/04\/Jardin-polinizador-Cozumel-2-1024x653.jpg 1024w, https:\/\/noticozumel.mx\/1\/wp-content\/uploads\/2026\/04\/Jardin-polinizador-Cozumel-2-300x191.jpg 300w, https:\/\/noticozumel.mx\/1\/wp-content\/uploads\/2026\/04\/Jardin-polinizador-Cozumel-2-768x490.jpg 768w, https:\/\/noticozumel.mx\/1\/wp-content\/uploads\/2026\/04\/Jardin-polinizador-Cozumel-2-659x420.jpg 659w, https:\/\/noticozumel.mx\/1\/wp-content\/uploads\/2026\/04\/Jardin-polinizador-Cozumel-2-150x96.jpg 150w, https:\/\/noticozumel.mx\/1\/wp-content\/uploads\/2026\/04\/Jardin-polinizador-Cozumel-2-696x444.jpg 696w, https:\/\/noticozumel.mx\/1\/wp-content\/uploads\/2026\/04\/Jardin-polinizador-Cozumel-2-1068x681.jpg 1068w, https:\/\/noticozumel.mx\/1\/wp-content\/uploads\/2026\/04\/Jardin-polinizador-Cozumel-2.jpg 1280w\" sizes=\"auto, (max-width: 1024px) 100vw, 1024px\" \/><\/figure>\n\n\n\n<p>Con este tipo de acciones, el Gobierno Municipal refrenda su compromiso con el cuidado del entorno natural y la promoci\u00f3n de una cultura ambiental responsable entre la ciudadan\u00eda.<\/p>\n","protected":false},"excerpt":{"rendered":"<p>Cozumel, Quintana Roo, 4 de abril de 2026.\u2013 En un esfuerzo por fomentar la cultura de la conservaci\u00f3n del medio ambiente entre las familias de la isla, el Gobierno Municipal de Cozumel, a trav\u00e9s de la Subdirecci\u00f3n de Ecolog\u00eda, llev\u00f3 a cabo la inauguraci\u00f3n del Primer Jard\u00edn Polinizador Municipal, una iniciativa orientada a la preservaci\u00f3n [&hellip;]<\/p>\n","protected":false},"author":1,"featured_media":9106,"comment_status":"open","ping_status":"closed","sticky":false,"template":"","format":"standard","meta":{"tdm_status":"","tdm_grid_status":"","footnotes":""},"categories":[1],"tags":[59,63,61,27,60,23,62],"class_list":{"0":"post-9102","1":"post","2":"type-post","3":"status-publish","4":"format-standard","5":"has-post-thumbnail","7":"category-cozumel","8":"tag-cozumel","9":"tag-isla-cozumel","10":"tag-noticias-de-cozumel","11":"tag-noticias-de-quintana-roo","12":"tag-noticozumel","13":"tag-quintana-roo","14":"tag-san-miguel-de-cozumel"},"yoast_head":"<!-- This site is optimized with the Yoast SEO Premium plugin v26.2 (Yoast SEO v26.2) - https:\/\/yoast.com\/wordpress\/plugins\/seo\/ -->\n<title>Cozumel crea Primer Jard\u00edn Polinizador Municipal para fortalecer la conservaci\u00f3n ambiental - NotiCozumel<\/title>\n<meta name=\"robots\" content=\"index, follow, max-snippet:-1, max-image-preview:large, max-video-preview:-1\" \/>\n<link rel=\"canonical\" href=\"https:\/\/noticozumel.mx\/1\/cozumel-crea-primer-jardin-polinizador-municipal-para-fortalecer-la-conservacion-ambiental\/\" \/>\n<meta property=\"og:locale\" content=\"es_ES\" \/>\n<meta property=\"og:type\" content=\"article\" \/>\n<meta property=\"og:title\" content=\"Cozumel crea Primer Jard\u00edn Polinizador Municipal para fortalecer la conservaci\u00f3n ambiental\" \/>\n<meta property=\"og:description\" content=\"Cozumel, Quintana Roo, 4 de abril de 2026.\u2013 En un esfuerzo por fomentar la cultura de la conservaci\u00f3n del medio ambiente entre las familias de la isla, el Gobierno Municipal de Cozumel, a trav\u00e9s de la Subdirecci\u00f3n de Ecolog\u00eda, llev\u00f3 a cabo la inauguraci\u00f3n del Primer Jard\u00edn Polinizador Municipal, una iniciativa orientada a la preservaci\u00f3n [&hellip;]\" \/>\n<meta property=\"og:url\" content=\"https:\/\/noticozumel.mx\/1\/cozumel-crea-primer-jardin-polinizador-municipal-para-fortalecer-la-conservacion-ambiental\/\" \/>\n<meta property=\"og:site_name\" content=\"NotiCozumel\" \/>\n<meta property=\"article:published_time\" content=\"2026-04-04T23:01:00+00:00\" \/>\n<meta property=\"article:modified_time\" content=\"2026-04-06T08:06:50+00:00\" \/>\n<meta property=\"og:image\" content=\"https:\/\/noticozumel.mx\/1\/wp-content\/uploads\/2026\/04\/Jardin-polinizador-Cozumel-1.jpg\" \/>\n\t<meta property=\"og:image:width\" content=\"1280\" \/>\n\t<meta property=\"og:image:height\" content=\"853\" \/>\n\t<meta property=\"og:image:type\" content=\"image\/jpeg\" \/>\n<meta name=\"author\" content=\"Redacci\u00f3n\" \/>\n<meta name=\"twitter:card\" content=\"summary_large_image\" \/>\n<meta name=\"twitter:label1\" content=\"Escrito por\" \/>\n\t<meta name=\"twitter:data1\" content=\"Redacci\u00f3n\" \/>\n\t<meta name=\"twitter:label2\" content=\"Tiempo de lectura\" \/>\n\t<meta name=\"twitter:data2\" content=\"3 minutos\" \/>\n<script type=\"application\/ld+json\" class=\"yoast-schema-graph\">{\"@context\":\"https:\/\/schema.org\",\"@graph\":[{\"@type\":\"WebPage\",\"@id\":\"https:\/\/noticozumel.mx\/1\/cozumel-crea-primer-jardin-polinizador-municipal-para-fortalecer-la-conservacion-ambiental\/\",\"url\":\"https:\/\/noticozumel.mx\/1\/cozumel-crea-primer-jardin-polinizador-municipal-para-fortalecer-la-conservacion-ambiental\/\",\"name\":\"Cozumel crea Primer Jard\u00edn Polinizador Municipal para fortalecer la conservaci\u00f3n ambiental - NotiCozumel\",\"isPartOf\":{\"@id\":\"https:\/\/noticozumel.mx\/1\/#website\"},\"primaryImageOfPage\":{\"@id\":\"https:\/\/noticozumel.mx\/1\/cozumel-crea-primer-jardin-polinizador-municipal-para-fortalecer-la-conservacion-ambiental\/#primaryimage\"},\"image\":{\"@id\":\"https:\/\/noticozumel.mx\/1\/cozumel-crea-primer-jardin-polinizador-municipal-para-fortalecer-la-conservacion-ambiental\/#primaryimage\"},\"thumbnailUrl\":\"https:\/\/noticozumel.mx\/1\/wp-content\/uploads\/2026\/04\/Jardin-polinizador-Cozumel-1.jpg\",\"datePublished\":\"2026-04-04T23:01:00+00:00\",\"dateModified\":\"2026-04-06T08:06:50+00:00\",\"author\":{\"@id\":\"https:\/\/noticozumel.mx\/1\/#\/schema\/person\/a3353279fd7f37e86677893e0510943b\"},\"breadcrumb\":{\"@id\":\"https:\/\/noticozumel.mx\/1\/cozumel-crea-primer-jardin-polinizador-municipal-para-fortalecer-la-conservacion-ambiental\/#breadcrumb\"},\"inLanguage\":\"es\",\"potentialAction\":[{\"@type\":\"ReadAction\",\"target\":[\"https:\/\/noticozumel.mx\/1\/cozumel-crea-primer-jardin-polinizador-municipal-para-fortalecer-la-conservacion-ambiental\/\"]}]},{\"@type\":\"ImageObject\",\"inLanguage\":\"es\",\"@id\":\"https:\/\/noticozumel.mx\/1\/cozumel-crea-primer-jardin-polinizador-municipal-para-fortalecer-la-conservacion-ambiental\/#primaryimage\",\"url\":\"https:\/\/noticozumel.mx\/1\/wp-content\/uploads\/2026\/04\/Jardin-polinizador-Cozumel-1.jpg\",\"contentUrl\":\"https:\/\/noticozumel.mx\/1\/wp-content\/uploads\/2026\/04\/Jardin-polinizador-Cozumel-1.jpg\",\"width\":1280,\"height\":853},{\"@type\":\"BreadcrumbList\",\"@id\":\"https:\/\/noticozumel.mx\/1\/cozumel-crea-primer-jardin-polinizador-municipal-para-fortalecer-la-conservacion-ambiental\/#breadcrumb\",\"itemListElement\":[{\"@type\":\"ListItem\",\"position\":1,\"name\":\"Portada\",\"item\":\"https:\/\/noticozumel.mx\/1\/\"},{\"@type\":\"ListItem\",\"position\":2,\"name\":\"Cozumel crea Primer Jard\u00edn Polinizador Municipal para fortalecer la conservaci\u00f3n ambiental\"}]},{\"@type\":\"WebSite\",\"@id\":\"https:\/\/noticozumel.mx\/1\/#website\",\"url\":\"https:\/\/noticozumel.mx\/1\/\",\"name\":\"NotiCozumel\",\"description\":\"Las noticias al alcance de todos\",\"potentialAction\":[{\"@type\":\"SearchAction\",\"target\":{\"@type\":\"EntryPoint\",\"urlTemplate\":\"https:\/\/noticozumel.mx\/1\/?s={search_term_string}\"},\"query-input\":{\"@type\":\"PropertyValueSpecification\",\"valueRequired\":true,\"valueName\":\"search_term_string\"}}],\"inLanguage\":\"es\"},{\"@type\":\"Person\",\"@id\":\"https:\/\/noticozumel.mx\/1\/#\/schema\/person\/a3353279fd7f37e86677893e0510943b\",\"name\":\"Redacci\u00f3n\",\"image\":{\"@type\":\"ImageObject\",\"inLanguage\":\"es\",\"@id\":\"https:\/\/noticozumel.mx\/1\/#\/schema\/person\/image\/\",\"url\":\"https:\/\/secure.gravatar.com\/avatar\/92c1decdbf2b01a0b3a758c19f5bf7b7b7c7ad1ebf1b8f407a69813d9948f6d0?s=96&d=mm&r=g\",\"contentUrl\":\"https:\/\/secure.gravatar.com\/avatar\/92c1decdbf2b01a0b3a758c19f5bf7b7b7c7ad1ebf1b8f407a69813d9948f6d0?s=96&d=mm&r=g\",\"caption\":\"Redacci\u00f3n\"},\"url\":\"https:\/\/noticozumel.mx\/1\/author\/admin\/\"}]}<\/script>\n<!-- \/ Yoast SEO Premium plugin. -->","yoast_head_json":{"title":"Cozumel crea Primer Jard\u00edn Polinizador Municipal para fortalecer la conservaci\u00f3n ambiental - NotiCozumel","robots":{"index":"index","follow":"follow","max-snippet":"max-snippet:-1","max-image-preview":"max-image-preview:large","max-video-preview":"max-video-preview:-1"},"canonical":"https:\/\/noticozumel.mx\/1\/cozumel-crea-primer-jardin-polinizador-municipal-para-fortalecer-la-conservacion-ambiental\/","og_locale":"es_ES","og_type":"article","og_title":"Cozumel crea Primer Jard\u00edn Polinizador Municipal para fortalecer la conservaci\u00f3n ambiental","og_description":"Cozumel, Quintana Roo, 4 de abril de 2026.\u2013 En un esfuerzo por fomentar la cultura de la conservaci\u00f3n del medio ambiente entre las familias de la isla, el Gobierno Municipal de Cozumel, a trav\u00e9s de la Subdirecci\u00f3n de Ecolog\u00eda, llev\u00f3 a cabo la inauguraci\u00f3n del Primer Jard\u00edn Polinizador Municipal, una iniciativa orientada a la preservaci\u00f3n [&hellip;]","og_url":"https:\/\/noticozumel.mx\/1\/cozumel-crea-primer-jardin-polinizador-municipal-para-fortalecer-la-conservacion-ambiental\/","og_site_name":"NotiCozumel","article_published_time":"2026-04-04T23:01:00+00:00","article_modified_time":"2026-04-06T08:06:50+00:00","og_image":[{"width":1280,"height":853,"url":"https:\/\/noticozumel.mx\/1\/wp-content\/uploads\/2026\/04\/Jardin-polinizador-Cozumel-1.jpg","type":"image\/jpeg"}],"author":"Redacci\u00f3n","twitter_card":"summary_large_image","twitter_misc":{"Escrito por":"Redacci\u00f3n","Tiempo de lectura":"3 minutos"},"schema":{"@context":"https:\/\/schema.org","@graph":[{"@type":"WebPage","@id":"https:\/\/noticozumel.mx\/1\/cozumel-crea-primer-jardin-polinizador-municipal-para-fortalecer-la-conservacion-ambiental\/","url":"https:\/\/noticozumel.mx\/1\/cozumel-crea-primer-jardin-polinizador-municipal-para-fortalecer-la-conservacion-ambiental\/","name":"Cozumel crea Primer Jard\u00edn Polinizador Municipal para fortalecer la conservaci\u00f3n ambiental - NotiCozumel","isPartOf":{"@id":"https:\/\/noticozumel.mx\/1\/#website"},"primaryImageOfPage":{"@id":"https:\/\/noticozumel.mx\/1\/cozumel-crea-primer-jardin-polinizador-municipal-para-fortalecer-la-conservacion-ambiental\/#primaryimage"},"image":{"@id":"https:\/\/noticozumel.mx\/1\/cozumel-crea-primer-jardin-polinizador-municipal-para-fortalecer-la-conservacion-ambiental\/#primaryimage"},"thumbnailUrl":"https:\/\/noticozumel.mx\/1\/wp-content\/uploads\/2026\/04\/Jardin-polinizador-Cozumel-1.jpg","datePublished":"2026-04-04T23:01:00+00:00","dateModified":"2026-04-06T08:06:50+00:00","author":{"@id":"https:\/\/noticozumel.mx\/1\/#\/schema\/person\/a3353279fd7f37e86677893e0510943b"},"breadcrumb":{"@id":"https:\/\/noticozumel.mx\/1\/cozumel-crea-primer-jardin-polinizador-municipal-para-fortalecer-la-conservacion-ambiental\/#breadcrumb"},"inLanguage":"es","potentialAction":[{"@type":"ReadAction","target":["https:\/\/noticozumel.mx\/1\/cozumel-crea-primer-jardin-polinizador-municipal-para-fortalecer-la-conservacion-ambiental\/"]}]},{"@type":"ImageObject","inLanguage":"es","@id":"https:\/\/noticozumel.mx\/1\/cozumel-crea-primer-jardin-polinizador-municipal-para-fortalecer-la-conservacion-ambiental\/#primaryimage","url":"https:\/\/noticozumel.mx\/1\/wp-content\/uploads\/2026\/04\/Jardin-polinizador-Cozumel-1.jpg","contentUrl":"https:\/\/noticozumel.mx\/1\/wp-content\/uploads\/2026\/04\/Jardin-polinizador-Cozumel-1.jpg","width":1280,"height":853},{"@type":"BreadcrumbList","@id":"https:\/\/noticozumel.mx\/1\/cozumel-crea-primer-jardin-polinizador-municipal-para-fortalecer-la-conservacion-ambiental\/#breadcrumb","itemListElement":[{"@type":"ListItem","position":1,"name":"Portada","item":"https:\/\/noticozumel.mx\/1\/"},{"@type":"ListItem","position":2,"name":"Cozumel crea Primer Jard\u00edn Polinizador Municipal para fortalecer la conservaci\u00f3n ambiental"}]},{"@type":"WebSite","@id":"https:\/\/noticozumel.mx\/1\/#website","url":"https:\/\/noticozumel.mx\/1\/","name":"NotiCozumel","description":"Las noticias al alcance de todos","potentialAction":[{"@type":"SearchAction","target":{"@type":"EntryPoint","urlTemplate":"https:\/\/noticozumel.mx\/1\/?s={search_term_string}"},"query-input":{"@type":"PropertyValueSpecification","valueRequired":true,"valueName":"search_term_string"}}],"inLanguage":"es"},{"@type":"Person","@id":"https:\/\/noticozumel.mx\/1\/#\/schema\/person\/a3353279fd7f37e86677893e0510943b","name":"Redacci\u00f3n","image":{"@type":"ImageObject","inLanguage":"es","@id":"https:\/\/noticozumel.mx\/1\/#\/schema\/person\/image\/","url":"https:\/\/secure.gravatar.com\/avatar\/92c1decdbf2b01a0b3a758c19f5bf7b7b7c7ad1ebf1b8f407a69813d9948f6d0?s=96&d=mm&r=g","contentUrl":"https:\/\/secure.gravatar.com\/avatar\/92c1decdbf2b01a0b3a758c19f5bf7b7b7c7ad1ebf1b8f407a69813d9948f6d0?s=96&d=mm&r=g","caption":"Redacci\u00f3n"},"url":"https:\/\/noticozumel.mx\/1\/author\/admin\/"}]}},"_links":{"self":[{"href":"https:\/\/noticozumel.mx\/1\/wp-json\/wp\/v2\/posts\/9102","targetHints":{"allow":["GET"]}}],"collection":[{"href":"https:\/\/noticozumel.mx\/1\/wp-json\/wp\/v2\/posts"}],"about":[{"href":"https:\/\/noticozumel.mx\/1\/wp-json\/wp\/v2\/types\/post"}],"author":[{"embeddable":true,"href":"https:\/\/noticozumel.mx\/1\/wp-json\/wp\/v2\/users\/1"}],"replies":[{"embeddable":true,"href":"https:\/\/noticozumel.mx\/1\/wp-json\/wp\/v2\/comments?post=9102"}],"version-history":[{"count":1,"href":"https:\/\/noticozumel.mx\/1\/wp-json\/wp\/v2\/posts\/9102\/revisions"}],"predecessor-version":[{"id":9107,"href":"https:\/\/noticozumel.mx\/1\/wp-json\/wp\/v2\/posts\/9102\/revisions\/9107"}],"wp:featuredmedia":[{"embeddable":true,"href":"https:\/\/noticozumel.mx\/1\/wp-json\/wp\/v2\/media\/9106"}],"wp:attachment":[{"href":"https:\/\/noticozumel.mx\/1\/wp-json\/wp\/v2\/media?parent=9102"}],"wp:term":[{"taxonomy":"category","embeddable":true,"href":"https:\/\/noticozumel.mx\/1\/wp-json\/wp\/v2\/categories?post=9102"},{"taxonomy":"post_tag","embeddable":true,"href":"https:\/\/noticozumel.mx\/1\/wp-json\/wp\/v2\/tags?post=9102"}],"curies":[{"name":"wp","href":"https:\/\/api.w.org\/{rel}","templated":true}]}}