{"id":9745,"date":"2026-04-23T17:58:00","date_gmt":"2026-04-23T22:58:00","guid":{"rendered":"https:\/\/noticozumel.mx\/1\/?p=9745"},"modified":"2026-04-24T00:24:54","modified_gmt":"2026-04-24T05:24:54","slug":"preven-15-ciclones-en-atlantico-2026-mara-lezama-llama-a-estar-informados","status":"publish","type":"post","link":"https:\/\/noticozumel.mx\/1\/preven-15-ciclones-en-atlantico-2026-mara-lezama-llama-a-estar-informados\/","title":{"rendered":"Prev\u00e9n 15 ciclones en Atl\u00e1ntico 2026; Mara Lezama llama a estar informados"},"content":{"rendered":"\n<p>Canc\u00fan, Quintana Roo, 23 de abril de 2026.- La Comisi\u00f3n Nacional del Agua (Conagua) dio a conocer el pron\u00f3stico oficial de la temporada de ciclones tropicales 2026 en el Atl\u00e1ntico, en la que se prev\u00e9 la formaci\u00f3n de entre 11 y 15 sistemas, inform\u00f3 la gobernadora Mara Lezama Espinosa.<\/p>\n\n\n<p><iframe loading=\"lazy\" src=\"https:\/\/www.facebook.com\/plugins\/video.php?height=314&#038;href=https%3A%2F%2Fwww.facebook.com%2Freel%2F937988935796530%2F&#038;show_text=false&#038;width=560&#038;t=0\" width=\"560\" height=\"314\" style=\"border:none;overflow:hidden\" scrolling=\"no\" frameborder=\"0\" allowfullscreen=\"true\" allow=\"autoplay; clipboard-write; encrypted-media; picture-in-picture; web-share\" allowFullScreen=\"true\"><\/iframe><\/p>\n\n\n\n<p>De acuerdo con las estimaciones, se esperan de 7 a 8 tormentas tropicales; entre 3 y 5 huracanes de categor\u00edas 1 y 2; as\u00ed como de 1 a 2 huracanes intensos de categor\u00edas 3, 4 o 5. No obstante, la Gobernadora subray\u00f3 que no todos los fen\u00f3menos impactar\u00e1n necesariamente al territorio quintanarroense.<\/p>\n\n\n\n<figure class=\"wp-block-image size-large\"><img loading=\"lazy\" decoding=\"async\" width=\"1024\" height=\"569\" src=\"https:\/\/noticozumel.mx\/1\/wp-content\/uploads\/2026\/04\/Temporada-de-Huracanes-2026-Mara-4-1024x569.jpeg\" alt=\"\" class=\"wp-image-9749\" srcset=\"https:\/\/noticozumel.mx\/1\/wp-content\/uploads\/2026\/04\/Temporada-de-Huracanes-2026-Mara-4-1024x569.jpeg 1024w, https:\/\/noticozumel.mx\/1\/wp-content\/uploads\/2026\/04\/Temporada-de-Huracanes-2026-Mara-4-300x167.jpeg 300w, https:\/\/noticozumel.mx\/1\/wp-content\/uploads\/2026\/04\/Temporada-de-Huracanes-2026-Mara-4-768x427.jpeg 768w, https:\/\/noticozumel.mx\/1\/wp-content\/uploads\/2026\/04\/Temporada-de-Huracanes-2026-Mara-4-756x420.jpeg 756w, https:\/\/noticozumel.mx\/1\/wp-content\/uploads\/2026\/04\/Temporada-de-Huracanes-2026-Mara-4-150x83.jpeg 150w, https:\/\/noticozumel.mx\/1\/wp-content\/uploads\/2026\/04\/Temporada-de-Huracanes-2026-Mara-4-696x387.jpeg 696w, https:\/\/noticozumel.mx\/1\/wp-content\/uploads\/2026\/04\/Temporada-de-Huracanes-2026-Mara-4-1068x593.jpeg 1068w, https:\/\/noticozumel.mx\/1\/wp-content\/uploads\/2026\/04\/Temporada-de-Huracanes-2026-Mara-4.jpeg 1206w\" sizes=\"auto, (max-width: 1024px) 100vw, 1024px\" \/><\/figure>\n\n\n\n<p>En este contexto, destac\u00f3 que Quintana Roo cuenta con una s\u00f3lida cultura de prevenci\u00f3n y resiliencia ante fen\u00f3menos hidrometeorol\u00f3gicos, basada en la experiencia, la organizaci\u00f3n social y la actuaci\u00f3n coordinada de las autoridades.<\/p>\n\n\n\n<figure class=\"wp-block-image size-large\"><img loading=\"lazy\" decoding=\"async\" width=\"819\" height=\"1024\" src=\"https:\/\/noticozumel.mx\/1\/wp-content\/uploads\/2026\/04\/Temporada-de-Huracanes-2026-Mara-3-819x1024.jpeg\" alt=\"\" class=\"wp-image-9748\" srcset=\"https:\/\/noticozumel.mx\/1\/wp-content\/uploads\/2026\/04\/Temporada-de-Huracanes-2026-Mara-3-819x1024.jpeg 819w, https:\/\/noticozumel.mx\/1\/wp-content\/uploads\/2026\/04\/Temporada-de-Huracanes-2026-Mara-3-240x300.jpeg 240w, https:\/\/noticozumel.mx\/1\/wp-content\/uploads\/2026\/04\/Temporada-de-Huracanes-2026-Mara-3-768x960.jpeg 768w, https:\/\/noticozumel.mx\/1\/wp-content\/uploads\/2026\/04\/Temporada-de-Huracanes-2026-Mara-3-336x420.jpeg 336w, https:\/\/noticozumel.mx\/1\/wp-content\/uploads\/2026\/04\/Temporada-de-Huracanes-2026-Mara-3-150x188.jpeg 150w, https:\/\/noticozumel.mx\/1\/wp-content\/uploads\/2026\/04\/Temporada-de-Huracanes-2026-Mara-3-300x375.jpeg 300w, https:\/\/noticozumel.mx\/1\/wp-content\/uploads\/2026\/04\/Temporada-de-Huracanes-2026-Mara-3-696x870.jpeg 696w, https:\/\/noticozumel.mx\/1\/wp-content\/uploads\/2026\/04\/Temporada-de-Huracanes-2026-Mara-3.jpeg 1024w\" sizes=\"auto, (max-width: 819px) 100vw, 819px\" \/><\/figure>\n\n\n\n<p>La titular del Ejecutivo hizo un llamado a la ciudadan\u00eda a mantenerse informada exclusivamente a trav\u00e9s de canales oficiales y a dar seguimiento puntual a los pron\u00f3sticos en sus diferentes horizontes \u2014largo, mediano y corto plazo\u2014, con el fin de tomar decisiones oportunas.<\/p>\n\n\n\n<figure class=\"wp-block-image size-large\"><img loading=\"lazy\" decoding=\"async\" width=\"1024\" height=\"576\" src=\"https:\/\/noticozumel.mx\/1\/wp-content\/uploads\/2026\/04\/Temporada-de-Huracanes-2026-Mara-1-1024x576.jpeg\" alt=\"\" class=\"wp-image-9746\" srcset=\"https:\/\/noticozumel.mx\/1\/wp-content\/uploads\/2026\/04\/Temporada-de-Huracanes-2026-Mara-1-1024x576.jpeg 1024w, https:\/\/noticozumel.mx\/1\/wp-content\/uploads\/2026\/04\/Temporada-de-Huracanes-2026-Mara-1-300x169.jpeg 300w, https:\/\/noticozumel.mx\/1\/wp-content\/uploads\/2026\/04\/Temporada-de-Huracanes-2026-Mara-1-768x432.jpeg 768w, https:\/\/noticozumel.mx\/1\/wp-content\/uploads\/2026\/04\/Temporada-de-Huracanes-2026-Mara-1-1536x864.jpeg 1536w, https:\/\/noticozumel.mx\/1\/wp-content\/uploads\/2026\/04\/Temporada-de-Huracanes-2026-Mara-1-747x420.jpeg 747w, https:\/\/noticozumel.mx\/1\/wp-content\/uploads\/2026\/04\/Temporada-de-Huracanes-2026-Mara-1-150x84.jpeg 150w, https:\/\/noticozumel.mx\/1\/wp-content\/uploads\/2026\/04\/Temporada-de-Huracanes-2026-Mara-1-696x391.jpeg 696w, https:\/\/noticozumel.mx\/1\/wp-content\/uploads\/2026\/04\/Temporada-de-Huracanes-2026-Mara-1-1068x600.jpeg 1068w, https:\/\/noticozumel.mx\/1\/wp-content\/uploads\/2026\/04\/Temporada-de-Huracanes-2026-Mara-1.jpeg 1599w\" sizes=\"auto, (max-width: 1024px) 100vw, 1024px\" \/><\/figure>\n\n\n\n<p>Finalmente, reiter\u00f3 que la prevenci\u00f3n es la herramienta m\u00e1s eficaz para proteger la vida y el patrimonio, y asegur\u00f3 que el gobierno estatal mantendr\u00e1 comunicaci\u00f3n constante y detallada ante cualquier eventualidad durante la temporada.<\/p>\n","protected":false},"excerpt":{"rendered":"<p>Canc\u00fan, Quintana Roo, 23 de abril de 2026.- La Comisi\u00f3n Nacional del Agua (Conagua) dio a conocer el pron\u00f3stico oficial de la temporada de ciclones tropicales 2026 en el Atl\u00e1ntico, en la que se prev\u00e9 la formaci\u00f3n de entre 11 y 15 sistemas, inform\u00f3 la gobernadora Mara Lezama Espinosa. De acuerdo con las estimaciones, se [&hellip;]<\/p>\n","protected":false},"author":1,"featured_media":9747,"comment_status":"open","ping_status":"closed","sticky":false,"template":"","format":"standard","meta":{"tdm_status":"","tdm_grid_status":"","footnotes":""},"categories":[47,2,42],"tags":[569,22,21,25,24,27,60,568,23,570],"class_list":{"0":"post-9745","1":"post","2":"type-post","3":"status-publish","4":"format-standard","5":"has-post-thumbnail","7":"category-benito-juarez","8":"category-featured","9":"category-quintana-roo","10":"tag-atlantico","11":"tag-benito-juarez","12":"tag-cancun","13":"tag-mara-gobernadora","14":"tag-mara-lezama-espinosa","15":"tag-noticias-de-quintana-roo","16":"tag-noticozumel","17":"tag-pacifico","18":"tag-quintana-roo","19":"tag-temporada-de-huracanes"},"yoast_head":"<!-- This site is optimized with the Yoast SEO Premium plugin v26.2 (Yoast SEO v26.2) - https:\/\/yoast.com\/wordpress\/plugins\/seo\/ -->\n<title>Prev\u00e9n 15 ciclones en Atl\u00e1ntico 2026; Mara Lezama llama a estar informados - NotiCozumel<\/title>\n<meta name=\"robots\" content=\"index, follow, max-snippet:-1, max-image-preview:large, max-video-preview:-1\" \/>\n<link rel=\"canonical\" href=\"https:\/\/noticozumel.mx\/1\/preven-15-ciclones-en-atlantico-2026-mara-lezama-llama-a-estar-informados\/\" \/>\n<meta property=\"og:locale\" content=\"es_ES\" \/>\n<meta property=\"og:type\" content=\"article\" \/>\n<meta property=\"og:title\" content=\"Prev\u00e9n 15 ciclones en Atl\u00e1ntico 2026; Mara Lezama llama a estar informados\" \/>\n<meta property=\"og:description\" content=\"Canc\u00fan, Quintana Roo, 23 de abril de 2026.- La Comisi\u00f3n Nacional del Agua (Conagua) dio a conocer el pron\u00f3stico oficial de la temporada de ciclones tropicales 2026 en el Atl\u00e1ntico, en la que se prev\u00e9 la formaci\u00f3n de entre 11 y 15 sistemas, inform\u00f3 la gobernadora Mara Lezama Espinosa. De acuerdo con las estimaciones, se [&hellip;]\" \/>\n<meta property=\"og:url\" content=\"https:\/\/noticozumel.mx\/1\/preven-15-ciclones-en-atlantico-2026-mara-lezama-llama-a-estar-informados\/\" \/>\n<meta property=\"og:site_name\" content=\"NotiCozumel\" \/>\n<meta property=\"article:published_time\" content=\"2026-04-23T22:58:00+00:00\" \/>\n<meta property=\"article:modified_time\" content=\"2026-04-24T05:24:54+00:00\" \/>\n<meta property=\"og:image\" content=\"https:\/\/noticozumel.mx\/1\/wp-content\/uploads\/2026\/04\/Temporada-de-Huracanes-2026-Mara-2.jpeg\" \/>\n\t<meta property=\"og:image:width\" content=\"1024\" \/>\n\t<meta property=\"og:image:height\" content=\"1280\" \/>\n\t<meta property=\"og:image:type\" content=\"image\/jpeg\" \/>\n<meta name=\"author\" content=\"Redacci\u00f3n\" \/>\n<meta name=\"twitter:card\" content=\"summary_large_image\" \/>\n<meta name=\"twitter:label1\" content=\"Escrito por\" \/>\n\t<meta name=\"twitter:data1\" content=\"Redacci\u00f3n\" \/>\n\t<meta name=\"twitter:label2\" content=\"Tiempo de lectura\" \/>\n\t<meta name=\"twitter:data2\" content=\"2 minutos\" \/>\n<script type=\"application\/ld+json\" class=\"yoast-schema-graph\">{\"@context\":\"https:\/\/schema.org\",\"@graph\":[{\"@type\":\"WebPage\",\"@id\":\"https:\/\/noticozumel.mx\/1\/preven-15-ciclones-en-atlantico-2026-mara-lezama-llama-a-estar-informados\/\",\"url\":\"https:\/\/noticozumel.mx\/1\/preven-15-ciclones-en-atlantico-2026-mara-lezama-llama-a-estar-informados\/\",\"name\":\"Prev\u00e9n 15 ciclones en Atl\u00e1ntico 2026; Mara Lezama llama a estar informados - NotiCozumel\",\"isPartOf\":{\"@id\":\"https:\/\/noticozumel.mx\/1\/#website\"},\"primaryImageOfPage\":{\"@id\":\"https:\/\/noticozumel.mx\/1\/preven-15-ciclones-en-atlantico-2026-mara-lezama-llama-a-estar-informados\/#primaryimage\"},\"image\":{\"@id\":\"https:\/\/noticozumel.mx\/1\/preven-15-ciclones-en-atlantico-2026-mara-lezama-llama-a-estar-informados\/#primaryimage\"},\"thumbnailUrl\":\"https:\/\/noticozumel.mx\/1\/wp-content\/uploads\/2026\/04\/Temporada-de-Huracanes-2026-Mara-2.jpeg\",\"datePublished\":\"2026-04-23T22:58:00+00:00\",\"dateModified\":\"2026-04-24T05:24:54+00:00\",\"author\":{\"@id\":\"https:\/\/noticozumel.mx\/1\/#\/schema\/person\/a3353279fd7f37e86677893e0510943b\"},\"breadcrumb\":{\"@id\":\"https:\/\/noticozumel.mx\/1\/preven-15-ciclones-en-atlantico-2026-mara-lezama-llama-a-estar-informados\/#breadcrumb\"},\"inLanguage\":\"es\",\"potentialAction\":[{\"@type\":\"ReadAction\",\"target\":[\"https:\/\/noticozumel.mx\/1\/preven-15-ciclones-en-atlantico-2026-mara-lezama-llama-a-estar-informados\/\"]}]},{\"@type\":\"ImageObject\",\"inLanguage\":\"es\",\"@id\":\"https:\/\/noticozumel.mx\/1\/preven-15-ciclones-en-atlantico-2026-mara-lezama-llama-a-estar-informados\/#primaryimage\",\"url\":\"https:\/\/noticozumel.mx\/1\/wp-content\/uploads\/2026\/04\/Temporada-de-Huracanes-2026-Mara-2.jpeg\",\"contentUrl\":\"https:\/\/noticozumel.mx\/1\/wp-content\/uploads\/2026\/04\/Temporada-de-Huracanes-2026-Mara-2.jpeg\",\"width\":1024,\"height\":1280},{\"@type\":\"BreadcrumbList\",\"@id\":\"https:\/\/noticozumel.mx\/1\/preven-15-ciclones-en-atlantico-2026-mara-lezama-llama-a-estar-informados\/#breadcrumb\",\"itemListElement\":[{\"@type\":\"ListItem\",\"position\":1,\"name\":\"Portada\",\"item\":\"https:\/\/noticozumel.mx\/1\/\"},{\"@type\":\"ListItem\",\"position\":2,\"name\":\"Prev\u00e9n 15 ciclones en Atl\u00e1ntico 2026; Mara Lezama llama a estar informados\"}]},{\"@type\":\"WebSite\",\"@id\":\"https:\/\/noticozumel.mx\/1\/#website\",\"url\":\"https:\/\/noticozumel.mx\/1\/\",\"name\":\"NotiCozumel\",\"description\":\"Las noticias al alcance de todos\",\"potentialAction\":[{\"@type\":\"SearchAction\",\"target\":{\"@type\":\"EntryPoint\",\"urlTemplate\":\"https:\/\/noticozumel.mx\/1\/?s={search_term_string}\"},\"query-input\":{\"@type\":\"PropertyValueSpecification\",\"valueRequired\":true,\"valueName\":\"search_term_string\"}}],\"inLanguage\":\"es\"},{\"@type\":\"Person\",\"@id\":\"https:\/\/noticozumel.mx\/1\/#\/schema\/person\/a3353279fd7f37e86677893e0510943b\",\"name\":\"Redacci\u00f3n\",\"image\":{\"@type\":\"ImageObject\",\"inLanguage\":\"es\",\"@id\":\"https:\/\/noticozumel.mx\/1\/#\/schema\/person\/image\/\",\"url\":\"https:\/\/secure.gravatar.com\/avatar\/92c1decdbf2b01a0b3a758c19f5bf7b7b7c7ad1ebf1b8f407a69813d9948f6d0?s=96&d=mm&r=g\",\"contentUrl\":\"https:\/\/secure.gravatar.com\/avatar\/92c1decdbf2b01a0b3a758c19f5bf7b7b7c7ad1ebf1b8f407a69813d9948f6d0?s=96&d=mm&r=g\",\"caption\":\"Redacci\u00f3n\"},\"url\":\"https:\/\/noticozumel.mx\/1\/author\/admin\/\"}]}<\/script>\n<!-- \/ Yoast SEO Premium plugin. -->","yoast_head_json":{"title":"Prev\u00e9n 15 ciclones en Atl\u00e1ntico 2026; Mara Lezama llama a estar informados - NotiCozumel","robots":{"index":"index","follow":"follow","max-snippet":"max-snippet:-1","max-image-preview":"max-image-preview:large","max-video-preview":"max-video-preview:-1"},"canonical":"https:\/\/noticozumel.mx\/1\/preven-15-ciclones-en-atlantico-2026-mara-lezama-llama-a-estar-informados\/","og_locale":"es_ES","og_type":"article","og_title":"Prev\u00e9n 15 ciclones en Atl\u00e1ntico 2026; Mara Lezama llama a estar informados","og_description":"Canc\u00fan, Quintana Roo, 23 de abril de 2026.- La Comisi\u00f3n Nacional del Agua (Conagua) dio a conocer el pron\u00f3stico oficial de la temporada de ciclones tropicales 2026 en el Atl\u00e1ntico, en la que se prev\u00e9 la formaci\u00f3n de entre 11 y 15 sistemas, inform\u00f3 la gobernadora Mara Lezama Espinosa. De acuerdo con las estimaciones, se [&hellip;]","og_url":"https:\/\/noticozumel.mx\/1\/preven-15-ciclones-en-atlantico-2026-mara-lezama-llama-a-estar-informados\/","og_site_name":"NotiCozumel","article_published_time":"2026-04-23T22:58:00+00:00","article_modified_time":"2026-04-24T05:24:54+00:00","og_image":[{"width":1024,"height":1280,"url":"https:\/\/noticozumel.mx\/1\/wp-content\/uploads\/2026\/04\/Temporada-de-Huracanes-2026-Mara-2.jpeg","type":"image\/jpeg"}],"author":"Redacci\u00f3n","twitter_card":"summary_large_image","twitter_misc":{"Escrito por":"Redacci\u00f3n","Tiempo de lectura":"2 minutos"},"schema":{"@context":"https:\/\/schema.org","@graph":[{"@type":"WebPage","@id":"https:\/\/noticozumel.mx\/1\/preven-15-ciclones-en-atlantico-2026-mara-lezama-llama-a-estar-informados\/","url":"https:\/\/noticozumel.mx\/1\/preven-15-ciclones-en-atlantico-2026-mara-lezama-llama-a-estar-informados\/","name":"Prev\u00e9n 15 ciclones en Atl\u00e1ntico 2026; Mara Lezama llama a estar informados - NotiCozumel","isPartOf":{"@id":"https:\/\/noticozumel.mx\/1\/#website"},"primaryImageOfPage":{"@id":"https:\/\/noticozumel.mx\/1\/preven-15-ciclones-en-atlantico-2026-mara-lezama-llama-a-estar-informados\/#primaryimage"},"image":{"@id":"https:\/\/noticozumel.mx\/1\/preven-15-ciclones-en-atlantico-2026-mara-lezama-llama-a-estar-informados\/#primaryimage"},"thumbnailUrl":"https:\/\/noticozumel.mx\/1\/wp-content\/uploads\/2026\/04\/Temporada-de-Huracanes-2026-Mara-2.jpeg","datePublished":"2026-04-23T22:58:00+00:00","dateModified":"2026-04-24T05:24:54+00:00","author":{"@id":"https:\/\/noticozumel.mx\/1\/#\/schema\/person\/a3353279fd7f37e86677893e0510943b"},"breadcrumb":{"@id":"https:\/\/noticozumel.mx\/1\/preven-15-ciclones-en-atlantico-2026-mara-lezama-llama-a-estar-informados\/#breadcrumb"},"inLanguage":"es","potentialAction":[{"@type":"ReadAction","target":["https:\/\/noticozumel.mx\/1\/preven-15-ciclones-en-atlantico-2026-mara-lezama-llama-a-estar-informados\/"]}]},{"@type":"ImageObject","inLanguage":"es","@id":"https:\/\/noticozumel.mx\/1\/preven-15-ciclones-en-atlantico-2026-mara-lezama-llama-a-estar-informados\/#primaryimage","url":"https:\/\/noticozumel.mx\/1\/wp-content\/uploads\/2026\/04\/Temporada-de-Huracanes-2026-Mara-2.jpeg","contentUrl":"https:\/\/noticozumel.mx\/1\/wp-content\/uploads\/2026\/04\/Temporada-de-Huracanes-2026-Mara-2.jpeg","width":1024,"height":1280},{"@type":"BreadcrumbList","@id":"https:\/\/noticozumel.mx\/1\/preven-15-ciclones-en-atlantico-2026-mara-lezama-llama-a-estar-informados\/#breadcrumb","itemListElement":[{"@type":"ListItem","position":1,"name":"Portada","item":"https:\/\/noticozumel.mx\/1\/"},{"@type":"ListItem","position":2,"name":"Prev\u00e9n 15 ciclones en Atl\u00e1ntico 2026; Mara Lezama llama a estar informados"}]},{"@type":"WebSite","@id":"https:\/\/noticozumel.mx\/1\/#website","url":"https:\/\/noticozumel.mx\/1\/","name":"NotiCozumel","description":"Las noticias al alcance de todos","potentialAction":[{"@type":"SearchAction","target":{"@type":"EntryPoint","urlTemplate":"https:\/\/noticozumel.mx\/1\/?s={search_term_string}"},"query-input":{"@type":"PropertyValueSpecification","valueRequired":true,"valueName":"search_term_string"}}],"inLanguage":"es"},{"@type":"Person","@id":"https:\/\/noticozumel.mx\/1\/#\/schema\/person\/a3353279fd7f37e86677893e0510943b","name":"Redacci\u00f3n","image":{"@type":"ImageObject","inLanguage":"es","@id":"https:\/\/noticozumel.mx\/1\/#\/schema\/person\/image\/","url":"https:\/\/secure.gravatar.com\/avatar\/92c1decdbf2b01a0b3a758c19f5bf7b7b7c7ad1ebf1b8f407a69813d9948f6d0?s=96&d=mm&r=g","contentUrl":"https:\/\/secure.gravatar.com\/avatar\/92c1decdbf2b01a0b3a758c19f5bf7b7b7c7ad1ebf1b8f407a69813d9948f6d0?s=96&d=mm&r=g","caption":"Redacci\u00f3n"},"url":"https:\/\/noticozumel.mx\/1\/author\/admin\/"}]}},"_links":{"self":[{"href":"https:\/\/noticozumel.mx\/1\/wp-json\/wp\/v2\/posts\/9745","targetHints":{"allow":["GET"]}}],"collection":[{"href":"https:\/\/noticozumel.mx\/1\/wp-json\/wp\/v2\/posts"}],"about":[{"href":"https:\/\/noticozumel.mx\/1\/wp-json\/wp\/v2\/types\/post"}],"author":[{"embeddable":true,"href":"https:\/\/noticozumel.mx\/1\/wp-json\/wp\/v2\/users\/1"}],"replies":[{"embeddable":true,"href":"https:\/\/noticozumel.mx\/1\/wp-json\/wp\/v2\/comments?post=9745"}],"version-history":[{"count":2,"href":"https:\/\/noticozumel.mx\/1\/wp-json\/wp\/v2\/posts\/9745\/revisions"}],"predecessor-version":[{"id":9752,"href":"https:\/\/noticozumel.mx\/1\/wp-json\/wp\/v2\/posts\/9745\/revisions\/9752"}],"wp:featuredmedia":[{"embeddable":true,"href":"https:\/\/noticozumel.mx\/1\/wp-json\/wp\/v2\/media\/9747"}],"wp:attachment":[{"href":"https:\/\/noticozumel.mx\/1\/wp-json\/wp\/v2\/media?parent=9745"}],"wp:term":[{"taxonomy":"category","embeddable":true,"href":"https:\/\/noticozumel.mx\/1\/wp-json\/wp\/v2\/categories?post=9745"},{"taxonomy":"post_tag","embeddable":true,"href":"https:\/\/noticozumel.mx\/1\/wp-json\/wp\/v2\/tags?post=9745"}],"curies":[{"name":"wp","href":"https:\/\/api.w.org\/{rel}","templated":true}]}}