{"id":9862,"date":"2026-04-24T16:28:00","date_gmt":"2026-04-24T21:28:00","guid":{"rendered":"https:\/\/noticozumel.mx\/1\/?p=9862"},"modified":"2026-04-25T07:31:31","modified_gmt":"2026-04-25T12:31:31","slug":"gobierno-de-quintana-roo-e-imoveqroo-ofrecen-transporte-gratuito-al-air-show-tulum-2026","status":"publish","type":"post","link":"https:\/\/noticozumel.mx\/1\/gobierno-de-quintana-roo-e-imoveqroo-ofrecen-transporte-gratuito-al-air-show-tulum-2026\/","title":{"rendered":"Gobierno de Quintana Roo e IMOVEQROO ofrecen transporte gratuito al Air Show Tulum 2026"},"content":{"rendered":"\n<p>Tulum, Quintana Roo, 24 de abril de 2026.- En el marco del Nuevo Acuerdo por el Bienestar y Desarrollo de Quintana Roo, el Gobierno del Estado a trav\u00e9s del Instituto de Movilidad (IMOVEQROO) implementa un operativo integral de movilidad con motivo del Air Show Tulum 2026.<\/p>\n\n\n\n<p>Como parte de este esfuerzo, por instrucciones de la gobernadora Mara Lezama Espinosa, el titular del IMOVEQROO Rafael Hern\u00e1ndez Kotasek, inform\u00f3 que se pone a disposici\u00f3n de la ciudadan\u00eda transporte gratuito para facilitar la llegada de las y los asistentes, a trav\u00e9s de 20 autobuses que operar\u00e1n con frecuencias de salida cada 30 minutos o conforme a la ocupaci\u00f3n de las unidades. El servicio estar\u00e1 disponible en los siguientes horarios: viernes 24 de 16:00 a 22:00 horas; s\u00e1bado 25 de 06:00 a 14:00 horas y de 16:00 a 00:00 horas; y domingo 26 de 16:00 a 00:00 horas.<\/p>\n\n\n\n<figure class=\"wp-block-image size-large\"><img loading=\"lazy\" decoding=\"async\" width=\"819\" height=\"1024\" src=\"https:\/\/noticozumel.mx\/1\/wp-content\/uploads\/2026\/04\/Opciones-transporte-Tulum-Air-Show-2026-1-819x1024.jpg\" alt=\"\" class=\"wp-image-9863\" srcset=\"https:\/\/noticozumel.mx\/1\/wp-content\/uploads\/2026\/04\/Opciones-transporte-Tulum-Air-Show-2026-1-819x1024.jpg 819w, https:\/\/noticozumel.mx\/1\/wp-content\/uploads\/2026\/04\/Opciones-transporte-Tulum-Air-Show-2026-1-240x300.jpg 240w, https:\/\/noticozumel.mx\/1\/wp-content\/uploads\/2026\/04\/Opciones-transporte-Tulum-Air-Show-2026-1-768x960.jpg 768w, https:\/\/noticozumel.mx\/1\/wp-content\/uploads\/2026\/04\/Opciones-transporte-Tulum-Air-Show-2026-1-336x420.jpg 336w, https:\/\/noticozumel.mx\/1\/wp-content\/uploads\/2026\/04\/Opciones-transporte-Tulum-Air-Show-2026-1-150x188.jpg 150w, https:\/\/noticozumel.mx\/1\/wp-content\/uploads\/2026\/04\/Opciones-transporte-Tulum-Air-Show-2026-1-300x375.jpg 300w, https:\/\/noticozumel.mx\/1\/wp-content\/uploads\/2026\/04\/Opciones-transporte-Tulum-Air-Show-2026-1-696x870.jpg 696w, https:\/\/noticozumel.mx\/1\/wp-content\/uploads\/2026\/04\/Opciones-transporte-Tulum-Air-Show-2026-1.jpg 1024w\" sizes=\"auto, (max-width: 819px) 100vw, 819px\" \/><\/figure>\n\n\n\n<p>Los puntos de salida ser\u00e1n la Zona Arqueol\u00f3gica de Tulum (Base ADO) y Aldea Tulum, contando adem\u00e1s con un punto de ascenso y descenso intermedio en Muyil, lo que permitir\u00e1 una mejor distribuci\u00f3n del flujo de usuarios durante los d\u00edas del evento.<\/p>\n\n\n\n<p>De manera complementaria, se contar\u00e1 con diversas opciones de transporte de paga para quienes opten por alternativas adicionales, entre ellas el servicio ADO disponible \u00fanicamente el d\u00eda viernes con un costo aproximado de 105.00 pesos por persona; taxi privado desde Aldea Tulum por 700.00 pesos por viaje; taxi desde la Terminal For\u00e1nea por 850.00 pesos; taxi desde Playa del Carmen por 2 mil pesos; as\u00ed como servicio de taxi colectivo desde Aldea Tulum con un costo aproximado de 110.00 pesos por persona.<\/p>\n\n\n\n<p>Asimismo, se habilitar\u00e1n zonas de estacionamiento para quienes utilicen veh\u00edculo particular, ubicadas en Aldea Tulum con un costo de 350.00 pesos y capacidad de entre 300 y 500 espacios, y en Muyil con un costo de 380.00 pesos y disponibilidad de 300 espacios.<\/p>\n\n\n\n<p>El IMOVEQROO estima que, a trav\u00e9s de este operativo, se realicen 256 recorridos gratuitos, permitiendo la movilizaci\u00f3n de m\u00e1s 22 mil personas en forma gratuita durante los tres d\u00edas del evento, adem\u00e1s de supervisar el transporte de paga, fortaleciendo la log\u00edstica y garantizando una experiencia ordenada para las y los asistentes.<\/p>\n\n\n\n<p>Con estas acciones, el gobierno humanista que encabeza la gobernadora Mara Lezama, a trav\u00e9s del IMOVEQROO reafirma su compromiso de brindar alternativas de movilidad seguras, accesibles y eficientes.<\/p>\n","protected":false},"excerpt":{"rendered":"<p>Tulum, Quintana Roo, 24 de abril de 2026.- En el marco del Nuevo Acuerdo por el Bienestar y Desarrollo de Quintana Roo, el Gobierno del Estado a trav\u00e9s del Instituto de Movilidad (IMOVEQROO) implementa un operativo integral de movilidad con motivo del Air Show Tulum 2026. Como parte de este esfuerzo, por instrucciones de la [&hellip;]<\/p>\n","protected":false},"author":1,"featured_media":9864,"comment_status":"open","ping_status":"closed","sticky":false,"template":"","format":"standard","meta":{"tdm_status":"","tdm_grid_status":"","footnotes":""},"categories":[38],"tags":[226,25,24,27,109,60,23,108,287],"class_list":{"0":"post-9862","1":"post","2":"type-post","3":"status-publish","4":"format-standard","5":"has-post-thumbnail","7":"category-tulum","8":"tag-caribe-mexicano","9":"tag-mara-gobernadora","10":"tag-mara-lezama-espinosa","11":"tag-noticias-de-quintana-roo","12":"tag-noticias-de-tulum","13":"tag-noticozumel","14":"tag-quintana-roo","15":"tag-tulum","16":"tag-tulum-air-show-2026"},"yoast_head":"<!-- This site is optimized with the Yoast SEO Premium plugin v26.2 (Yoast SEO v26.2) - https:\/\/yoast.com\/wordpress\/plugins\/seo\/ -->\n<title>Gobierno de Quintana Roo e IMOVEQROO ofrecen transporte gratuito al Air Show Tulum 2026 - NotiCozumel<\/title>\n<meta name=\"robots\" content=\"index, follow, max-snippet:-1, max-image-preview:large, max-video-preview:-1\" \/>\n<link rel=\"canonical\" href=\"https:\/\/noticozumel.mx\/1\/gobierno-de-quintana-roo-e-imoveqroo-ofrecen-transporte-gratuito-al-air-show-tulum-2026\/\" \/>\n<meta property=\"og:locale\" content=\"es_ES\" \/>\n<meta property=\"og:type\" content=\"article\" \/>\n<meta property=\"og:title\" content=\"Gobierno de Quintana Roo e IMOVEQROO ofrecen transporte gratuito al Air Show Tulum 2026\" \/>\n<meta property=\"og:description\" content=\"Tulum, Quintana Roo, 24 de abril de 2026.- En el marco del Nuevo Acuerdo por el Bienestar y Desarrollo de Quintana Roo, el Gobierno del Estado a trav\u00e9s del Instituto de Movilidad (IMOVEQROO) implementa un operativo integral de movilidad con motivo del Air Show Tulum 2026. Como parte de este esfuerzo, por instrucciones de la [&hellip;]\" \/>\n<meta property=\"og:url\" content=\"https:\/\/noticozumel.mx\/1\/gobierno-de-quintana-roo-e-imoveqroo-ofrecen-transporte-gratuito-al-air-show-tulum-2026\/\" \/>\n<meta property=\"og:site_name\" content=\"NotiCozumel\" \/>\n<meta property=\"article:published_time\" content=\"2026-04-24T21:28:00+00:00\" \/>\n<meta property=\"article:modified_time\" content=\"2026-04-25T12:31:31+00:00\" \/>\n<meta property=\"og:image\" content=\"https:\/\/noticozumel.mx\/1\/wp-content\/uploads\/2026\/04\/Transporte-gratis-Tulum-Air-Show-2026-1.jpg\" \/>\n\t<meta property=\"og:image:width\" content=\"1280\" \/>\n\t<meta property=\"og:image:height\" content=\"1600\" \/>\n\t<meta property=\"og:image:type\" content=\"image\/jpeg\" \/>\n<meta name=\"author\" content=\"Redacci\u00f3n\" \/>\n<meta name=\"twitter:card\" content=\"summary_large_image\" \/>\n<meta name=\"twitter:label1\" content=\"Escrito por\" \/>\n\t<meta name=\"twitter:data1\" content=\"Redacci\u00f3n\" \/>\n\t<meta name=\"twitter:label2\" content=\"Tiempo de lectura\" \/>\n\t<meta name=\"twitter:data2\" content=\"3 minutos\" \/>\n<script type=\"application\/ld+json\" class=\"yoast-schema-graph\">{\"@context\":\"https:\/\/schema.org\",\"@graph\":[{\"@type\":\"WebPage\",\"@id\":\"https:\/\/noticozumel.mx\/1\/gobierno-de-quintana-roo-e-imoveqroo-ofrecen-transporte-gratuito-al-air-show-tulum-2026\/\",\"url\":\"https:\/\/noticozumel.mx\/1\/gobierno-de-quintana-roo-e-imoveqroo-ofrecen-transporte-gratuito-al-air-show-tulum-2026\/\",\"name\":\"Gobierno de Quintana Roo e IMOVEQROO ofrecen transporte gratuito al Air Show Tulum 2026 - NotiCozumel\",\"isPartOf\":{\"@id\":\"https:\/\/noticozumel.mx\/1\/#website\"},\"primaryImageOfPage\":{\"@id\":\"https:\/\/noticozumel.mx\/1\/gobierno-de-quintana-roo-e-imoveqroo-ofrecen-transporte-gratuito-al-air-show-tulum-2026\/#primaryimage\"},\"image\":{\"@id\":\"https:\/\/noticozumel.mx\/1\/gobierno-de-quintana-roo-e-imoveqroo-ofrecen-transporte-gratuito-al-air-show-tulum-2026\/#primaryimage\"},\"thumbnailUrl\":\"https:\/\/noticozumel.mx\/1\/wp-content\/uploads\/2026\/04\/Transporte-gratis-Tulum-Air-Show-2026-1.jpg\",\"datePublished\":\"2026-04-24T21:28:00+00:00\",\"dateModified\":\"2026-04-25T12:31:31+00:00\",\"author\":{\"@id\":\"https:\/\/noticozumel.mx\/1\/#\/schema\/person\/a3353279fd7f37e86677893e0510943b\"},\"breadcrumb\":{\"@id\":\"https:\/\/noticozumel.mx\/1\/gobierno-de-quintana-roo-e-imoveqroo-ofrecen-transporte-gratuito-al-air-show-tulum-2026\/#breadcrumb\"},\"inLanguage\":\"es\",\"potentialAction\":[{\"@type\":\"ReadAction\",\"target\":[\"https:\/\/noticozumel.mx\/1\/gobierno-de-quintana-roo-e-imoveqroo-ofrecen-transporte-gratuito-al-air-show-tulum-2026\/\"]}]},{\"@type\":\"ImageObject\",\"inLanguage\":\"es\",\"@id\":\"https:\/\/noticozumel.mx\/1\/gobierno-de-quintana-roo-e-imoveqroo-ofrecen-transporte-gratuito-al-air-show-tulum-2026\/#primaryimage\",\"url\":\"https:\/\/noticozumel.mx\/1\/wp-content\/uploads\/2026\/04\/Transporte-gratis-Tulum-Air-Show-2026-1.jpg\",\"contentUrl\":\"https:\/\/noticozumel.mx\/1\/wp-content\/uploads\/2026\/04\/Transporte-gratis-Tulum-Air-Show-2026-1.jpg\",\"width\":1280,\"height\":1600},{\"@type\":\"BreadcrumbList\",\"@id\":\"https:\/\/noticozumel.mx\/1\/gobierno-de-quintana-roo-e-imoveqroo-ofrecen-transporte-gratuito-al-air-show-tulum-2026\/#breadcrumb\",\"itemListElement\":[{\"@type\":\"ListItem\",\"position\":1,\"name\":\"Portada\",\"item\":\"https:\/\/noticozumel.mx\/1\/\"},{\"@type\":\"ListItem\",\"position\":2,\"name\":\"Gobierno de Quintana Roo e IMOVEQROO ofrecen transporte gratuito al Air Show Tulum 2026\"}]},{\"@type\":\"WebSite\",\"@id\":\"https:\/\/noticozumel.mx\/1\/#website\",\"url\":\"https:\/\/noticozumel.mx\/1\/\",\"name\":\"NotiCozumel\",\"description\":\"Las noticias al alcance de todos\",\"potentialAction\":[{\"@type\":\"SearchAction\",\"target\":{\"@type\":\"EntryPoint\",\"urlTemplate\":\"https:\/\/noticozumel.mx\/1\/?s={search_term_string}\"},\"query-input\":{\"@type\":\"PropertyValueSpecification\",\"valueRequired\":true,\"valueName\":\"search_term_string\"}}],\"inLanguage\":\"es\"},{\"@type\":\"Person\",\"@id\":\"https:\/\/noticozumel.mx\/1\/#\/schema\/person\/a3353279fd7f37e86677893e0510943b\",\"name\":\"Redacci\u00f3n\",\"image\":{\"@type\":\"ImageObject\",\"inLanguage\":\"es\",\"@id\":\"https:\/\/noticozumel.mx\/1\/#\/schema\/person\/image\/\",\"url\":\"https:\/\/secure.gravatar.com\/avatar\/92c1decdbf2b01a0b3a758c19f5bf7b7b7c7ad1ebf1b8f407a69813d9948f6d0?s=96&d=mm&r=g\",\"contentUrl\":\"https:\/\/secure.gravatar.com\/avatar\/92c1decdbf2b01a0b3a758c19f5bf7b7b7c7ad1ebf1b8f407a69813d9948f6d0?s=96&d=mm&r=g\",\"caption\":\"Redacci\u00f3n\"},\"url\":\"https:\/\/noticozumel.mx\/1\/author\/admin\/\"}]}<\/script>\n<!-- \/ Yoast SEO Premium plugin. -->","yoast_head_json":{"title":"Gobierno de Quintana Roo e IMOVEQROO ofrecen transporte gratuito al Air Show Tulum 2026 - NotiCozumel","robots":{"index":"index","follow":"follow","max-snippet":"max-snippet:-1","max-image-preview":"max-image-preview:large","max-video-preview":"max-video-preview:-1"},"canonical":"https:\/\/noticozumel.mx\/1\/gobierno-de-quintana-roo-e-imoveqroo-ofrecen-transporte-gratuito-al-air-show-tulum-2026\/","og_locale":"es_ES","og_type":"article","og_title":"Gobierno de Quintana Roo e IMOVEQROO ofrecen transporte gratuito al Air Show Tulum 2026","og_description":"Tulum, Quintana Roo, 24 de abril de 2026.- En el marco del Nuevo Acuerdo por el Bienestar y Desarrollo de Quintana Roo, el Gobierno del Estado a trav\u00e9s del Instituto de Movilidad (IMOVEQROO) implementa un operativo integral de movilidad con motivo del Air Show Tulum 2026. Como parte de este esfuerzo, por instrucciones de la [&hellip;]","og_url":"https:\/\/noticozumel.mx\/1\/gobierno-de-quintana-roo-e-imoveqroo-ofrecen-transporte-gratuito-al-air-show-tulum-2026\/","og_site_name":"NotiCozumel","article_published_time":"2026-04-24T21:28:00+00:00","article_modified_time":"2026-04-25T12:31:31+00:00","og_image":[{"width":1280,"height":1600,"url":"https:\/\/noticozumel.mx\/1\/wp-content\/uploads\/2026\/04\/Transporte-gratis-Tulum-Air-Show-2026-1.jpg","type":"image\/jpeg"}],"author":"Redacci\u00f3n","twitter_card":"summary_large_image","twitter_misc":{"Escrito por":"Redacci\u00f3n","Tiempo de lectura":"3 minutos"},"schema":{"@context":"https:\/\/schema.org","@graph":[{"@type":"WebPage","@id":"https:\/\/noticozumel.mx\/1\/gobierno-de-quintana-roo-e-imoveqroo-ofrecen-transporte-gratuito-al-air-show-tulum-2026\/","url":"https:\/\/noticozumel.mx\/1\/gobierno-de-quintana-roo-e-imoveqroo-ofrecen-transporte-gratuito-al-air-show-tulum-2026\/","name":"Gobierno de Quintana Roo e IMOVEQROO ofrecen transporte gratuito al Air Show Tulum 2026 - NotiCozumel","isPartOf":{"@id":"https:\/\/noticozumel.mx\/1\/#website"},"primaryImageOfPage":{"@id":"https:\/\/noticozumel.mx\/1\/gobierno-de-quintana-roo-e-imoveqroo-ofrecen-transporte-gratuito-al-air-show-tulum-2026\/#primaryimage"},"image":{"@id":"https:\/\/noticozumel.mx\/1\/gobierno-de-quintana-roo-e-imoveqroo-ofrecen-transporte-gratuito-al-air-show-tulum-2026\/#primaryimage"},"thumbnailUrl":"https:\/\/noticozumel.mx\/1\/wp-content\/uploads\/2026\/04\/Transporte-gratis-Tulum-Air-Show-2026-1.jpg","datePublished":"2026-04-24T21:28:00+00:00","dateModified":"2026-04-25T12:31:31+00:00","author":{"@id":"https:\/\/noticozumel.mx\/1\/#\/schema\/person\/a3353279fd7f37e86677893e0510943b"},"breadcrumb":{"@id":"https:\/\/noticozumel.mx\/1\/gobierno-de-quintana-roo-e-imoveqroo-ofrecen-transporte-gratuito-al-air-show-tulum-2026\/#breadcrumb"},"inLanguage":"es","potentialAction":[{"@type":"ReadAction","target":["https:\/\/noticozumel.mx\/1\/gobierno-de-quintana-roo-e-imoveqroo-ofrecen-transporte-gratuito-al-air-show-tulum-2026\/"]}]},{"@type":"ImageObject","inLanguage":"es","@id":"https:\/\/noticozumel.mx\/1\/gobierno-de-quintana-roo-e-imoveqroo-ofrecen-transporte-gratuito-al-air-show-tulum-2026\/#primaryimage","url":"https:\/\/noticozumel.mx\/1\/wp-content\/uploads\/2026\/04\/Transporte-gratis-Tulum-Air-Show-2026-1.jpg","contentUrl":"https:\/\/noticozumel.mx\/1\/wp-content\/uploads\/2026\/04\/Transporte-gratis-Tulum-Air-Show-2026-1.jpg","width":1280,"height":1600},{"@type":"BreadcrumbList","@id":"https:\/\/noticozumel.mx\/1\/gobierno-de-quintana-roo-e-imoveqroo-ofrecen-transporte-gratuito-al-air-show-tulum-2026\/#breadcrumb","itemListElement":[{"@type":"ListItem","position":1,"name":"Portada","item":"https:\/\/noticozumel.mx\/1\/"},{"@type":"ListItem","position":2,"name":"Gobierno de Quintana Roo e IMOVEQROO ofrecen transporte gratuito al Air Show Tulum 2026"}]},{"@type":"WebSite","@id":"https:\/\/noticozumel.mx\/1\/#website","url":"https:\/\/noticozumel.mx\/1\/","name":"NotiCozumel","description":"Las noticias al alcance de todos","potentialAction":[{"@type":"SearchAction","target":{"@type":"EntryPoint","urlTemplate":"https:\/\/noticozumel.mx\/1\/?s={search_term_string}"},"query-input":{"@type":"PropertyValueSpecification","valueRequired":true,"valueName":"search_term_string"}}],"inLanguage":"es"},{"@type":"Person","@id":"https:\/\/noticozumel.mx\/1\/#\/schema\/person\/a3353279fd7f37e86677893e0510943b","name":"Redacci\u00f3n","image":{"@type":"ImageObject","inLanguage":"es","@id":"https:\/\/noticozumel.mx\/1\/#\/schema\/person\/image\/","url":"https:\/\/secure.gravatar.com\/avatar\/92c1decdbf2b01a0b3a758c19f5bf7b7b7c7ad1ebf1b8f407a69813d9948f6d0?s=96&d=mm&r=g","contentUrl":"https:\/\/secure.gravatar.com\/avatar\/92c1decdbf2b01a0b3a758c19f5bf7b7b7c7ad1ebf1b8f407a69813d9948f6d0?s=96&d=mm&r=g","caption":"Redacci\u00f3n"},"url":"https:\/\/noticozumel.mx\/1\/author\/admin\/"}]}},"_links":{"self":[{"href":"https:\/\/noticozumel.mx\/1\/wp-json\/wp\/v2\/posts\/9862","targetHints":{"allow":["GET"]}}],"collection":[{"href":"https:\/\/noticozumel.mx\/1\/wp-json\/wp\/v2\/posts"}],"about":[{"href":"https:\/\/noticozumel.mx\/1\/wp-json\/wp\/v2\/types\/post"}],"author":[{"embeddable":true,"href":"https:\/\/noticozumel.mx\/1\/wp-json\/wp\/v2\/users\/1"}],"replies":[{"embeddable":true,"href":"https:\/\/noticozumel.mx\/1\/wp-json\/wp\/v2\/comments?post=9862"}],"version-history":[{"count":1,"href":"https:\/\/noticozumel.mx\/1\/wp-json\/wp\/v2\/posts\/9862\/revisions"}],"predecessor-version":[{"id":9865,"href":"https:\/\/noticozumel.mx\/1\/wp-json\/wp\/v2\/posts\/9862\/revisions\/9865"}],"wp:featuredmedia":[{"embeddable":true,"href":"https:\/\/noticozumel.mx\/1\/wp-json\/wp\/v2\/media\/9864"}],"wp:attachment":[{"href":"https:\/\/noticozumel.mx\/1\/wp-json\/wp\/v2\/media?parent=9862"}],"wp:term":[{"taxonomy":"category","embeddable":true,"href":"https:\/\/noticozumel.mx\/1\/wp-json\/wp\/v2\/categories?post=9862"},{"taxonomy":"post_tag","embeddable":true,"href":"https:\/\/noticozumel.mx\/1\/wp-json\/wp\/v2\/tags?post=9862"}],"curies":[{"name":"wp","href":"https:\/\/api.w.org\/{rel}","templated":true}]}}