{"id":9866,"date":"2026-04-24T16:32:00","date_gmt":"2026-04-24T21:32:00","guid":{"rendered":"https:\/\/noticozumel.mx\/1\/?p=9866"},"modified":"2026-04-25T07:36:57","modified_gmt":"2026-04-25T12:36:57","slug":"renan-sanchez-tajonar-celebra-el-dia-de-la-ninez-con-mas-de-1800-cozumelenos","status":"publish","type":"post","link":"https:\/\/noticozumel.mx\/1\/renan-sanchez-tajonar-celebra-el-dia-de-la-ninez-con-mas-de-1800-cozumelenos\/","title":{"rendered":"Ren\u00e1n S\u00e1nchez Tajonar celebra el D\u00eda de la Ni\u00f1ez con m\u00e1s de 1,800 cozumele\u00f1os"},"content":{"rendered":"\n<p>Cozumel, Quintana Roo, 24 de abril de 2026.- En un ambiente de fiesta, sonrisas y convivencia familiar, el diputado quintanarroense Ren\u00e1n S\u00e1nchez Tajonar encabez\u00f3 la celebraci\u00f3n del D\u00eda de la Ni\u00f1a y el Ni\u00f1o, donde m\u00e1s de mil 800 cozumele\u00f1os disfrutaron de actividades recreativas, juegos y momentos llenos de alegr\u00eda.<\/p>\n\n\n\n<p>Durante el evento, Ren\u00e1n S\u00e1nchez Tajonar destac\u00f3 la importancia de la ni\u00f1ez como el presente y futuro de la isla, reafirmando su compromiso de seguir trabajando por su bienestar, desarrollo y protecci\u00f3n.<\/p>\n\n\n\n<figure class=\"wp-block-image size-large\"><img loading=\"lazy\" decoding=\"async\" width=\"1024\" height=\"683\" src=\"https:\/\/noticozumel.mx\/1\/wp-content\/uploads\/2026\/04\/Renan-celebra-a-la-ninez-1-1024x683.jpg\" alt=\"\" class=\"wp-image-9870\" srcset=\"https:\/\/noticozumel.mx\/1\/wp-content\/uploads\/2026\/04\/Renan-celebra-a-la-ninez-1-1024x683.jpg 1024w, https:\/\/noticozumel.mx\/1\/wp-content\/uploads\/2026\/04\/Renan-celebra-a-la-ninez-1-300x200.jpg 300w, https:\/\/noticozumel.mx\/1\/wp-content\/uploads\/2026\/04\/Renan-celebra-a-la-ninez-1-768x512.jpg 768w, https:\/\/noticozumel.mx\/1\/wp-content\/uploads\/2026\/04\/Renan-celebra-a-la-ninez-1-1536x1024.jpg 1536w, https:\/\/noticozumel.mx\/1\/wp-content\/uploads\/2026\/04\/Renan-celebra-a-la-ninez-1-630x420.jpg 630w, https:\/\/noticozumel.mx\/1\/wp-content\/uploads\/2026\/04\/Renan-celebra-a-la-ninez-1-150x100.jpg 150w, https:\/\/noticozumel.mx\/1\/wp-content\/uploads\/2026\/04\/Renan-celebra-a-la-ninez-1-696x464.jpg 696w, https:\/\/noticozumel.mx\/1\/wp-content\/uploads\/2026\/04\/Renan-celebra-a-la-ninez-1-1068x712.jpg 1068w, https:\/\/noticozumel.mx\/1\/wp-content\/uploads\/2026\/04\/Renan-celebra-a-la-ninez-1.jpg 1600w\" sizes=\"auto, (max-width: 1024px) 100vw, 1024px\" \/><\/figure>\n\n\n\n<p>\u201cHoy celebramos lo m\u00e1s valioso que tenemos: nuestras ni\u00f1as y ni\u00f1os. Queremos que crezcan felices, seguros y con mejores condiciones para cumplir sus sue\u00f1os\u201d, expres\u00f3.<\/p>\n\n\n\n<p>Asimismo, agradeci\u00f3 a las madres y padres de familia por su confianza y por el esfuerzo diario que realizan para sacar adelante a sus hijos, destacando que su amor y dedicaci\u00f3n son fundamentales en la formaci\u00f3n de mejores ciudadanos.<\/p>\n\n\n\n<figure class=\"wp-block-image size-large\"><img loading=\"lazy\" decoding=\"async\" width=\"1024\" height=\"683\" src=\"https:\/\/noticozumel.mx\/1\/wp-content\/uploads\/2026\/04\/Renan-celebra-a-la-ninez-2-1024x683.jpg\" alt=\"\" class=\"wp-image-9869\" srcset=\"https:\/\/noticozumel.mx\/1\/wp-content\/uploads\/2026\/04\/Renan-celebra-a-la-ninez-2-1024x683.jpg 1024w, https:\/\/noticozumel.mx\/1\/wp-content\/uploads\/2026\/04\/Renan-celebra-a-la-ninez-2-300x200.jpg 300w, https:\/\/noticozumel.mx\/1\/wp-content\/uploads\/2026\/04\/Renan-celebra-a-la-ninez-2-768x512.jpg 768w, https:\/\/noticozumel.mx\/1\/wp-content\/uploads\/2026\/04\/Renan-celebra-a-la-ninez-2-1536x1025.jpg 1536w, https:\/\/noticozumel.mx\/1\/wp-content\/uploads\/2026\/04\/Renan-celebra-a-la-ninez-2-630x420.jpg 630w, https:\/\/noticozumel.mx\/1\/wp-content\/uploads\/2026\/04\/Renan-celebra-a-la-ninez-2-150x100.jpg 150w, https:\/\/noticozumel.mx\/1\/wp-content\/uploads\/2026\/04\/Renan-celebra-a-la-ninez-2-696x464.jpg 696w, https:\/\/noticozumel.mx\/1\/wp-content\/uploads\/2026\/04\/Renan-celebra-a-la-ninez-2-1068x712.jpg 1068w, https:\/\/noticozumel.mx\/1\/wp-content\/uploads\/2026\/04\/Renan-celebra-a-la-ninez-2.jpg 1598w\" sizes=\"auto, (max-width: 1024px) 100vw, 1024px\" \/><\/figure>\n\n\n\n<p>Ren\u00e1n S\u00e1nchez Tajonar reiter\u00f3 que seguir\u00e1 impulsando acciones desde el Congreso para fortalecer el bienestar de la ni\u00f1ez, generando mejores condiciones en educaci\u00f3n, espacios seguros y desarrollo integral.<\/p>\n\n\n\n<p>\u201cSigamos trabajando juntos por el mejor Cozumel para nuestras ni\u00f1as y ni\u00f1os, un Cozumel donde puedan crecer seguros, aprender, jugar y so\u00f1ar en grande. Ese es el Cozumel que construimos todos los d\u00edas\u201d, resalt\u00f3.<\/p>\n\n\n\n<figure class=\"wp-block-image size-large\"><img loading=\"lazy\" decoding=\"async\" width=\"1024\" height=\"683\" src=\"https:\/\/noticozumel.mx\/1\/wp-content\/uploads\/2026\/04\/Renan-celebra-a-la-ninez-4-1024x683.jpg\" alt=\"\" class=\"wp-image-9867\" srcset=\"https:\/\/noticozumel.mx\/1\/wp-content\/uploads\/2026\/04\/Renan-celebra-a-la-ninez-4-1024x683.jpg 1024w, https:\/\/noticozumel.mx\/1\/wp-content\/uploads\/2026\/04\/Renan-celebra-a-la-ninez-4-300x200.jpg 300w, https:\/\/noticozumel.mx\/1\/wp-content\/uploads\/2026\/04\/Renan-celebra-a-la-ninez-4-768x512.jpg 768w, https:\/\/noticozumel.mx\/1\/wp-content\/uploads\/2026\/04\/Renan-celebra-a-la-ninez-4-630x420.jpg 630w, https:\/\/noticozumel.mx\/1\/wp-content\/uploads\/2026\/04\/Renan-celebra-a-la-ninez-4-150x100.jpg 150w, https:\/\/noticozumel.mx\/1\/wp-content\/uploads\/2026\/04\/Renan-celebra-a-la-ninez-4-696x464.jpg 696w, https:\/\/noticozumel.mx\/1\/wp-content\/uploads\/2026\/04\/Renan-celebra-a-la-ninez-4-1068x712.jpg 1068w, https:\/\/noticozumel.mx\/1\/wp-content\/uploads\/2026\/04\/Renan-celebra-a-la-ninez-4.jpg 1422w\" sizes=\"auto, (max-width: 1024px) 100vw, 1024px\" \/><\/figure>\n\n\n\n<p>La jornada concluy\u00f3 con actividades recreativas y un ambiente de convivencia que reafirm\u00f3 el compromiso de construir una comunidad m\u00e1s cercana, unida y enfocada en el bienestar de las nuevas generaciones.<\/p>\n","protected":false},"excerpt":{"rendered":"<p>Cozumel, Quintana Roo, 24 de abril de 2026.- En un ambiente de fiesta, sonrisas y convivencia familiar, el diputado quintanarroense Ren\u00e1n S\u00e1nchez Tajonar encabez\u00f3 la celebraci\u00f3n del D\u00eda de la Ni\u00f1a y el Ni\u00f1o, donde m\u00e1s de mil 800 cozumele\u00f1os disfrutaron de actividades recreativas, juegos y momentos llenos de alegr\u00eda. Durante el evento, Ren\u00e1n S\u00e1nchez [&hellip;]<\/p>\n","protected":false},"author":1,"featured_media":9868,"comment_status":"open","ping_status":"closed","sticky":false,"template":"","format":"standard","meta":{"tdm_status":"","tdm_grid_status":"","footnotes":""},"categories":[1,2,37],"tags":[59,63,61,27,60,115,65,114,23,66,62],"class_list":{"0":"post-9866","1":"post","2":"type-post","3":"status-publish","4":"format-standard","5":"has-post-thumbnail","7":"category-cozumel","8":"category-featured","9":"category-politica","10":"tag-cozumel","11":"tag-isla-cozumel","12":"tag-noticias-de-cozumel","13":"tag-noticias-de-quintana-roo","14":"tag-noticozumel","15":"tag-partido-verde","16":"tag-politica","17":"tag-pvem","18":"tag-quintana-roo","19":"tag-renan-eduardo-sanchez-tajonar","20":"tag-san-miguel-de-cozumel"},"yoast_head":"<!-- This site is optimized with the Yoast SEO Premium plugin v26.2 (Yoast SEO v26.2) - https:\/\/yoast.com\/wordpress\/plugins\/seo\/ -->\n<title>Ren\u00e1n S\u00e1nchez Tajonar celebra el D\u00eda de la Ni\u00f1ez con m\u00e1s de 1,800 cozumele\u00f1os - NotiCozumel<\/title>\n<meta name=\"robots\" content=\"index, follow, max-snippet:-1, max-image-preview:large, max-video-preview:-1\" \/>\n<link rel=\"canonical\" href=\"https:\/\/noticozumel.mx\/1\/renan-sanchez-tajonar-celebra-el-dia-de-la-ninez-con-mas-de-1800-cozumelenos\/\" \/>\n<meta property=\"og:locale\" content=\"es_ES\" \/>\n<meta property=\"og:type\" content=\"article\" \/>\n<meta property=\"og:title\" content=\"Ren\u00e1n S\u00e1nchez Tajonar celebra el D\u00eda de la Ni\u00f1ez con m\u00e1s de 1,800 cozumele\u00f1os\" \/>\n<meta property=\"og:description\" content=\"Cozumel, Quintana Roo, 24 de abril de 2026.- En un ambiente de fiesta, sonrisas y convivencia familiar, el diputado quintanarroense Ren\u00e1n S\u00e1nchez Tajonar encabez\u00f3 la celebraci\u00f3n del D\u00eda de la Ni\u00f1a y el Ni\u00f1o, donde m\u00e1s de mil 800 cozumele\u00f1os disfrutaron de actividades recreativas, juegos y momentos llenos de alegr\u00eda. Durante el evento, Ren\u00e1n S\u00e1nchez [&hellip;]\" \/>\n<meta property=\"og:url\" content=\"https:\/\/noticozumel.mx\/1\/renan-sanchez-tajonar-celebra-el-dia-de-la-ninez-con-mas-de-1800-cozumelenos\/\" \/>\n<meta property=\"og:site_name\" content=\"NotiCozumel\" \/>\n<meta property=\"article:published_time\" content=\"2026-04-24T21:32:00+00:00\" \/>\n<meta property=\"article:modified_time\" content=\"2026-04-25T12:36:57+00:00\" \/>\n<meta property=\"og:image\" content=\"https:\/\/noticozumel.mx\/1\/wp-content\/uploads\/2026\/04\/Renan-celebra-a-la-ninez-3.jpg\" \/>\n\t<meta property=\"og:image:width\" content=\"1598\" \/>\n\t<meta property=\"og:image:height\" content=\"1066\" \/>\n\t<meta property=\"og:image:type\" content=\"image\/jpeg\" \/>\n<meta name=\"author\" content=\"Redacci\u00f3n\" \/>\n<meta name=\"twitter:card\" content=\"summary_large_image\" \/>\n<meta name=\"twitter:label1\" content=\"Escrito por\" \/>\n\t<meta name=\"twitter:data1\" content=\"Redacci\u00f3n\" \/>\n\t<meta name=\"twitter:label2\" content=\"Tiempo de lectura\" \/>\n\t<meta name=\"twitter:data2\" content=\"2 minutos\" \/>\n<script type=\"application\/ld+json\" class=\"yoast-schema-graph\">{\"@context\":\"https:\/\/schema.org\",\"@graph\":[{\"@type\":\"WebPage\",\"@id\":\"https:\/\/noticozumel.mx\/1\/renan-sanchez-tajonar-celebra-el-dia-de-la-ninez-con-mas-de-1800-cozumelenos\/\",\"url\":\"https:\/\/noticozumel.mx\/1\/renan-sanchez-tajonar-celebra-el-dia-de-la-ninez-con-mas-de-1800-cozumelenos\/\",\"name\":\"Ren\u00e1n S\u00e1nchez Tajonar celebra el D\u00eda de la Ni\u00f1ez con m\u00e1s de 1,800 cozumele\u00f1os - NotiCozumel\",\"isPartOf\":{\"@id\":\"https:\/\/noticozumel.mx\/1\/#website\"},\"primaryImageOfPage\":{\"@id\":\"https:\/\/noticozumel.mx\/1\/renan-sanchez-tajonar-celebra-el-dia-de-la-ninez-con-mas-de-1800-cozumelenos\/#primaryimage\"},\"image\":{\"@id\":\"https:\/\/noticozumel.mx\/1\/renan-sanchez-tajonar-celebra-el-dia-de-la-ninez-con-mas-de-1800-cozumelenos\/#primaryimage\"},\"thumbnailUrl\":\"https:\/\/noticozumel.mx\/1\/wp-content\/uploads\/2026\/04\/Renan-celebra-a-la-ninez-3.jpg\",\"datePublished\":\"2026-04-24T21:32:00+00:00\",\"dateModified\":\"2026-04-25T12:36:57+00:00\",\"author\":{\"@id\":\"https:\/\/noticozumel.mx\/1\/#\/schema\/person\/a3353279fd7f37e86677893e0510943b\"},\"breadcrumb\":{\"@id\":\"https:\/\/noticozumel.mx\/1\/renan-sanchez-tajonar-celebra-el-dia-de-la-ninez-con-mas-de-1800-cozumelenos\/#breadcrumb\"},\"inLanguage\":\"es\",\"potentialAction\":[{\"@type\":\"ReadAction\",\"target\":[\"https:\/\/noticozumel.mx\/1\/renan-sanchez-tajonar-celebra-el-dia-de-la-ninez-con-mas-de-1800-cozumelenos\/\"]}]},{\"@type\":\"ImageObject\",\"inLanguage\":\"es\",\"@id\":\"https:\/\/noticozumel.mx\/1\/renan-sanchez-tajonar-celebra-el-dia-de-la-ninez-con-mas-de-1800-cozumelenos\/#primaryimage\",\"url\":\"https:\/\/noticozumel.mx\/1\/wp-content\/uploads\/2026\/04\/Renan-celebra-a-la-ninez-3.jpg\",\"contentUrl\":\"https:\/\/noticozumel.mx\/1\/wp-content\/uploads\/2026\/04\/Renan-celebra-a-la-ninez-3.jpg\",\"width\":1598,\"height\":1066},{\"@type\":\"BreadcrumbList\",\"@id\":\"https:\/\/noticozumel.mx\/1\/renan-sanchez-tajonar-celebra-el-dia-de-la-ninez-con-mas-de-1800-cozumelenos\/#breadcrumb\",\"itemListElement\":[{\"@type\":\"ListItem\",\"position\":1,\"name\":\"Portada\",\"item\":\"https:\/\/noticozumel.mx\/1\/\"},{\"@type\":\"ListItem\",\"position\":2,\"name\":\"Ren\u00e1n S\u00e1nchez Tajonar celebra el D\u00eda de la Ni\u00f1ez con m\u00e1s de 1,800 cozumele\u00f1os\"}]},{\"@type\":\"WebSite\",\"@id\":\"https:\/\/noticozumel.mx\/1\/#website\",\"url\":\"https:\/\/noticozumel.mx\/1\/\",\"name\":\"NotiCozumel\",\"description\":\"Las noticias al alcance de todos\",\"potentialAction\":[{\"@type\":\"SearchAction\",\"target\":{\"@type\":\"EntryPoint\",\"urlTemplate\":\"https:\/\/noticozumel.mx\/1\/?s={search_term_string}\"},\"query-input\":{\"@type\":\"PropertyValueSpecification\",\"valueRequired\":true,\"valueName\":\"search_term_string\"}}],\"inLanguage\":\"es\"},{\"@type\":\"Person\",\"@id\":\"https:\/\/noticozumel.mx\/1\/#\/schema\/person\/a3353279fd7f37e86677893e0510943b\",\"name\":\"Redacci\u00f3n\",\"image\":{\"@type\":\"ImageObject\",\"inLanguage\":\"es\",\"@id\":\"https:\/\/noticozumel.mx\/1\/#\/schema\/person\/image\/\",\"url\":\"https:\/\/secure.gravatar.com\/avatar\/92c1decdbf2b01a0b3a758c19f5bf7b7b7c7ad1ebf1b8f407a69813d9948f6d0?s=96&d=mm&r=g\",\"contentUrl\":\"https:\/\/secure.gravatar.com\/avatar\/92c1decdbf2b01a0b3a758c19f5bf7b7b7c7ad1ebf1b8f407a69813d9948f6d0?s=96&d=mm&r=g\",\"caption\":\"Redacci\u00f3n\"},\"url\":\"https:\/\/noticozumel.mx\/1\/author\/admin\/\"}]}<\/script>\n<!-- \/ Yoast SEO Premium plugin. -->","yoast_head_json":{"title":"Ren\u00e1n S\u00e1nchez Tajonar celebra el D\u00eda de la Ni\u00f1ez con m\u00e1s de 1,800 cozumele\u00f1os - NotiCozumel","robots":{"index":"index","follow":"follow","max-snippet":"max-snippet:-1","max-image-preview":"max-image-preview:large","max-video-preview":"max-video-preview:-1"},"canonical":"https:\/\/noticozumel.mx\/1\/renan-sanchez-tajonar-celebra-el-dia-de-la-ninez-con-mas-de-1800-cozumelenos\/","og_locale":"es_ES","og_type":"article","og_title":"Ren\u00e1n S\u00e1nchez Tajonar celebra el D\u00eda de la Ni\u00f1ez con m\u00e1s de 1,800 cozumele\u00f1os","og_description":"Cozumel, Quintana Roo, 24 de abril de 2026.- En un ambiente de fiesta, sonrisas y convivencia familiar, el diputado quintanarroense Ren\u00e1n S\u00e1nchez Tajonar encabez\u00f3 la celebraci\u00f3n del D\u00eda de la Ni\u00f1a y el Ni\u00f1o, donde m\u00e1s de mil 800 cozumele\u00f1os disfrutaron de actividades recreativas, juegos y momentos llenos de alegr\u00eda. Durante el evento, Ren\u00e1n S\u00e1nchez [&hellip;]","og_url":"https:\/\/noticozumel.mx\/1\/renan-sanchez-tajonar-celebra-el-dia-de-la-ninez-con-mas-de-1800-cozumelenos\/","og_site_name":"NotiCozumel","article_published_time":"2026-04-24T21:32:00+00:00","article_modified_time":"2026-04-25T12:36:57+00:00","og_image":[{"width":1598,"height":1066,"url":"https:\/\/noticozumel.mx\/1\/wp-content\/uploads\/2026\/04\/Renan-celebra-a-la-ninez-3.jpg","type":"image\/jpeg"}],"author":"Redacci\u00f3n","twitter_card":"summary_large_image","twitter_misc":{"Escrito por":"Redacci\u00f3n","Tiempo de lectura":"2 minutos"},"schema":{"@context":"https:\/\/schema.org","@graph":[{"@type":"WebPage","@id":"https:\/\/noticozumel.mx\/1\/renan-sanchez-tajonar-celebra-el-dia-de-la-ninez-con-mas-de-1800-cozumelenos\/","url":"https:\/\/noticozumel.mx\/1\/renan-sanchez-tajonar-celebra-el-dia-de-la-ninez-con-mas-de-1800-cozumelenos\/","name":"Ren\u00e1n S\u00e1nchez Tajonar celebra el D\u00eda de la Ni\u00f1ez con m\u00e1s de 1,800 cozumele\u00f1os - NotiCozumel","isPartOf":{"@id":"https:\/\/noticozumel.mx\/1\/#website"},"primaryImageOfPage":{"@id":"https:\/\/noticozumel.mx\/1\/renan-sanchez-tajonar-celebra-el-dia-de-la-ninez-con-mas-de-1800-cozumelenos\/#primaryimage"},"image":{"@id":"https:\/\/noticozumel.mx\/1\/renan-sanchez-tajonar-celebra-el-dia-de-la-ninez-con-mas-de-1800-cozumelenos\/#primaryimage"},"thumbnailUrl":"https:\/\/noticozumel.mx\/1\/wp-content\/uploads\/2026\/04\/Renan-celebra-a-la-ninez-3.jpg","datePublished":"2026-04-24T21:32:00+00:00","dateModified":"2026-04-25T12:36:57+00:00","author":{"@id":"https:\/\/noticozumel.mx\/1\/#\/schema\/person\/a3353279fd7f37e86677893e0510943b"},"breadcrumb":{"@id":"https:\/\/noticozumel.mx\/1\/renan-sanchez-tajonar-celebra-el-dia-de-la-ninez-con-mas-de-1800-cozumelenos\/#breadcrumb"},"inLanguage":"es","potentialAction":[{"@type":"ReadAction","target":["https:\/\/noticozumel.mx\/1\/renan-sanchez-tajonar-celebra-el-dia-de-la-ninez-con-mas-de-1800-cozumelenos\/"]}]},{"@type":"ImageObject","inLanguage":"es","@id":"https:\/\/noticozumel.mx\/1\/renan-sanchez-tajonar-celebra-el-dia-de-la-ninez-con-mas-de-1800-cozumelenos\/#primaryimage","url":"https:\/\/noticozumel.mx\/1\/wp-content\/uploads\/2026\/04\/Renan-celebra-a-la-ninez-3.jpg","contentUrl":"https:\/\/noticozumel.mx\/1\/wp-content\/uploads\/2026\/04\/Renan-celebra-a-la-ninez-3.jpg","width":1598,"height":1066},{"@type":"BreadcrumbList","@id":"https:\/\/noticozumel.mx\/1\/renan-sanchez-tajonar-celebra-el-dia-de-la-ninez-con-mas-de-1800-cozumelenos\/#breadcrumb","itemListElement":[{"@type":"ListItem","position":1,"name":"Portada","item":"https:\/\/noticozumel.mx\/1\/"},{"@type":"ListItem","position":2,"name":"Ren\u00e1n S\u00e1nchez Tajonar celebra el D\u00eda de la Ni\u00f1ez con m\u00e1s de 1,800 cozumele\u00f1os"}]},{"@type":"WebSite","@id":"https:\/\/noticozumel.mx\/1\/#website","url":"https:\/\/noticozumel.mx\/1\/","name":"NotiCozumel","description":"Las noticias al alcance de todos","potentialAction":[{"@type":"SearchAction","target":{"@type":"EntryPoint","urlTemplate":"https:\/\/noticozumel.mx\/1\/?s={search_term_string}"},"query-input":{"@type":"PropertyValueSpecification","valueRequired":true,"valueName":"search_term_string"}}],"inLanguage":"es"},{"@type":"Person","@id":"https:\/\/noticozumel.mx\/1\/#\/schema\/person\/a3353279fd7f37e86677893e0510943b","name":"Redacci\u00f3n","image":{"@type":"ImageObject","inLanguage":"es","@id":"https:\/\/noticozumel.mx\/1\/#\/schema\/person\/image\/","url":"https:\/\/secure.gravatar.com\/avatar\/92c1decdbf2b01a0b3a758c19f5bf7b7b7c7ad1ebf1b8f407a69813d9948f6d0?s=96&d=mm&r=g","contentUrl":"https:\/\/secure.gravatar.com\/avatar\/92c1decdbf2b01a0b3a758c19f5bf7b7b7c7ad1ebf1b8f407a69813d9948f6d0?s=96&d=mm&r=g","caption":"Redacci\u00f3n"},"url":"https:\/\/noticozumel.mx\/1\/author\/admin\/"}]}},"_links":{"self":[{"href":"https:\/\/noticozumel.mx\/1\/wp-json\/wp\/v2\/posts\/9866","targetHints":{"allow":["GET"]}}],"collection":[{"href":"https:\/\/noticozumel.mx\/1\/wp-json\/wp\/v2\/posts"}],"about":[{"href":"https:\/\/noticozumel.mx\/1\/wp-json\/wp\/v2\/types\/post"}],"author":[{"embeddable":true,"href":"https:\/\/noticozumel.mx\/1\/wp-json\/wp\/v2\/users\/1"}],"replies":[{"embeddable":true,"href":"https:\/\/noticozumel.mx\/1\/wp-json\/wp\/v2\/comments?post=9866"}],"version-history":[{"count":1,"href":"https:\/\/noticozumel.mx\/1\/wp-json\/wp\/v2\/posts\/9866\/revisions"}],"predecessor-version":[{"id":9871,"href":"https:\/\/noticozumel.mx\/1\/wp-json\/wp\/v2\/posts\/9866\/revisions\/9871"}],"wp:featuredmedia":[{"embeddable":true,"href":"https:\/\/noticozumel.mx\/1\/wp-json\/wp\/v2\/media\/9868"}],"wp:attachment":[{"href":"https:\/\/noticozumel.mx\/1\/wp-json\/wp\/v2\/media?parent=9866"}],"wp:term":[{"taxonomy":"category","embeddable":true,"href":"https:\/\/noticozumel.mx\/1\/wp-json\/wp\/v2\/categories?post=9866"},{"taxonomy":"post_tag","embeddable":true,"href":"https:\/\/noticozumel.mx\/1\/wp-json\/wp\/v2\/tags?post=9866"}],"curies":[{"name":"wp","href":"https:\/\/api.w.org\/{rel}","templated":true}]}}