{"id":9892,"date":"2026-04-24T18:57:00","date_gmt":"2026-04-24T23:57:00","guid":{"rendered":"https:\/\/noticozumel.mx\/1\/?p=9892"},"modified":"2026-04-27T00:41:50","modified_gmt":"2026-04-27T05:41:50","slug":"celebran-dia-del-nino-en-cdc-froylan-lopez-con-talleres-y-actividades-recreativas","status":"publish","type":"post","link":"https:\/\/noticozumel.mx\/1\/celebran-dia-del-nino-en-cdc-froylan-lopez-con-talleres-y-actividades-recreativas\/","title":{"rendered":"Celebran D\u00eda del Ni\u00f1o en CDC Froyl\u00e1n L\u00f3pez con talleres y actividades recreativas"},"content":{"rendered":"\n<p>Cozumel, Quintana Roo, 24 de abril de 2026.- En el marco de la celebraci\u00f3n del D\u00eda del Ni\u00f1o, el Gobierno Municipal llev\u00f3 a cabo un convivio para las y los alumnos que participan en los talleres de karate y computaci\u00f3n del Centro de Desarrollo Comunitario (CDC) Froyl\u00e1n L\u00f3pez, con el objetivo de fomentar la sana convivencia y reconocer el entusiasmo de la ni\u00f1ez cozumele\u00f1a.<\/p>\n\n\n\n<figure class=\"wp-block-image size-large\"><img loading=\"lazy\" decoding=\"async\" width=\"1024\" height=\"536\" src=\"https:\/\/noticozumel.mx\/1\/wp-content\/uploads\/2026\/04\/Dia-del-nino-CDC-Froylan-1-1024x536.jpg\" alt=\"\" class=\"wp-image-9897\" srcset=\"https:\/\/noticozumel.mx\/1\/wp-content\/uploads\/2026\/04\/Dia-del-nino-CDC-Froylan-1-1024x536.jpg 1024w, https:\/\/noticozumel.mx\/1\/wp-content\/uploads\/2026\/04\/Dia-del-nino-CDC-Froylan-1-300x157.jpg 300w, https:\/\/noticozumel.mx\/1\/wp-content\/uploads\/2026\/04\/Dia-del-nino-CDC-Froylan-1-768x402.jpg 768w, https:\/\/noticozumel.mx\/1\/wp-content\/uploads\/2026\/04\/Dia-del-nino-CDC-Froylan-1-803x420.jpg 803w, https:\/\/noticozumel.mx\/1\/wp-content\/uploads\/2026\/04\/Dia-del-nino-CDC-Froylan-1-150x78.jpg 150w, https:\/\/noticozumel.mx\/1\/wp-content\/uploads\/2026\/04\/Dia-del-nino-CDC-Froylan-1-696x364.jpg 696w, https:\/\/noticozumel.mx\/1\/wp-content\/uploads\/2026\/04\/Dia-del-nino-CDC-Froylan-1-1068x559.jpg 1068w, https:\/\/noticozumel.mx\/1\/wp-content\/uploads\/2026\/04\/Dia-del-nino-CDC-Froylan-1.jpg 1372w\" sizes=\"auto, (max-width: 1024px) 100vw, 1024px\" \/><\/figure>\n\n\n\n<p>La supervisora del CDC Froyl\u00e1n L\u00f3pez, Ana Rivera Catzim, destac\u00f3 que estas actividades fortalecen la integraci\u00f3n entre los estudiantes y promueven espacios de recreaci\u00f3n que complementan su formaci\u00f3n, al tiempo que se impulsa la participaci\u00f3n de las familias en las acciones comunitarias.<\/p>\n\n\n\n<figure class=\"wp-block-image size-large\"><img loading=\"lazy\" decoding=\"async\" width=\"1024\" height=\"768\" src=\"https:\/\/noticozumel.mx\/1\/wp-content\/uploads\/2026\/04\/Dia-del-nino-CDC-Froylan-2-1024x768.jpg\" alt=\"\" class=\"wp-image-9896\" srcset=\"https:\/\/noticozumel.mx\/1\/wp-content\/uploads\/2026\/04\/Dia-del-nino-CDC-Froylan-2-1024x768.jpg 1024w, https:\/\/noticozumel.mx\/1\/wp-content\/uploads\/2026\/04\/Dia-del-nino-CDC-Froylan-2-300x225.jpg 300w, https:\/\/noticozumel.mx\/1\/wp-content\/uploads\/2026\/04\/Dia-del-nino-CDC-Froylan-2-768x576.jpg 768w, https:\/\/noticozumel.mx\/1\/wp-content\/uploads\/2026\/04\/Dia-del-nino-CDC-Froylan-2-1536x1152.jpg 1536w, https:\/\/noticozumel.mx\/1\/wp-content\/uploads\/2026\/04\/Dia-del-nino-CDC-Froylan-2-560x420.jpg 560w, https:\/\/noticozumel.mx\/1\/wp-content\/uploads\/2026\/04\/Dia-del-nino-CDC-Froylan-2-80x60.jpg 80w, https:\/\/noticozumel.mx\/1\/wp-content\/uploads\/2026\/04\/Dia-del-nino-CDC-Froylan-2-150x113.jpg 150w, https:\/\/noticozumel.mx\/1\/wp-content\/uploads\/2026\/04\/Dia-del-nino-CDC-Froylan-2-696x522.jpg 696w, https:\/\/noticozumel.mx\/1\/wp-content\/uploads\/2026\/04\/Dia-del-nino-CDC-Froylan-2-1068x801.jpg 1068w, https:\/\/noticozumel.mx\/1\/wp-content\/uploads\/2026\/04\/Dia-del-nino-CDC-Froylan-2-265x198.jpg 265w, https:\/\/noticozumel.mx\/1\/wp-content\/uploads\/2026\/04\/Dia-del-nino-CDC-Froylan-2.jpg 1600w\" sizes=\"auto, (max-width: 1024px) 100vw, 1024px\" \/><\/figure>\n\n\n\n<p>Durante el festejo, las ni\u00f1as y los ni\u00f1os disfrutaron de juegos, din\u00e1micas recreativas y deliciosos platillos preparados para la ocasi\u00f3n, generando un ambiente de alegr\u00eda y convivencia.<\/p>\n\n\n\n<figure class=\"wp-block-image size-large\"><img loading=\"lazy\" decoding=\"async\" width=\"1024\" height=\"768\" src=\"https:\/\/noticozumel.mx\/1\/wp-content\/uploads\/2026\/04\/Dia-del-nino-CDC-Froylan-4-1024x768.jpg\" alt=\"\" class=\"wp-image-9894\" srcset=\"https:\/\/noticozumel.mx\/1\/wp-content\/uploads\/2026\/04\/Dia-del-nino-CDC-Froylan-4-1024x768.jpg 1024w, https:\/\/noticozumel.mx\/1\/wp-content\/uploads\/2026\/04\/Dia-del-nino-CDC-Froylan-4-300x225.jpg 300w, https:\/\/noticozumel.mx\/1\/wp-content\/uploads\/2026\/04\/Dia-del-nino-CDC-Froylan-4-768x576.jpg 768w, https:\/\/noticozumel.mx\/1\/wp-content\/uploads\/2026\/04\/Dia-del-nino-CDC-Froylan-4-1536x1152.jpg 1536w, https:\/\/noticozumel.mx\/1\/wp-content\/uploads\/2026\/04\/Dia-del-nino-CDC-Froylan-4-560x420.jpg 560w, https:\/\/noticozumel.mx\/1\/wp-content\/uploads\/2026\/04\/Dia-del-nino-CDC-Froylan-4-80x60.jpg 80w, https:\/\/noticozumel.mx\/1\/wp-content\/uploads\/2026\/04\/Dia-del-nino-CDC-Froylan-4-150x113.jpg 150w, https:\/\/noticozumel.mx\/1\/wp-content\/uploads\/2026\/04\/Dia-del-nino-CDC-Froylan-4-696x522.jpg 696w, https:\/\/noticozumel.mx\/1\/wp-content\/uploads\/2026\/04\/Dia-del-nino-CDC-Froylan-4-1068x801.jpg 1068w, https:\/\/noticozumel.mx\/1\/wp-content\/uploads\/2026\/04\/Dia-del-nino-CDC-Froylan-4-265x198.jpg 265w, https:\/\/noticozumel.mx\/1\/wp-content\/uploads\/2026\/04\/Dia-del-nino-CDC-Froylan-4.jpg 1600w\" sizes=\"auto, (max-width: 1024px) 100vw, 1024px\" \/><\/figure>\n\n\n\n<p>En representaci\u00f3n del presidente municipal, asisti\u00f3 el licenciado Magdiel Eduardo Can Santos, subsecretario general del H. Ayuntamiento, quien convivi\u00f3 con las y los participantes y reiter\u00f3 el compromiso del Gobierno Municipal de continuar impulsando actividades que promuevan el bienestar y desarrollo integral de la ni\u00f1ez de Cozumel.<\/p>\n\n\n\n<figure class=\"wp-block-image size-large\"><img loading=\"lazy\" decoding=\"async\" width=\"1024\" height=\"768\" src=\"https:\/\/noticozumel.mx\/1\/wp-content\/uploads\/2026\/04\/Dia-del-nino-CDC-Froylan-5-1024x768.jpg\" alt=\"\" class=\"wp-image-9893\" srcset=\"https:\/\/noticozumel.mx\/1\/wp-content\/uploads\/2026\/04\/Dia-del-nino-CDC-Froylan-5-1024x768.jpg 1024w, https:\/\/noticozumel.mx\/1\/wp-content\/uploads\/2026\/04\/Dia-del-nino-CDC-Froylan-5-300x225.jpg 300w, https:\/\/noticozumel.mx\/1\/wp-content\/uploads\/2026\/04\/Dia-del-nino-CDC-Froylan-5-768x576.jpg 768w, https:\/\/noticozumel.mx\/1\/wp-content\/uploads\/2026\/04\/Dia-del-nino-CDC-Froylan-5-1536x1152.jpg 1536w, https:\/\/noticozumel.mx\/1\/wp-content\/uploads\/2026\/04\/Dia-del-nino-CDC-Froylan-5-560x420.jpg 560w, https:\/\/noticozumel.mx\/1\/wp-content\/uploads\/2026\/04\/Dia-del-nino-CDC-Froylan-5-80x60.jpg 80w, https:\/\/noticozumel.mx\/1\/wp-content\/uploads\/2026\/04\/Dia-del-nino-CDC-Froylan-5-150x113.jpg 150w, https:\/\/noticozumel.mx\/1\/wp-content\/uploads\/2026\/04\/Dia-del-nino-CDC-Froylan-5-696x522.jpg 696w, https:\/\/noticozumel.mx\/1\/wp-content\/uploads\/2026\/04\/Dia-del-nino-CDC-Froylan-5-1068x801.jpg 1068w, https:\/\/noticozumel.mx\/1\/wp-content\/uploads\/2026\/04\/Dia-del-nino-CDC-Froylan-5-265x198.jpg 265w, https:\/\/noticozumel.mx\/1\/wp-content\/uploads\/2026\/04\/Dia-del-nino-CDC-Froylan-5.jpg 1600w\" sizes=\"auto, (max-width: 1024px) 100vw, 1024px\" \/><\/figure>\n","protected":false},"excerpt":{"rendered":"<p>Cozumel, Quintana Roo, 24 de abril de 2026.- En el marco de la celebraci\u00f3n del D\u00eda del Ni\u00f1o, el Gobierno Municipal llev\u00f3 a cabo un convivio para las y los alumnos que participan en los talleres de karate y computaci\u00f3n del Centro de Desarrollo Comunitario (CDC) Froyl\u00e1n L\u00f3pez, con el objetivo de fomentar la sana [&hellip;]<\/p>\n","protected":false},"author":1,"featured_media":9895,"comment_status":"open","ping_status":"closed","sticky":false,"template":"","format":"standard","meta":{"tdm_status":"","tdm_grid_status":"","footnotes":""},"categories":[1],"tags":[59,63,64,61,27,60,23,62],"class_list":{"0":"post-9892","1":"post","2":"type-post","3":"status-publish","4":"format-standard","5":"has-post-thumbnail","7":"category-cozumel","8":"tag-cozumel","9":"tag-isla-cozumel","10":"tag-jose-luis-chacon-mendez","11":"tag-noticias-de-cozumel","12":"tag-noticias-de-quintana-roo","13":"tag-noticozumel","14":"tag-quintana-roo","15":"tag-san-miguel-de-cozumel"},"yoast_head":"<!-- This site is optimized with the Yoast SEO Premium plugin v26.2 (Yoast SEO v26.2) - https:\/\/yoast.com\/wordpress\/plugins\/seo\/ -->\n<title>Celebran D\u00eda del Ni\u00f1o en CDC Froyl\u00e1n L\u00f3pez con talleres y actividades recreativas - NotiCozumel<\/title>\n<meta name=\"robots\" content=\"index, follow, max-snippet:-1, max-image-preview:large, max-video-preview:-1\" \/>\n<link rel=\"canonical\" href=\"https:\/\/noticozumel.mx\/1\/celebran-dia-del-nino-en-cdc-froylan-lopez-con-talleres-y-actividades-recreativas\/\" \/>\n<meta property=\"og:locale\" content=\"es_ES\" \/>\n<meta property=\"og:type\" content=\"article\" \/>\n<meta property=\"og:title\" content=\"Celebran D\u00eda del Ni\u00f1o en CDC Froyl\u00e1n L\u00f3pez con talleres y actividades recreativas\" \/>\n<meta property=\"og:description\" content=\"Cozumel, Quintana Roo, 24 de abril de 2026.- En el marco de la celebraci\u00f3n del D\u00eda del Ni\u00f1o, el Gobierno Municipal llev\u00f3 a cabo un convivio para las y los alumnos que participan en los talleres de karate y computaci\u00f3n del Centro de Desarrollo Comunitario (CDC) Froyl\u00e1n L\u00f3pez, con el objetivo de fomentar la sana [&hellip;]\" \/>\n<meta property=\"og:url\" content=\"https:\/\/noticozumel.mx\/1\/celebran-dia-del-nino-en-cdc-froylan-lopez-con-talleres-y-actividades-recreativas\/\" \/>\n<meta property=\"og:site_name\" content=\"NotiCozumel\" \/>\n<meta property=\"article:published_time\" content=\"2026-04-24T23:57:00+00:00\" \/>\n<meta property=\"article:modified_time\" content=\"2026-04-27T05:41:50+00:00\" \/>\n<meta property=\"og:image\" content=\"https:\/\/noticozumel.mx\/1\/wp-content\/uploads\/2026\/04\/Dia-del-nino-CDC-Froylan-3.jpg\" \/>\n\t<meta property=\"og:image:width\" content=\"1600\" \/>\n\t<meta property=\"og:image:height\" content=\"1200\" \/>\n\t<meta property=\"og:image:type\" content=\"image\/jpeg\" \/>\n<meta name=\"author\" content=\"Redacci\u00f3n\" \/>\n<meta name=\"twitter:card\" content=\"summary_large_image\" \/>\n<meta name=\"twitter:label1\" content=\"Escrito por\" \/>\n\t<meta name=\"twitter:data1\" content=\"Redacci\u00f3n\" \/>\n\t<meta name=\"twitter:label2\" content=\"Tiempo de lectura\" \/>\n\t<meta name=\"twitter:data2\" content=\"2 minutos\" \/>\n<script type=\"application\/ld+json\" class=\"yoast-schema-graph\">{\"@context\":\"https:\/\/schema.org\",\"@graph\":[{\"@type\":\"WebPage\",\"@id\":\"https:\/\/noticozumel.mx\/1\/celebran-dia-del-nino-en-cdc-froylan-lopez-con-talleres-y-actividades-recreativas\/\",\"url\":\"https:\/\/noticozumel.mx\/1\/celebran-dia-del-nino-en-cdc-froylan-lopez-con-talleres-y-actividades-recreativas\/\",\"name\":\"Celebran D\u00eda del Ni\u00f1o en CDC Froyl\u00e1n L\u00f3pez con talleres y actividades recreativas - NotiCozumel\",\"isPartOf\":{\"@id\":\"https:\/\/noticozumel.mx\/1\/#website\"},\"primaryImageOfPage\":{\"@id\":\"https:\/\/noticozumel.mx\/1\/celebran-dia-del-nino-en-cdc-froylan-lopez-con-talleres-y-actividades-recreativas\/#primaryimage\"},\"image\":{\"@id\":\"https:\/\/noticozumel.mx\/1\/celebran-dia-del-nino-en-cdc-froylan-lopez-con-talleres-y-actividades-recreativas\/#primaryimage\"},\"thumbnailUrl\":\"https:\/\/noticozumel.mx\/1\/wp-content\/uploads\/2026\/04\/Dia-del-nino-CDC-Froylan-3.jpg\",\"datePublished\":\"2026-04-24T23:57:00+00:00\",\"dateModified\":\"2026-04-27T05:41:50+00:00\",\"author\":{\"@id\":\"https:\/\/noticozumel.mx\/1\/#\/schema\/person\/a3353279fd7f37e86677893e0510943b\"},\"breadcrumb\":{\"@id\":\"https:\/\/noticozumel.mx\/1\/celebran-dia-del-nino-en-cdc-froylan-lopez-con-talleres-y-actividades-recreativas\/#breadcrumb\"},\"inLanguage\":\"es\",\"potentialAction\":[{\"@type\":\"ReadAction\",\"target\":[\"https:\/\/noticozumel.mx\/1\/celebran-dia-del-nino-en-cdc-froylan-lopez-con-talleres-y-actividades-recreativas\/\"]}]},{\"@type\":\"ImageObject\",\"inLanguage\":\"es\",\"@id\":\"https:\/\/noticozumel.mx\/1\/celebran-dia-del-nino-en-cdc-froylan-lopez-con-talleres-y-actividades-recreativas\/#primaryimage\",\"url\":\"https:\/\/noticozumel.mx\/1\/wp-content\/uploads\/2026\/04\/Dia-del-nino-CDC-Froylan-3.jpg\",\"contentUrl\":\"https:\/\/noticozumel.mx\/1\/wp-content\/uploads\/2026\/04\/Dia-del-nino-CDC-Froylan-3.jpg\",\"width\":1600,\"height\":1200},{\"@type\":\"BreadcrumbList\",\"@id\":\"https:\/\/noticozumel.mx\/1\/celebran-dia-del-nino-en-cdc-froylan-lopez-con-talleres-y-actividades-recreativas\/#breadcrumb\",\"itemListElement\":[{\"@type\":\"ListItem\",\"position\":1,\"name\":\"Portada\",\"item\":\"https:\/\/noticozumel.mx\/1\/\"},{\"@type\":\"ListItem\",\"position\":2,\"name\":\"Celebran D\u00eda del Ni\u00f1o en CDC Froyl\u00e1n L\u00f3pez con talleres y actividades recreativas\"}]},{\"@type\":\"WebSite\",\"@id\":\"https:\/\/noticozumel.mx\/1\/#website\",\"url\":\"https:\/\/noticozumel.mx\/1\/\",\"name\":\"NotiCozumel\",\"description\":\"Las noticias al alcance de todos\",\"potentialAction\":[{\"@type\":\"SearchAction\",\"target\":{\"@type\":\"EntryPoint\",\"urlTemplate\":\"https:\/\/noticozumel.mx\/1\/?s={search_term_string}\"},\"query-input\":{\"@type\":\"PropertyValueSpecification\",\"valueRequired\":true,\"valueName\":\"search_term_string\"}}],\"inLanguage\":\"es\"},{\"@type\":\"Person\",\"@id\":\"https:\/\/noticozumel.mx\/1\/#\/schema\/person\/a3353279fd7f37e86677893e0510943b\",\"name\":\"Redacci\u00f3n\",\"image\":{\"@type\":\"ImageObject\",\"inLanguage\":\"es\",\"@id\":\"https:\/\/noticozumel.mx\/1\/#\/schema\/person\/image\/\",\"url\":\"https:\/\/secure.gravatar.com\/avatar\/92c1decdbf2b01a0b3a758c19f5bf7b7b7c7ad1ebf1b8f407a69813d9948f6d0?s=96&d=mm&r=g\",\"contentUrl\":\"https:\/\/secure.gravatar.com\/avatar\/92c1decdbf2b01a0b3a758c19f5bf7b7b7c7ad1ebf1b8f407a69813d9948f6d0?s=96&d=mm&r=g\",\"caption\":\"Redacci\u00f3n\"},\"url\":\"https:\/\/noticozumel.mx\/1\/author\/admin\/\"}]}<\/script>\n<!-- \/ Yoast SEO Premium plugin. -->","yoast_head_json":{"title":"Celebran D\u00eda del Ni\u00f1o en CDC Froyl\u00e1n L\u00f3pez con talleres y actividades recreativas - NotiCozumel","robots":{"index":"index","follow":"follow","max-snippet":"max-snippet:-1","max-image-preview":"max-image-preview:large","max-video-preview":"max-video-preview:-1"},"canonical":"https:\/\/noticozumel.mx\/1\/celebran-dia-del-nino-en-cdc-froylan-lopez-con-talleres-y-actividades-recreativas\/","og_locale":"es_ES","og_type":"article","og_title":"Celebran D\u00eda del Ni\u00f1o en CDC Froyl\u00e1n L\u00f3pez con talleres y actividades recreativas","og_description":"Cozumel, Quintana Roo, 24 de abril de 2026.- En el marco de la celebraci\u00f3n del D\u00eda del Ni\u00f1o, el Gobierno Municipal llev\u00f3 a cabo un convivio para las y los alumnos que participan en los talleres de karate y computaci\u00f3n del Centro de Desarrollo Comunitario (CDC) Froyl\u00e1n L\u00f3pez, con el objetivo de fomentar la sana [&hellip;]","og_url":"https:\/\/noticozumel.mx\/1\/celebran-dia-del-nino-en-cdc-froylan-lopez-con-talleres-y-actividades-recreativas\/","og_site_name":"NotiCozumel","article_published_time":"2026-04-24T23:57:00+00:00","article_modified_time":"2026-04-27T05:41:50+00:00","og_image":[{"width":1600,"height":1200,"url":"https:\/\/noticozumel.mx\/1\/wp-content\/uploads\/2026\/04\/Dia-del-nino-CDC-Froylan-3.jpg","type":"image\/jpeg"}],"author":"Redacci\u00f3n","twitter_card":"summary_large_image","twitter_misc":{"Escrito por":"Redacci\u00f3n","Tiempo de lectura":"2 minutos"},"schema":{"@context":"https:\/\/schema.org","@graph":[{"@type":"WebPage","@id":"https:\/\/noticozumel.mx\/1\/celebran-dia-del-nino-en-cdc-froylan-lopez-con-talleres-y-actividades-recreativas\/","url":"https:\/\/noticozumel.mx\/1\/celebran-dia-del-nino-en-cdc-froylan-lopez-con-talleres-y-actividades-recreativas\/","name":"Celebran D\u00eda del Ni\u00f1o en CDC Froyl\u00e1n L\u00f3pez con talleres y actividades recreativas - NotiCozumel","isPartOf":{"@id":"https:\/\/noticozumel.mx\/1\/#website"},"primaryImageOfPage":{"@id":"https:\/\/noticozumel.mx\/1\/celebran-dia-del-nino-en-cdc-froylan-lopez-con-talleres-y-actividades-recreativas\/#primaryimage"},"image":{"@id":"https:\/\/noticozumel.mx\/1\/celebran-dia-del-nino-en-cdc-froylan-lopez-con-talleres-y-actividades-recreativas\/#primaryimage"},"thumbnailUrl":"https:\/\/noticozumel.mx\/1\/wp-content\/uploads\/2026\/04\/Dia-del-nino-CDC-Froylan-3.jpg","datePublished":"2026-04-24T23:57:00+00:00","dateModified":"2026-04-27T05:41:50+00:00","author":{"@id":"https:\/\/noticozumel.mx\/1\/#\/schema\/person\/a3353279fd7f37e86677893e0510943b"},"breadcrumb":{"@id":"https:\/\/noticozumel.mx\/1\/celebran-dia-del-nino-en-cdc-froylan-lopez-con-talleres-y-actividades-recreativas\/#breadcrumb"},"inLanguage":"es","potentialAction":[{"@type":"ReadAction","target":["https:\/\/noticozumel.mx\/1\/celebran-dia-del-nino-en-cdc-froylan-lopez-con-talleres-y-actividades-recreativas\/"]}]},{"@type":"ImageObject","inLanguage":"es","@id":"https:\/\/noticozumel.mx\/1\/celebran-dia-del-nino-en-cdc-froylan-lopez-con-talleres-y-actividades-recreativas\/#primaryimage","url":"https:\/\/noticozumel.mx\/1\/wp-content\/uploads\/2026\/04\/Dia-del-nino-CDC-Froylan-3.jpg","contentUrl":"https:\/\/noticozumel.mx\/1\/wp-content\/uploads\/2026\/04\/Dia-del-nino-CDC-Froylan-3.jpg","width":1600,"height":1200},{"@type":"BreadcrumbList","@id":"https:\/\/noticozumel.mx\/1\/celebran-dia-del-nino-en-cdc-froylan-lopez-con-talleres-y-actividades-recreativas\/#breadcrumb","itemListElement":[{"@type":"ListItem","position":1,"name":"Portada","item":"https:\/\/noticozumel.mx\/1\/"},{"@type":"ListItem","position":2,"name":"Celebran D\u00eda del Ni\u00f1o en CDC Froyl\u00e1n L\u00f3pez con talleres y actividades recreativas"}]},{"@type":"WebSite","@id":"https:\/\/noticozumel.mx\/1\/#website","url":"https:\/\/noticozumel.mx\/1\/","name":"NotiCozumel","description":"Las noticias al alcance de todos","potentialAction":[{"@type":"SearchAction","target":{"@type":"EntryPoint","urlTemplate":"https:\/\/noticozumel.mx\/1\/?s={search_term_string}"},"query-input":{"@type":"PropertyValueSpecification","valueRequired":true,"valueName":"search_term_string"}}],"inLanguage":"es"},{"@type":"Person","@id":"https:\/\/noticozumel.mx\/1\/#\/schema\/person\/a3353279fd7f37e86677893e0510943b","name":"Redacci\u00f3n","image":{"@type":"ImageObject","inLanguage":"es","@id":"https:\/\/noticozumel.mx\/1\/#\/schema\/person\/image\/","url":"https:\/\/secure.gravatar.com\/avatar\/92c1decdbf2b01a0b3a758c19f5bf7b7b7c7ad1ebf1b8f407a69813d9948f6d0?s=96&d=mm&r=g","contentUrl":"https:\/\/secure.gravatar.com\/avatar\/92c1decdbf2b01a0b3a758c19f5bf7b7b7c7ad1ebf1b8f407a69813d9948f6d0?s=96&d=mm&r=g","caption":"Redacci\u00f3n"},"url":"https:\/\/noticozumel.mx\/1\/author\/admin\/"}]}},"_links":{"self":[{"href":"https:\/\/noticozumel.mx\/1\/wp-json\/wp\/v2\/posts\/9892","targetHints":{"allow":["GET"]}}],"collection":[{"href":"https:\/\/noticozumel.mx\/1\/wp-json\/wp\/v2\/posts"}],"about":[{"href":"https:\/\/noticozumel.mx\/1\/wp-json\/wp\/v2\/types\/post"}],"author":[{"embeddable":true,"href":"https:\/\/noticozumel.mx\/1\/wp-json\/wp\/v2\/users\/1"}],"replies":[{"embeddable":true,"href":"https:\/\/noticozumel.mx\/1\/wp-json\/wp\/v2\/comments?post=9892"}],"version-history":[{"count":1,"href":"https:\/\/noticozumel.mx\/1\/wp-json\/wp\/v2\/posts\/9892\/revisions"}],"predecessor-version":[{"id":9898,"href":"https:\/\/noticozumel.mx\/1\/wp-json\/wp\/v2\/posts\/9892\/revisions\/9898"}],"wp:featuredmedia":[{"embeddable":true,"href":"https:\/\/noticozumel.mx\/1\/wp-json\/wp\/v2\/media\/9895"}],"wp:attachment":[{"href":"https:\/\/noticozumel.mx\/1\/wp-json\/wp\/v2\/media?parent=9892"}],"wp:term":[{"taxonomy":"category","embeddable":true,"href":"https:\/\/noticozumel.mx\/1\/wp-json\/wp\/v2\/categories?post=9892"},{"taxonomy":"post_tag","embeddable":true,"href":"https:\/\/noticozumel.mx\/1\/wp-json\/wp\/v2\/tags?post=9892"}],"curies":[{"name":"wp","href":"https:\/\/api.w.org\/{rel}","templated":true}]}}