{"id":9904,"date":"2026-04-27T17:47:00","date_gmt":"2026-04-27T22:47:00","guid":{"rendered":"https:\/\/noticozumel.mx\/1\/?p=9904"},"modified":"2026-04-28T08:52:57","modified_gmt":"2026-04-28T13:52:57","slug":"sesa-quintana-roo-impulsa-prevencion-de-quemaduras-en-menores-con-enfoque-especializado","status":"publish","type":"post","link":"https:\/\/noticozumel.mx\/1\/sesa-quintana-roo-impulsa-prevencion-de-quemaduras-en-menores-con-enfoque-especializado\/","title":{"rendered":"SESA Quintana Roo impulsa prevenci\u00f3n de quemaduras en menores con enfoque especializado"},"content":{"rendered":"\n<p>Canc\u00fan, Quintana Roo, 27 de abril de 2026.- En Quintana Roo, bajo el liderazgo de la gobernadora Mara Lezama Espinosa, la prevenci\u00f3n y atenci\u00f3n de quemaduras en personas, es una prioridad que se ha consolidado mediante un trabajo coordinado entre la Secretar\u00eda de Salud del estado e instituciones como el IMSS Bienestar para fortalecer la respuesta ante casos cr\u00edticos, incluyendo la gesti\u00f3n de traslados a\u00e9reos desde el estado a unidades de alta especialidad en otros estados.<\/p>\n\n\n\n<figure class=\"wp-block-image size-large\"><img loading=\"lazy\" decoding=\"async\" width=\"1024\" height=\"769\" src=\"https:\/\/noticozumel.mx\/1\/wp-content\/uploads\/2026\/04\/SESA-prevencion-quemaduras-4-1024x769.jpg\" alt=\"\" class=\"wp-image-9907\" srcset=\"https:\/\/noticozumel.mx\/1\/wp-content\/uploads\/2026\/04\/SESA-prevencion-quemaduras-4-1024x769.jpg 1024w, https:\/\/noticozumel.mx\/1\/wp-content\/uploads\/2026\/04\/SESA-prevencion-quemaduras-4-300x225.jpg 300w, https:\/\/noticozumel.mx\/1\/wp-content\/uploads\/2026\/04\/SESA-prevencion-quemaduras-4-768x577.jpg 768w, https:\/\/noticozumel.mx\/1\/wp-content\/uploads\/2026\/04\/SESA-prevencion-quemaduras-4-559x420.jpg 559w, https:\/\/noticozumel.mx\/1\/wp-content\/uploads\/2026\/04\/SESA-prevencion-quemaduras-4-80x60.jpg 80w, https:\/\/noticozumel.mx\/1\/wp-content\/uploads\/2026\/04\/SESA-prevencion-quemaduras-4-150x113.jpg 150w, https:\/\/noticozumel.mx\/1\/wp-content\/uploads\/2026\/04\/SESA-prevencion-quemaduras-4-696x523.jpg 696w, https:\/\/noticozumel.mx\/1\/wp-content\/uploads\/2026\/04\/SESA-prevencion-quemaduras-4-1068x802.jpg 1068w, https:\/\/noticozumel.mx\/1\/wp-content\/uploads\/2026\/04\/SESA-prevencion-quemaduras-4-265x198.jpg 265w, https:\/\/noticozumel.mx\/1\/wp-content\/uploads\/2026\/04\/SESA-prevencion-quemaduras-4.jpg 1280w\" sizes=\"auto, (max-width: 1024px) 100vw, 1024px\" \/><\/figure>\n\n\n\n<p>Al respecto, se realiz\u00f3 el Coloquio en Conmemoraci\u00f3n del D\u00eda Mundial para la Prevenci\u00f3n de Quemaduras en Ni\u00f1as, Ni\u00f1os y Adolescentes, en el auditorio del Hospital General \u201cDr. Jes\u00fas Kumate Rodr\u00edguez\u201d, con la participaci\u00f3n de especialistas, personal m\u00e9dico y estudiantes, en un espacio de di\u00e1logo orientado a compartir conocimientos, experiencias y estrategias para salvar m\u00e1s vidas.<\/p>\n\n\n\n<p>En representaci\u00f3n de la gobernadora, el secretario de Salud, Flavio Carlos Rosado, destac\u00f3 que en Quintana Roo se trabaja de manera permanente para consolidar una cultura de prevenci\u00f3n que inicie desde el hogar, se fortalezca en las escuelas y se respalde con pol\u00edticas p\u00fablicas efectivas.<\/p>\n\n\n\n<figure class=\"wp-block-image size-large\"><img loading=\"lazy\" decoding=\"async\" width=\"1024\" height=\"769\" src=\"https:\/\/noticozumel.mx\/1\/wp-content\/uploads\/2026\/04\/SESA-prevencion-quemaduras-5-1024x769.jpg\" alt=\"\" class=\"wp-image-9906\" srcset=\"https:\/\/noticozumel.mx\/1\/wp-content\/uploads\/2026\/04\/SESA-prevencion-quemaduras-5-1024x769.jpg 1024w, https:\/\/noticozumel.mx\/1\/wp-content\/uploads\/2026\/04\/SESA-prevencion-quemaduras-5-300x225.jpg 300w, https:\/\/noticozumel.mx\/1\/wp-content\/uploads\/2026\/04\/SESA-prevencion-quemaduras-5-768x577.jpg 768w, https:\/\/noticozumel.mx\/1\/wp-content\/uploads\/2026\/04\/SESA-prevencion-quemaduras-5-559x420.jpg 559w, https:\/\/noticozumel.mx\/1\/wp-content\/uploads\/2026\/04\/SESA-prevencion-quemaduras-5-80x60.jpg 80w, https:\/\/noticozumel.mx\/1\/wp-content\/uploads\/2026\/04\/SESA-prevencion-quemaduras-5-150x113.jpg 150w, https:\/\/noticozumel.mx\/1\/wp-content\/uploads\/2026\/04\/SESA-prevencion-quemaduras-5-696x523.jpg 696w, https:\/\/noticozumel.mx\/1\/wp-content\/uploads\/2026\/04\/SESA-prevencion-quemaduras-5-1068x802.jpg 1068w, https:\/\/noticozumel.mx\/1\/wp-content\/uploads\/2026\/04\/SESA-prevencion-quemaduras-5-265x198.jpg 265w, https:\/\/noticozumel.mx\/1\/wp-content\/uploads\/2026\/04\/SESA-prevencion-quemaduras-5.jpg 1280w\" sizes=\"auto, (max-width: 1024px) 100vw, 1024px\" \/><\/figure>\n\n\n\n<p>Adem\u00e1s, agreg\u00f3, a espaldas de este hospital se construir\u00e1 un proyecto estrat\u00e9gico que fortalecer\u00e1 la atenci\u00f3n m\u00e9dica de alta complejidad para que quienes no cuenten con seguridad social reciban atenci\u00f3n oportuna y de calidad sin salir de Quintana Roo.<\/p>\n\n\n\n<p>Refiri\u00f3 que este proyecto incluye m\u00e1s de 30 especialidades, entre ellas, atenci\u00f3n especializada para personas con quemaduras. Con estas gestiones, para fortalecer la infraestructura en salud, que encabeza la gobernadora Mara Lezama se busca garantizar que las y los pacientes con quemaduras graves reciban atenci\u00f3n oportuna, especializada y digna, incrementando significativamente sus posibilidades de recuperaci\u00f3n y calidad de vida.<\/p>\n\n\n\n<figure class=\"wp-block-image size-large\"><img loading=\"lazy\" decoding=\"async\" width=\"1024\" height=\"768\" src=\"https:\/\/noticozumel.mx\/1\/wp-content\/uploads\/2026\/04\/SESA-prevencion-quemaduras-6-1024x768.jpg\" alt=\"\" class=\"wp-image-9905\" srcset=\"https:\/\/noticozumel.mx\/1\/wp-content\/uploads\/2026\/04\/SESA-prevencion-quemaduras-6-1024x768.jpg 1024w, https:\/\/noticozumel.mx\/1\/wp-content\/uploads\/2026\/04\/SESA-prevencion-quemaduras-6-300x225.jpg 300w, https:\/\/noticozumel.mx\/1\/wp-content\/uploads\/2026\/04\/SESA-prevencion-quemaduras-6-768x576.jpg 768w, https:\/\/noticozumel.mx\/1\/wp-content\/uploads\/2026\/04\/SESA-prevencion-quemaduras-6-560x420.jpg 560w, https:\/\/noticozumel.mx\/1\/wp-content\/uploads\/2026\/04\/SESA-prevencion-quemaduras-6-80x60.jpg 80w, https:\/\/noticozumel.mx\/1\/wp-content\/uploads\/2026\/04\/SESA-prevencion-quemaduras-6-150x112.jpg 150w, https:\/\/noticozumel.mx\/1\/wp-content\/uploads\/2026\/04\/SESA-prevencion-quemaduras-6-696x522.jpg 696w, https:\/\/noticozumel.mx\/1\/wp-content\/uploads\/2026\/04\/SESA-prevencion-quemaduras-6-1068x801.jpg 1068w, https:\/\/noticozumel.mx\/1\/wp-content\/uploads\/2026\/04\/SESA-prevencion-quemaduras-6-265x198.jpg 265w, https:\/\/noticozumel.mx\/1\/wp-content\/uploads\/2026\/04\/SESA-prevencion-quemaduras-6.jpg 1279w\" sizes=\"auto, (max-width: 1024px) 100vw, 1024px\" \/><\/figure>\n\n\n\n<p>\u00abEste esfuerzo refleja la nueva forma de gobernar, donde las instituciones trabajamos de manera cercana, eficiente y con sensibilidad, con la clara convicci\u00f3n de salvar vidas\u00bb, puntualiz\u00f3.<\/p>\n\n\n\n<p>Durante el coloquio se abordaron temas de alta especialidad, como \u201cAbordaje m\u00e9dico-quir\u00fargico en pacientes con quemaduras\u201d, impartido por el Dr. Pablo Rodr\u00edguez Ferreyra, m\u00e9dico cirujano con m\u00e1s de tres d\u00e9cadas de experiencia y liderazgo nacional en el tratamiento de pacientes quemados, as\u00ed como ponente y conferencista en foros de alta especialidad en el manejo de pacientes con quemaduras y heridas complejas.<\/p>\n\n\n\n<figure class=\"wp-block-image size-large\"><img loading=\"lazy\" decoding=\"async\" width=\"1024\" height=\"769\" src=\"https:\/\/noticozumel.mx\/1\/wp-content\/uploads\/2026\/04\/SESA-prevencion-quemaduras-2-1024x769.jpg\" alt=\"\" class=\"wp-image-9909\" srcset=\"https:\/\/noticozumel.mx\/1\/wp-content\/uploads\/2026\/04\/SESA-prevencion-quemaduras-2-1024x769.jpg 1024w, https:\/\/noticozumel.mx\/1\/wp-content\/uploads\/2026\/04\/SESA-prevencion-quemaduras-2-300x225.jpg 300w, https:\/\/noticozumel.mx\/1\/wp-content\/uploads\/2026\/04\/SESA-prevencion-quemaduras-2-768x577.jpg 768w, https:\/\/noticozumel.mx\/1\/wp-content\/uploads\/2026\/04\/SESA-prevencion-quemaduras-2-559x420.jpg 559w, https:\/\/noticozumel.mx\/1\/wp-content\/uploads\/2026\/04\/SESA-prevencion-quemaduras-2-80x60.jpg 80w, https:\/\/noticozumel.mx\/1\/wp-content\/uploads\/2026\/04\/SESA-prevencion-quemaduras-2-150x113.jpg 150w, https:\/\/noticozumel.mx\/1\/wp-content\/uploads\/2026\/04\/SESA-prevencion-quemaduras-2-696x523.jpg 696w, https:\/\/noticozumel.mx\/1\/wp-content\/uploads\/2026\/04\/SESA-prevencion-quemaduras-2-1068x802.jpg 1068w, https:\/\/noticozumel.mx\/1\/wp-content\/uploads\/2026\/04\/SESA-prevencion-quemaduras-2-265x198.jpg 265w, https:\/\/noticozumel.mx\/1\/wp-content\/uploads\/2026\/04\/SESA-prevencion-quemaduras-2.jpg 1280w\" sizes=\"auto, (max-width: 1024px) 100vw, 1024px\" \/><\/figure>\n\n\n\n<p>As\u00ed como la ponencia \u201cPrevenci\u00f3n de quemaduras desde la atenci\u00f3n centrada en la persona y la familia\u201d, a cargo de la Dra. Mar\u00eda Chac\u00f3n G\u00f3mez, jefa de la Divisi\u00f3n de Terapia Intensiva y Medicina Cr\u00edtica del Centro Nacional de Investigaci\u00f3n de Atenci\u00f3n del Paciente Quemado del Instituto Nacional de Rehabilitaci\u00f3n (CENIAQ), quien a su vez, es coordinadora, profesional y titular de cursos, congresos y simposios nacionales e internacionales en temas como paciente cr\u00edtico quemado, paciente cr\u00edtico pedi\u00e1trico, medicina del dolor y cuidados paliativos, entre otros.<\/p>\n\n\n\n<p>Ambas participaciones permitieron fortalecer las capacidades del personal de salud en el estado y sensibilizar sobre la importancia de anticiparse a los riesgos, promover entornos seguros y actuar de manera oportuna ante emergencias, alineados al compromiso de garantizar atenci\u00f3n digna, especializada y de calidad.<\/p>\n\n\n\n<figure class=\"wp-block-image size-large\"><img loading=\"lazy\" decoding=\"async\" width=\"1024\" height=\"768\" src=\"https:\/\/noticozumel.mx\/1\/wp-content\/uploads\/2026\/04\/SESA-prevencion-quemaduras-3-1024x768.jpg\" alt=\"\" class=\"wp-image-9908\" srcset=\"https:\/\/noticozumel.mx\/1\/wp-content\/uploads\/2026\/04\/SESA-prevencion-quemaduras-3-1024x768.jpg 1024w, https:\/\/noticozumel.mx\/1\/wp-content\/uploads\/2026\/04\/SESA-prevencion-quemaduras-3-300x225.jpg 300w, https:\/\/noticozumel.mx\/1\/wp-content\/uploads\/2026\/04\/SESA-prevencion-quemaduras-3-768x576.jpg 768w, https:\/\/noticozumel.mx\/1\/wp-content\/uploads\/2026\/04\/SESA-prevencion-quemaduras-3-560x420.jpg 560w, https:\/\/noticozumel.mx\/1\/wp-content\/uploads\/2026\/04\/SESA-prevencion-quemaduras-3-80x60.jpg 80w, https:\/\/noticozumel.mx\/1\/wp-content\/uploads\/2026\/04\/SESA-prevencion-quemaduras-3-150x112.jpg 150w, https:\/\/noticozumel.mx\/1\/wp-content\/uploads\/2026\/04\/SESA-prevencion-quemaduras-3-696x522.jpg 696w, https:\/\/noticozumel.mx\/1\/wp-content\/uploads\/2026\/04\/SESA-prevencion-quemaduras-3-1068x801.jpg 1068w, https:\/\/noticozumel.mx\/1\/wp-content\/uploads\/2026\/04\/SESA-prevencion-quemaduras-3-265x198.jpg 265w, https:\/\/noticozumel.mx\/1\/wp-content\/uploads\/2026\/04\/SESA-prevencion-quemaduras-3.jpg 1158w\" sizes=\"auto, (max-width: 1024px) 100vw, 1024px\" \/><\/figure>\n\n\n\n<p>Estas acciones forman parte del Nuevo Acuerdo por el Bienestar y Desarrollo de Quintana Roo que promueve la gobernadora Mara Lezama, que prioriza la salud como eje fundamental para reducir brechas y garantizar justicia social, colocando en el centro a las personas y sus familias.<\/p>\n\n\n\n<p>A este evento asistieron el doctor Mois\u00e9s Toledo Pensamiento, coordinador estatal del IMSS Bienestar; el Dr. Miguel \u00c1ngel Garc\u00eda Albar\u00e1n, director del Hospital General \u201cJes\u00fas Kumate Rodr\u00edguez\u201d; Luis Alberto Tun, subsecretario de Educaci\u00f3n; as\u00ed como personal de la Secretar\u00eda de Marina, Guardia Nacional, Cruz Roja, IMSS Bienestar, IMSS, ISSSTE y estudiantes de medicina de diversas universidades<\/p>\n","protected":false},"excerpt":{"rendered":"<p>Canc\u00fan, Quintana Roo, 27 de abril de 2026.- En Quintana Roo, bajo el liderazgo de la gobernadora Mara Lezama Espinosa, la prevenci\u00f3n y atenci\u00f3n de quemaduras en personas, es una prioridad que se ha consolidado mediante un trabajo coordinado entre la Secretar\u00eda de Salud del estado e instituciones como el IMSS Bienestar para fortalecer la [&hellip;]<\/p>\n","protected":false},"author":1,"featured_media":9910,"comment_status":"open","ping_status":"closed","sticky":false,"template":"","format":"standard","meta":{"tdm_status":"","tdm_grid_status":"","footnotes":""},"categories":[47,31],"tags":[22,21,27,60,23,105,477],"class_list":{"0":"post-9904","1":"post","2":"type-post","3":"status-publish","4":"format-standard","5":"has-post-thumbnail","7":"category-benito-juarez","8":"category-salud","9":"tag-benito-juarez","10":"tag-cancun","11":"tag-noticias-de-quintana-roo","12":"tag-noticozumel","13":"tag-quintana-roo","14":"tag-salud","15":"tag-sesa"},"yoast_head":"<!-- This site is optimized with the Yoast SEO Premium plugin v26.2 (Yoast SEO v26.2) - https:\/\/yoast.com\/wordpress\/plugins\/seo\/ -->\n<title>SESA Quintana Roo impulsa prevenci\u00f3n de quemaduras en menores con enfoque especializado - NotiCozumel<\/title>\n<meta name=\"robots\" content=\"index, follow, max-snippet:-1, max-image-preview:large, max-video-preview:-1\" \/>\n<link rel=\"canonical\" href=\"https:\/\/noticozumel.mx\/1\/sesa-quintana-roo-impulsa-prevencion-de-quemaduras-en-menores-con-enfoque-especializado\/\" \/>\n<meta property=\"og:locale\" content=\"es_ES\" \/>\n<meta property=\"og:type\" content=\"article\" \/>\n<meta property=\"og:title\" content=\"SESA Quintana Roo impulsa prevenci\u00f3n de quemaduras en menores con enfoque especializado\" \/>\n<meta property=\"og:description\" content=\"Canc\u00fan, Quintana Roo, 27 de abril de 2026.- En Quintana Roo, bajo el liderazgo de la gobernadora Mara Lezama Espinosa, la prevenci\u00f3n y atenci\u00f3n de quemaduras en personas, es una prioridad que se ha consolidado mediante un trabajo coordinado entre la Secretar\u00eda de Salud del estado e instituciones como el IMSS Bienestar para fortalecer la [&hellip;]\" \/>\n<meta property=\"og:url\" content=\"https:\/\/noticozumel.mx\/1\/sesa-quintana-roo-impulsa-prevencion-de-quemaduras-en-menores-con-enfoque-especializado\/\" \/>\n<meta property=\"og:site_name\" content=\"NotiCozumel\" \/>\n<meta property=\"article:published_time\" content=\"2026-04-27T22:47:00+00:00\" \/>\n<meta property=\"article:modified_time\" content=\"2026-04-28T13:52:57+00:00\" \/>\n<meta property=\"og:image\" content=\"https:\/\/noticozumel.mx\/1\/wp-content\/uploads\/2026\/04\/SESA-prevencion-quemaduras-1.jpg\" \/>\n\t<meta property=\"og:image:width\" content=\"1103\" \/>\n\t<meta property=\"og:image:height\" content=\"828\" \/>\n\t<meta property=\"og:image:type\" content=\"image\/jpeg\" \/>\n<meta name=\"author\" content=\"Redacci\u00f3n\" \/>\n<meta name=\"twitter:card\" content=\"summary_large_image\" \/>\n<meta name=\"twitter:label1\" content=\"Escrito por\" \/>\n\t<meta name=\"twitter:data1\" content=\"Redacci\u00f3n\" \/>\n\t<meta name=\"twitter:label2\" content=\"Tiempo de lectura\" \/>\n\t<meta name=\"twitter:data2\" content=\"4 minutos\" \/>\n<script type=\"application\/ld+json\" class=\"yoast-schema-graph\">{\"@context\":\"https:\/\/schema.org\",\"@graph\":[{\"@type\":\"WebPage\",\"@id\":\"https:\/\/noticozumel.mx\/1\/sesa-quintana-roo-impulsa-prevencion-de-quemaduras-en-menores-con-enfoque-especializado\/\",\"url\":\"https:\/\/noticozumel.mx\/1\/sesa-quintana-roo-impulsa-prevencion-de-quemaduras-en-menores-con-enfoque-especializado\/\",\"name\":\"SESA Quintana Roo impulsa prevenci\u00f3n de quemaduras en menores con enfoque especializado - NotiCozumel\",\"isPartOf\":{\"@id\":\"https:\/\/noticozumel.mx\/1\/#website\"},\"primaryImageOfPage\":{\"@id\":\"https:\/\/noticozumel.mx\/1\/sesa-quintana-roo-impulsa-prevencion-de-quemaduras-en-menores-con-enfoque-especializado\/#primaryimage\"},\"image\":{\"@id\":\"https:\/\/noticozumel.mx\/1\/sesa-quintana-roo-impulsa-prevencion-de-quemaduras-en-menores-con-enfoque-especializado\/#primaryimage\"},\"thumbnailUrl\":\"https:\/\/noticozumel.mx\/1\/wp-content\/uploads\/2026\/04\/SESA-prevencion-quemaduras-1.jpg\",\"datePublished\":\"2026-04-27T22:47:00+00:00\",\"dateModified\":\"2026-04-28T13:52:57+00:00\",\"author\":{\"@id\":\"https:\/\/noticozumel.mx\/1\/#\/schema\/person\/a3353279fd7f37e86677893e0510943b\"},\"breadcrumb\":{\"@id\":\"https:\/\/noticozumel.mx\/1\/sesa-quintana-roo-impulsa-prevencion-de-quemaduras-en-menores-con-enfoque-especializado\/#breadcrumb\"},\"inLanguage\":\"es\",\"potentialAction\":[{\"@type\":\"ReadAction\",\"target\":[\"https:\/\/noticozumel.mx\/1\/sesa-quintana-roo-impulsa-prevencion-de-quemaduras-en-menores-con-enfoque-especializado\/\"]}]},{\"@type\":\"ImageObject\",\"inLanguage\":\"es\",\"@id\":\"https:\/\/noticozumel.mx\/1\/sesa-quintana-roo-impulsa-prevencion-de-quemaduras-en-menores-con-enfoque-especializado\/#primaryimage\",\"url\":\"https:\/\/noticozumel.mx\/1\/wp-content\/uploads\/2026\/04\/SESA-prevencion-quemaduras-1.jpg\",\"contentUrl\":\"https:\/\/noticozumel.mx\/1\/wp-content\/uploads\/2026\/04\/SESA-prevencion-quemaduras-1.jpg\",\"width\":1103,\"height\":828},{\"@type\":\"BreadcrumbList\",\"@id\":\"https:\/\/noticozumel.mx\/1\/sesa-quintana-roo-impulsa-prevencion-de-quemaduras-en-menores-con-enfoque-especializado\/#breadcrumb\",\"itemListElement\":[{\"@type\":\"ListItem\",\"position\":1,\"name\":\"Portada\",\"item\":\"https:\/\/noticozumel.mx\/1\/\"},{\"@type\":\"ListItem\",\"position\":2,\"name\":\"SESA Quintana Roo impulsa prevenci\u00f3n de quemaduras en menores con enfoque especializado\"}]},{\"@type\":\"WebSite\",\"@id\":\"https:\/\/noticozumel.mx\/1\/#website\",\"url\":\"https:\/\/noticozumel.mx\/1\/\",\"name\":\"NotiCozumel\",\"description\":\"Las noticias al alcance de todos\",\"potentialAction\":[{\"@type\":\"SearchAction\",\"target\":{\"@type\":\"EntryPoint\",\"urlTemplate\":\"https:\/\/noticozumel.mx\/1\/?s={search_term_string}\"},\"query-input\":{\"@type\":\"PropertyValueSpecification\",\"valueRequired\":true,\"valueName\":\"search_term_string\"}}],\"inLanguage\":\"es\"},{\"@type\":\"Person\",\"@id\":\"https:\/\/noticozumel.mx\/1\/#\/schema\/person\/a3353279fd7f37e86677893e0510943b\",\"name\":\"Redacci\u00f3n\",\"image\":{\"@type\":\"ImageObject\",\"inLanguage\":\"es\",\"@id\":\"https:\/\/noticozumel.mx\/1\/#\/schema\/person\/image\/\",\"url\":\"https:\/\/secure.gravatar.com\/avatar\/92c1decdbf2b01a0b3a758c19f5bf7b7b7c7ad1ebf1b8f407a69813d9948f6d0?s=96&d=mm&r=g\",\"contentUrl\":\"https:\/\/secure.gravatar.com\/avatar\/92c1decdbf2b01a0b3a758c19f5bf7b7b7c7ad1ebf1b8f407a69813d9948f6d0?s=96&d=mm&r=g\",\"caption\":\"Redacci\u00f3n\"},\"url\":\"https:\/\/noticozumel.mx\/1\/author\/admin\/\"}]}<\/script>\n<!-- \/ Yoast SEO Premium plugin. -->","yoast_head_json":{"title":"SESA Quintana Roo impulsa prevenci\u00f3n de quemaduras en menores con enfoque especializado - NotiCozumel","robots":{"index":"index","follow":"follow","max-snippet":"max-snippet:-1","max-image-preview":"max-image-preview:large","max-video-preview":"max-video-preview:-1"},"canonical":"https:\/\/noticozumel.mx\/1\/sesa-quintana-roo-impulsa-prevencion-de-quemaduras-en-menores-con-enfoque-especializado\/","og_locale":"es_ES","og_type":"article","og_title":"SESA Quintana Roo impulsa prevenci\u00f3n de quemaduras en menores con enfoque especializado","og_description":"Canc\u00fan, Quintana Roo, 27 de abril de 2026.- En Quintana Roo, bajo el liderazgo de la gobernadora Mara Lezama Espinosa, la prevenci\u00f3n y atenci\u00f3n de quemaduras en personas, es una prioridad que se ha consolidado mediante un trabajo coordinado entre la Secretar\u00eda de Salud del estado e instituciones como el IMSS Bienestar para fortalecer la [&hellip;]","og_url":"https:\/\/noticozumel.mx\/1\/sesa-quintana-roo-impulsa-prevencion-de-quemaduras-en-menores-con-enfoque-especializado\/","og_site_name":"NotiCozumel","article_published_time":"2026-04-27T22:47:00+00:00","article_modified_time":"2026-04-28T13:52:57+00:00","og_image":[{"width":1103,"height":828,"url":"https:\/\/noticozumel.mx\/1\/wp-content\/uploads\/2026\/04\/SESA-prevencion-quemaduras-1.jpg","type":"image\/jpeg"}],"author":"Redacci\u00f3n","twitter_card":"summary_large_image","twitter_misc":{"Escrito por":"Redacci\u00f3n","Tiempo de lectura":"4 minutos"},"schema":{"@context":"https:\/\/schema.org","@graph":[{"@type":"WebPage","@id":"https:\/\/noticozumel.mx\/1\/sesa-quintana-roo-impulsa-prevencion-de-quemaduras-en-menores-con-enfoque-especializado\/","url":"https:\/\/noticozumel.mx\/1\/sesa-quintana-roo-impulsa-prevencion-de-quemaduras-en-menores-con-enfoque-especializado\/","name":"SESA Quintana Roo impulsa prevenci\u00f3n de quemaduras en menores con enfoque especializado - NotiCozumel","isPartOf":{"@id":"https:\/\/noticozumel.mx\/1\/#website"},"primaryImageOfPage":{"@id":"https:\/\/noticozumel.mx\/1\/sesa-quintana-roo-impulsa-prevencion-de-quemaduras-en-menores-con-enfoque-especializado\/#primaryimage"},"image":{"@id":"https:\/\/noticozumel.mx\/1\/sesa-quintana-roo-impulsa-prevencion-de-quemaduras-en-menores-con-enfoque-especializado\/#primaryimage"},"thumbnailUrl":"https:\/\/noticozumel.mx\/1\/wp-content\/uploads\/2026\/04\/SESA-prevencion-quemaduras-1.jpg","datePublished":"2026-04-27T22:47:00+00:00","dateModified":"2026-04-28T13:52:57+00:00","author":{"@id":"https:\/\/noticozumel.mx\/1\/#\/schema\/person\/a3353279fd7f37e86677893e0510943b"},"breadcrumb":{"@id":"https:\/\/noticozumel.mx\/1\/sesa-quintana-roo-impulsa-prevencion-de-quemaduras-en-menores-con-enfoque-especializado\/#breadcrumb"},"inLanguage":"es","potentialAction":[{"@type":"ReadAction","target":["https:\/\/noticozumel.mx\/1\/sesa-quintana-roo-impulsa-prevencion-de-quemaduras-en-menores-con-enfoque-especializado\/"]}]},{"@type":"ImageObject","inLanguage":"es","@id":"https:\/\/noticozumel.mx\/1\/sesa-quintana-roo-impulsa-prevencion-de-quemaduras-en-menores-con-enfoque-especializado\/#primaryimage","url":"https:\/\/noticozumel.mx\/1\/wp-content\/uploads\/2026\/04\/SESA-prevencion-quemaduras-1.jpg","contentUrl":"https:\/\/noticozumel.mx\/1\/wp-content\/uploads\/2026\/04\/SESA-prevencion-quemaduras-1.jpg","width":1103,"height":828},{"@type":"BreadcrumbList","@id":"https:\/\/noticozumel.mx\/1\/sesa-quintana-roo-impulsa-prevencion-de-quemaduras-en-menores-con-enfoque-especializado\/#breadcrumb","itemListElement":[{"@type":"ListItem","position":1,"name":"Portada","item":"https:\/\/noticozumel.mx\/1\/"},{"@type":"ListItem","position":2,"name":"SESA Quintana Roo impulsa prevenci\u00f3n de quemaduras en menores con enfoque especializado"}]},{"@type":"WebSite","@id":"https:\/\/noticozumel.mx\/1\/#website","url":"https:\/\/noticozumel.mx\/1\/","name":"NotiCozumel","description":"Las noticias al alcance de todos","potentialAction":[{"@type":"SearchAction","target":{"@type":"EntryPoint","urlTemplate":"https:\/\/noticozumel.mx\/1\/?s={search_term_string}"},"query-input":{"@type":"PropertyValueSpecification","valueRequired":true,"valueName":"search_term_string"}}],"inLanguage":"es"},{"@type":"Person","@id":"https:\/\/noticozumel.mx\/1\/#\/schema\/person\/a3353279fd7f37e86677893e0510943b","name":"Redacci\u00f3n","image":{"@type":"ImageObject","inLanguage":"es","@id":"https:\/\/noticozumel.mx\/1\/#\/schema\/person\/image\/","url":"https:\/\/secure.gravatar.com\/avatar\/92c1decdbf2b01a0b3a758c19f5bf7b7b7c7ad1ebf1b8f407a69813d9948f6d0?s=96&d=mm&r=g","contentUrl":"https:\/\/secure.gravatar.com\/avatar\/92c1decdbf2b01a0b3a758c19f5bf7b7b7c7ad1ebf1b8f407a69813d9948f6d0?s=96&d=mm&r=g","caption":"Redacci\u00f3n"},"url":"https:\/\/noticozumel.mx\/1\/author\/admin\/"}]}},"_links":{"self":[{"href":"https:\/\/noticozumel.mx\/1\/wp-json\/wp\/v2\/posts\/9904","targetHints":{"allow":["GET"]}}],"collection":[{"href":"https:\/\/noticozumel.mx\/1\/wp-json\/wp\/v2\/posts"}],"about":[{"href":"https:\/\/noticozumel.mx\/1\/wp-json\/wp\/v2\/types\/post"}],"author":[{"embeddable":true,"href":"https:\/\/noticozumel.mx\/1\/wp-json\/wp\/v2\/users\/1"}],"replies":[{"embeddable":true,"href":"https:\/\/noticozumel.mx\/1\/wp-json\/wp\/v2\/comments?post=9904"}],"version-history":[{"count":1,"href":"https:\/\/noticozumel.mx\/1\/wp-json\/wp\/v2\/posts\/9904\/revisions"}],"predecessor-version":[{"id":9911,"href":"https:\/\/noticozumel.mx\/1\/wp-json\/wp\/v2\/posts\/9904\/revisions\/9911"}],"wp:featuredmedia":[{"embeddable":true,"href":"https:\/\/noticozumel.mx\/1\/wp-json\/wp\/v2\/media\/9910"}],"wp:attachment":[{"href":"https:\/\/noticozumel.mx\/1\/wp-json\/wp\/v2\/media?parent=9904"}],"wp:term":[{"taxonomy":"category","embeddable":true,"href":"https:\/\/noticozumel.mx\/1\/wp-json\/wp\/v2\/categories?post=9904"},{"taxonomy":"post_tag","embeddable":true,"href":"https:\/\/noticozumel.mx\/1\/wp-json\/wp\/v2\/tags?post=9904"}],"curies":[{"name":"wp","href":"https:\/\/api.w.org\/{rel}","templated":true}]}}