{"id":9919,"date":"2026-04-24T20:01:00","date_gmt":"2026-04-25T01:01:00","guid":{"rendered":"https:\/\/noticozumel.mx\/1\/?p=9919"},"modified":"2026-04-29T08:36:36","modified_gmt":"2026-04-29T13:36:36","slug":"cozumel-impulsa-turismo-sostenible-con-primera-sesion-del-consejo-consultivo","status":"publish","type":"post","link":"https:\/\/noticozumel.mx\/1\/cozumel-impulsa-turismo-sostenible-con-primera-sesion-del-consejo-consultivo\/","title":{"rendered":"Cozumel impulsa turismo sostenible con primera sesi\u00f3n del Consejo Consultivo"},"content":{"rendered":"\n<p>Cozumel, Quintana Roo, 24 de abril de 2026.- La segunda regidora del Ayuntamiento de Cozumel, Mar\u00eda Fernanda Vargas Gonz\u00e1lez, inform\u00f3 sobre la realizaci\u00f3n de la primera sesi\u00f3n ordinaria del Consejo Consultivo de Turismo del municipio, un espacio que busca fortalecer la estrategia tur\u00edstica de la isla con visi\u00f3n de sustentabilidad y sostenibilidad.<\/p>\n\n\n\n<figure class=\"wp-block-image size-large\"><img loading=\"lazy\" decoding=\"async\" width=\"1024\" height=\"771\" src=\"https:\/\/noticozumel.mx\/1\/wp-content\/uploads\/2026\/04\/WhatsApp-Image-2026-04-29-at-8.19.08-AM-1024x771.jpeg\" alt=\"\" class=\"wp-image-9921\" srcset=\"https:\/\/noticozumel.mx\/1\/wp-content\/uploads\/2026\/04\/WhatsApp-Image-2026-04-29-at-8.19.08-AM-1024x771.jpeg 1024w, https:\/\/noticozumel.mx\/1\/wp-content\/uploads\/2026\/04\/WhatsApp-Image-2026-04-29-at-8.19.08-AM-300x226.jpeg 300w, https:\/\/noticozumel.mx\/1\/wp-content\/uploads\/2026\/04\/WhatsApp-Image-2026-04-29-at-8.19.08-AM-768x578.jpeg 768w, https:\/\/noticozumel.mx\/1\/wp-content\/uploads\/2026\/04\/WhatsApp-Image-2026-04-29-at-8.19.08-AM-1536x1156.jpeg 1536w, https:\/\/noticozumel.mx\/1\/wp-content\/uploads\/2026\/04\/WhatsApp-Image-2026-04-29-at-8.19.08-AM-558x420.jpeg 558w, https:\/\/noticozumel.mx\/1\/wp-content\/uploads\/2026\/04\/WhatsApp-Image-2026-04-29-at-8.19.08-AM-80x60.jpeg 80w, https:\/\/noticozumel.mx\/1\/wp-content\/uploads\/2026\/04\/WhatsApp-Image-2026-04-29-at-8.19.08-AM-150x113.jpeg 150w, https:\/\/noticozumel.mx\/1\/wp-content\/uploads\/2026\/04\/WhatsApp-Image-2026-04-29-at-8.19.08-AM-696x524.jpeg 696w, https:\/\/noticozumel.mx\/1\/wp-content\/uploads\/2026\/04\/WhatsApp-Image-2026-04-29-at-8.19.08-AM-1068x804.jpeg 1068w, https:\/\/noticozumel.mx\/1\/wp-content\/uploads\/2026\/04\/WhatsApp-Image-2026-04-29-at-8.19.08-AM.jpeg 1600w\" sizes=\"auto, (max-width: 1024px) 100vw, 1024px\" \/><\/figure>\n\n\n\n<p>Durante la sesi\u00f3n, se compartieron avances y proyectos en beneficio del turismo local, resultado del trabajo conjunto entre el presidente municipal Jos\u00e9 Luis Chac\u00f3n M\u00e9ndez, la gobernadora Mara Lezama Espinosa y el secretario de Turismo de Quintana Roo, Bernardo Cueto Riestra. \u201cHoy por hoy ya no se trabaja solo en la b\u00fasqueda de derrama econ\u00f3mica, sino tambi\u00e9n en la protecci\u00f3n de nuestros recursos naturales\u201d, destac\u00f3 Vargas Gonz\u00e1lez.<\/p>\n\n\n\n<p>Durante una reciente gira de trabajo, la regidora acompa\u00f1\u00f3 al presidente municipal y a la gobernadora en un recorrido por distintas obras que se realizan en la isla gracias a la inversi\u00f3n conjunta del Gobierno del Estado, la Florida-Caribbean Cruise Association (FCCA) y el Fideicomiso de Turismo Crucerista, en la que se constat\u00f3 el avance en la 10\u00aa Avenida con calle 2 Norte, donde se consolid\u00f3 una vialidad m\u00e1s segura y funcional, mejorando la movilidad en una de las zonas m\u00e1s transitadas del centro.<\/p>\n\n\n\n<figure class=\"wp-block-image size-large\"><img loading=\"lazy\" decoding=\"async\" width=\"1024\" height=\"832\" src=\"https:\/\/noticozumel.mx\/1\/wp-content\/uploads\/2026\/04\/WhatsApp-Image-2026-04-24-at-10.19.10-AM-1-1024x832.jpeg\" alt=\"\" class=\"wp-image-9922\" srcset=\"https:\/\/noticozumel.mx\/1\/wp-content\/uploads\/2026\/04\/WhatsApp-Image-2026-04-24-at-10.19.10-AM-1-1024x832.jpeg 1024w, https:\/\/noticozumel.mx\/1\/wp-content\/uploads\/2026\/04\/WhatsApp-Image-2026-04-24-at-10.19.10-AM-1-300x244.jpeg 300w, https:\/\/noticozumel.mx\/1\/wp-content\/uploads\/2026\/04\/WhatsApp-Image-2026-04-24-at-10.19.10-AM-1-768x624.jpeg 768w, https:\/\/noticozumel.mx\/1\/wp-content\/uploads\/2026\/04\/WhatsApp-Image-2026-04-24-at-10.19.10-AM-1-517x420.jpeg 517w, https:\/\/noticozumel.mx\/1\/wp-content\/uploads\/2026\/04\/WhatsApp-Image-2026-04-24-at-10.19.10-AM-1-150x122.jpeg 150w, https:\/\/noticozumel.mx\/1\/wp-content\/uploads\/2026\/04\/WhatsApp-Image-2026-04-24-at-10.19.10-AM-1-696x566.jpeg 696w, https:\/\/noticozumel.mx\/1\/wp-content\/uploads\/2026\/04\/WhatsApp-Image-2026-04-24-at-10.19.10-AM-1-1068x868.jpeg 1068w, https:\/\/noticozumel.mx\/1\/wp-content\/uploads\/2026\/04\/WhatsApp-Image-2026-04-24-at-10.19.10-AM-1.jpeg 1280w\" sizes=\"auto, (max-width: 1024px) 100vw, 1024px\" \/><\/figure>\n\n\n\n<p>Tambi\u00e9n se entregaron patrullas, motopatrullas y unidades equipadas a la Direcci\u00f3n de Seguridad P\u00fablica y Tr\u00e1nsito, fortaleciendo la vigilancia y la capacidad de respuesta para cuidar a la poblaci\u00f3n. En el malec\u00f3n se present\u00f3 un proyecto de renovaci\u00f3n que busca mejorar la infraestructura, convertirlo en un espacio p\u00fablico m\u00e1s atractivo para las familias y reforzar su papel como punto de encuentro y atractivo tur\u00edstico.<\/p>\n\n\n\n<p>Vargas Gonz\u00e1lez precis\u00f3 que estos avances reflejan el compromiso de las autoridades y del sector privado por consolidar a Cozumel como un destino competitivo, seguro y sostenible. \u201cEstamos trabajando para que cada acci\u00f3n se traduzca en beneficios tangibles para la gente y en una mejor experiencia para quienes nos visitan\u201d, concluy\u00f3.<\/p>\n\n\n\n<figure class=\"wp-block-image size-large\"><img loading=\"lazy\" decoding=\"async\" width=\"1024\" height=\"571\" src=\"https:\/\/noticozumel.mx\/1\/wp-content\/uploads\/2026\/04\/WhatsApp-Image-2026-04-22-at-6.50.13-PM-1024x571.jpeg\" alt=\"\" class=\"wp-image-9920\" srcset=\"https:\/\/noticozumel.mx\/1\/wp-content\/uploads\/2026\/04\/WhatsApp-Image-2026-04-22-at-6.50.13-PM-1024x571.jpeg 1024w, https:\/\/noticozumel.mx\/1\/wp-content\/uploads\/2026\/04\/WhatsApp-Image-2026-04-22-at-6.50.13-PM-300x167.jpeg 300w, https:\/\/noticozumel.mx\/1\/wp-content\/uploads\/2026\/04\/WhatsApp-Image-2026-04-22-at-6.50.13-PM-768x428.jpeg 768w, https:\/\/noticozumel.mx\/1\/wp-content\/uploads\/2026\/04\/WhatsApp-Image-2026-04-22-at-6.50.13-PM-753x420.jpeg 753w, https:\/\/noticozumel.mx\/1\/wp-content\/uploads\/2026\/04\/WhatsApp-Image-2026-04-22-at-6.50.13-PM-150x84.jpeg 150w, https:\/\/noticozumel.mx\/1\/wp-content\/uploads\/2026\/04\/WhatsApp-Image-2026-04-22-at-6.50.13-PM-696x388.jpeg 696w, https:\/\/noticozumel.mx\/1\/wp-content\/uploads\/2026\/04\/WhatsApp-Image-2026-04-22-at-6.50.13-PM-1068x596.jpeg 1068w, https:\/\/noticozumel.mx\/1\/wp-content\/uploads\/2026\/04\/WhatsApp-Image-2026-04-22-at-6.50.13-PM.jpeg 1280w\" sizes=\"auto, (max-width: 1024px) 100vw, 1024px\" \/><\/figure>\n","protected":false},"excerpt":{"rendered":"<p>Cozumel, Quintana Roo, 24 de abril de 2026.- La segunda regidora del Ayuntamiento de Cozumel, Mar\u00eda Fernanda Vargas Gonz\u00e1lez, inform\u00f3 sobre la realizaci\u00f3n de la primera sesi\u00f3n ordinaria del Consejo Consultivo de Turismo del municipio, un espacio que busca fortalecer la estrategia tur\u00edstica de la isla con visi\u00f3n de sustentabilidad y sostenibilidad. Durante la sesi\u00f3n, [&hellip;]<\/p>\n","protected":false},"author":1,"featured_media":9923,"comment_status":"open","ping_status":"closed","sticky":false,"template":"","format":"standard","meta":{"tdm_status":"","tdm_grid_status":"","footnotes":""},"categories":[1,2,34],"tags":[59,63,218,61,27,93,60,23,62,90],"class_list":{"0":"post-9919","1":"post","2":"type-post","3":"status-publish","4":"format-standard","5":"has-post-thumbnail","7":"category-cozumel","8":"category-featured","9":"category-turismo","10":"tag-cozumel","11":"tag-isla-cozumel","12":"tag-maria-fernanda-vargas-gonzalez","13":"tag-noticias-de-cozumel","14":"tag-noticias-de-quintana-roo","15":"tag-noticias-de-turismo","16":"tag-noticozumel","17":"tag-quintana-roo","18":"tag-san-miguel-de-cozumel","19":"tag-turismo"},"yoast_head":"<!-- This site is optimized with the Yoast SEO Premium plugin v26.2 (Yoast SEO v26.2) - https:\/\/yoast.com\/wordpress\/plugins\/seo\/ -->\n<title>Cozumel impulsa turismo sostenible con primera sesi\u00f3n del Consejo Consultivo - NotiCozumel<\/title>\n<meta name=\"robots\" content=\"index, follow, max-snippet:-1, max-image-preview:large, max-video-preview:-1\" \/>\n<link rel=\"canonical\" href=\"https:\/\/noticozumel.mx\/1\/cozumel-impulsa-turismo-sostenible-con-primera-sesion-del-consejo-consultivo\/\" \/>\n<meta property=\"og:locale\" content=\"es_ES\" \/>\n<meta property=\"og:type\" content=\"article\" \/>\n<meta property=\"og:title\" content=\"Cozumel impulsa turismo sostenible con primera sesi\u00f3n del Consejo Consultivo\" \/>\n<meta property=\"og:description\" content=\"Cozumel, Quintana Roo, 24 de abril de 2026.- La segunda regidora del Ayuntamiento de Cozumel, Mar\u00eda Fernanda Vargas Gonz\u00e1lez, inform\u00f3 sobre la realizaci\u00f3n de la primera sesi\u00f3n ordinaria del Consejo Consultivo de Turismo del municipio, un espacio que busca fortalecer la estrategia tur\u00edstica de la isla con visi\u00f3n de sustentabilidad y sostenibilidad. Durante la sesi\u00f3n, [&hellip;]\" \/>\n<meta property=\"og:url\" content=\"https:\/\/noticozumel.mx\/1\/cozumel-impulsa-turismo-sostenible-con-primera-sesion-del-consejo-consultivo\/\" \/>\n<meta property=\"og:site_name\" content=\"NotiCozumel\" \/>\n<meta property=\"article:published_time\" content=\"2026-04-25T01:01:00+00:00\" \/>\n<meta property=\"article:modified_time\" content=\"2026-04-29T13:36:36+00:00\" \/>\n<meta property=\"og:image\" content=\"https:\/\/noticozumel.mx\/1\/wp-content\/uploads\/2026\/04\/WhatsApp-Image-2026-04-24-at-10.19.10-AM.jpeg\" \/>\n\t<meta property=\"og:image:width\" content=\"1280\" \/>\n\t<meta property=\"og:image:height\" content=\"854\" \/>\n\t<meta property=\"og:image:type\" content=\"image\/jpeg\" \/>\n<meta name=\"author\" content=\"Redacci\u00f3n\" \/>\n<meta name=\"twitter:card\" content=\"summary_large_image\" \/>\n<meta name=\"twitter:label1\" content=\"Escrito por\" \/>\n\t<meta name=\"twitter:data1\" content=\"Redacci\u00f3n\" \/>\n\t<meta name=\"twitter:label2\" content=\"Tiempo de lectura\" \/>\n\t<meta name=\"twitter:data2\" content=\"3 minutos\" \/>\n<script type=\"application\/ld+json\" class=\"yoast-schema-graph\">{\"@context\":\"https:\/\/schema.org\",\"@graph\":[{\"@type\":\"WebPage\",\"@id\":\"https:\/\/noticozumel.mx\/1\/cozumel-impulsa-turismo-sostenible-con-primera-sesion-del-consejo-consultivo\/\",\"url\":\"https:\/\/noticozumel.mx\/1\/cozumel-impulsa-turismo-sostenible-con-primera-sesion-del-consejo-consultivo\/\",\"name\":\"Cozumel impulsa turismo sostenible con primera sesi\u00f3n del Consejo Consultivo - NotiCozumel\",\"isPartOf\":{\"@id\":\"https:\/\/noticozumel.mx\/1\/#website\"},\"primaryImageOfPage\":{\"@id\":\"https:\/\/noticozumel.mx\/1\/cozumel-impulsa-turismo-sostenible-con-primera-sesion-del-consejo-consultivo\/#primaryimage\"},\"image\":{\"@id\":\"https:\/\/noticozumel.mx\/1\/cozumel-impulsa-turismo-sostenible-con-primera-sesion-del-consejo-consultivo\/#primaryimage\"},\"thumbnailUrl\":\"https:\/\/noticozumel.mx\/1\/wp-content\/uploads\/2026\/04\/WhatsApp-Image-2026-04-24-at-10.19.10-AM.jpeg\",\"datePublished\":\"2026-04-25T01:01:00+00:00\",\"dateModified\":\"2026-04-29T13:36:36+00:00\",\"author\":{\"@id\":\"https:\/\/noticozumel.mx\/1\/#\/schema\/person\/a3353279fd7f37e86677893e0510943b\"},\"breadcrumb\":{\"@id\":\"https:\/\/noticozumel.mx\/1\/cozumel-impulsa-turismo-sostenible-con-primera-sesion-del-consejo-consultivo\/#breadcrumb\"},\"inLanguage\":\"es\",\"potentialAction\":[{\"@type\":\"ReadAction\",\"target\":[\"https:\/\/noticozumel.mx\/1\/cozumel-impulsa-turismo-sostenible-con-primera-sesion-del-consejo-consultivo\/\"]}]},{\"@type\":\"ImageObject\",\"inLanguage\":\"es\",\"@id\":\"https:\/\/noticozumel.mx\/1\/cozumel-impulsa-turismo-sostenible-con-primera-sesion-del-consejo-consultivo\/#primaryimage\",\"url\":\"https:\/\/noticozumel.mx\/1\/wp-content\/uploads\/2026\/04\/WhatsApp-Image-2026-04-24-at-10.19.10-AM.jpeg\",\"contentUrl\":\"https:\/\/noticozumel.mx\/1\/wp-content\/uploads\/2026\/04\/WhatsApp-Image-2026-04-24-at-10.19.10-AM.jpeg\",\"width\":1280,\"height\":854},{\"@type\":\"BreadcrumbList\",\"@id\":\"https:\/\/noticozumel.mx\/1\/cozumel-impulsa-turismo-sostenible-con-primera-sesion-del-consejo-consultivo\/#breadcrumb\",\"itemListElement\":[{\"@type\":\"ListItem\",\"position\":1,\"name\":\"Portada\",\"item\":\"https:\/\/noticozumel.mx\/1\/\"},{\"@type\":\"ListItem\",\"position\":2,\"name\":\"Cozumel impulsa turismo sostenible con primera sesi\u00f3n del Consejo Consultivo\"}]},{\"@type\":\"WebSite\",\"@id\":\"https:\/\/noticozumel.mx\/1\/#website\",\"url\":\"https:\/\/noticozumel.mx\/1\/\",\"name\":\"NotiCozumel\",\"description\":\"Las noticias al alcance de todos\",\"potentialAction\":[{\"@type\":\"SearchAction\",\"target\":{\"@type\":\"EntryPoint\",\"urlTemplate\":\"https:\/\/noticozumel.mx\/1\/?s={search_term_string}\"},\"query-input\":{\"@type\":\"PropertyValueSpecification\",\"valueRequired\":true,\"valueName\":\"search_term_string\"}}],\"inLanguage\":\"es\"},{\"@type\":\"Person\",\"@id\":\"https:\/\/noticozumel.mx\/1\/#\/schema\/person\/a3353279fd7f37e86677893e0510943b\",\"name\":\"Redacci\u00f3n\",\"image\":{\"@type\":\"ImageObject\",\"inLanguage\":\"es\",\"@id\":\"https:\/\/noticozumel.mx\/1\/#\/schema\/person\/image\/\",\"url\":\"https:\/\/secure.gravatar.com\/avatar\/92c1decdbf2b01a0b3a758c19f5bf7b7b7c7ad1ebf1b8f407a69813d9948f6d0?s=96&d=mm&r=g\",\"contentUrl\":\"https:\/\/secure.gravatar.com\/avatar\/92c1decdbf2b01a0b3a758c19f5bf7b7b7c7ad1ebf1b8f407a69813d9948f6d0?s=96&d=mm&r=g\",\"caption\":\"Redacci\u00f3n\"},\"url\":\"https:\/\/noticozumel.mx\/1\/author\/admin\/\"}]}<\/script>\n<!-- \/ Yoast SEO Premium plugin. -->","yoast_head_json":{"title":"Cozumel impulsa turismo sostenible con primera sesi\u00f3n del Consejo Consultivo - NotiCozumel","robots":{"index":"index","follow":"follow","max-snippet":"max-snippet:-1","max-image-preview":"max-image-preview:large","max-video-preview":"max-video-preview:-1"},"canonical":"https:\/\/noticozumel.mx\/1\/cozumel-impulsa-turismo-sostenible-con-primera-sesion-del-consejo-consultivo\/","og_locale":"es_ES","og_type":"article","og_title":"Cozumel impulsa turismo sostenible con primera sesi\u00f3n del Consejo Consultivo","og_description":"Cozumel, Quintana Roo, 24 de abril de 2026.- La segunda regidora del Ayuntamiento de Cozumel, Mar\u00eda Fernanda Vargas Gonz\u00e1lez, inform\u00f3 sobre la realizaci\u00f3n de la primera sesi\u00f3n ordinaria del Consejo Consultivo de Turismo del municipio, un espacio que busca fortalecer la estrategia tur\u00edstica de la isla con visi\u00f3n de sustentabilidad y sostenibilidad. Durante la sesi\u00f3n, [&hellip;]","og_url":"https:\/\/noticozumel.mx\/1\/cozumel-impulsa-turismo-sostenible-con-primera-sesion-del-consejo-consultivo\/","og_site_name":"NotiCozumel","article_published_time":"2026-04-25T01:01:00+00:00","article_modified_time":"2026-04-29T13:36:36+00:00","og_image":[{"width":1280,"height":854,"url":"https:\/\/noticozumel.mx\/1\/wp-content\/uploads\/2026\/04\/WhatsApp-Image-2026-04-24-at-10.19.10-AM.jpeg","type":"image\/jpeg"}],"author":"Redacci\u00f3n","twitter_card":"summary_large_image","twitter_misc":{"Escrito por":"Redacci\u00f3n","Tiempo de lectura":"3 minutos"},"schema":{"@context":"https:\/\/schema.org","@graph":[{"@type":"WebPage","@id":"https:\/\/noticozumel.mx\/1\/cozumel-impulsa-turismo-sostenible-con-primera-sesion-del-consejo-consultivo\/","url":"https:\/\/noticozumel.mx\/1\/cozumel-impulsa-turismo-sostenible-con-primera-sesion-del-consejo-consultivo\/","name":"Cozumel impulsa turismo sostenible con primera sesi\u00f3n del Consejo Consultivo - NotiCozumel","isPartOf":{"@id":"https:\/\/noticozumel.mx\/1\/#website"},"primaryImageOfPage":{"@id":"https:\/\/noticozumel.mx\/1\/cozumel-impulsa-turismo-sostenible-con-primera-sesion-del-consejo-consultivo\/#primaryimage"},"image":{"@id":"https:\/\/noticozumel.mx\/1\/cozumel-impulsa-turismo-sostenible-con-primera-sesion-del-consejo-consultivo\/#primaryimage"},"thumbnailUrl":"https:\/\/noticozumel.mx\/1\/wp-content\/uploads\/2026\/04\/WhatsApp-Image-2026-04-24-at-10.19.10-AM.jpeg","datePublished":"2026-04-25T01:01:00+00:00","dateModified":"2026-04-29T13:36:36+00:00","author":{"@id":"https:\/\/noticozumel.mx\/1\/#\/schema\/person\/a3353279fd7f37e86677893e0510943b"},"breadcrumb":{"@id":"https:\/\/noticozumel.mx\/1\/cozumel-impulsa-turismo-sostenible-con-primera-sesion-del-consejo-consultivo\/#breadcrumb"},"inLanguage":"es","potentialAction":[{"@type":"ReadAction","target":["https:\/\/noticozumel.mx\/1\/cozumel-impulsa-turismo-sostenible-con-primera-sesion-del-consejo-consultivo\/"]}]},{"@type":"ImageObject","inLanguage":"es","@id":"https:\/\/noticozumel.mx\/1\/cozumel-impulsa-turismo-sostenible-con-primera-sesion-del-consejo-consultivo\/#primaryimage","url":"https:\/\/noticozumel.mx\/1\/wp-content\/uploads\/2026\/04\/WhatsApp-Image-2026-04-24-at-10.19.10-AM.jpeg","contentUrl":"https:\/\/noticozumel.mx\/1\/wp-content\/uploads\/2026\/04\/WhatsApp-Image-2026-04-24-at-10.19.10-AM.jpeg","width":1280,"height":854},{"@type":"BreadcrumbList","@id":"https:\/\/noticozumel.mx\/1\/cozumel-impulsa-turismo-sostenible-con-primera-sesion-del-consejo-consultivo\/#breadcrumb","itemListElement":[{"@type":"ListItem","position":1,"name":"Portada","item":"https:\/\/noticozumel.mx\/1\/"},{"@type":"ListItem","position":2,"name":"Cozumel impulsa turismo sostenible con primera sesi\u00f3n del Consejo Consultivo"}]},{"@type":"WebSite","@id":"https:\/\/noticozumel.mx\/1\/#website","url":"https:\/\/noticozumel.mx\/1\/","name":"NotiCozumel","description":"Las noticias al alcance de todos","potentialAction":[{"@type":"SearchAction","target":{"@type":"EntryPoint","urlTemplate":"https:\/\/noticozumel.mx\/1\/?s={search_term_string}"},"query-input":{"@type":"PropertyValueSpecification","valueRequired":true,"valueName":"search_term_string"}}],"inLanguage":"es"},{"@type":"Person","@id":"https:\/\/noticozumel.mx\/1\/#\/schema\/person\/a3353279fd7f37e86677893e0510943b","name":"Redacci\u00f3n","image":{"@type":"ImageObject","inLanguage":"es","@id":"https:\/\/noticozumel.mx\/1\/#\/schema\/person\/image\/","url":"https:\/\/secure.gravatar.com\/avatar\/92c1decdbf2b01a0b3a758c19f5bf7b7b7c7ad1ebf1b8f407a69813d9948f6d0?s=96&d=mm&r=g","contentUrl":"https:\/\/secure.gravatar.com\/avatar\/92c1decdbf2b01a0b3a758c19f5bf7b7b7c7ad1ebf1b8f407a69813d9948f6d0?s=96&d=mm&r=g","caption":"Redacci\u00f3n"},"url":"https:\/\/noticozumel.mx\/1\/author\/admin\/"}]}},"_links":{"self":[{"href":"https:\/\/noticozumel.mx\/1\/wp-json\/wp\/v2\/posts\/9919","targetHints":{"allow":["GET"]}}],"collection":[{"href":"https:\/\/noticozumel.mx\/1\/wp-json\/wp\/v2\/posts"}],"about":[{"href":"https:\/\/noticozumel.mx\/1\/wp-json\/wp\/v2\/types\/post"}],"author":[{"embeddable":true,"href":"https:\/\/noticozumel.mx\/1\/wp-json\/wp\/v2\/users\/1"}],"replies":[{"embeddable":true,"href":"https:\/\/noticozumel.mx\/1\/wp-json\/wp\/v2\/comments?post=9919"}],"version-history":[{"count":1,"href":"https:\/\/noticozumel.mx\/1\/wp-json\/wp\/v2\/posts\/9919\/revisions"}],"predecessor-version":[{"id":9924,"href":"https:\/\/noticozumel.mx\/1\/wp-json\/wp\/v2\/posts\/9919\/revisions\/9924"}],"wp:featuredmedia":[{"embeddable":true,"href":"https:\/\/noticozumel.mx\/1\/wp-json\/wp\/v2\/media\/9923"}],"wp:attachment":[{"href":"https:\/\/noticozumel.mx\/1\/wp-json\/wp\/v2\/media?parent=9919"}],"wp:term":[{"taxonomy":"category","embeddable":true,"href":"https:\/\/noticozumel.mx\/1\/wp-json\/wp\/v2\/categories?post=9919"},{"taxonomy":"post_tag","embeddable":true,"href":"https:\/\/noticozumel.mx\/1\/wp-json\/wp\/v2\/tags?post=9919"}],"curies":[{"name":"wp","href":"https:\/\/api.w.org\/{rel}","templated":true}]}}