{"id":9947,"date":"2026-04-27T19:28:00","date_gmt":"2026-04-28T00:28:00","guid":{"rendered":"https:\/\/noticozumel.mx\/1\/?p=9947"},"modified":"2026-04-30T08:30:57","modified_gmt":"2026-04-30T13:30:57","slug":"sedarpe-y-seq-unen-esfuerzos-para-capacitar-juventudes-en-huertos-demostrativos","status":"publish","type":"post","link":"https:\/\/noticozumel.mx\/1\/sedarpe-y-seq-unen-esfuerzos-para-capacitar-juventudes-en-huertos-demostrativos\/","title":{"rendered":"SEDARPE y SEQ unen esfuerzos para capacitar juventudes en huertos demostrativos"},"content":{"rendered":"\n<p>Chetumal, Quintana Roo, 27 de abril de 2026.- La Secretar\u00eda de Desarrollo Agropecuario, Rural y Pesca (SEDARPE), encabezada por Jorge Aguilar Osorio, firm\u00f3 un convenio de colaboraci\u00f3n con la Secretar\u00eda de Educaci\u00f3n de Quintana Roo (SEQ), dirigida por Elda Xix Eu\u00e1n, con el prop\u00f3sito de impulsar acciones formativas dirigidas a las y los estudiantes de nivel secundaria.<\/p>\n\n\n\n<p>Este acuerdo establece las bases para que la SEDARPE brinde capacitaci\u00f3n y asistencia t\u00e9cnica en 10 telesecundarias del estado, mediante la implementaci\u00f3n de huertos demostrativos.<\/p>\n\n\n\n<figure class=\"wp-block-image size-large\"><img loading=\"lazy\" decoding=\"async\" width=\"1024\" height=\"682\" src=\"https:\/\/noticozumel.mx\/1\/wp-content\/uploads\/2026\/04\/SEQ-SEDARPE-capacitacion-2-1024x682.jpg\" alt=\"\" class=\"wp-image-9949\" srcset=\"https:\/\/noticozumel.mx\/1\/wp-content\/uploads\/2026\/04\/SEQ-SEDARPE-capacitacion-2-1024x682.jpg 1024w, https:\/\/noticozumel.mx\/1\/wp-content\/uploads\/2026\/04\/SEQ-SEDARPE-capacitacion-2-300x200.jpg 300w, https:\/\/noticozumel.mx\/1\/wp-content\/uploads\/2026\/04\/SEQ-SEDARPE-capacitacion-2-768x512.jpg 768w, https:\/\/noticozumel.mx\/1\/wp-content\/uploads\/2026\/04\/SEQ-SEDARPE-capacitacion-2-630x420.jpg 630w, https:\/\/noticozumel.mx\/1\/wp-content\/uploads\/2026\/04\/SEQ-SEDARPE-capacitacion-2-150x100.jpg 150w, https:\/\/noticozumel.mx\/1\/wp-content\/uploads\/2026\/04\/SEQ-SEDARPE-capacitacion-2-696x464.jpg 696w, https:\/\/noticozumel.mx\/1\/wp-content\/uploads\/2026\/04\/SEQ-SEDARPE-capacitacion-2.jpg 1040w\" sizes=\"auto, (max-width: 1024px) 100vw, 1024px\" \/><\/figure>\n\n\n\n<p>La iniciativa busca que las juventudes aprendan de manera pr\u00e1ctica c\u00f3mo producir alimentos, aprovechar los recursos naturales y reconocer que el campo es una fuente de bienestar y prosperidad para las familias quintanarroenses.<\/p>\n\n\n\n<p>El titular de la SEDARPE Jorge Aguilar Osorio destac\u00f3 que este esfuerzo se enmarca en el Nuevo Acuerdo por el Bienestar y Desarrollo de Quintana Roo, impulsado por la gobernadora Mara Lezama Espinosa, y responde a un modelo de gobierno humanista, transformador, solidario e incluyente.<\/p>\n\n\n\n<p>Con ello, se pretende acercar a las y los j\u00f3venes de secundaria a las actividades productivas de la tierra, mostrando que el trabajo en el campo no significa pobreza, sino oportunidades de desarrollo y crecimiento compartido.<\/p>\n\n\n\n<figure class=\"wp-block-image size-large\"><img loading=\"lazy\" decoding=\"async\" width=\"1024\" height=\"683\" src=\"https:\/\/noticozumel.mx\/1\/wp-content\/uploads\/2026\/04\/SEQ-SEDARPE-capacitacion-3-1024x683.jpg\" alt=\"\" class=\"wp-image-9948\" srcset=\"https:\/\/noticozumel.mx\/1\/wp-content\/uploads\/2026\/04\/SEQ-SEDARPE-capacitacion-3-1024x683.jpg 1024w, https:\/\/noticozumel.mx\/1\/wp-content\/uploads\/2026\/04\/SEQ-SEDARPE-capacitacion-3-300x200.jpg 300w, https:\/\/noticozumel.mx\/1\/wp-content\/uploads\/2026\/04\/SEQ-SEDARPE-capacitacion-3-768x512.jpg 768w, https:\/\/noticozumel.mx\/1\/wp-content\/uploads\/2026\/04\/SEQ-SEDARPE-capacitacion-3-629x420.jpg 629w, https:\/\/noticozumel.mx\/1\/wp-content\/uploads\/2026\/04\/SEQ-SEDARPE-capacitacion-3-150x100.jpg 150w, https:\/\/noticozumel.mx\/1\/wp-content\/uploads\/2026\/04\/SEQ-SEDARPE-capacitacion-3-696x464.jpg 696w, https:\/\/noticozumel.mx\/1\/wp-content\/uploads\/2026\/04\/SEQ-SEDARPE-capacitacion-3.jpg 1040w\" sizes=\"auto, (max-width: 1024px) 100vw, 1024px\" \/><\/figure>\n\n\n\n<p>La capacitaci\u00f3n incluir\u00e1 t\u00e9cnicas de producci\u00f3n sustentable, manejo de huertos y pr\u00e1cticas de aprovechamiento responsable de los recursos naturales. Estas acciones buscan despertar el inter\u00e9s de las juventudes.<\/p>\n\n\n\n<p>El convenio tambi\u00e9n representa un compromiso de trabajo en equipo entre instituciones, donde la educaci\u00f3n y el desarrollo rural se complementan para transformar el futuro de Quintana Roo. generando un modelo integral de aprendizaje que vincule la teor\u00eda con la pr\u00e1ctica.<\/p>\n\n\n\n<p>\u201cEste acuerdo representa un compromiso compartido: trabajar de manera coordinada para transformar la educaci\u00f3n y con ello, el futuro de nuestra entidad y de nuestras adolescentes y j\u00f3venes de secundaria\u201d, subray\u00f3 Aguilar Osorio, al enfatizar que el campo es un espacio de oportunidades que, con el impulso de las juventudes, seguir\u00e1 siendo motor de prosperidad para Quintana Roo.<\/p>\n","protected":false},"excerpt":{"rendered":"<p>Chetumal, Quintana Roo, 27 de abril de 2026.- La Secretar\u00eda de Desarrollo Agropecuario, Rural y Pesca (SEDARPE), encabezada por Jorge Aguilar Osorio, firm\u00f3 un convenio de colaboraci\u00f3n con la Secretar\u00eda de Educaci\u00f3n de Quintana Roo (SEQ), dirigida por Elda Xix Eu\u00e1n, con el prop\u00f3sito de impulsar acciones formativas dirigidas a las y los estudiantes de [&hellip;]<\/p>\n","protected":false},"author":1,"featured_media":9950,"comment_status":"open","ping_status":"closed","sticky":false,"template":"","format":"standard","meta":{"tdm_status":"","tdm_grid_status":"","footnotes":""},"categories":[39],"tags":[96,97,98,27,60,95,23,416,295],"class_list":{"0":"post-9947","1":"post","2":"type-post","3":"status-publish","4":"format-standard","5":"has-post-thumbnail","7":"category-othon-pompeyo-blanco","8":"tag-chetumal","9":"tag-noticias-de-chetumal","10":"tag-noticias-de-othon-pompeyo-blanco","11":"tag-noticias-de-quintana-roo","12":"tag-noticozumel","13":"tag-othon-pompeyo-blanco","14":"tag-quintana-roo","15":"tag-sedarpe","16":"tag-seq"},"yoast_head":"<!-- This site is optimized with the Yoast SEO Premium plugin v26.2 (Yoast SEO v26.2) - https:\/\/yoast.com\/wordpress\/plugins\/seo\/ -->\n<title>SEDARPE y SEQ unen esfuerzos para capacitar juventudes en huertos demostrativos - NotiCozumel<\/title>\n<meta name=\"robots\" content=\"index, follow, max-snippet:-1, max-image-preview:large, max-video-preview:-1\" \/>\n<link rel=\"canonical\" href=\"https:\/\/noticozumel.mx\/1\/sedarpe-y-seq-unen-esfuerzos-para-capacitar-juventudes-en-huertos-demostrativos\/\" \/>\n<meta property=\"og:locale\" content=\"es_ES\" \/>\n<meta property=\"og:type\" content=\"article\" \/>\n<meta property=\"og:title\" content=\"SEDARPE y SEQ unen esfuerzos para capacitar juventudes en huertos demostrativos\" \/>\n<meta property=\"og:description\" content=\"Chetumal, Quintana Roo, 27 de abril de 2026.- La Secretar\u00eda de Desarrollo Agropecuario, Rural y Pesca (SEDARPE), encabezada por Jorge Aguilar Osorio, firm\u00f3 un convenio de colaboraci\u00f3n con la Secretar\u00eda de Educaci\u00f3n de Quintana Roo (SEQ), dirigida por Elda Xix Eu\u00e1n, con el prop\u00f3sito de impulsar acciones formativas dirigidas a las y los estudiantes de [&hellip;]\" \/>\n<meta property=\"og:url\" content=\"https:\/\/noticozumel.mx\/1\/sedarpe-y-seq-unen-esfuerzos-para-capacitar-juventudes-en-huertos-demostrativos\/\" \/>\n<meta property=\"og:site_name\" content=\"NotiCozumel\" \/>\n<meta property=\"article:published_time\" content=\"2026-04-28T00:28:00+00:00\" \/>\n<meta property=\"article:modified_time\" content=\"2026-04-30T13:30:57+00:00\" \/>\n<meta property=\"og:image\" content=\"https:\/\/noticozumel.mx\/1\/wp-content\/uploads\/2026\/04\/SEQ-SEDARPE-capacitacion-1.jpg\" \/>\n\t<meta property=\"og:image:width\" content=\"1040\" \/>\n\t<meta property=\"og:image:height\" content=\"694\" \/>\n\t<meta property=\"og:image:type\" content=\"image\/jpeg\" \/>\n<meta name=\"author\" content=\"Redacci\u00f3n\" \/>\n<meta name=\"twitter:card\" content=\"summary_large_image\" \/>\n<meta name=\"twitter:label1\" content=\"Escrito por\" \/>\n\t<meta name=\"twitter:data1\" content=\"Redacci\u00f3n\" \/>\n\t<meta name=\"twitter:label2\" content=\"Tiempo de lectura\" \/>\n\t<meta name=\"twitter:data2\" content=\"3 minutos\" \/>\n<script type=\"application\/ld+json\" class=\"yoast-schema-graph\">{\"@context\":\"https:\/\/schema.org\",\"@graph\":[{\"@type\":\"WebPage\",\"@id\":\"https:\/\/noticozumel.mx\/1\/sedarpe-y-seq-unen-esfuerzos-para-capacitar-juventudes-en-huertos-demostrativos\/\",\"url\":\"https:\/\/noticozumel.mx\/1\/sedarpe-y-seq-unen-esfuerzos-para-capacitar-juventudes-en-huertos-demostrativos\/\",\"name\":\"SEDARPE y SEQ unen esfuerzos para capacitar juventudes en huertos demostrativos - NotiCozumel\",\"isPartOf\":{\"@id\":\"https:\/\/noticozumel.mx\/1\/#website\"},\"primaryImageOfPage\":{\"@id\":\"https:\/\/noticozumel.mx\/1\/sedarpe-y-seq-unen-esfuerzos-para-capacitar-juventudes-en-huertos-demostrativos\/#primaryimage\"},\"image\":{\"@id\":\"https:\/\/noticozumel.mx\/1\/sedarpe-y-seq-unen-esfuerzos-para-capacitar-juventudes-en-huertos-demostrativos\/#primaryimage\"},\"thumbnailUrl\":\"https:\/\/noticozumel.mx\/1\/wp-content\/uploads\/2026\/04\/SEQ-SEDARPE-capacitacion-1.jpg\",\"datePublished\":\"2026-04-28T00:28:00+00:00\",\"dateModified\":\"2026-04-30T13:30:57+00:00\",\"author\":{\"@id\":\"https:\/\/noticozumel.mx\/1\/#\/schema\/person\/a3353279fd7f37e86677893e0510943b\"},\"breadcrumb\":{\"@id\":\"https:\/\/noticozumel.mx\/1\/sedarpe-y-seq-unen-esfuerzos-para-capacitar-juventudes-en-huertos-demostrativos\/#breadcrumb\"},\"inLanguage\":\"es\",\"potentialAction\":[{\"@type\":\"ReadAction\",\"target\":[\"https:\/\/noticozumel.mx\/1\/sedarpe-y-seq-unen-esfuerzos-para-capacitar-juventudes-en-huertos-demostrativos\/\"]}]},{\"@type\":\"ImageObject\",\"inLanguage\":\"es\",\"@id\":\"https:\/\/noticozumel.mx\/1\/sedarpe-y-seq-unen-esfuerzos-para-capacitar-juventudes-en-huertos-demostrativos\/#primaryimage\",\"url\":\"https:\/\/noticozumel.mx\/1\/wp-content\/uploads\/2026\/04\/SEQ-SEDARPE-capacitacion-1.jpg\",\"contentUrl\":\"https:\/\/noticozumel.mx\/1\/wp-content\/uploads\/2026\/04\/SEQ-SEDARPE-capacitacion-1.jpg\",\"width\":1040,\"height\":694},{\"@type\":\"BreadcrumbList\",\"@id\":\"https:\/\/noticozumel.mx\/1\/sedarpe-y-seq-unen-esfuerzos-para-capacitar-juventudes-en-huertos-demostrativos\/#breadcrumb\",\"itemListElement\":[{\"@type\":\"ListItem\",\"position\":1,\"name\":\"Portada\",\"item\":\"https:\/\/noticozumel.mx\/1\/\"},{\"@type\":\"ListItem\",\"position\":2,\"name\":\"SEDARPE y SEQ unen esfuerzos para capacitar juventudes en huertos demostrativos\"}]},{\"@type\":\"WebSite\",\"@id\":\"https:\/\/noticozumel.mx\/1\/#website\",\"url\":\"https:\/\/noticozumel.mx\/1\/\",\"name\":\"NotiCozumel\",\"description\":\"Las noticias al alcance de todos\",\"potentialAction\":[{\"@type\":\"SearchAction\",\"target\":{\"@type\":\"EntryPoint\",\"urlTemplate\":\"https:\/\/noticozumel.mx\/1\/?s={search_term_string}\"},\"query-input\":{\"@type\":\"PropertyValueSpecification\",\"valueRequired\":true,\"valueName\":\"search_term_string\"}}],\"inLanguage\":\"es\"},{\"@type\":\"Person\",\"@id\":\"https:\/\/noticozumel.mx\/1\/#\/schema\/person\/a3353279fd7f37e86677893e0510943b\",\"name\":\"Redacci\u00f3n\",\"image\":{\"@type\":\"ImageObject\",\"inLanguage\":\"es\",\"@id\":\"https:\/\/noticozumel.mx\/1\/#\/schema\/person\/image\/\",\"url\":\"https:\/\/secure.gravatar.com\/avatar\/92c1decdbf2b01a0b3a758c19f5bf7b7b7c7ad1ebf1b8f407a69813d9948f6d0?s=96&d=mm&r=g\",\"contentUrl\":\"https:\/\/secure.gravatar.com\/avatar\/92c1decdbf2b01a0b3a758c19f5bf7b7b7c7ad1ebf1b8f407a69813d9948f6d0?s=96&d=mm&r=g\",\"caption\":\"Redacci\u00f3n\"},\"url\":\"https:\/\/noticozumel.mx\/1\/author\/admin\/\"}]}<\/script>\n<!-- \/ Yoast SEO Premium plugin. -->","yoast_head_json":{"title":"SEDARPE y SEQ unen esfuerzos para capacitar juventudes en huertos demostrativos - NotiCozumel","robots":{"index":"index","follow":"follow","max-snippet":"max-snippet:-1","max-image-preview":"max-image-preview:large","max-video-preview":"max-video-preview:-1"},"canonical":"https:\/\/noticozumel.mx\/1\/sedarpe-y-seq-unen-esfuerzos-para-capacitar-juventudes-en-huertos-demostrativos\/","og_locale":"es_ES","og_type":"article","og_title":"SEDARPE y SEQ unen esfuerzos para capacitar juventudes en huertos demostrativos","og_description":"Chetumal, Quintana Roo, 27 de abril de 2026.- La Secretar\u00eda de Desarrollo Agropecuario, Rural y Pesca (SEDARPE), encabezada por Jorge Aguilar Osorio, firm\u00f3 un convenio de colaboraci\u00f3n con la Secretar\u00eda de Educaci\u00f3n de Quintana Roo (SEQ), dirigida por Elda Xix Eu\u00e1n, con el prop\u00f3sito de impulsar acciones formativas dirigidas a las y los estudiantes de [&hellip;]","og_url":"https:\/\/noticozumel.mx\/1\/sedarpe-y-seq-unen-esfuerzos-para-capacitar-juventudes-en-huertos-demostrativos\/","og_site_name":"NotiCozumel","article_published_time":"2026-04-28T00:28:00+00:00","article_modified_time":"2026-04-30T13:30:57+00:00","og_image":[{"width":1040,"height":694,"url":"https:\/\/noticozumel.mx\/1\/wp-content\/uploads\/2026\/04\/SEQ-SEDARPE-capacitacion-1.jpg","type":"image\/jpeg"}],"author":"Redacci\u00f3n","twitter_card":"summary_large_image","twitter_misc":{"Escrito por":"Redacci\u00f3n","Tiempo de lectura":"3 minutos"},"schema":{"@context":"https:\/\/schema.org","@graph":[{"@type":"WebPage","@id":"https:\/\/noticozumel.mx\/1\/sedarpe-y-seq-unen-esfuerzos-para-capacitar-juventudes-en-huertos-demostrativos\/","url":"https:\/\/noticozumel.mx\/1\/sedarpe-y-seq-unen-esfuerzos-para-capacitar-juventudes-en-huertos-demostrativos\/","name":"SEDARPE y SEQ unen esfuerzos para capacitar juventudes en huertos demostrativos - NotiCozumel","isPartOf":{"@id":"https:\/\/noticozumel.mx\/1\/#website"},"primaryImageOfPage":{"@id":"https:\/\/noticozumel.mx\/1\/sedarpe-y-seq-unen-esfuerzos-para-capacitar-juventudes-en-huertos-demostrativos\/#primaryimage"},"image":{"@id":"https:\/\/noticozumel.mx\/1\/sedarpe-y-seq-unen-esfuerzos-para-capacitar-juventudes-en-huertos-demostrativos\/#primaryimage"},"thumbnailUrl":"https:\/\/noticozumel.mx\/1\/wp-content\/uploads\/2026\/04\/SEQ-SEDARPE-capacitacion-1.jpg","datePublished":"2026-04-28T00:28:00+00:00","dateModified":"2026-04-30T13:30:57+00:00","author":{"@id":"https:\/\/noticozumel.mx\/1\/#\/schema\/person\/a3353279fd7f37e86677893e0510943b"},"breadcrumb":{"@id":"https:\/\/noticozumel.mx\/1\/sedarpe-y-seq-unen-esfuerzos-para-capacitar-juventudes-en-huertos-demostrativos\/#breadcrumb"},"inLanguage":"es","potentialAction":[{"@type":"ReadAction","target":["https:\/\/noticozumel.mx\/1\/sedarpe-y-seq-unen-esfuerzos-para-capacitar-juventudes-en-huertos-demostrativos\/"]}]},{"@type":"ImageObject","inLanguage":"es","@id":"https:\/\/noticozumel.mx\/1\/sedarpe-y-seq-unen-esfuerzos-para-capacitar-juventudes-en-huertos-demostrativos\/#primaryimage","url":"https:\/\/noticozumel.mx\/1\/wp-content\/uploads\/2026\/04\/SEQ-SEDARPE-capacitacion-1.jpg","contentUrl":"https:\/\/noticozumel.mx\/1\/wp-content\/uploads\/2026\/04\/SEQ-SEDARPE-capacitacion-1.jpg","width":1040,"height":694},{"@type":"BreadcrumbList","@id":"https:\/\/noticozumel.mx\/1\/sedarpe-y-seq-unen-esfuerzos-para-capacitar-juventudes-en-huertos-demostrativos\/#breadcrumb","itemListElement":[{"@type":"ListItem","position":1,"name":"Portada","item":"https:\/\/noticozumel.mx\/1\/"},{"@type":"ListItem","position":2,"name":"SEDARPE y SEQ unen esfuerzos para capacitar juventudes en huertos demostrativos"}]},{"@type":"WebSite","@id":"https:\/\/noticozumel.mx\/1\/#website","url":"https:\/\/noticozumel.mx\/1\/","name":"NotiCozumel","description":"Las noticias al alcance de todos","potentialAction":[{"@type":"SearchAction","target":{"@type":"EntryPoint","urlTemplate":"https:\/\/noticozumel.mx\/1\/?s={search_term_string}"},"query-input":{"@type":"PropertyValueSpecification","valueRequired":true,"valueName":"search_term_string"}}],"inLanguage":"es"},{"@type":"Person","@id":"https:\/\/noticozumel.mx\/1\/#\/schema\/person\/a3353279fd7f37e86677893e0510943b","name":"Redacci\u00f3n","image":{"@type":"ImageObject","inLanguage":"es","@id":"https:\/\/noticozumel.mx\/1\/#\/schema\/person\/image\/","url":"https:\/\/secure.gravatar.com\/avatar\/92c1decdbf2b01a0b3a758c19f5bf7b7b7c7ad1ebf1b8f407a69813d9948f6d0?s=96&d=mm&r=g","contentUrl":"https:\/\/secure.gravatar.com\/avatar\/92c1decdbf2b01a0b3a758c19f5bf7b7b7c7ad1ebf1b8f407a69813d9948f6d0?s=96&d=mm&r=g","caption":"Redacci\u00f3n"},"url":"https:\/\/noticozumel.mx\/1\/author\/admin\/"}]}},"_links":{"self":[{"href":"https:\/\/noticozumel.mx\/1\/wp-json\/wp\/v2\/posts\/9947","targetHints":{"allow":["GET"]}}],"collection":[{"href":"https:\/\/noticozumel.mx\/1\/wp-json\/wp\/v2\/posts"}],"about":[{"href":"https:\/\/noticozumel.mx\/1\/wp-json\/wp\/v2\/types\/post"}],"author":[{"embeddable":true,"href":"https:\/\/noticozumel.mx\/1\/wp-json\/wp\/v2\/users\/1"}],"replies":[{"embeddable":true,"href":"https:\/\/noticozumel.mx\/1\/wp-json\/wp\/v2\/comments?post=9947"}],"version-history":[{"count":1,"href":"https:\/\/noticozumel.mx\/1\/wp-json\/wp\/v2\/posts\/9947\/revisions"}],"predecessor-version":[{"id":9951,"href":"https:\/\/noticozumel.mx\/1\/wp-json\/wp\/v2\/posts\/9947\/revisions\/9951"}],"wp:featuredmedia":[{"embeddable":true,"href":"https:\/\/noticozumel.mx\/1\/wp-json\/wp\/v2\/media\/9950"}],"wp:attachment":[{"href":"https:\/\/noticozumel.mx\/1\/wp-json\/wp\/v2\/media?parent=9947"}],"wp:term":[{"taxonomy":"category","embeddable":true,"href":"https:\/\/noticozumel.mx\/1\/wp-json\/wp\/v2\/categories?post=9947"},{"taxonomy":"post_tag","embeddable":true,"href":"https:\/\/noticozumel.mx\/1\/wp-json\/wp\/v2\/tags?post=9947"}],"curies":[{"name":"wp","href":"https:\/\/api.w.org\/{rel}","templated":true}]}}